{"id":14569,"date":"2020-03-20T00:00:00","date_gmt":"2020-03-19T23:00:00","guid":{"rendered":"https:\/\/lightweb.dev\/l\/svm-temp\/nyheter\/fran-nu-ar-det-boter-som-galler-till-karantanbrytare\/"},"modified":"2020-03-20T00:00:00","modified_gmt":"2020-03-19T23:00:00","slug":"fran-nu-ar-det-boter-som-galler-till-karantanbrytare","status":"publish","type":"post","link":"https:\/\/lightweb.dev\/l\/svm-temp\/nyheter\/fran-nu-ar-det-boter-som-galler-till-karantanbrytare\/","title":{"rendered":"Fr\u00e5n nu \u00e4r det b\u00f6ter som g\u00e4ller till karant\u00e4nbrytare"},"content":{"rendered":"<p> Ett par dagar \u00e4r nog som en \u00f6verg\u00e5ngsperiod fr\u00e5n det att nationellt n\u00f6dl\u00e4ge utlystes med uppmaningen att allm\u00e4nheten skulle h\u00e5lla sig hemma till att polisen nu kommer att ut\u00f6ka bevakningen och i en st\u00f6rre omfattning skriva ut b\u00f6ter till karant\u00e4nbrytare. Inrikesdepartementet har nu beordrat all polis att ut\u00f6ka kontrollen av f\u00f6retag, fordon, v\u00e4gar och samh\u00e4llen.<\/p>\n<p>Spanska myndigheter har l\u00e5tit allm\u00e4nheten anpassa sig under n\u00e5gra dagar till karant\u00e4nbeslutet som kom senaste helgen. Numera \u00e4r det ut\u00f6kad bevakning som g\u00e4ller och b\u00f6ter till karant\u00e4nbrytare som vid upprepade tillf\u00e4llen bryter mot karant\u00e4nbeslutet.<\/p>\n<p>\u201dDe f\u00f6rsta dagarna var en l\u00e4rotid d\u00e4r vi i f\u00f6rsta hand koncentrerade oss p\u00e5 att informera och v\u00e4gleda befolkningen. Nu \u00e4r tiden inne f\u00f6r att vara \u00e4n mer tydlig och till\u00e4mpa de beslut som tagits\u201d. Det s\u00e4ger nationalpolisens vice operativa chef (DAO) och f\u00e5r medh\u00e5ll av Laurentino Ce\u00f1a vid Guardia Civil som betonar att regeringskansliet La Moncloa har skickat ut tydliga signaler inf\u00f6r helgen om att ut\u00f6ka bevakningen och kontrollerna.<\/p>\n<p>I skrivande stund har ett tusentals b\u00f6ter skrivits ut, de flesta p\u00e5 mellan 100 till 600 euro och n\u00e4stan alltid till personer som ignorerat polisens anvisningar. Det \u00e4r mycket troligt att antalet utf\u00e4rdade b\u00f6ter till personer som bryter mot Spaniens f\u00f6rbud mot vistelse utomhus kommer att \u00f6ka de n\u00e4rmaste dagarna i samband med veckoslutet, s\u00e4ger Inrikesdepartementet i ett uttalande.<\/p>\n<p>Du som bes\u00f6ker en matbutik uppmanas att komma ih\u00e5g att ta med kvittot i matkassen p\u00e5 de inhandlade varorna som ett bevis om du blir stoppad av polis. <\/p>\n<p>I Madrid har polisen skrivet ut 903 b\u00f6ter till karant\u00e4nbrytare under loppet av 24 timmar.<\/p>\n","protected":false},"excerpt":{"rendered":"<p>Ett par dagar \u00e4r nog som en \u00f6verg\u00e5ngsperiod fr\u00e5n det att nationellt n\u00f6dl\u00e4ge utlystes med uppmaningen att allm\u00e4nheten skulle h\u00e5lla sig hemma till att polisen nu kommer att ut\u00f6ka bevakningen och i en st\u00f6rre omfattning skriva ut b\u00f6ter till karant\u00e4nbrytare. Inrikesdepartementet har nu beordrat all polis att ut\u00f6ka kontrollen av f\u00f6retag, fordon, v\u00e4gar och samh\u00e4llen. [&hellip;]<\/p>\n","protected":false},"author":8,"featured_media":14570,"comment_status":"open","ping_status":"open","sticky":false,"template":"","format":"standard","meta":{"_et_pb_use_builder":"","_et_pb_old_content":"","_et_gb_content_width":"","footnotes":""},"categories":[395,3],"tags":[],"class_list":["post-14569","post","type-post","status-publish","format-standard","has-post-thumbnail","hentry","category-arkiv-nyheter","category-nyheter"],"yoast_head":"<!-- This site is optimized with the Yoast SEO Premium plugin v26.2 (Yoast SEO v28.2) - https:\/\/yoast.com\/product\/yoast-seo-premium-wordpress\/ -->\n<title>Fr\u00e5n nu \u00e4r det b\u00f6ter som g\u00e4ller till karant\u00e4nbrytare - Svenska Magasinet<\/title>\n<meta name=\"robots\" content=\"noindex, follow, max-snippet:-1, max-image-preview:large, max-video-preview:-1\" \/>\n<meta property=\"og:locale\" content=\"sv_SE\" \/>\n<meta property=\"og:type\" content=\"article\" \/>\n<meta property=\"og:title\" content=\"Fr\u00e5n nu \u00e4r det b\u00f6ter som g\u00e4ller till karant\u00e4nbrytare\" \/>\n<meta property=\"og:description\" content=\"Ett par dagar \u00e4r nog som en \u00f6verg\u00e5ngsperiod fr\u00e5n det att nationellt n\u00f6dl\u00e4ge utlystes med uppmaningen att allm\u00e4nheten skulle h\u00e5lla sig hemma till att polisen nu kommer att ut\u00f6ka bevakningen och i en st\u00f6rre omfattning skriva ut b\u00f6ter till karant\u00e4nbrytare. Inrikesdepartementet har nu beordrat all polis att ut\u00f6ka kontrollen av f\u00f6retag, fordon, v\u00e4gar och samh\u00e4llen. [&hellip;]\" \/>\n<meta property=\"og:url\" content=\"https:\/\/lightweb.dev\/l\/svm-temp\/nyheter\/fran-nu-ar-det-boter-som-galler-till-karantanbrytare\/\" \/>\n<meta property=\"og:site_name\" content=\"Svenska Magasinet\" \/>\n<meta property=\"article:publisher\" content=\"https:\/\/www.facebook.com\/svenskamagasinet\" \/>\n<meta property=\"article:published_time\" content=\"2020-03-19T23:00:00+00:00\" \/>\n<meta property=\"og:image\" content=\"https:\/\/lightweb.dev\/l\/svm-temp\/wp-content\/uploads\/2022\/06\/fran-nu-ar-det-boter-som-galler-till-karantanbrytare.png\" \/>\n\t<meta property=\"og:image:width\" content=\"700\" \/>\n\t<meta property=\"og:image:height\" content=\"420\" \/>\n\t<meta property=\"og:image:type\" content=\"image\/png\" \/>\n<meta name=\"author\" content=\"Redaktionen SvM\" \/>\n<meta name=\"twitter:card\" content=\"summary_large_image\" \/>\n<meta name=\"twitter:creator\" content=\"@SvenskaMagasine\" \/>\n<meta name=\"twitter:site\" content=\"@SvenskaMagasine\" \/>\n<script type=\"application\/ld+json\" class=\"yoast-schema-graph\">{\"@context\":\"https:\\\/\\\/schema.org\",\"@graph\":[{\"@type\":\"Article\",\"@id\":\"https:\\\/\\\/lightweb.dev\\\/l\\\/svm-temp\\\/nyheter\\\/fran-nu-ar-det-boter-som-galler-till-karantanbrytare\\\/#article\",\"isPartOf\":{\"@id\":\"https:\\\/\\\/lightweb.dev\\\/l\\\/svm-temp\\\/nyheter\\\/fran-nu-ar-det-boter-som-galler-till-karantanbrytare\\\/\"},\"author\":{\"name\":\"Redaktionen SvM\",\"@id\":\"https:\\\/\\\/lightweb.dev\\\/l\\\/svm-temp\\\/#\\\/schema\\\/person\\\/206a3bda5b607b0c25e1749191e4d837\"},\"headline\":\"Fr\u00e5n nu \u00e4r det b\u00f6ter som g\u00e4ller till karant\u00e4nbrytare\",\"datePublished\":\"2020-03-19T23:00:00+00:00\",\"mainEntityOfPage\":{\"@id\":\"https:\\\/\\\/lightweb.dev\\\/l\\\/svm-temp\\\/nyheter\\\/fran-nu-ar-det-boter-som-galler-till-karantanbrytare\\\/\"},\"wordCount\":318,\"commentCount\":0,\"publisher\":{\"@id\":\"https:\\\/\\\/lightweb.dev\\\/l\\\/svm-temp\\\/#organization\"},\"image\":{\"@id\":\"https:\\\/\\\/lightweb.dev\\\/l\\\/svm-temp\\\/nyheter\\\/fran-nu-ar-det-boter-som-galler-till-karantanbrytare\\\/#primaryimage\"},\"thumbnailUrl\":\"https:\\\/\\\/lightweb.dev\\\/l\\\/svm-temp\\\/wp-content\\\/uploads\\\/2022\\\/06\\\/fran-nu-ar-det-boter-som-galler-till-karantanbrytare.png\",\"articleSection\":[\"Arkiv\",\"Nyheter\"],\"inLanguage\":\"sv-SE\"},{\"@type\":\"WebPage\",\"@id\":\"https:\\\/\\\/lightweb.dev\\\/l\\\/svm-temp\\\/nyheter\\\/fran-nu-ar-det-boter-som-galler-till-karantanbrytare\\\/\",\"url\":\"https:\\\/\\\/lightweb.dev\\\/l\\\/svm-temp\\\/nyheter\\\/fran-nu-ar-det-boter-som-galler-till-karantanbrytare\\\/\",\"name\":\"Fr\u00e5n nu \u00e4r det b\u00f6ter som g\u00e4ller till karant\u00e4nbrytare - Svenska Magasinet\",\"isPartOf\":{\"@id\":\"https:\\\/\\\/lightweb.dev\\\/l\\\/svm-temp\\\/#website\"},\"primaryImageOfPage\":{\"@id\":\"https:\\\/\\\/lightweb.dev\\\/l\\\/svm-temp\\\/nyheter\\\/fran-nu-ar-det-boter-som-galler-till-karantanbrytare\\\/#primaryimage\"},\"image\":{\"@id\":\"https:\\\/\\\/lightweb.dev\\\/l\\\/svm-temp\\\/nyheter\\\/fran-nu-ar-det-boter-som-galler-till-karantanbrytare\\\/#primaryimage\"},\"thumbnailUrl\":\"https:\\\/\\\/lightweb.dev\\\/l\\\/svm-temp\\\/wp-content\\\/uploads\\\/2022\\\/06\\\/fran-nu-ar-det-boter-som-galler-till-karantanbrytare.png\",\"datePublished\":\"2020-03-19T23:00:00+00:00\",\"breadcrumb\":{\"@id\":\"https:\\\/\\\/lightweb.dev\\\/l\\\/svm-temp\\\/nyheter\\\/fran-nu-ar-det-boter-som-galler-till-karantanbrytare\\\/#breadcrumb\"},\"inLanguage\":\"sv-SE\",\"potentialAction\":[{\"@type\":\"ReadAction\",\"target\":[\"https:\\\/\\\/lightweb.dev\\\/l\\\/svm-temp\\\/nyheter\\\/fran-nu-ar-det-boter-som-galler-till-karantanbrytare\\\/\"]}]},{\"@type\":\"ImageObject\",\"inLanguage\":\"sv-SE\",\"@id\":\"https:\\\/\\\/lightweb.dev\\\/l\\\/svm-temp\\\/nyheter\\\/fran-nu-ar-det-boter-som-galler-till-karantanbrytare\\\/#primaryimage\",\"url\":\"https:\\\/\\\/lightweb.dev\\\/l\\\/svm-temp\\\/wp-content\\\/uploads\\\/2022\\\/06\\\/fran-nu-ar-det-boter-som-galler-till-karantanbrytare.png\",\"contentUrl\":\"https:\\\/\\\/lightweb.dev\\\/l\\\/svm-temp\\\/wp-content\\\/uploads\\\/2022\\\/06\\\/fran-nu-ar-det-boter-som-galler-till-karantanbrytare.png\",\"width\":700,\"height\":420},{\"@type\":\"BreadcrumbList\",\"@id\":\"https:\\\/\\\/lightweb.dev\\\/l\\\/svm-temp\\\/nyheter\\\/fran-nu-ar-det-boter-som-galler-till-karantanbrytare\\\/#breadcrumb\",\"itemListElement\":[{\"@type\":\"ListItem\",\"position\":1,\"name\":\"Hem\",\"item\":\"https:\\\/\\\/lightweb.dev\\\/l\\\/svm-temp\\\/\"},{\"@type\":\"ListItem\",\"position\":2,\"name\":\"Fr\u00e5n nu \u00e4r det b\u00f6ter som g\u00e4ller till karant\u00e4nbrytare\"}]},{\"@type\":\"WebSite\",\"@id\":\"https:\\\/\\\/lightweb.dev\\\/l\\\/svm-temp\\\/#website\",\"url\":\"https:\\\/\\\/lightweb.dev\\\/l\\\/svm-temp\\\/\",\"name\":\"Svenska Magasinet\",\"description\":\"Dina Spanska nyheter p&aring; Svenska\",\"publisher\":{\"@id\":\"https:\\\/\\\/lightweb.dev\\\/l\\\/svm-temp\\\/#organization\"},\"potentialAction\":[{\"@type\":\"SearchAction\",\"target\":{\"@type\":\"EntryPoint\",\"urlTemplate\":\"https:\\\/\\\/lightweb.dev\\\/l\\\/svm-temp\\\/?s={search_term_string}\"},\"query-input\":{\"@type\":\"PropertyValueSpecification\",\"valueRequired\":true,\"valueName\":\"search_term_string\"}}],\"inLanguage\":\"sv-SE\"},{\"@type\":\"Organization\",\"@id\":\"https:\\\/\\\/lightweb.dev\\\/l\\\/svm-temp\\\/#organization\",\"name\":\"Melkerson y Nott SL\",\"alternateName\":\"Svenska Magasinet\",\"url\":\"https:\\\/\\\/lightweb.dev\\\/l\\\/svm-temp\\\/\",\"logo\":{\"@type\":\"ImageObject\",\"inLanguage\":\"sv-SE\",\"@id\":\"https:\\\/\\\/lightweb.dev\\\/l\\\/svm-temp\\\/#\\\/schema\\\/logo\\\/image\\\/\",\"url\":\"https:\\\/\\\/lightweb.dev\\\/l\\\/svm-temp\\\/wp-content\\\/uploads\\\/2025\\\/02\\\/SvM-logo-Xtra-Centrerad-SVART.png\",\"contentUrl\":\"https:\\\/\\\/lightweb.dev\\\/l\\\/svm-temp\\\/wp-content\\\/uploads\\\/2025\\\/02\\\/SvM-logo-Xtra-Centrerad-SVART.png\",\"width\":300,\"height\":99,\"caption\":\"Melkerson y Nott SL\"},\"image\":{\"@id\":\"https:\\\/\\\/lightweb.dev\\\/l\\\/svm-temp\\\/#\\\/schema\\\/logo\\\/image\\\/\"},\"sameAs\":[\"https:\\\/\\\/www.facebook.com\\\/svenskamagasinet\",\"https:\\\/\\\/x.com\\\/SvenskaMagasine\"]},{\"@type\":\"Person\",\"@id\":\"https:\\\/\\\/lightweb.dev\\\/l\\\/svm-temp\\\/#\\\/schema\\\/person\\\/206a3bda5b607b0c25e1749191e4d837\",\"name\":\"Redaktionen SvM\",\"description\":\"Redaktionen\",\"sameAs\":[\"https:\\\/\\\/lightweb.dev\\\/l\\\/svm-temp\"],\"url\":\"https:\\\/\\\/lightweb.dev\\\/l\\\/svm-temp\\\/reporter\\\/redaktionen\\\/\"}]}<\/script>\n<!-- \/ Yoast SEO Premium plugin. -->","yoast_head_json":{"title":"Fr\u00e5n nu \u00e4r det b\u00f6ter som g\u00e4ller till karant\u00e4nbrytare - Svenska Magasinet","robots":{"index":"noindex","follow":"follow","max-snippet":"max-snippet:-1","max-image-preview":"max-image-preview:large","max-video-preview":"max-video-preview:-1"},"og_locale":"sv_SE","og_type":"article","og_title":"Fr\u00e5n nu \u00e4r det b\u00f6ter som g\u00e4ller till karant\u00e4nbrytare","og_description":"Ett par dagar \u00e4r nog som en \u00f6verg\u00e5ngsperiod fr\u00e5n det att nationellt n\u00f6dl\u00e4ge utlystes med uppmaningen att allm\u00e4nheten skulle h\u00e5lla sig hemma till att polisen nu kommer att ut\u00f6ka bevakningen och i en st\u00f6rre omfattning skriva ut b\u00f6ter till karant\u00e4nbrytare. Inrikesdepartementet har nu beordrat all polis att ut\u00f6ka kontrollen av f\u00f6retag, fordon, v\u00e4gar och samh\u00e4llen. [&hellip;]","og_url":"https:\/\/lightweb.dev\/l\/svm-temp\/nyheter\/fran-nu-ar-det-boter-som-galler-till-karantanbrytare\/","og_site_name":"Svenska Magasinet","article_publisher":"https:\/\/www.facebook.com\/svenskamagasinet","article_published_time":"2020-03-19T23:00:00+00:00","og_image":[{"width":700,"height":420,"url":"https:\/\/lightweb.dev\/l\/svm-temp\/wp-content\/uploads\/2022\/06\/fran-nu-ar-det-boter-som-galler-till-karantanbrytare.png","type":"image\/png"}],"author":"Redaktionen SvM","twitter_card":"summary_large_image","twitter_creator":"@SvenskaMagasine","twitter_site":"@SvenskaMagasine","schema":{"@context":"https:\/\/schema.org","@graph":[{"@type":"Article","@id":"https:\/\/lightweb.dev\/l\/svm-temp\/nyheter\/fran-nu-ar-det-boter-som-galler-till-karantanbrytare\/#article","isPartOf":{"@id":"https:\/\/lightweb.dev\/l\/svm-temp\/nyheter\/fran-nu-ar-det-boter-som-galler-till-karantanbrytare\/"},"author":{"name":"Redaktionen SvM","@id":"https:\/\/lightweb.dev\/l\/svm-temp\/#\/schema\/person\/206a3bda5b607b0c25e1749191e4d837"},"headline":"Fr\u00e5n nu \u00e4r det b\u00f6ter som g\u00e4ller till karant\u00e4nbrytare","datePublished":"2020-03-19T23:00:00+00:00","mainEntityOfPage":{"@id":"https:\/\/lightweb.dev\/l\/svm-temp\/nyheter\/fran-nu-ar-det-boter-som-galler-till-karantanbrytare\/"},"wordCount":318,"commentCount":0,"publisher":{"@id":"https:\/\/lightweb.dev\/l\/svm-temp\/#organization"},"image":{"@id":"https:\/\/lightweb.dev\/l\/svm-temp\/nyheter\/fran-nu-ar-det-boter-som-galler-till-karantanbrytare\/#primaryimage"},"thumbnailUrl":"https:\/\/lightweb.dev\/l\/svm-temp\/wp-content\/uploads\/2022\/06\/fran-nu-ar-det-boter-som-galler-till-karantanbrytare.png","articleSection":["Arkiv","Nyheter"],"inLanguage":"sv-SE"},{"@type":"WebPage","@id":"https:\/\/lightweb.dev\/l\/svm-temp\/nyheter\/fran-nu-ar-det-boter-som-galler-till-karantanbrytare\/","url":"https:\/\/lightweb.dev\/l\/svm-temp\/nyheter\/fran-nu-ar-det-boter-som-galler-till-karantanbrytare\/","name":"Fr\u00e5n nu \u00e4r det b\u00f6ter som g\u00e4ller till karant\u00e4nbrytare - Svenska Magasinet","isPartOf":{"@id":"https:\/\/lightweb.dev\/l\/svm-temp\/#website"},"primaryImageOfPage":{"@id":"https:\/\/lightweb.dev\/l\/svm-temp\/nyheter\/fran-nu-ar-det-boter-som-galler-till-karantanbrytare\/#primaryimage"},"image":{"@id":"https:\/\/lightweb.dev\/l\/svm-temp\/nyheter\/fran-nu-ar-det-boter-som-galler-till-karantanbrytare\/#primaryimage"},"thumbnailUrl":"https:\/\/lightweb.dev\/l\/svm-temp\/wp-content\/uploads\/2022\/06\/fran-nu-ar-det-boter-som-galler-till-karantanbrytare.png","datePublished":"2020-03-19T23:00:00+00:00","breadcrumb":{"@id":"https:\/\/lightweb.dev\/l\/svm-temp\/nyheter\/fran-nu-ar-det-boter-som-galler-till-karantanbrytare\/#breadcrumb"},"inLanguage":"sv-SE","potentialAction":[{"@type":"ReadAction","target":["https:\/\/lightweb.dev\/l\/svm-temp\/nyheter\/fran-nu-ar-det-boter-som-galler-till-karantanbrytare\/"]}]},{"@type":"ImageObject","inLanguage":"sv-SE","@id":"https:\/\/lightweb.dev\/l\/svm-temp\/nyheter\/fran-nu-ar-det-boter-som-galler-till-karantanbrytare\/#primaryimage","url":"https:\/\/lightweb.dev\/l\/svm-temp\/wp-content\/uploads\/2022\/06\/fran-nu-ar-det-boter-som-galler-till-karantanbrytare.png","contentUrl":"https:\/\/lightweb.dev\/l\/svm-temp\/wp-content\/uploads\/2022\/06\/fran-nu-ar-det-boter-som-galler-till-karantanbrytare.png","width":700,"height":420},{"@type":"BreadcrumbList","@id":"https:\/\/lightweb.dev\/l\/svm-temp\/nyheter\/fran-nu-ar-det-boter-som-galler-till-karantanbrytare\/#breadcrumb","itemListElement":[{"@type":"ListItem","position":1,"name":"Hem","item":"https:\/\/lightweb.dev\/l\/svm-temp\/"},{"@type":"ListItem","position":2,"name":"Fr\u00e5n nu \u00e4r det b\u00f6ter som g\u00e4ller till karant\u00e4nbrytare"}]},{"@type":"WebSite","@id":"https:\/\/lightweb.dev\/l\/svm-temp\/#website","url":"https:\/\/lightweb.dev\/l\/svm-temp\/","name":"Svenska Magasinet","description":"Dina Spanska nyheter p&aring; Svenska","publisher":{"@id":"https:\/\/lightweb.dev\/l\/svm-temp\/#organization"},"potentialAction":[{"@type":"SearchAction","target":{"@type":"EntryPoint","urlTemplate":"https:\/\/lightweb.dev\/l\/svm-temp\/?s={search_term_string}"},"query-input":{"@type":"PropertyValueSpecification","valueRequired":true,"valueName":"search_term_string"}}],"inLanguage":"sv-SE"},{"@type":"Organization","@id":"https:\/\/lightweb.dev\/l\/svm-temp\/#organization","name":"Melkerson y Nott SL","alternateName":"Svenska Magasinet","url":"https:\/\/lightweb.dev\/l\/svm-temp\/","logo":{"@type":"ImageObject","inLanguage":"sv-SE","@id":"https:\/\/lightweb.dev\/l\/svm-temp\/#\/schema\/logo\/image\/","url":"https:\/\/lightweb.dev\/l\/svm-temp\/wp-content\/uploads\/2025\/02\/SvM-logo-Xtra-Centrerad-SVART.png","contentUrl":"https:\/\/lightweb.dev\/l\/svm-temp\/wp-content\/uploads\/2025\/02\/SvM-logo-Xtra-Centrerad-SVART.png","width":300,"height":99,"caption":"Melkerson y Nott SL"},"image":{"@id":"https:\/\/lightweb.dev\/l\/svm-temp\/#\/schema\/logo\/image\/"},"sameAs":["https:\/\/www.facebook.com\/svenskamagasinet","https:\/\/x.com\/SvenskaMagasine"]},{"@type":"Person","@id":"https:\/\/lightweb.dev\/l\/svm-temp\/#\/schema\/person\/206a3bda5b607b0c25e1749191e4d837","name":"Redaktionen SvM","description":"Redaktionen","sameAs":["https:\/\/lightweb.dev\/l\/svm-temp"],"url":"https:\/\/lightweb.dev\/l\/svm-temp\/reporter\/redaktionen\/"}]}},"_links":{"self":[{"href":"https:\/\/lightweb.dev\/l\/svm-temp\/wp-json\/wp\/v2\/posts\/14569","targetHints":{"allow":["GET"]}}],"collection":[{"href":"https:\/\/lightweb.dev\/l\/svm-temp\/wp-json\/wp\/v2\/posts"}],"about":[{"href":"https:\/\/lightweb.dev\/l\/svm-temp\/wp-json\/wp\/v2\/types\/post"}],"author":[{"embeddable":true,"href":"https:\/\/lightweb.dev\/l\/svm-temp\/wp-json\/wp\/v2\/users\/8"}],"replies":[{"embeddable":true,"href":"https:\/\/lightweb.dev\/l\/svm-temp\/wp-json\/wp\/v2\/comments?post=14569"}],"version-history":[{"count":0,"href":"https:\/\/lightweb.dev\/l\/svm-temp\/wp-json\/wp\/v2\/posts\/14569\/revisions"}],"wp:featuredmedia":[{"embeddable":true,"href":"https:\/\/lightweb.dev\/l\/svm-temp\/wp-json\/wp\/v2\/media\/14570"}],"wp:attachment":[{"href":"https:\/\/lightweb.dev\/l\/svm-temp\/wp-json\/wp\/v2\/media?parent=14569"}],"wp:term":[{"taxonomy":"category","embeddable":true,"href":"https:\/\/lightweb.dev\/l\/svm-temp\/wp-json\/wp\/v2\/categories?post=14569"},{"taxonomy":"post_tag","embeddable":true,"href":"https:\/\/lightweb.dev\/l\/svm-temp\/wp-json\/wp\/v2\/tags?post=14569"}],"curies":[{"name":"wp","href":"https:\/\/api.w.org\/{rel}","templated":true}]}}