{"id":14583,"date":"2020-03-19T00:00:00","date_gmt":"2020-03-18T23:00:00","guid":{"rendered":"https:\/\/lightweb.dev\/l\/svm-temp\/nyheter\/spaniens-och-sveriges-utrikesministrar-i-mote-om-att-hjalpa-turister\/"},"modified":"2020-03-19T00:00:00","modified_gmt":"2020-03-18T23:00:00","slug":"spaniens-och-sveriges-utrikesministrar-i-mote-om-att-hjalpa-turister","status":"publish","type":"post","link":"https:\/\/lightweb.dev\/l\/svm-temp\/nyheter\/spaniens-och-sveriges-utrikesministrar-i-mote-om-att-hjalpa-turister\/","title":{"rendered":"Spaniens och Sveriges utrikesministrar i m\u00f6te om att hj\u00e4lpa turister"},"content":{"rendered":"<p> Resor rekommenderas inte och vi kan tillsammans bidra till kampen mot coronaviruset. Det s\u00e4ger Spaniens utrikesminister Arancha Gonz\u00e1lez Laya som vill lugna svenska och nordiska turister samt andra utl\u00e4nningar. Hon till\u00e4gger att de spanska myndigheterna st\u00e5r i kontakt med de utl\u00e4ndska turisternas myndigheter f\u00f6r att samarbete om de \u00f6nskar \u00e5terv\u00e4nda till sina heml\u00e4nder.<\/p>\n<p>Gonz\u00e1lez Laya har haft ett telefonm\u00f6te med sin svenska motsvarighet, Utrikesministern Ann Linde. Den spanska utrikesministern skriver p\u00e5 Twitter:<br \/>\n\u201dJag har talat med utrikesministern Ann Linde om v\u00e5ra gemensamma anstr\u00e4ngningar f\u00f6r att hj\u00e4lpa v\u00e5ra respektive medborgare\u201d.<\/p>\n<p>Ann Linde skriver p\u00e5 Twitter att det var ett \u201dkonstruktivt m\u00f6te om hantering och konsekvenser av coronaviruset. V\u00e5ra n\u00e4ra kontakter och samarbete under den h\u00e4r tiden \u00e4r viktigt inte minst f\u00f6r de m\u00e5nga svenskar som \u00e4r p\u00e5 semester eller bor i Spanien\u201d.<\/p>\n<p>Den spanska inrikesministern manar till lugn och samarbete n\u00e4r det g\u00e4ller de utl\u00e4ndska turister fr\u00e5n fr\u00e4mst Storbritannien, Irland och de nordiska l\u00e4nderna som fortsatt befinner sig i Spanien. <\/p>\n<p>Hon p\u00e5minner \u00e4ven om de begr\u00e4nsningar som finns i Spanien i att r\u00f6ra sig fritt. Att landet \u00e4r f\u00f6rsatt i n\u00f6dl\u00e4ge \u00e4r n\u00e5got som b\u00e5de spanjorer och utl\u00e4ndska turister m\u00e5ste f\u00f6lja.<\/p>\n<p>\u201dJust nu ska man t\u00e4nka efter ordentligt innan man ger sig ut och reser. Det \u00e4r inte l\u00e4mpligt att resa. F\u00f6ljer vi myndigheternas rekommendationer s\u00e5 kan vi bidra till kampen mot coronaviruset\u201d s\u00e4ger Gonz\u00e1lez Laya som ber b\u00e5de spanjor och residenta utl\u00e4ndska turister att undvika resor om det inte \u00e4r n\u00f6dv\u00e4ndigt.<\/p>\n","protected":false},"excerpt":{"rendered":"<p>Resor rekommenderas inte och vi kan tillsammans bidra till kampen mot coronaviruset. Det s\u00e4ger Spaniens utrikesminister Arancha Gonz\u00e1lez Laya som vill lugna svenska och nordiska turister samt andra utl\u00e4nningar. Hon till\u00e4gger att de spanska myndigheterna st\u00e5r i kontakt med de utl\u00e4ndska turisternas myndigheter f\u00f6r att samarbete om de \u00f6nskar \u00e5terv\u00e4nda till sina heml\u00e4nder. Gonz\u00e1lez Laya [&hellip;]<\/p>\n","protected":false},"author":8,"featured_media":14584,"comment_status":"open","ping_status":"open","sticky":false,"template":"","format":"standard","meta":{"_et_pb_use_builder":"","_et_pb_old_content":"","_et_gb_content_width":"","footnotes":""},"categories":[395,3],"tags":[],"class_list":["post-14583","post","type-post","status-publish","format-standard","has-post-thumbnail","hentry","category-arkiv-nyheter","category-nyheter"],"yoast_head":"<!-- This site is optimized with the Yoast SEO Premium plugin v26.2 (Yoast SEO v28.2) - https:\/\/yoast.com\/product\/yoast-seo-premium-wordpress\/ -->\n<title>Spaniens och Sveriges utrikesministrar i m\u00f6te om att hj\u00e4lpa turister - Svenska Magasinet<\/title>\n<meta name=\"robots\" content=\"noindex, follow, max-snippet:-1, max-image-preview:large, max-video-preview:-1\" \/>\n<meta property=\"og:locale\" content=\"sv_SE\" \/>\n<meta property=\"og:type\" content=\"article\" \/>\n<meta property=\"og:title\" content=\"Spaniens och Sveriges utrikesministrar i m\u00f6te om att hj\u00e4lpa turister\" \/>\n<meta property=\"og:description\" content=\"Resor rekommenderas inte och vi kan tillsammans bidra till kampen mot coronaviruset. Det s\u00e4ger Spaniens utrikesminister Arancha Gonz\u00e1lez Laya som vill lugna svenska och nordiska turister samt andra utl\u00e4nningar. Hon till\u00e4gger att de spanska myndigheterna st\u00e5r i kontakt med de utl\u00e4ndska turisternas myndigheter f\u00f6r att samarbete om de \u00f6nskar \u00e5terv\u00e4nda till sina heml\u00e4nder. Gonz\u00e1lez Laya [&hellip;]\" \/>\n<meta property=\"og:url\" content=\"https:\/\/lightweb.dev\/l\/svm-temp\/nyheter\/spaniens-och-sveriges-utrikesministrar-i-mote-om-att-hjalpa-turister\/\" \/>\n<meta property=\"og:site_name\" content=\"Svenska Magasinet\" \/>\n<meta property=\"article:publisher\" content=\"https:\/\/www.facebook.com\/svenskamagasinet\" \/>\n<meta property=\"article:published_time\" content=\"2020-03-18T23:00:00+00:00\" \/>\n<meta property=\"og:image\" content=\"https:\/\/lightweb.dev\/l\/svm-temp\/wp-content\/uploads\/2022\/06\/spaniens-och-sveriges-utrikesministrar-i-mote-om-att-hjalpa-turister.png\" \/>\n\t<meta property=\"og:image:width\" content=\"700\" \/>\n\t<meta property=\"og:image:height\" content=\"420\" \/>\n\t<meta property=\"og:image:type\" content=\"image\/png\" \/>\n<meta name=\"author\" content=\"Redaktionen SvM\" \/>\n<meta name=\"twitter:card\" content=\"summary_large_image\" \/>\n<meta name=\"twitter:creator\" content=\"@SvenskaMagasine\" \/>\n<meta name=\"twitter:site\" content=\"@SvenskaMagasine\" \/>\n<script type=\"application\/ld+json\" class=\"yoast-schema-graph\">{\"@context\":\"https:\\\/\\\/schema.org\",\"@graph\":[{\"@type\":\"Article\",\"@id\":\"https:\\\/\\\/lightweb.dev\\\/l\\\/svm-temp\\\/nyheter\\\/spaniens-och-sveriges-utrikesministrar-i-mote-om-att-hjalpa-turister\\\/#article\",\"isPartOf\":{\"@id\":\"https:\\\/\\\/lightweb.dev\\\/l\\\/svm-temp\\\/nyheter\\\/spaniens-och-sveriges-utrikesministrar-i-mote-om-att-hjalpa-turister\\\/\"},\"author\":{\"name\":\"Redaktionen SvM\",\"@id\":\"https:\\\/\\\/lightweb.dev\\\/l\\\/svm-temp\\\/#\\\/schema\\\/person\\\/206a3bda5b607b0c25e1749191e4d837\"},\"headline\":\"Spaniens och Sveriges utrikesministrar i m\u00f6te om att hj\u00e4lpa turister\",\"datePublished\":\"2020-03-18T23:00:00+00:00\",\"mainEntityOfPage\":{\"@id\":\"https:\\\/\\\/lightweb.dev\\\/l\\\/svm-temp\\\/nyheter\\\/spaniens-och-sveriges-utrikesministrar-i-mote-om-att-hjalpa-turister\\\/\"},\"wordCount\":301,\"commentCount\":0,\"publisher\":{\"@id\":\"https:\\\/\\\/lightweb.dev\\\/l\\\/svm-temp\\\/#organization\"},\"image\":{\"@id\":\"https:\\\/\\\/lightweb.dev\\\/l\\\/svm-temp\\\/nyheter\\\/spaniens-och-sveriges-utrikesministrar-i-mote-om-att-hjalpa-turister\\\/#primaryimage\"},\"thumbnailUrl\":\"https:\\\/\\\/lightweb.dev\\\/l\\\/svm-temp\\\/wp-content\\\/uploads\\\/2022\\\/06\\\/spaniens-och-sveriges-utrikesministrar-i-mote-om-att-hjalpa-turister.png\",\"articleSection\":[\"Arkiv\",\"Nyheter\"],\"inLanguage\":\"sv-SE\"},{\"@type\":\"WebPage\",\"@id\":\"https:\\\/\\\/lightweb.dev\\\/l\\\/svm-temp\\\/nyheter\\\/spaniens-och-sveriges-utrikesministrar-i-mote-om-att-hjalpa-turister\\\/\",\"url\":\"https:\\\/\\\/lightweb.dev\\\/l\\\/svm-temp\\\/nyheter\\\/spaniens-och-sveriges-utrikesministrar-i-mote-om-att-hjalpa-turister\\\/\",\"name\":\"Spaniens och Sveriges utrikesministrar i m\u00f6te om att hj\u00e4lpa turister - Svenska Magasinet\",\"isPartOf\":{\"@id\":\"https:\\\/\\\/lightweb.dev\\\/l\\\/svm-temp\\\/#website\"},\"primaryImageOfPage\":{\"@id\":\"https:\\\/\\\/lightweb.dev\\\/l\\\/svm-temp\\\/nyheter\\\/spaniens-och-sveriges-utrikesministrar-i-mote-om-att-hjalpa-turister\\\/#primaryimage\"},\"image\":{\"@id\":\"https:\\\/\\\/lightweb.dev\\\/l\\\/svm-temp\\\/nyheter\\\/spaniens-och-sveriges-utrikesministrar-i-mote-om-att-hjalpa-turister\\\/#primaryimage\"},\"thumbnailUrl\":\"https:\\\/\\\/lightweb.dev\\\/l\\\/svm-temp\\\/wp-content\\\/uploads\\\/2022\\\/06\\\/spaniens-och-sveriges-utrikesministrar-i-mote-om-att-hjalpa-turister.png\",\"datePublished\":\"2020-03-18T23:00:00+00:00\",\"breadcrumb\":{\"@id\":\"https:\\\/\\\/lightweb.dev\\\/l\\\/svm-temp\\\/nyheter\\\/spaniens-och-sveriges-utrikesministrar-i-mote-om-att-hjalpa-turister\\\/#breadcrumb\"},\"inLanguage\":\"sv-SE\",\"potentialAction\":[{\"@type\":\"ReadAction\",\"target\":[\"https:\\\/\\\/lightweb.dev\\\/l\\\/svm-temp\\\/nyheter\\\/spaniens-och-sveriges-utrikesministrar-i-mote-om-att-hjalpa-turister\\\/\"]}]},{\"@type\":\"ImageObject\",\"inLanguage\":\"sv-SE\",\"@id\":\"https:\\\/\\\/lightweb.dev\\\/l\\\/svm-temp\\\/nyheter\\\/spaniens-och-sveriges-utrikesministrar-i-mote-om-att-hjalpa-turister\\\/#primaryimage\",\"url\":\"https:\\\/\\\/lightweb.dev\\\/l\\\/svm-temp\\\/wp-content\\\/uploads\\\/2022\\\/06\\\/spaniens-och-sveriges-utrikesministrar-i-mote-om-att-hjalpa-turister.png\",\"contentUrl\":\"https:\\\/\\\/lightweb.dev\\\/l\\\/svm-temp\\\/wp-content\\\/uploads\\\/2022\\\/06\\\/spaniens-och-sveriges-utrikesministrar-i-mote-om-att-hjalpa-turister.png\",\"width\":700,\"height\":420},{\"@type\":\"BreadcrumbList\",\"@id\":\"https:\\\/\\\/lightweb.dev\\\/l\\\/svm-temp\\\/nyheter\\\/spaniens-och-sveriges-utrikesministrar-i-mote-om-att-hjalpa-turister\\\/#breadcrumb\",\"itemListElement\":[{\"@type\":\"ListItem\",\"position\":1,\"name\":\"Hem\",\"item\":\"https:\\\/\\\/lightweb.dev\\\/l\\\/svm-temp\\\/\"},{\"@type\":\"ListItem\",\"position\":2,\"name\":\"Spaniens och Sveriges utrikesministrar i m\u00f6te om att hj\u00e4lpa turister\"}]},{\"@type\":\"WebSite\",\"@id\":\"https:\\\/\\\/lightweb.dev\\\/l\\\/svm-temp\\\/#website\",\"url\":\"https:\\\/\\\/lightweb.dev\\\/l\\\/svm-temp\\\/\",\"name\":\"Svenska Magasinet\",\"description\":\"Dina Spanska nyheter p&aring; Svenska\",\"publisher\":{\"@id\":\"https:\\\/\\\/lightweb.dev\\\/l\\\/svm-temp\\\/#organization\"},\"potentialAction\":[{\"@type\":\"SearchAction\",\"target\":{\"@type\":\"EntryPoint\",\"urlTemplate\":\"https:\\\/\\\/lightweb.dev\\\/l\\\/svm-temp\\\/?s={search_term_string}\"},\"query-input\":{\"@type\":\"PropertyValueSpecification\",\"valueRequired\":true,\"valueName\":\"search_term_string\"}}],\"inLanguage\":\"sv-SE\"},{\"@type\":\"Organization\",\"@id\":\"https:\\\/\\\/lightweb.dev\\\/l\\\/svm-temp\\\/#organization\",\"name\":\"Melkerson y Nott SL\",\"alternateName\":\"Svenska Magasinet\",\"url\":\"https:\\\/\\\/lightweb.dev\\\/l\\\/svm-temp\\\/\",\"logo\":{\"@type\":\"ImageObject\",\"inLanguage\":\"sv-SE\",\"@id\":\"https:\\\/\\\/lightweb.dev\\\/l\\\/svm-temp\\\/#\\\/schema\\\/logo\\\/image\\\/\",\"url\":\"https:\\\/\\\/lightweb.dev\\\/l\\\/svm-temp\\\/wp-content\\\/uploads\\\/2025\\\/02\\\/SvM-logo-Xtra-Centrerad-SVART.png\",\"contentUrl\":\"https:\\\/\\\/lightweb.dev\\\/l\\\/svm-temp\\\/wp-content\\\/uploads\\\/2025\\\/02\\\/SvM-logo-Xtra-Centrerad-SVART.png\",\"width\":300,\"height\":99,\"caption\":\"Melkerson y Nott SL\"},\"image\":{\"@id\":\"https:\\\/\\\/lightweb.dev\\\/l\\\/svm-temp\\\/#\\\/schema\\\/logo\\\/image\\\/\"},\"sameAs\":[\"https:\\\/\\\/www.facebook.com\\\/svenskamagasinet\",\"https:\\\/\\\/x.com\\\/SvenskaMagasine\"]},{\"@type\":\"Person\",\"@id\":\"https:\\\/\\\/lightweb.dev\\\/l\\\/svm-temp\\\/#\\\/schema\\\/person\\\/206a3bda5b607b0c25e1749191e4d837\",\"name\":\"Redaktionen SvM\",\"description\":\"Redaktionen\",\"sameAs\":[\"https:\\\/\\\/lightweb.dev\\\/l\\\/svm-temp\"],\"url\":\"https:\\\/\\\/lightweb.dev\\\/l\\\/svm-temp\\\/reporter\\\/redaktionen\\\/\"}]}<\/script>\n<!-- \/ Yoast SEO Premium plugin. -->","yoast_head_json":{"title":"Spaniens och Sveriges utrikesministrar i m\u00f6te om att hj\u00e4lpa turister - Svenska Magasinet","robots":{"index":"noindex","follow":"follow","max-snippet":"max-snippet:-1","max-image-preview":"max-image-preview:large","max-video-preview":"max-video-preview:-1"},"og_locale":"sv_SE","og_type":"article","og_title":"Spaniens och Sveriges utrikesministrar i m\u00f6te om att hj\u00e4lpa turister","og_description":"Resor rekommenderas inte och vi kan tillsammans bidra till kampen mot coronaviruset. Det s\u00e4ger Spaniens utrikesminister Arancha Gonz\u00e1lez Laya som vill lugna svenska och nordiska turister samt andra utl\u00e4nningar. Hon till\u00e4gger att de spanska myndigheterna st\u00e5r i kontakt med de utl\u00e4ndska turisternas myndigheter f\u00f6r att samarbete om de \u00f6nskar \u00e5terv\u00e4nda till sina heml\u00e4nder. Gonz\u00e1lez Laya [&hellip;]","og_url":"https:\/\/lightweb.dev\/l\/svm-temp\/nyheter\/spaniens-och-sveriges-utrikesministrar-i-mote-om-att-hjalpa-turister\/","og_site_name":"Svenska Magasinet","article_publisher":"https:\/\/www.facebook.com\/svenskamagasinet","article_published_time":"2020-03-18T23:00:00+00:00","og_image":[{"width":700,"height":420,"url":"https:\/\/lightweb.dev\/l\/svm-temp\/wp-content\/uploads\/2022\/06\/spaniens-och-sveriges-utrikesministrar-i-mote-om-att-hjalpa-turister.png","type":"image\/png"}],"author":"Redaktionen SvM","twitter_card":"summary_large_image","twitter_creator":"@SvenskaMagasine","twitter_site":"@SvenskaMagasine","schema":{"@context":"https:\/\/schema.org","@graph":[{"@type":"Article","@id":"https:\/\/lightweb.dev\/l\/svm-temp\/nyheter\/spaniens-och-sveriges-utrikesministrar-i-mote-om-att-hjalpa-turister\/#article","isPartOf":{"@id":"https:\/\/lightweb.dev\/l\/svm-temp\/nyheter\/spaniens-och-sveriges-utrikesministrar-i-mote-om-att-hjalpa-turister\/"},"author":{"name":"Redaktionen SvM","@id":"https:\/\/lightweb.dev\/l\/svm-temp\/#\/schema\/person\/206a3bda5b607b0c25e1749191e4d837"},"headline":"Spaniens och Sveriges utrikesministrar i m\u00f6te om att hj\u00e4lpa turister","datePublished":"2020-03-18T23:00:00+00:00","mainEntityOfPage":{"@id":"https:\/\/lightweb.dev\/l\/svm-temp\/nyheter\/spaniens-och-sveriges-utrikesministrar-i-mote-om-att-hjalpa-turister\/"},"wordCount":301,"commentCount":0,"publisher":{"@id":"https:\/\/lightweb.dev\/l\/svm-temp\/#organization"},"image":{"@id":"https:\/\/lightweb.dev\/l\/svm-temp\/nyheter\/spaniens-och-sveriges-utrikesministrar-i-mote-om-att-hjalpa-turister\/#primaryimage"},"thumbnailUrl":"https:\/\/lightweb.dev\/l\/svm-temp\/wp-content\/uploads\/2022\/06\/spaniens-och-sveriges-utrikesministrar-i-mote-om-att-hjalpa-turister.png","articleSection":["Arkiv","Nyheter"],"inLanguage":"sv-SE"},{"@type":"WebPage","@id":"https:\/\/lightweb.dev\/l\/svm-temp\/nyheter\/spaniens-och-sveriges-utrikesministrar-i-mote-om-att-hjalpa-turister\/","url":"https:\/\/lightweb.dev\/l\/svm-temp\/nyheter\/spaniens-och-sveriges-utrikesministrar-i-mote-om-att-hjalpa-turister\/","name":"Spaniens och Sveriges utrikesministrar i m\u00f6te om att hj\u00e4lpa turister - Svenska Magasinet","isPartOf":{"@id":"https:\/\/lightweb.dev\/l\/svm-temp\/#website"},"primaryImageOfPage":{"@id":"https:\/\/lightweb.dev\/l\/svm-temp\/nyheter\/spaniens-och-sveriges-utrikesministrar-i-mote-om-att-hjalpa-turister\/#primaryimage"},"image":{"@id":"https:\/\/lightweb.dev\/l\/svm-temp\/nyheter\/spaniens-och-sveriges-utrikesministrar-i-mote-om-att-hjalpa-turister\/#primaryimage"},"thumbnailUrl":"https:\/\/lightweb.dev\/l\/svm-temp\/wp-content\/uploads\/2022\/06\/spaniens-och-sveriges-utrikesministrar-i-mote-om-att-hjalpa-turister.png","datePublished":"2020-03-18T23:00:00+00:00","breadcrumb":{"@id":"https:\/\/lightweb.dev\/l\/svm-temp\/nyheter\/spaniens-och-sveriges-utrikesministrar-i-mote-om-att-hjalpa-turister\/#breadcrumb"},"inLanguage":"sv-SE","potentialAction":[{"@type":"ReadAction","target":["https:\/\/lightweb.dev\/l\/svm-temp\/nyheter\/spaniens-och-sveriges-utrikesministrar-i-mote-om-att-hjalpa-turister\/"]}]},{"@type":"ImageObject","inLanguage":"sv-SE","@id":"https:\/\/lightweb.dev\/l\/svm-temp\/nyheter\/spaniens-och-sveriges-utrikesministrar-i-mote-om-att-hjalpa-turister\/#primaryimage","url":"https:\/\/lightweb.dev\/l\/svm-temp\/wp-content\/uploads\/2022\/06\/spaniens-och-sveriges-utrikesministrar-i-mote-om-att-hjalpa-turister.png","contentUrl":"https:\/\/lightweb.dev\/l\/svm-temp\/wp-content\/uploads\/2022\/06\/spaniens-och-sveriges-utrikesministrar-i-mote-om-att-hjalpa-turister.png","width":700,"height":420},{"@type":"BreadcrumbList","@id":"https:\/\/lightweb.dev\/l\/svm-temp\/nyheter\/spaniens-och-sveriges-utrikesministrar-i-mote-om-att-hjalpa-turister\/#breadcrumb","itemListElement":[{"@type":"ListItem","position":1,"name":"Hem","item":"https:\/\/lightweb.dev\/l\/svm-temp\/"},{"@type":"ListItem","position":2,"name":"Spaniens och Sveriges utrikesministrar i m\u00f6te om att hj\u00e4lpa turister"}]},{"@type":"WebSite","@id":"https:\/\/lightweb.dev\/l\/svm-temp\/#website","url":"https:\/\/lightweb.dev\/l\/svm-temp\/","name":"Svenska Magasinet","description":"Dina Spanska nyheter p&aring; Svenska","publisher":{"@id":"https:\/\/lightweb.dev\/l\/svm-temp\/#organization"},"potentialAction":[{"@type":"SearchAction","target":{"@type":"EntryPoint","urlTemplate":"https:\/\/lightweb.dev\/l\/svm-temp\/?s={search_term_string}"},"query-input":{"@type":"PropertyValueSpecification","valueRequired":true,"valueName":"search_term_string"}}],"inLanguage":"sv-SE"},{"@type":"Organization","@id":"https:\/\/lightweb.dev\/l\/svm-temp\/#organization","name":"Melkerson y Nott SL","alternateName":"Svenska Magasinet","url":"https:\/\/lightweb.dev\/l\/svm-temp\/","logo":{"@type":"ImageObject","inLanguage":"sv-SE","@id":"https:\/\/lightweb.dev\/l\/svm-temp\/#\/schema\/logo\/image\/","url":"https:\/\/lightweb.dev\/l\/svm-temp\/wp-content\/uploads\/2025\/02\/SvM-logo-Xtra-Centrerad-SVART.png","contentUrl":"https:\/\/lightweb.dev\/l\/svm-temp\/wp-content\/uploads\/2025\/02\/SvM-logo-Xtra-Centrerad-SVART.png","width":300,"height":99,"caption":"Melkerson y Nott SL"},"image":{"@id":"https:\/\/lightweb.dev\/l\/svm-temp\/#\/schema\/logo\/image\/"},"sameAs":["https:\/\/www.facebook.com\/svenskamagasinet","https:\/\/x.com\/SvenskaMagasine"]},{"@type":"Person","@id":"https:\/\/lightweb.dev\/l\/svm-temp\/#\/schema\/person\/206a3bda5b607b0c25e1749191e4d837","name":"Redaktionen SvM","description":"Redaktionen","sameAs":["https:\/\/lightweb.dev\/l\/svm-temp"],"url":"https:\/\/lightweb.dev\/l\/svm-temp\/reporter\/redaktionen\/"}]}},"_links":{"self":[{"href":"https:\/\/lightweb.dev\/l\/svm-temp\/wp-json\/wp\/v2\/posts\/14583","targetHints":{"allow":["GET"]}}],"collection":[{"href":"https:\/\/lightweb.dev\/l\/svm-temp\/wp-json\/wp\/v2\/posts"}],"about":[{"href":"https:\/\/lightweb.dev\/l\/svm-temp\/wp-json\/wp\/v2\/types\/post"}],"author":[{"embeddable":true,"href":"https:\/\/lightweb.dev\/l\/svm-temp\/wp-json\/wp\/v2\/users\/8"}],"replies":[{"embeddable":true,"href":"https:\/\/lightweb.dev\/l\/svm-temp\/wp-json\/wp\/v2\/comments?post=14583"}],"version-history":[{"count":0,"href":"https:\/\/lightweb.dev\/l\/svm-temp\/wp-json\/wp\/v2\/posts\/14583\/revisions"}],"wp:featuredmedia":[{"embeddable":true,"href":"https:\/\/lightweb.dev\/l\/svm-temp\/wp-json\/wp\/v2\/media\/14584"}],"wp:attachment":[{"href":"https:\/\/lightweb.dev\/l\/svm-temp\/wp-json\/wp\/v2\/media?parent=14583"}],"wp:term":[{"taxonomy":"category","embeddable":true,"href":"https:\/\/lightweb.dev\/l\/svm-temp\/wp-json\/wp\/v2\/categories?post=14583"},{"taxonomy":"post_tag","embeddable":true,"href":"https:\/\/lightweb.dev\/l\/svm-temp\/wp-json\/wp\/v2\/tags?post=14583"}],"curies":[{"name":"wp","href":"https:\/\/api.w.org\/{rel}","templated":true}]}}