{"id":14653,"date":"2020-03-09T00:00:00","date_gmt":"2020-03-08T23:00:00","guid":{"rendered":"https:\/\/lightweb.dev\/l\/svm-temp\/nyheter\/antalet-vaggmalningar-i-estepona-pa-vag-mot-60\/"},"modified":"2020-03-09T00:00:00","modified_gmt":"2020-03-08T23:00:00","slug":"antalet-vaggmalningar-i-estepona-pa-vag-mot-60","status":"publish","type":"post","link":"https:\/\/lightweb.dev\/l\/svm-temp\/nyheter\/antalet-vaggmalningar-i-estepona-pa-vag-mot-60\/","title":{"rendered":"Antalet v\u00e4ggm\u00e5lningar i Estepona p\u00e5 v\u00e4g mot 60"},"content":{"rendered":"<p> Ett tiotal konstn\u00e4rer fr\u00e5n Spanien och andra l\u00e4nder \u00e4r just nu i g\u00e5ng med att utf\u00f6ra fler fasadm\u00e5lningar i Estepona. Det \u00e4r den andra upplagan av Concurso Internacional de Murales som arrangeras i Estepona under tio dagar. N\u00e4r arbetet \u00e4r klart kommer kommunen att ha 60 v\u00e4ggm\u00e5lningar totalt. Som Svenska Magasinet tidigare har uppm\u00e4rksammat har Estepona p\u00e5 v\u00e4stra Costa del Sol blivit k\u00e4nt f\u00f6r sina v\u00e4ggm\u00e5lningar. Och antalet v\u00e4xer med satsningen Ruta de Murales Art\u00edsticos som f\u00f6ddes 2012 med m\u00e5let att g\u00f6ra v\u00e4ggar och fasader i centrala delarna av kommunen till ett stort friluftsmuseum.<\/p>\n<p>Under tio dagar p\u00e5g\u00e5r arbetet med ytterligare fasadm\u00e5lningar som n\u00e4r det \u00e4r klart betyder att kommunen kommer upp i totalt 60 konstverk. Tar du en promenad utmed gatorna ser du konstn\u00e4rer som arbetar fr\u00e5n kranar tio meter upp luften.<\/p>\n<p>Totalt 104 f\u00f6rslag till nya fasadm\u00e5lningar kom in vilket var 48 procent fler \u00e4n f\u00f6rra g\u00e5ngen. F\u00f6rutom fasadm\u00e5lare och konstn\u00e4rer fr\u00e5n Spanien kommer de fr\u00e5n Brasilien, Kanada, Tjeckien, Argentina, Mexiko, Italien och Uruguay.<\/p>\n<p>En jury kommer sedan att avg\u00f6ra vilken som f\u00e5r f\u00f6rstapriset p\u00e5 10.000 euro och andrapriset p\u00e5 5.000 euro.<\/p>\n<p>De tio nya fasadm\u00e5lningarna hittar du p\u00e5 f\u00f6ljande platser, f\u00f6ljt av artistens namn och konstverkets tema:<\/p>\n<p>&#8211; C\/ F\u00e9lix Rodr\u00edguez de la Fuente. Conjunto Andaluc\u00eda 5. Artista: Susana Velasco. Obra: \u2018Estepona se viste de Flores\u2019<br \/>\n&#8211; C\/ Terraza Conjunto Andaluc\u00eda 3. Artista: Samantha Jordaan. Obra: \u2018Nutrir\u2019<br \/>\n&#8211; C\/ Terraza Barriada Isabel Sim\u00f3n 1. Artista: El Chorro Arts<br \/>\n&#8211; C\/ Peineta Barriada Isabel Sim\u00f3n 6. Artista Vyacheslav Gunin. Obra: \u2018La Ca\u00edda\u2019<br \/>\n&#8211; C\/ Santo Domingo de Guzm\u00e1n 7. Artista: Alejandro Gamb\u00edn Vicente<br \/>\n&#8211; C\/ Melilla Edificio Royber. Artista \u00c1ngel Caballero Rioja. Obra: \u2018Momento Pasajero\u2019<br \/>\n&#8211; C\/ San Roque Edificio Bustamante. Artista: Jos\u00e9 Antonio Barrientos-Obra: \u2018Ilusi\u00f3n\u2019<br \/>\n&#8211; C\/ Crist\u00f3bal Ruiz M\u00e9ndez Edificio Soto. Artista: Alex Senna<br \/>\n&#8211; C\/ San Juan Bosco (fachada trasera n.\u00ba 25 c\/ prolongaci\u00f3n Avda. San Lorenzo). Artista: Andre Farkas. Obra: \u2018La fase azul de pajarito curioso\u2019<br \/>\n&#8211; C\/ Prolongaci\u00f3n Avenida San Lorenzo 25. Artista: Alberto Montes S\u00e1nchez. Obra: \u2018Fragmentaci\u00f3n de un entorno concreto\u2019<\/p>\n","protected":false},"excerpt":{"rendered":"<p>Ett tiotal konstn\u00e4rer fr\u00e5n Spanien och andra l\u00e4nder \u00e4r just nu i g\u00e5ng med att utf\u00f6ra fler fasadm\u00e5lningar i Estepona. Det \u00e4r den andra upplagan av Concurso Internacional de Murales som arrangeras i Estepona under tio dagar. N\u00e4r arbetet \u00e4r klart kommer kommunen att ha 60 v\u00e4ggm\u00e5lningar totalt. Som Svenska Magasinet tidigare har uppm\u00e4rksammat har [&hellip;]<\/p>\n","protected":false},"author":8,"featured_media":14654,"comment_status":"open","ping_status":"open","sticky":false,"template":"","format":"standard","meta":{"_et_pb_use_builder":"","_et_pb_old_content":"","_et_gb_content_width":"","footnotes":""},"categories":[395,3],"tags":[],"class_list":["post-14653","post","type-post","status-publish","format-standard","has-post-thumbnail","hentry","category-arkiv-nyheter","category-nyheter"],"yoast_head":"<!-- This site is optimized with the Yoast SEO Premium plugin v26.2 (Yoast SEO v27.5) - https:\/\/yoast.com\/product\/yoast-seo-premium-wordpress\/ -->\n<title>Antalet v\u00e4ggm\u00e5lningar i Estepona p\u00e5 v\u00e4g mot 60 - Svenska Magasinet<\/title>\n<meta name=\"robots\" content=\"noindex, follow, max-snippet:-1, max-image-preview:large, max-video-preview:-1\" \/>\n<meta property=\"og:locale\" content=\"sv_SE\" \/>\n<meta property=\"og:type\" content=\"article\" \/>\n<meta property=\"og:title\" content=\"Antalet v\u00e4ggm\u00e5lningar i Estepona p\u00e5 v\u00e4g mot 60\" \/>\n<meta property=\"og:description\" content=\"Ett tiotal konstn\u00e4rer fr\u00e5n Spanien och andra l\u00e4nder \u00e4r just nu i g\u00e5ng med att utf\u00f6ra fler fasadm\u00e5lningar i Estepona. Det \u00e4r den andra upplagan av Concurso Internacional de Murales som arrangeras i Estepona under tio dagar. N\u00e4r arbetet \u00e4r klart kommer kommunen att ha 60 v\u00e4ggm\u00e5lningar totalt. Som Svenska Magasinet tidigare har uppm\u00e4rksammat har [&hellip;]\" \/>\n<meta property=\"og:url\" content=\"https:\/\/lightweb.dev\/l\/svm-temp\/nyheter\/antalet-vaggmalningar-i-estepona-pa-vag-mot-60\/\" \/>\n<meta property=\"og:site_name\" content=\"Svenska Magasinet\" \/>\n<meta property=\"article:publisher\" content=\"https:\/\/www.facebook.com\/svenskamagasinet\" \/>\n<meta property=\"article:published_time\" content=\"2020-03-08T23:00:00+00:00\" \/>\n<meta property=\"og:image\" content=\"https:\/\/lightweb.dev\/l\/svm-temp\/wp-content\/uploads\/2022\/06\/antalet-vaggmalningar-i-estepona-pa-vag-mot-60.png\" \/>\n\t<meta property=\"og:image:width\" content=\"700\" \/>\n\t<meta property=\"og:image:height\" content=\"421\" \/>\n\t<meta property=\"og:image:type\" content=\"image\/png\" \/>\n<meta name=\"author\" content=\"Redaktionen SvM\" \/>\n<meta name=\"twitter:card\" content=\"summary_large_image\" \/>\n<meta name=\"twitter:creator\" content=\"@SvenskaMagasine\" \/>\n<meta name=\"twitter:site\" content=\"@SvenskaMagasine\" \/>\n<script type=\"application\/ld+json\" class=\"yoast-schema-graph\">{\"@context\":\"https:\\\/\\\/schema.org\",\"@graph\":[{\"@type\":\"Article\",\"@id\":\"https:\\\/\\\/lightweb.dev\\\/l\\\/svm-temp\\\/nyheter\\\/antalet-vaggmalningar-i-estepona-pa-vag-mot-60\\\/#article\",\"isPartOf\":{\"@id\":\"https:\\\/\\\/lightweb.dev\\\/l\\\/svm-temp\\\/nyheter\\\/antalet-vaggmalningar-i-estepona-pa-vag-mot-60\\\/\"},\"author\":{\"name\":\"Redaktionen SvM\",\"@id\":\"https:\\\/\\\/lightweb.dev\\\/l\\\/svm-temp\\\/#\\\/schema\\\/person\\\/206a3bda5b607b0c25e1749191e4d837\"},\"headline\":\"Antalet v\u00e4ggm\u00e5lningar i Estepona p\u00e5 v\u00e4g mot 60\",\"datePublished\":\"2020-03-08T23:00:00+00:00\",\"mainEntityOfPage\":{\"@id\":\"https:\\\/\\\/lightweb.dev\\\/l\\\/svm-temp\\\/nyheter\\\/antalet-vaggmalningar-i-estepona-pa-vag-mot-60\\\/\"},\"wordCount\":393,\"commentCount\":0,\"publisher\":{\"@id\":\"https:\\\/\\\/lightweb.dev\\\/l\\\/svm-temp\\\/#organization\"},\"image\":{\"@id\":\"https:\\\/\\\/lightweb.dev\\\/l\\\/svm-temp\\\/nyheter\\\/antalet-vaggmalningar-i-estepona-pa-vag-mot-60\\\/#primaryimage\"},\"thumbnailUrl\":\"https:\\\/\\\/lightweb.dev\\\/l\\\/svm-temp\\\/wp-content\\\/uploads\\\/2022\\\/06\\\/antalet-vaggmalningar-i-estepona-pa-vag-mot-60.png\",\"articleSection\":[\"Arkiv\",\"Nyheter\"],\"inLanguage\":\"sv-SE\"},{\"@type\":\"WebPage\",\"@id\":\"https:\\\/\\\/lightweb.dev\\\/l\\\/svm-temp\\\/nyheter\\\/antalet-vaggmalningar-i-estepona-pa-vag-mot-60\\\/\",\"url\":\"https:\\\/\\\/lightweb.dev\\\/l\\\/svm-temp\\\/nyheter\\\/antalet-vaggmalningar-i-estepona-pa-vag-mot-60\\\/\",\"name\":\"Antalet v\u00e4ggm\u00e5lningar i Estepona p\u00e5 v\u00e4g mot 60 - Svenska Magasinet\",\"isPartOf\":{\"@id\":\"https:\\\/\\\/lightweb.dev\\\/l\\\/svm-temp\\\/#website\"},\"primaryImageOfPage\":{\"@id\":\"https:\\\/\\\/lightweb.dev\\\/l\\\/svm-temp\\\/nyheter\\\/antalet-vaggmalningar-i-estepona-pa-vag-mot-60\\\/#primaryimage\"},\"image\":{\"@id\":\"https:\\\/\\\/lightweb.dev\\\/l\\\/svm-temp\\\/nyheter\\\/antalet-vaggmalningar-i-estepona-pa-vag-mot-60\\\/#primaryimage\"},\"thumbnailUrl\":\"https:\\\/\\\/lightweb.dev\\\/l\\\/svm-temp\\\/wp-content\\\/uploads\\\/2022\\\/06\\\/antalet-vaggmalningar-i-estepona-pa-vag-mot-60.png\",\"datePublished\":\"2020-03-08T23:00:00+00:00\",\"breadcrumb\":{\"@id\":\"https:\\\/\\\/lightweb.dev\\\/l\\\/svm-temp\\\/nyheter\\\/antalet-vaggmalningar-i-estepona-pa-vag-mot-60\\\/#breadcrumb\"},\"inLanguage\":\"sv-SE\",\"potentialAction\":[{\"@type\":\"ReadAction\",\"target\":[\"https:\\\/\\\/lightweb.dev\\\/l\\\/svm-temp\\\/nyheter\\\/antalet-vaggmalningar-i-estepona-pa-vag-mot-60\\\/\"]}]},{\"@type\":\"ImageObject\",\"inLanguage\":\"sv-SE\",\"@id\":\"https:\\\/\\\/lightweb.dev\\\/l\\\/svm-temp\\\/nyheter\\\/antalet-vaggmalningar-i-estepona-pa-vag-mot-60\\\/#primaryimage\",\"url\":\"https:\\\/\\\/lightweb.dev\\\/l\\\/svm-temp\\\/wp-content\\\/uploads\\\/2022\\\/06\\\/antalet-vaggmalningar-i-estepona-pa-vag-mot-60.png\",\"contentUrl\":\"https:\\\/\\\/lightweb.dev\\\/l\\\/svm-temp\\\/wp-content\\\/uploads\\\/2022\\\/06\\\/antalet-vaggmalningar-i-estepona-pa-vag-mot-60.png\",\"width\":700,\"height\":421},{\"@type\":\"BreadcrumbList\",\"@id\":\"https:\\\/\\\/lightweb.dev\\\/l\\\/svm-temp\\\/nyheter\\\/antalet-vaggmalningar-i-estepona-pa-vag-mot-60\\\/#breadcrumb\",\"itemListElement\":[{\"@type\":\"ListItem\",\"position\":1,\"name\":\"Hem\",\"item\":\"https:\\\/\\\/lightweb.dev\\\/l\\\/svm-temp\\\/\"},{\"@type\":\"ListItem\",\"position\":2,\"name\":\"Antalet v\u00e4ggm\u00e5lningar i Estepona p\u00e5 v\u00e4g mot 60\"}]},{\"@type\":\"WebSite\",\"@id\":\"https:\\\/\\\/lightweb.dev\\\/l\\\/svm-temp\\\/#website\",\"url\":\"https:\\\/\\\/lightweb.dev\\\/l\\\/svm-temp\\\/\",\"name\":\"Svenska Magasinet\",\"description\":\"Dina Spanska nyheter p&aring; Svenska\",\"publisher\":{\"@id\":\"https:\\\/\\\/lightweb.dev\\\/l\\\/svm-temp\\\/#organization\"},\"potentialAction\":[{\"@type\":\"SearchAction\",\"target\":{\"@type\":\"EntryPoint\",\"urlTemplate\":\"https:\\\/\\\/lightweb.dev\\\/l\\\/svm-temp\\\/?s={search_term_string}\"},\"query-input\":{\"@type\":\"PropertyValueSpecification\",\"valueRequired\":true,\"valueName\":\"search_term_string\"}}],\"inLanguage\":\"sv-SE\"},{\"@type\":\"Organization\",\"@id\":\"https:\\\/\\\/lightweb.dev\\\/l\\\/svm-temp\\\/#organization\",\"name\":\"Melkerson y Nott SL\",\"alternateName\":\"Svenska Magasinet\",\"url\":\"https:\\\/\\\/lightweb.dev\\\/l\\\/svm-temp\\\/\",\"logo\":{\"@type\":\"ImageObject\",\"inLanguage\":\"sv-SE\",\"@id\":\"https:\\\/\\\/lightweb.dev\\\/l\\\/svm-temp\\\/#\\\/schema\\\/logo\\\/image\\\/\",\"url\":\"https:\\\/\\\/lightweb.dev\\\/l\\\/svm-temp\\\/wp-content\\\/uploads\\\/2025\\\/02\\\/SvM-logo-Xtra-Centrerad-SVART.png\",\"contentUrl\":\"https:\\\/\\\/lightweb.dev\\\/l\\\/svm-temp\\\/wp-content\\\/uploads\\\/2025\\\/02\\\/SvM-logo-Xtra-Centrerad-SVART.png\",\"width\":300,\"height\":99,\"caption\":\"Melkerson y Nott SL\"},\"image\":{\"@id\":\"https:\\\/\\\/lightweb.dev\\\/l\\\/svm-temp\\\/#\\\/schema\\\/logo\\\/image\\\/\"},\"sameAs\":[\"https:\\\/\\\/www.facebook.com\\\/svenskamagasinet\",\"https:\\\/\\\/x.com\\\/SvenskaMagasine\"]},{\"@type\":\"Person\",\"@id\":\"https:\\\/\\\/lightweb.dev\\\/l\\\/svm-temp\\\/#\\\/schema\\\/person\\\/206a3bda5b607b0c25e1749191e4d837\",\"name\":\"Redaktionen SvM\",\"description\":\"Redaktionen\",\"sameAs\":[\"https:\\\/\\\/lightweb.dev\\\/l\\\/svm-temp\"],\"url\":\"https:\\\/\\\/lightweb.dev\\\/l\\\/svm-temp\\\/reporter\\\/redaktionen\\\/\"}]}<\/script>\n<!-- \/ Yoast SEO Premium plugin. -->","yoast_head_json":{"title":"Antalet v\u00e4ggm\u00e5lningar i Estepona p\u00e5 v\u00e4g mot 60 - Svenska Magasinet","robots":{"index":"noindex","follow":"follow","max-snippet":"max-snippet:-1","max-image-preview":"max-image-preview:large","max-video-preview":"max-video-preview:-1"},"og_locale":"sv_SE","og_type":"article","og_title":"Antalet v\u00e4ggm\u00e5lningar i Estepona p\u00e5 v\u00e4g mot 60","og_description":"Ett tiotal konstn\u00e4rer fr\u00e5n Spanien och andra l\u00e4nder \u00e4r just nu i g\u00e5ng med att utf\u00f6ra fler fasadm\u00e5lningar i Estepona. Det \u00e4r den andra upplagan av Concurso Internacional de Murales som arrangeras i Estepona under tio dagar. N\u00e4r arbetet \u00e4r klart kommer kommunen att ha 60 v\u00e4ggm\u00e5lningar totalt. Som Svenska Magasinet tidigare har uppm\u00e4rksammat har [&hellip;]","og_url":"https:\/\/lightweb.dev\/l\/svm-temp\/nyheter\/antalet-vaggmalningar-i-estepona-pa-vag-mot-60\/","og_site_name":"Svenska Magasinet","article_publisher":"https:\/\/www.facebook.com\/svenskamagasinet","article_published_time":"2020-03-08T23:00:00+00:00","og_image":[{"width":700,"height":421,"url":"https:\/\/lightweb.dev\/l\/svm-temp\/wp-content\/uploads\/2022\/06\/antalet-vaggmalningar-i-estepona-pa-vag-mot-60.png","type":"image\/png"}],"author":"Redaktionen SvM","twitter_card":"summary_large_image","twitter_creator":"@SvenskaMagasine","twitter_site":"@SvenskaMagasine","schema":{"@context":"https:\/\/schema.org","@graph":[{"@type":"Article","@id":"https:\/\/lightweb.dev\/l\/svm-temp\/nyheter\/antalet-vaggmalningar-i-estepona-pa-vag-mot-60\/#article","isPartOf":{"@id":"https:\/\/lightweb.dev\/l\/svm-temp\/nyheter\/antalet-vaggmalningar-i-estepona-pa-vag-mot-60\/"},"author":{"name":"Redaktionen SvM","@id":"https:\/\/lightweb.dev\/l\/svm-temp\/#\/schema\/person\/206a3bda5b607b0c25e1749191e4d837"},"headline":"Antalet v\u00e4ggm\u00e5lningar i Estepona p\u00e5 v\u00e4g mot 60","datePublished":"2020-03-08T23:00:00+00:00","mainEntityOfPage":{"@id":"https:\/\/lightweb.dev\/l\/svm-temp\/nyheter\/antalet-vaggmalningar-i-estepona-pa-vag-mot-60\/"},"wordCount":393,"commentCount":0,"publisher":{"@id":"https:\/\/lightweb.dev\/l\/svm-temp\/#organization"},"image":{"@id":"https:\/\/lightweb.dev\/l\/svm-temp\/nyheter\/antalet-vaggmalningar-i-estepona-pa-vag-mot-60\/#primaryimage"},"thumbnailUrl":"https:\/\/lightweb.dev\/l\/svm-temp\/wp-content\/uploads\/2022\/06\/antalet-vaggmalningar-i-estepona-pa-vag-mot-60.png","articleSection":["Arkiv","Nyheter"],"inLanguage":"sv-SE"},{"@type":"WebPage","@id":"https:\/\/lightweb.dev\/l\/svm-temp\/nyheter\/antalet-vaggmalningar-i-estepona-pa-vag-mot-60\/","url":"https:\/\/lightweb.dev\/l\/svm-temp\/nyheter\/antalet-vaggmalningar-i-estepona-pa-vag-mot-60\/","name":"Antalet v\u00e4ggm\u00e5lningar i Estepona p\u00e5 v\u00e4g mot 60 - Svenska Magasinet","isPartOf":{"@id":"https:\/\/lightweb.dev\/l\/svm-temp\/#website"},"primaryImageOfPage":{"@id":"https:\/\/lightweb.dev\/l\/svm-temp\/nyheter\/antalet-vaggmalningar-i-estepona-pa-vag-mot-60\/#primaryimage"},"image":{"@id":"https:\/\/lightweb.dev\/l\/svm-temp\/nyheter\/antalet-vaggmalningar-i-estepona-pa-vag-mot-60\/#primaryimage"},"thumbnailUrl":"https:\/\/lightweb.dev\/l\/svm-temp\/wp-content\/uploads\/2022\/06\/antalet-vaggmalningar-i-estepona-pa-vag-mot-60.png","datePublished":"2020-03-08T23:00:00+00:00","breadcrumb":{"@id":"https:\/\/lightweb.dev\/l\/svm-temp\/nyheter\/antalet-vaggmalningar-i-estepona-pa-vag-mot-60\/#breadcrumb"},"inLanguage":"sv-SE","potentialAction":[{"@type":"ReadAction","target":["https:\/\/lightweb.dev\/l\/svm-temp\/nyheter\/antalet-vaggmalningar-i-estepona-pa-vag-mot-60\/"]}]},{"@type":"ImageObject","inLanguage":"sv-SE","@id":"https:\/\/lightweb.dev\/l\/svm-temp\/nyheter\/antalet-vaggmalningar-i-estepona-pa-vag-mot-60\/#primaryimage","url":"https:\/\/lightweb.dev\/l\/svm-temp\/wp-content\/uploads\/2022\/06\/antalet-vaggmalningar-i-estepona-pa-vag-mot-60.png","contentUrl":"https:\/\/lightweb.dev\/l\/svm-temp\/wp-content\/uploads\/2022\/06\/antalet-vaggmalningar-i-estepona-pa-vag-mot-60.png","width":700,"height":421},{"@type":"BreadcrumbList","@id":"https:\/\/lightweb.dev\/l\/svm-temp\/nyheter\/antalet-vaggmalningar-i-estepona-pa-vag-mot-60\/#breadcrumb","itemListElement":[{"@type":"ListItem","position":1,"name":"Hem","item":"https:\/\/lightweb.dev\/l\/svm-temp\/"},{"@type":"ListItem","position":2,"name":"Antalet v\u00e4ggm\u00e5lningar i Estepona p\u00e5 v\u00e4g mot 60"}]},{"@type":"WebSite","@id":"https:\/\/lightweb.dev\/l\/svm-temp\/#website","url":"https:\/\/lightweb.dev\/l\/svm-temp\/","name":"Svenska Magasinet","description":"Dina Spanska nyheter p&aring; Svenska","publisher":{"@id":"https:\/\/lightweb.dev\/l\/svm-temp\/#organization"},"potentialAction":[{"@type":"SearchAction","target":{"@type":"EntryPoint","urlTemplate":"https:\/\/lightweb.dev\/l\/svm-temp\/?s={search_term_string}"},"query-input":{"@type":"PropertyValueSpecification","valueRequired":true,"valueName":"search_term_string"}}],"inLanguage":"sv-SE"},{"@type":"Organization","@id":"https:\/\/lightweb.dev\/l\/svm-temp\/#organization","name":"Melkerson y Nott SL","alternateName":"Svenska Magasinet","url":"https:\/\/lightweb.dev\/l\/svm-temp\/","logo":{"@type":"ImageObject","inLanguage":"sv-SE","@id":"https:\/\/lightweb.dev\/l\/svm-temp\/#\/schema\/logo\/image\/","url":"https:\/\/lightweb.dev\/l\/svm-temp\/wp-content\/uploads\/2025\/02\/SvM-logo-Xtra-Centrerad-SVART.png","contentUrl":"https:\/\/lightweb.dev\/l\/svm-temp\/wp-content\/uploads\/2025\/02\/SvM-logo-Xtra-Centrerad-SVART.png","width":300,"height":99,"caption":"Melkerson y Nott SL"},"image":{"@id":"https:\/\/lightweb.dev\/l\/svm-temp\/#\/schema\/logo\/image\/"},"sameAs":["https:\/\/www.facebook.com\/svenskamagasinet","https:\/\/x.com\/SvenskaMagasine"]},{"@type":"Person","@id":"https:\/\/lightweb.dev\/l\/svm-temp\/#\/schema\/person\/206a3bda5b607b0c25e1749191e4d837","name":"Redaktionen SvM","description":"Redaktionen","sameAs":["https:\/\/lightweb.dev\/l\/svm-temp"],"url":"https:\/\/lightweb.dev\/l\/svm-temp\/reporter\/redaktionen\/"}]}},"_links":{"self":[{"href":"https:\/\/lightweb.dev\/l\/svm-temp\/wp-json\/wp\/v2\/posts\/14653","targetHints":{"allow":["GET"]}}],"collection":[{"href":"https:\/\/lightweb.dev\/l\/svm-temp\/wp-json\/wp\/v2\/posts"}],"about":[{"href":"https:\/\/lightweb.dev\/l\/svm-temp\/wp-json\/wp\/v2\/types\/post"}],"author":[{"embeddable":true,"href":"https:\/\/lightweb.dev\/l\/svm-temp\/wp-json\/wp\/v2\/users\/8"}],"replies":[{"embeddable":true,"href":"https:\/\/lightweb.dev\/l\/svm-temp\/wp-json\/wp\/v2\/comments?post=14653"}],"version-history":[{"count":0,"href":"https:\/\/lightweb.dev\/l\/svm-temp\/wp-json\/wp\/v2\/posts\/14653\/revisions"}],"wp:featuredmedia":[{"embeddable":true,"href":"https:\/\/lightweb.dev\/l\/svm-temp\/wp-json\/wp\/v2\/media\/14654"}],"wp:attachment":[{"href":"https:\/\/lightweb.dev\/l\/svm-temp\/wp-json\/wp\/v2\/media?parent=14653"}],"wp:term":[{"taxonomy":"category","embeddable":true,"href":"https:\/\/lightweb.dev\/l\/svm-temp\/wp-json\/wp\/v2\/categories?post=14653"},{"taxonomy":"post_tag","embeddable":true,"href":"https:\/\/lightweb.dev\/l\/svm-temp\/wp-json\/wp\/v2\/tags?post=14653"}],"curies":[{"name":"wp","href":"https:\/\/api.w.org\/{rel}","templated":true}]}}