{"id":14665,"date":"2020-03-05T00:00:00","date_gmt":"2020-03-04T23:00:00","guid":{"rendered":"https:\/\/lightweb.dev\/l\/svm-temp\/nyheter\/nu-lever-vi-halsosammast-i-varlden\/"},"modified":"2020-03-05T00:00:00","modified_gmt":"2020-03-04T23:00:00","slug":"nu-lever-vi-halsosammast-i-varlden","status":"publish","type":"post","link":"https:\/\/lightweb.dev\/l\/svm-temp\/nyheter\/nu-lever-vi-halsosammast-i-varlden\/","title":{"rendered":"Nu lever vi h\u00e4lsosammast i v\u00e4rlden"},"content":{"rendered":"<p> Grattis till att du har valt att leva i Spanien! Den numera v\u00e4rldsber\u00f6mda Medelhavsdieten bidrar till att Spanien rankas som v\u00e4rldens mest h\u00e4lsosamma land. Det visar en f\u00e4rsk unders\u00f6kning fr\u00e5n nyhetsbyr\u00e5n Bloomberg som i sitt \u00e5rliga globala h\u00e4lsoindex, \u00cdndice Global de Salud, rankar Spanien som etta f\u00f6re Italien.<\/p>\n<p>Spanien tar \u00f6ver f\u00f6rstaplatsen fr\u00e5n Italien j\u00e4mf\u00f6rt med 2018. P\u00e5 tredje plats kommer Island som sedan f\u00f6ljs av Japan, Schweiz, Sverige, Australien, Singapore, Norge och Israel p\u00e5 tionde plats. <\/p>\n<p>Att Spanien och Italien \u00e4r h\u00f6gst upp p\u00e5 listan beror till stor del p\u00e5 Medelhavsdieten med jungfruolivolja, baljv\u00e4xter, gr\u00f6nsaker, frukt och spannm\u00e5l. Och du som vill veta mer om Medelhavsdieten kan se fram emot en stor artikel om \u00e4mnet i marsnumret av Svenska Magasinet som utkommer den 16 mars.<\/p>\n<p>Ett annat sk\u00e4l som bidrar till f\u00f6rstaplatsen \u00e4r att Spanien har den h\u00f6gsta andelen m\u00e4nniskor i Europa som r\u00f6r p\u00e5 sig med regelbundna promenader. Varje dag ser vi som bor i Spanien m\u00e4nniskor som tar sin paseo.<\/p>\n<p>37 procent av befolkningen g\u00e5r hellre till fots i st\u00e4llet f\u00f6r att ta bilen, vilket bara sex procent av amerikanerna g\u00f6r. Det sociala trygghetssystemet beskrivs som framg\u00e5ngsrikt.<\/p>\n<p>Det h\u00e4lsosamma livet bidrar ocks\u00e5 till att Spanien f\u00f6rv\u00e4ntas peta ned Japan under 2020 n\u00e4r det g\u00e4ller den f\u00f6rv\u00e4ntade livsl\u00e4ngden med 85,8 \u00e5r.<\/p>\n<p>Rapporten fr\u00e5n nyhetsbyr\u00e5n Bloomberg som den spanska dagstidningen ABC h\u00e4nvisar till, sk\u00e4mtar till det med att \u201ddet kanske finns n\u00e5got i paella eller gazpacho som g\u00f6r att Spanien petar ner Italien fr\u00e5n f\u00f6rstaplatsen som det h\u00e4lsosammaste landet i v\u00e4rlden\u201d.<\/p>\n<p>Enligt studien finns det m\u00e5nga indikatorer p\u00e5 att det spanska livet \u00e4r h\u00e4lsosamt. Nyttiga vanor, h\u00e4lsorisker som tobak, blodtrycksniv\u00e5er, fetma, milj\u00f6faktorer som dricksvatten, mat och luftkvalitet, social trygghet och m\u00e5nga friska \u00e5r per m\u00e4nniskoliv.<\/p>\n","protected":false},"excerpt":{"rendered":"<p>Grattis till att du har valt att leva i Spanien! Den numera v\u00e4rldsber\u00f6mda Medelhavsdieten bidrar till att Spanien rankas som v\u00e4rldens mest h\u00e4lsosamma land. Det visar en f\u00e4rsk unders\u00f6kning fr\u00e5n nyhetsbyr\u00e5n Bloomberg som i sitt \u00e5rliga globala h\u00e4lsoindex, \u00cdndice Global de Salud, rankar Spanien som etta f\u00f6re Italien. Spanien tar \u00f6ver f\u00f6rstaplatsen fr\u00e5n Italien j\u00e4mf\u00f6rt [&hellip;]<\/p>\n","protected":false},"author":8,"featured_media":14666,"comment_status":"open","ping_status":"open","sticky":false,"template":"","format":"standard","meta":{"_et_pb_use_builder":"","_et_pb_old_content":"","_et_gb_content_width":"","footnotes":""},"categories":[395,3],"tags":[],"class_list":["post-14665","post","type-post","status-publish","format-standard","has-post-thumbnail","hentry","category-arkiv-nyheter","category-nyheter"],"yoast_head":"<!-- This site is optimized with the Yoast SEO Premium plugin v26.2 (Yoast SEO v27.5) - https:\/\/yoast.com\/product\/yoast-seo-premium-wordpress\/ -->\n<title>Nu lever vi h\u00e4lsosammast i v\u00e4rlden - Svenska Magasinet<\/title>\n<meta name=\"robots\" content=\"noindex, follow, max-snippet:-1, max-image-preview:large, max-video-preview:-1\" \/>\n<meta property=\"og:locale\" content=\"sv_SE\" \/>\n<meta property=\"og:type\" content=\"article\" \/>\n<meta property=\"og:title\" content=\"Nu lever vi h\u00e4lsosammast i v\u00e4rlden\" \/>\n<meta property=\"og:description\" content=\"Grattis till att du har valt att leva i Spanien! Den numera v\u00e4rldsber\u00f6mda Medelhavsdieten bidrar till att Spanien rankas som v\u00e4rldens mest h\u00e4lsosamma land. Det visar en f\u00e4rsk unders\u00f6kning fr\u00e5n nyhetsbyr\u00e5n Bloomberg som i sitt \u00e5rliga globala h\u00e4lsoindex, \u00cdndice Global de Salud, rankar Spanien som etta f\u00f6re Italien. Spanien tar \u00f6ver f\u00f6rstaplatsen fr\u00e5n Italien j\u00e4mf\u00f6rt [&hellip;]\" \/>\n<meta property=\"og:url\" content=\"https:\/\/lightweb.dev\/l\/svm-temp\/nyheter\/nu-lever-vi-halsosammast-i-varlden\/\" \/>\n<meta property=\"og:site_name\" content=\"Svenska Magasinet\" \/>\n<meta property=\"article:publisher\" content=\"https:\/\/www.facebook.com\/svenskamagasinet\" \/>\n<meta property=\"article:published_time\" content=\"2020-03-04T23:00:00+00:00\" \/>\n<meta property=\"og:image\" content=\"https:\/\/lightweb.dev\/l\/svm-temp\/wp-content\/uploads\/2022\/06\/nu-lever-vi-halsosammast-i-varlden.png\" \/>\n\t<meta property=\"og:image:width\" content=\"700\" \/>\n\t<meta property=\"og:image:height\" content=\"421\" \/>\n\t<meta property=\"og:image:type\" content=\"image\/png\" \/>\n<meta name=\"author\" content=\"Redaktionen SvM\" \/>\n<meta name=\"twitter:card\" content=\"summary_large_image\" \/>\n<meta name=\"twitter:creator\" content=\"@SvenskaMagasine\" \/>\n<meta name=\"twitter:site\" content=\"@SvenskaMagasine\" \/>\n<script type=\"application\/ld+json\" class=\"yoast-schema-graph\">{\"@context\":\"https:\\\/\\\/schema.org\",\"@graph\":[{\"@type\":\"Article\",\"@id\":\"https:\\\/\\\/lightweb.dev\\\/l\\\/svm-temp\\\/nyheter\\\/nu-lever-vi-halsosammast-i-varlden\\\/#article\",\"isPartOf\":{\"@id\":\"https:\\\/\\\/lightweb.dev\\\/l\\\/svm-temp\\\/nyheter\\\/nu-lever-vi-halsosammast-i-varlden\\\/\"},\"author\":{\"name\":\"Redaktionen SvM\",\"@id\":\"https:\\\/\\\/lightweb.dev\\\/l\\\/svm-temp\\\/#\\\/schema\\\/person\\\/206a3bda5b607b0c25e1749191e4d837\"},\"headline\":\"Nu lever vi h\u00e4lsosammast i v\u00e4rlden\",\"datePublished\":\"2020-03-04T23:00:00+00:00\",\"mainEntityOfPage\":{\"@id\":\"https:\\\/\\\/lightweb.dev\\\/l\\\/svm-temp\\\/nyheter\\\/nu-lever-vi-halsosammast-i-varlden\\\/\"},\"wordCount\":344,\"commentCount\":0,\"publisher\":{\"@id\":\"https:\\\/\\\/lightweb.dev\\\/l\\\/svm-temp\\\/#organization\"},\"image\":{\"@id\":\"https:\\\/\\\/lightweb.dev\\\/l\\\/svm-temp\\\/nyheter\\\/nu-lever-vi-halsosammast-i-varlden\\\/#primaryimage\"},\"thumbnailUrl\":\"https:\\\/\\\/lightweb.dev\\\/l\\\/svm-temp\\\/wp-content\\\/uploads\\\/2022\\\/06\\\/nu-lever-vi-halsosammast-i-varlden.png\",\"articleSection\":[\"Arkiv\",\"Nyheter\"],\"inLanguage\":\"sv-SE\"},{\"@type\":\"WebPage\",\"@id\":\"https:\\\/\\\/lightweb.dev\\\/l\\\/svm-temp\\\/nyheter\\\/nu-lever-vi-halsosammast-i-varlden\\\/\",\"url\":\"https:\\\/\\\/lightweb.dev\\\/l\\\/svm-temp\\\/nyheter\\\/nu-lever-vi-halsosammast-i-varlden\\\/\",\"name\":\"Nu lever vi h\u00e4lsosammast i v\u00e4rlden - Svenska Magasinet\",\"isPartOf\":{\"@id\":\"https:\\\/\\\/lightweb.dev\\\/l\\\/svm-temp\\\/#website\"},\"primaryImageOfPage\":{\"@id\":\"https:\\\/\\\/lightweb.dev\\\/l\\\/svm-temp\\\/nyheter\\\/nu-lever-vi-halsosammast-i-varlden\\\/#primaryimage\"},\"image\":{\"@id\":\"https:\\\/\\\/lightweb.dev\\\/l\\\/svm-temp\\\/nyheter\\\/nu-lever-vi-halsosammast-i-varlden\\\/#primaryimage\"},\"thumbnailUrl\":\"https:\\\/\\\/lightweb.dev\\\/l\\\/svm-temp\\\/wp-content\\\/uploads\\\/2022\\\/06\\\/nu-lever-vi-halsosammast-i-varlden.png\",\"datePublished\":\"2020-03-04T23:00:00+00:00\",\"breadcrumb\":{\"@id\":\"https:\\\/\\\/lightweb.dev\\\/l\\\/svm-temp\\\/nyheter\\\/nu-lever-vi-halsosammast-i-varlden\\\/#breadcrumb\"},\"inLanguage\":\"sv-SE\",\"potentialAction\":[{\"@type\":\"ReadAction\",\"target\":[\"https:\\\/\\\/lightweb.dev\\\/l\\\/svm-temp\\\/nyheter\\\/nu-lever-vi-halsosammast-i-varlden\\\/\"]}]},{\"@type\":\"ImageObject\",\"inLanguage\":\"sv-SE\",\"@id\":\"https:\\\/\\\/lightweb.dev\\\/l\\\/svm-temp\\\/nyheter\\\/nu-lever-vi-halsosammast-i-varlden\\\/#primaryimage\",\"url\":\"https:\\\/\\\/lightweb.dev\\\/l\\\/svm-temp\\\/wp-content\\\/uploads\\\/2022\\\/06\\\/nu-lever-vi-halsosammast-i-varlden.png\",\"contentUrl\":\"https:\\\/\\\/lightweb.dev\\\/l\\\/svm-temp\\\/wp-content\\\/uploads\\\/2022\\\/06\\\/nu-lever-vi-halsosammast-i-varlden.png\",\"width\":700,\"height\":421},{\"@type\":\"BreadcrumbList\",\"@id\":\"https:\\\/\\\/lightweb.dev\\\/l\\\/svm-temp\\\/nyheter\\\/nu-lever-vi-halsosammast-i-varlden\\\/#breadcrumb\",\"itemListElement\":[{\"@type\":\"ListItem\",\"position\":1,\"name\":\"Hem\",\"item\":\"https:\\\/\\\/lightweb.dev\\\/l\\\/svm-temp\\\/\"},{\"@type\":\"ListItem\",\"position\":2,\"name\":\"Nu lever vi h\u00e4lsosammast i v\u00e4rlden\"}]},{\"@type\":\"WebSite\",\"@id\":\"https:\\\/\\\/lightweb.dev\\\/l\\\/svm-temp\\\/#website\",\"url\":\"https:\\\/\\\/lightweb.dev\\\/l\\\/svm-temp\\\/\",\"name\":\"Svenska Magasinet\",\"description\":\"Dina Spanska nyheter p&aring; Svenska\",\"publisher\":{\"@id\":\"https:\\\/\\\/lightweb.dev\\\/l\\\/svm-temp\\\/#organization\"},\"potentialAction\":[{\"@type\":\"SearchAction\",\"target\":{\"@type\":\"EntryPoint\",\"urlTemplate\":\"https:\\\/\\\/lightweb.dev\\\/l\\\/svm-temp\\\/?s={search_term_string}\"},\"query-input\":{\"@type\":\"PropertyValueSpecification\",\"valueRequired\":true,\"valueName\":\"search_term_string\"}}],\"inLanguage\":\"sv-SE\"},{\"@type\":\"Organization\",\"@id\":\"https:\\\/\\\/lightweb.dev\\\/l\\\/svm-temp\\\/#organization\",\"name\":\"Melkerson y Nott SL\",\"alternateName\":\"Svenska Magasinet\",\"url\":\"https:\\\/\\\/lightweb.dev\\\/l\\\/svm-temp\\\/\",\"logo\":{\"@type\":\"ImageObject\",\"inLanguage\":\"sv-SE\",\"@id\":\"https:\\\/\\\/lightweb.dev\\\/l\\\/svm-temp\\\/#\\\/schema\\\/logo\\\/image\\\/\",\"url\":\"https:\\\/\\\/lightweb.dev\\\/l\\\/svm-temp\\\/wp-content\\\/uploads\\\/2025\\\/02\\\/SvM-logo-Xtra-Centrerad-SVART.png\",\"contentUrl\":\"https:\\\/\\\/lightweb.dev\\\/l\\\/svm-temp\\\/wp-content\\\/uploads\\\/2025\\\/02\\\/SvM-logo-Xtra-Centrerad-SVART.png\",\"width\":300,\"height\":99,\"caption\":\"Melkerson y Nott SL\"},\"image\":{\"@id\":\"https:\\\/\\\/lightweb.dev\\\/l\\\/svm-temp\\\/#\\\/schema\\\/logo\\\/image\\\/\"},\"sameAs\":[\"https:\\\/\\\/www.facebook.com\\\/svenskamagasinet\",\"https:\\\/\\\/x.com\\\/SvenskaMagasine\"]},{\"@type\":\"Person\",\"@id\":\"https:\\\/\\\/lightweb.dev\\\/l\\\/svm-temp\\\/#\\\/schema\\\/person\\\/206a3bda5b607b0c25e1749191e4d837\",\"name\":\"Redaktionen SvM\",\"description\":\"Redaktionen\",\"sameAs\":[\"https:\\\/\\\/lightweb.dev\\\/l\\\/svm-temp\"],\"url\":\"https:\\\/\\\/lightweb.dev\\\/l\\\/svm-temp\\\/reporter\\\/redaktionen\\\/\"}]}<\/script>\n<!-- \/ Yoast SEO Premium plugin. -->","yoast_head_json":{"title":"Nu lever vi h\u00e4lsosammast i v\u00e4rlden - Svenska Magasinet","robots":{"index":"noindex","follow":"follow","max-snippet":"max-snippet:-1","max-image-preview":"max-image-preview:large","max-video-preview":"max-video-preview:-1"},"og_locale":"sv_SE","og_type":"article","og_title":"Nu lever vi h\u00e4lsosammast i v\u00e4rlden","og_description":"Grattis till att du har valt att leva i Spanien! Den numera v\u00e4rldsber\u00f6mda Medelhavsdieten bidrar till att Spanien rankas som v\u00e4rldens mest h\u00e4lsosamma land. Det visar en f\u00e4rsk unders\u00f6kning fr\u00e5n nyhetsbyr\u00e5n Bloomberg som i sitt \u00e5rliga globala h\u00e4lsoindex, \u00cdndice Global de Salud, rankar Spanien som etta f\u00f6re Italien. Spanien tar \u00f6ver f\u00f6rstaplatsen fr\u00e5n Italien j\u00e4mf\u00f6rt [&hellip;]","og_url":"https:\/\/lightweb.dev\/l\/svm-temp\/nyheter\/nu-lever-vi-halsosammast-i-varlden\/","og_site_name":"Svenska Magasinet","article_publisher":"https:\/\/www.facebook.com\/svenskamagasinet","article_published_time":"2020-03-04T23:00:00+00:00","og_image":[{"width":700,"height":421,"url":"https:\/\/lightweb.dev\/l\/svm-temp\/wp-content\/uploads\/2022\/06\/nu-lever-vi-halsosammast-i-varlden.png","type":"image\/png"}],"author":"Redaktionen SvM","twitter_card":"summary_large_image","twitter_creator":"@SvenskaMagasine","twitter_site":"@SvenskaMagasine","schema":{"@context":"https:\/\/schema.org","@graph":[{"@type":"Article","@id":"https:\/\/lightweb.dev\/l\/svm-temp\/nyheter\/nu-lever-vi-halsosammast-i-varlden\/#article","isPartOf":{"@id":"https:\/\/lightweb.dev\/l\/svm-temp\/nyheter\/nu-lever-vi-halsosammast-i-varlden\/"},"author":{"name":"Redaktionen SvM","@id":"https:\/\/lightweb.dev\/l\/svm-temp\/#\/schema\/person\/206a3bda5b607b0c25e1749191e4d837"},"headline":"Nu lever vi h\u00e4lsosammast i v\u00e4rlden","datePublished":"2020-03-04T23:00:00+00:00","mainEntityOfPage":{"@id":"https:\/\/lightweb.dev\/l\/svm-temp\/nyheter\/nu-lever-vi-halsosammast-i-varlden\/"},"wordCount":344,"commentCount":0,"publisher":{"@id":"https:\/\/lightweb.dev\/l\/svm-temp\/#organization"},"image":{"@id":"https:\/\/lightweb.dev\/l\/svm-temp\/nyheter\/nu-lever-vi-halsosammast-i-varlden\/#primaryimage"},"thumbnailUrl":"https:\/\/lightweb.dev\/l\/svm-temp\/wp-content\/uploads\/2022\/06\/nu-lever-vi-halsosammast-i-varlden.png","articleSection":["Arkiv","Nyheter"],"inLanguage":"sv-SE"},{"@type":"WebPage","@id":"https:\/\/lightweb.dev\/l\/svm-temp\/nyheter\/nu-lever-vi-halsosammast-i-varlden\/","url":"https:\/\/lightweb.dev\/l\/svm-temp\/nyheter\/nu-lever-vi-halsosammast-i-varlden\/","name":"Nu lever vi h\u00e4lsosammast i v\u00e4rlden - Svenska Magasinet","isPartOf":{"@id":"https:\/\/lightweb.dev\/l\/svm-temp\/#website"},"primaryImageOfPage":{"@id":"https:\/\/lightweb.dev\/l\/svm-temp\/nyheter\/nu-lever-vi-halsosammast-i-varlden\/#primaryimage"},"image":{"@id":"https:\/\/lightweb.dev\/l\/svm-temp\/nyheter\/nu-lever-vi-halsosammast-i-varlden\/#primaryimage"},"thumbnailUrl":"https:\/\/lightweb.dev\/l\/svm-temp\/wp-content\/uploads\/2022\/06\/nu-lever-vi-halsosammast-i-varlden.png","datePublished":"2020-03-04T23:00:00+00:00","breadcrumb":{"@id":"https:\/\/lightweb.dev\/l\/svm-temp\/nyheter\/nu-lever-vi-halsosammast-i-varlden\/#breadcrumb"},"inLanguage":"sv-SE","potentialAction":[{"@type":"ReadAction","target":["https:\/\/lightweb.dev\/l\/svm-temp\/nyheter\/nu-lever-vi-halsosammast-i-varlden\/"]}]},{"@type":"ImageObject","inLanguage":"sv-SE","@id":"https:\/\/lightweb.dev\/l\/svm-temp\/nyheter\/nu-lever-vi-halsosammast-i-varlden\/#primaryimage","url":"https:\/\/lightweb.dev\/l\/svm-temp\/wp-content\/uploads\/2022\/06\/nu-lever-vi-halsosammast-i-varlden.png","contentUrl":"https:\/\/lightweb.dev\/l\/svm-temp\/wp-content\/uploads\/2022\/06\/nu-lever-vi-halsosammast-i-varlden.png","width":700,"height":421},{"@type":"BreadcrumbList","@id":"https:\/\/lightweb.dev\/l\/svm-temp\/nyheter\/nu-lever-vi-halsosammast-i-varlden\/#breadcrumb","itemListElement":[{"@type":"ListItem","position":1,"name":"Hem","item":"https:\/\/lightweb.dev\/l\/svm-temp\/"},{"@type":"ListItem","position":2,"name":"Nu lever vi h\u00e4lsosammast i v\u00e4rlden"}]},{"@type":"WebSite","@id":"https:\/\/lightweb.dev\/l\/svm-temp\/#website","url":"https:\/\/lightweb.dev\/l\/svm-temp\/","name":"Svenska Magasinet","description":"Dina Spanska nyheter p&aring; Svenska","publisher":{"@id":"https:\/\/lightweb.dev\/l\/svm-temp\/#organization"},"potentialAction":[{"@type":"SearchAction","target":{"@type":"EntryPoint","urlTemplate":"https:\/\/lightweb.dev\/l\/svm-temp\/?s={search_term_string}"},"query-input":{"@type":"PropertyValueSpecification","valueRequired":true,"valueName":"search_term_string"}}],"inLanguage":"sv-SE"},{"@type":"Organization","@id":"https:\/\/lightweb.dev\/l\/svm-temp\/#organization","name":"Melkerson y Nott SL","alternateName":"Svenska Magasinet","url":"https:\/\/lightweb.dev\/l\/svm-temp\/","logo":{"@type":"ImageObject","inLanguage":"sv-SE","@id":"https:\/\/lightweb.dev\/l\/svm-temp\/#\/schema\/logo\/image\/","url":"https:\/\/lightweb.dev\/l\/svm-temp\/wp-content\/uploads\/2025\/02\/SvM-logo-Xtra-Centrerad-SVART.png","contentUrl":"https:\/\/lightweb.dev\/l\/svm-temp\/wp-content\/uploads\/2025\/02\/SvM-logo-Xtra-Centrerad-SVART.png","width":300,"height":99,"caption":"Melkerson y Nott SL"},"image":{"@id":"https:\/\/lightweb.dev\/l\/svm-temp\/#\/schema\/logo\/image\/"},"sameAs":["https:\/\/www.facebook.com\/svenskamagasinet","https:\/\/x.com\/SvenskaMagasine"]},{"@type":"Person","@id":"https:\/\/lightweb.dev\/l\/svm-temp\/#\/schema\/person\/206a3bda5b607b0c25e1749191e4d837","name":"Redaktionen SvM","description":"Redaktionen","sameAs":["https:\/\/lightweb.dev\/l\/svm-temp"],"url":"https:\/\/lightweb.dev\/l\/svm-temp\/reporter\/redaktionen\/"}]}},"_links":{"self":[{"href":"https:\/\/lightweb.dev\/l\/svm-temp\/wp-json\/wp\/v2\/posts\/14665","targetHints":{"allow":["GET"]}}],"collection":[{"href":"https:\/\/lightweb.dev\/l\/svm-temp\/wp-json\/wp\/v2\/posts"}],"about":[{"href":"https:\/\/lightweb.dev\/l\/svm-temp\/wp-json\/wp\/v2\/types\/post"}],"author":[{"embeddable":true,"href":"https:\/\/lightweb.dev\/l\/svm-temp\/wp-json\/wp\/v2\/users\/8"}],"replies":[{"embeddable":true,"href":"https:\/\/lightweb.dev\/l\/svm-temp\/wp-json\/wp\/v2\/comments?post=14665"}],"version-history":[{"count":0,"href":"https:\/\/lightweb.dev\/l\/svm-temp\/wp-json\/wp\/v2\/posts\/14665\/revisions"}],"wp:featuredmedia":[{"embeddable":true,"href":"https:\/\/lightweb.dev\/l\/svm-temp\/wp-json\/wp\/v2\/media\/14666"}],"wp:attachment":[{"href":"https:\/\/lightweb.dev\/l\/svm-temp\/wp-json\/wp\/v2\/media?parent=14665"}],"wp:term":[{"taxonomy":"category","embeddable":true,"href":"https:\/\/lightweb.dev\/l\/svm-temp\/wp-json\/wp\/v2\/categories?post=14665"},{"taxonomy":"post_tag","embeddable":true,"href":"https:\/\/lightweb.dev\/l\/svm-temp\/wp-json\/wp\/v2\/tags?post=14665"}],"curies":[{"name":"wp","href":"https:\/\/api.w.org\/{rel}","templated":true}]}}