{"id":14667,"date":"2020-03-05T00:00:00","date_gmt":"2020-03-04T23:00:00","guid":{"rendered":"https:\/\/lightweb.dev\/l\/svm-temp\/nyheter\/coronasmittade-forvantas-kunna-leva-normalt-inom-kort\/"},"modified":"2020-03-05T00:00:00","modified_gmt":"2020-03-04T23:00:00","slug":"coronasmittade-forvantas-kunna-leva-normalt-inom-kort","status":"publish","type":"post","link":"https:\/\/lightweb.dev\/l\/svm-temp\/nyheter\/coronasmittade-forvantas-kunna-leva-normalt-inom-kort\/","title":{"rendered":"Coronasmittade f\u00f6rv\u00e4ntas kunna leva normalt inom kort"},"content":{"rendered":"<p> Tillst\u00e5ndet f\u00f6r de sju personer som infekterats med coronavirus p\u00e5 Costa del Sol \u00e4r stabilt. Tillst\u00e5ndet f\u00f6r dessa har inte blivit s\u00e4mre och de f\u00f6rv\u00e4ntas kunna leva ett normalt liv ganska snart. Det s\u00e4ger Carlos Bautista vid Andalusiens h\u00e4lsov\u00e5rdsmyndighet (bilden) i samband med en presskonferens.<\/p>\n<p>Det r\u00f6r sig om totalt sju personer fr\u00e5n Marbella, Fuengirola och M\u00e1laga som \u00e4r isolerade i sina hem och bes\u00f6ks tre g\u00e5nger om dagen av personal fr\u00e5n sjukhuset Hospital Costa del Sol. De har lite hosta och feber.<\/p>\n<p>\u201dVi vet att sjukdomen \u00e4r sj\u00e4lvl\u00e4kande och att det kommer att l\u00f6sa sig\u201d s\u00e4ger Bautista som till\u00e4gger att med upprepade tester som visar negativa resultat beh\u00f6ver de inte vara isolerade i sina hem. En tidigare coronasjuk i Sevilla har tillfrisknat.<\/p>\n<p>P\u00e5 torsdagen bekr\u00e4ftades att en 17-\u00e5rig flicka vid skolan Santa Rosa de Lima i M\u00e1laga har testats positivt f\u00f6r coronaviruset Covid-19. Enligt Diario SUR \u00e4r flickan isolerad i hemmet med milda symptom. Hon \u00e5terv\u00e4nde i f\u00f6rra veckan fr\u00e5n en studieresa i Italien d\u00e4r hon troligtvis har blivit smittad.<\/p>\n<p>Totalt 78 elever och tre l\u00e4rare var med i Italien p\u00e5 resan.<\/p>\n<p>D\u00e4remot \u00e4r tillst\u00e5ndet fortsatt allvarligt men stabilt f\u00f6r den 73-\u00e5rige pensionerade l\u00e4karen som sedan i s\u00f6ndags v\u00e5rdas p\u00e5 sjukhuset Hospital Virgen de la Victoria (Cl\u00ednico). Patienten lider av lunginflammation orsakad av coronavirus och \u00e4r p\u00e5 intensivv\u00e5rdsavdelningen.<\/p>\n<p>Av totalt 14 i Andalusien som b\u00e4r p\u00e5 coronaviruset Covid-19 \u00e4r han den ende som v\u00e5rdas p\u00e5 sjukhus.<\/p>\n<p>Carlos Bautista vill lugna allm\u00e4nheten att sjukv\u00e5rdsmyndigheterna har l\u00e4get under kontroll. 81 procent av fallen har l\u00e4ttare symptom. Det \u00e4r viktigt att myndigheter, media och inv\u00e5narna inte bidrar till on\u00f6dig oro och fruktan.<\/p>\n<p>Fram till torsdag morgon hade tre personer avlidit i Spanien av coronaviruset. Det senaste fallet \u00e4r en 99-\u00e5rig kvinna i Madrid.<\/p>\n<p>Spanien har hittills haft 234 fall f\u00f6rdelade p\u00e5 f\u00f6ljande regioner: Madrid (76), Katalonien (28), Valencia (22), Baskien (21), Andalusien (14), Castilla-La Mancha (12), Castilla y Le\u00f3n (12), Kantabrien (10), Kanarie\u00f6arna (7), Extremadura (6), Balearerna (6), La Rioja (7) Asturien (5), Navarra (3), Galicien (1) och Aragonien (1). Tv\u00e5 av dessa p\u00e5 Kanarie\u00f6arna och Balearerna har redan tillfrisknat och skrivits ut medan tv\u00e5 tidigare har avlidit i Valencia och Baskien.<br \/>\n Svenska Magasinet rapporterar fortl\u00f6pande p\u00e5 Twitter om det aktuella l\u00e4get i Spanien n\u00e4r det g\u00e4ller coronaviruset.<\/p>\n","protected":false},"excerpt":{"rendered":"<p>Tillst\u00e5ndet f\u00f6r de sju personer som infekterats med coronavirus p\u00e5 Costa del Sol \u00e4r stabilt. Tillst\u00e5ndet f\u00f6r dessa har inte blivit s\u00e4mre och de f\u00f6rv\u00e4ntas kunna leva ett normalt liv ganska snart. Det s\u00e4ger Carlos Bautista vid Andalusiens h\u00e4lsov\u00e5rdsmyndighet (bilden) i samband med en presskonferens. Det r\u00f6r sig om totalt sju personer fr\u00e5n Marbella, Fuengirola [&hellip;]<\/p>\n","protected":false},"author":8,"featured_media":14668,"comment_status":"open","ping_status":"open","sticky":false,"template":"","format":"standard","meta":{"_et_pb_use_builder":"","_et_pb_old_content":"","_et_gb_content_width":"","footnotes":""},"categories":[395,3],"tags":[],"class_list":["post-14667","post","type-post","status-publish","format-standard","has-post-thumbnail","hentry","category-arkiv-nyheter","category-nyheter"],"yoast_head":"<!-- This site is optimized with the Yoast SEO Premium plugin v26.2 (Yoast SEO v27.5) - https:\/\/yoast.com\/product\/yoast-seo-premium-wordpress\/ -->\n<title>Coronasmittade f\u00f6rv\u00e4ntas kunna leva normalt inom kort - Svenska Magasinet<\/title>\n<meta name=\"robots\" content=\"noindex, follow, max-snippet:-1, max-image-preview:large, max-video-preview:-1\" \/>\n<meta property=\"og:locale\" content=\"sv_SE\" \/>\n<meta property=\"og:type\" content=\"article\" \/>\n<meta property=\"og:title\" content=\"Coronasmittade f\u00f6rv\u00e4ntas kunna leva normalt inom kort\" \/>\n<meta property=\"og:description\" content=\"Tillst\u00e5ndet f\u00f6r de sju personer som infekterats med coronavirus p\u00e5 Costa del Sol \u00e4r stabilt. Tillst\u00e5ndet f\u00f6r dessa har inte blivit s\u00e4mre och de f\u00f6rv\u00e4ntas kunna leva ett normalt liv ganska snart. Det s\u00e4ger Carlos Bautista vid Andalusiens h\u00e4lsov\u00e5rdsmyndighet (bilden) i samband med en presskonferens. Det r\u00f6r sig om totalt sju personer fr\u00e5n Marbella, Fuengirola [&hellip;]\" \/>\n<meta property=\"og:url\" content=\"https:\/\/lightweb.dev\/l\/svm-temp\/nyheter\/coronasmittade-forvantas-kunna-leva-normalt-inom-kort\/\" \/>\n<meta property=\"og:site_name\" content=\"Svenska Magasinet\" \/>\n<meta property=\"article:publisher\" content=\"https:\/\/www.facebook.com\/svenskamagasinet\" \/>\n<meta property=\"article:published_time\" content=\"2020-03-04T23:00:00+00:00\" \/>\n<meta property=\"og:image\" content=\"https:\/\/lightweb.dev\/l\/svm-temp\/wp-content\/uploads\/2022\/06\/coronasmittade-forvantas-kunna-leva-normalt-inom-kort.png\" \/>\n\t<meta property=\"og:image:width\" content=\"700\" \/>\n\t<meta property=\"og:image:height\" content=\"420\" \/>\n\t<meta property=\"og:image:type\" content=\"image\/png\" \/>\n<meta name=\"author\" content=\"Redaktionen SvM\" \/>\n<meta name=\"twitter:card\" content=\"summary_large_image\" \/>\n<meta name=\"twitter:creator\" content=\"@SvenskaMagasine\" \/>\n<meta name=\"twitter:site\" content=\"@SvenskaMagasine\" \/>\n<script type=\"application\/ld+json\" class=\"yoast-schema-graph\">{\"@context\":\"https:\\\/\\\/schema.org\",\"@graph\":[{\"@type\":\"Article\",\"@id\":\"https:\\\/\\\/lightweb.dev\\\/l\\\/svm-temp\\\/nyheter\\\/coronasmittade-forvantas-kunna-leva-normalt-inom-kort\\\/#article\",\"isPartOf\":{\"@id\":\"https:\\\/\\\/lightweb.dev\\\/l\\\/svm-temp\\\/nyheter\\\/coronasmittade-forvantas-kunna-leva-normalt-inom-kort\\\/\"},\"author\":{\"name\":\"Redaktionen SvM\",\"@id\":\"https:\\\/\\\/lightweb.dev\\\/l\\\/svm-temp\\\/#\\\/schema\\\/person\\\/206a3bda5b607b0c25e1749191e4d837\"},\"headline\":\"Coronasmittade f\u00f6rv\u00e4ntas kunna leva normalt inom kort\",\"datePublished\":\"2020-03-04T23:00:00+00:00\",\"mainEntityOfPage\":{\"@id\":\"https:\\\/\\\/lightweb.dev\\\/l\\\/svm-temp\\\/nyheter\\\/coronasmittade-forvantas-kunna-leva-normalt-inom-kort\\\/\"},\"wordCount\":423,\"commentCount\":0,\"publisher\":{\"@id\":\"https:\\\/\\\/lightweb.dev\\\/l\\\/svm-temp\\\/#organization\"},\"image\":{\"@id\":\"https:\\\/\\\/lightweb.dev\\\/l\\\/svm-temp\\\/nyheter\\\/coronasmittade-forvantas-kunna-leva-normalt-inom-kort\\\/#primaryimage\"},\"thumbnailUrl\":\"https:\\\/\\\/lightweb.dev\\\/l\\\/svm-temp\\\/wp-content\\\/uploads\\\/2022\\\/06\\\/coronasmittade-forvantas-kunna-leva-normalt-inom-kort.png\",\"articleSection\":[\"Arkiv\",\"Nyheter\"],\"inLanguage\":\"sv-SE\"},{\"@type\":\"WebPage\",\"@id\":\"https:\\\/\\\/lightweb.dev\\\/l\\\/svm-temp\\\/nyheter\\\/coronasmittade-forvantas-kunna-leva-normalt-inom-kort\\\/\",\"url\":\"https:\\\/\\\/lightweb.dev\\\/l\\\/svm-temp\\\/nyheter\\\/coronasmittade-forvantas-kunna-leva-normalt-inom-kort\\\/\",\"name\":\"Coronasmittade f\u00f6rv\u00e4ntas kunna leva normalt inom kort - Svenska Magasinet\",\"isPartOf\":{\"@id\":\"https:\\\/\\\/lightweb.dev\\\/l\\\/svm-temp\\\/#website\"},\"primaryImageOfPage\":{\"@id\":\"https:\\\/\\\/lightweb.dev\\\/l\\\/svm-temp\\\/nyheter\\\/coronasmittade-forvantas-kunna-leva-normalt-inom-kort\\\/#primaryimage\"},\"image\":{\"@id\":\"https:\\\/\\\/lightweb.dev\\\/l\\\/svm-temp\\\/nyheter\\\/coronasmittade-forvantas-kunna-leva-normalt-inom-kort\\\/#primaryimage\"},\"thumbnailUrl\":\"https:\\\/\\\/lightweb.dev\\\/l\\\/svm-temp\\\/wp-content\\\/uploads\\\/2022\\\/06\\\/coronasmittade-forvantas-kunna-leva-normalt-inom-kort.png\",\"datePublished\":\"2020-03-04T23:00:00+00:00\",\"breadcrumb\":{\"@id\":\"https:\\\/\\\/lightweb.dev\\\/l\\\/svm-temp\\\/nyheter\\\/coronasmittade-forvantas-kunna-leva-normalt-inom-kort\\\/#breadcrumb\"},\"inLanguage\":\"sv-SE\",\"potentialAction\":[{\"@type\":\"ReadAction\",\"target\":[\"https:\\\/\\\/lightweb.dev\\\/l\\\/svm-temp\\\/nyheter\\\/coronasmittade-forvantas-kunna-leva-normalt-inom-kort\\\/\"]}]},{\"@type\":\"ImageObject\",\"inLanguage\":\"sv-SE\",\"@id\":\"https:\\\/\\\/lightweb.dev\\\/l\\\/svm-temp\\\/nyheter\\\/coronasmittade-forvantas-kunna-leva-normalt-inom-kort\\\/#primaryimage\",\"url\":\"https:\\\/\\\/lightweb.dev\\\/l\\\/svm-temp\\\/wp-content\\\/uploads\\\/2022\\\/06\\\/coronasmittade-forvantas-kunna-leva-normalt-inom-kort.png\",\"contentUrl\":\"https:\\\/\\\/lightweb.dev\\\/l\\\/svm-temp\\\/wp-content\\\/uploads\\\/2022\\\/06\\\/coronasmittade-forvantas-kunna-leva-normalt-inom-kort.png\",\"width\":700,\"height\":420},{\"@type\":\"BreadcrumbList\",\"@id\":\"https:\\\/\\\/lightweb.dev\\\/l\\\/svm-temp\\\/nyheter\\\/coronasmittade-forvantas-kunna-leva-normalt-inom-kort\\\/#breadcrumb\",\"itemListElement\":[{\"@type\":\"ListItem\",\"position\":1,\"name\":\"Hem\",\"item\":\"https:\\\/\\\/lightweb.dev\\\/l\\\/svm-temp\\\/\"},{\"@type\":\"ListItem\",\"position\":2,\"name\":\"Coronasmittade f\u00f6rv\u00e4ntas kunna leva normalt inom kort\"}]},{\"@type\":\"WebSite\",\"@id\":\"https:\\\/\\\/lightweb.dev\\\/l\\\/svm-temp\\\/#website\",\"url\":\"https:\\\/\\\/lightweb.dev\\\/l\\\/svm-temp\\\/\",\"name\":\"Svenska Magasinet\",\"description\":\"Dina Spanska nyheter p&aring; Svenska\",\"publisher\":{\"@id\":\"https:\\\/\\\/lightweb.dev\\\/l\\\/svm-temp\\\/#organization\"},\"potentialAction\":[{\"@type\":\"SearchAction\",\"target\":{\"@type\":\"EntryPoint\",\"urlTemplate\":\"https:\\\/\\\/lightweb.dev\\\/l\\\/svm-temp\\\/?s={search_term_string}\"},\"query-input\":{\"@type\":\"PropertyValueSpecification\",\"valueRequired\":true,\"valueName\":\"search_term_string\"}}],\"inLanguage\":\"sv-SE\"},{\"@type\":\"Organization\",\"@id\":\"https:\\\/\\\/lightweb.dev\\\/l\\\/svm-temp\\\/#organization\",\"name\":\"Melkerson y Nott SL\",\"alternateName\":\"Svenska Magasinet\",\"url\":\"https:\\\/\\\/lightweb.dev\\\/l\\\/svm-temp\\\/\",\"logo\":{\"@type\":\"ImageObject\",\"inLanguage\":\"sv-SE\",\"@id\":\"https:\\\/\\\/lightweb.dev\\\/l\\\/svm-temp\\\/#\\\/schema\\\/logo\\\/image\\\/\",\"url\":\"https:\\\/\\\/lightweb.dev\\\/l\\\/svm-temp\\\/wp-content\\\/uploads\\\/2025\\\/02\\\/SvM-logo-Xtra-Centrerad-SVART.png\",\"contentUrl\":\"https:\\\/\\\/lightweb.dev\\\/l\\\/svm-temp\\\/wp-content\\\/uploads\\\/2025\\\/02\\\/SvM-logo-Xtra-Centrerad-SVART.png\",\"width\":300,\"height\":99,\"caption\":\"Melkerson y Nott SL\"},\"image\":{\"@id\":\"https:\\\/\\\/lightweb.dev\\\/l\\\/svm-temp\\\/#\\\/schema\\\/logo\\\/image\\\/\"},\"sameAs\":[\"https:\\\/\\\/www.facebook.com\\\/svenskamagasinet\",\"https:\\\/\\\/x.com\\\/SvenskaMagasine\"]},{\"@type\":\"Person\",\"@id\":\"https:\\\/\\\/lightweb.dev\\\/l\\\/svm-temp\\\/#\\\/schema\\\/person\\\/206a3bda5b607b0c25e1749191e4d837\",\"name\":\"Redaktionen SvM\",\"description\":\"Redaktionen\",\"sameAs\":[\"https:\\\/\\\/lightweb.dev\\\/l\\\/svm-temp\"],\"url\":\"https:\\\/\\\/lightweb.dev\\\/l\\\/svm-temp\\\/reporter\\\/redaktionen\\\/\"}]}<\/script>\n<!-- \/ Yoast SEO Premium plugin. -->","yoast_head_json":{"title":"Coronasmittade f\u00f6rv\u00e4ntas kunna leva normalt inom kort - Svenska Magasinet","robots":{"index":"noindex","follow":"follow","max-snippet":"max-snippet:-1","max-image-preview":"max-image-preview:large","max-video-preview":"max-video-preview:-1"},"og_locale":"sv_SE","og_type":"article","og_title":"Coronasmittade f\u00f6rv\u00e4ntas kunna leva normalt inom kort","og_description":"Tillst\u00e5ndet f\u00f6r de sju personer som infekterats med coronavirus p\u00e5 Costa del Sol \u00e4r stabilt. Tillst\u00e5ndet f\u00f6r dessa har inte blivit s\u00e4mre och de f\u00f6rv\u00e4ntas kunna leva ett normalt liv ganska snart. Det s\u00e4ger Carlos Bautista vid Andalusiens h\u00e4lsov\u00e5rdsmyndighet (bilden) i samband med en presskonferens. Det r\u00f6r sig om totalt sju personer fr\u00e5n Marbella, Fuengirola [&hellip;]","og_url":"https:\/\/lightweb.dev\/l\/svm-temp\/nyheter\/coronasmittade-forvantas-kunna-leva-normalt-inom-kort\/","og_site_name":"Svenska Magasinet","article_publisher":"https:\/\/www.facebook.com\/svenskamagasinet","article_published_time":"2020-03-04T23:00:00+00:00","og_image":[{"width":700,"height":420,"url":"https:\/\/lightweb.dev\/l\/svm-temp\/wp-content\/uploads\/2022\/06\/coronasmittade-forvantas-kunna-leva-normalt-inom-kort.png","type":"image\/png"}],"author":"Redaktionen SvM","twitter_card":"summary_large_image","twitter_creator":"@SvenskaMagasine","twitter_site":"@SvenskaMagasine","schema":{"@context":"https:\/\/schema.org","@graph":[{"@type":"Article","@id":"https:\/\/lightweb.dev\/l\/svm-temp\/nyheter\/coronasmittade-forvantas-kunna-leva-normalt-inom-kort\/#article","isPartOf":{"@id":"https:\/\/lightweb.dev\/l\/svm-temp\/nyheter\/coronasmittade-forvantas-kunna-leva-normalt-inom-kort\/"},"author":{"name":"Redaktionen SvM","@id":"https:\/\/lightweb.dev\/l\/svm-temp\/#\/schema\/person\/206a3bda5b607b0c25e1749191e4d837"},"headline":"Coronasmittade f\u00f6rv\u00e4ntas kunna leva normalt inom kort","datePublished":"2020-03-04T23:00:00+00:00","mainEntityOfPage":{"@id":"https:\/\/lightweb.dev\/l\/svm-temp\/nyheter\/coronasmittade-forvantas-kunna-leva-normalt-inom-kort\/"},"wordCount":423,"commentCount":0,"publisher":{"@id":"https:\/\/lightweb.dev\/l\/svm-temp\/#organization"},"image":{"@id":"https:\/\/lightweb.dev\/l\/svm-temp\/nyheter\/coronasmittade-forvantas-kunna-leva-normalt-inom-kort\/#primaryimage"},"thumbnailUrl":"https:\/\/lightweb.dev\/l\/svm-temp\/wp-content\/uploads\/2022\/06\/coronasmittade-forvantas-kunna-leva-normalt-inom-kort.png","articleSection":["Arkiv","Nyheter"],"inLanguage":"sv-SE"},{"@type":"WebPage","@id":"https:\/\/lightweb.dev\/l\/svm-temp\/nyheter\/coronasmittade-forvantas-kunna-leva-normalt-inom-kort\/","url":"https:\/\/lightweb.dev\/l\/svm-temp\/nyheter\/coronasmittade-forvantas-kunna-leva-normalt-inom-kort\/","name":"Coronasmittade f\u00f6rv\u00e4ntas kunna leva normalt inom kort - Svenska Magasinet","isPartOf":{"@id":"https:\/\/lightweb.dev\/l\/svm-temp\/#website"},"primaryImageOfPage":{"@id":"https:\/\/lightweb.dev\/l\/svm-temp\/nyheter\/coronasmittade-forvantas-kunna-leva-normalt-inom-kort\/#primaryimage"},"image":{"@id":"https:\/\/lightweb.dev\/l\/svm-temp\/nyheter\/coronasmittade-forvantas-kunna-leva-normalt-inom-kort\/#primaryimage"},"thumbnailUrl":"https:\/\/lightweb.dev\/l\/svm-temp\/wp-content\/uploads\/2022\/06\/coronasmittade-forvantas-kunna-leva-normalt-inom-kort.png","datePublished":"2020-03-04T23:00:00+00:00","breadcrumb":{"@id":"https:\/\/lightweb.dev\/l\/svm-temp\/nyheter\/coronasmittade-forvantas-kunna-leva-normalt-inom-kort\/#breadcrumb"},"inLanguage":"sv-SE","potentialAction":[{"@type":"ReadAction","target":["https:\/\/lightweb.dev\/l\/svm-temp\/nyheter\/coronasmittade-forvantas-kunna-leva-normalt-inom-kort\/"]}]},{"@type":"ImageObject","inLanguage":"sv-SE","@id":"https:\/\/lightweb.dev\/l\/svm-temp\/nyheter\/coronasmittade-forvantas-kunna-leva-normalt-inom-kort\/#primaryimage","url":"https:\/\/lightweb.dev\/l\/svm-temp\/wp-content\/uploads\/2022\/06\/coronasmittade-forvantas-kunna-leva-normalt-inom-kort.png","contentUrl":"https:\/\/lightweb.dev\/l\/svm-temp\/wp-content\/uploads\/2022\/06\/coronasmittade-forvantas-kunna-leva-normalt-inom-kort.png","width":700,"height":420},{"@type":"BreadcrumbList","@id":"https:\/\/lightweb.dev\/l\/svm-temp\/nyheter\/coronasmittade-forvantas-kunna-leva-normalt-inom-kort\/#breadcrumb","itemListElement":[{"@type":"ListItem","position":1,"name":"Hem","item":"https:\/\/lightweb.dev\/l\/svm-temp\/"},{"@type":"ListItem","position":2,"name":"Coronasmittade f\u00f6rv\u00e4ntas kunna leva normalt inom kort"}]},{"@type":"WebSite","@id":"https:\/\/lightweb.dev\/l\/svm-temp\/#website","url":"https:\/\/lightweb.dev\/l\/svm-temp\/","name":"Svenska Magasinet","description":"Dina Spanska nyheter p&aring; Svenska","publisher":{"@id":"https:\/\/lightweb.dev\/l\/svm-temp\/#organization"},"potentialAction":[{"@type":"SearchAction","target":{"@type":"EntryPoint","urlTemplate":"https:\/\/lightweb.dev\/l\/svm-temp\/?s={search_term_string}"},"query-input":{"@type":"PropertyValueSpecification","valueRequired":true,"valueName":"search_term_string"}}],"inLanguage":"sv-SE"},{"@type":"Organization","@id":"https:\/\/lightweb.dev\/l\/svm-temp\/#organization","name":"Melkerson y Nott SL","alternateName":"Svenska Magasinet","url":"https:\/\/lightweb.dev\/l\/svm-temp\/","logo":{"@type":"ImageObject","inLanguage":"sv-SE","@id":"https:\/\/lightweb.dev\/l\/svm-temp\/#\/schema\/logo\/image\/","url":"https:\/\/lightweb.dev\/l\/svm-temp\/wp-content\/uploads\/2025\/02\/SvM-logo-Xtra-Centrerad-SVART.png","contentUrl":"https:\/\/lightweb.dev\/l\/svm-temp\/wp-content\/uploads\/2025\/02\/SvM-logo-Xtra-Centrerad-SVART.png","width":300,"height":99,"caption":"Melkerson y Nott SL"},"image":{"@id":"https:\/\/lightweb.dev\/l\/svm-temp\/#\/schema\/logo\/image\/"},"sameAs":["https:\/\/www.facebook.com\/svenskamagasinet","https:\/\/x.com\/SvenskaMagasine"]},{"@type":"Person","@id":"https:\/\/lightweb.dev\/l\/svm-temp\/#\/schema\/person\/206a3bda5b607b0c25e1749191e4d837","name":"Redaktionen SvM","description":"Redaktionen","sameAs":["https:\/\/lightweb.dev\/l\/svm-temp"],"url":"https:\/\/lightweb.dev\/l\/svm-temp\/reporter\/redaktionen\/"}]}},"_links":{"self":[{"href":"https:\/\/lightweb.dev\/l\/svm-temp\/wp-json\/wp\/v2\/posts\/14667","targetHints":{"allow":["GET"]}}],"collection":[{"href":"https:\/\/lightweb.dev\/l\/svm-temp\/wp-json\/wp\/v2\/posts"}],"about":[{"href":"https:\/\/lightweb.dev\/l\/svm-temp\/wp-json\/wp\/v2\/types\/post"}],"author":[{"embeddable":true,"href":"https:\/\/lightweb.dev\/l\/svm-temp\/wp-json\/wp\/v2\/users\/8"}],"replies":[{"embeddable":true,"href":"https:\/\/lightweb.dev\/l\/svm-temp\/wp-json\/wp\/v2\/comments?post=14667"}],"version-history":[{"count":0,"href":"https:\/\/lightweb.dev\/l\/svm-temp\/wp-json\/wp\/v2\/posts\/14667\/revisions"}],"wp:featuredmedia":[{"embeddable":true,"href":"https:\/\/lightweb.dev\/l\/svm-temp\/wp-json\/wp\/v2\/media\/14668"}],"wp:attachment":[{"href":"https:\/\/lightweb.dev\/l\/svm-temp\/wp-json\/wp\/v2\/media?parent=14667"}],"wp:term":[{"taxonomy":"category","embeddable":true,"href":"https:\/\/lightweb.dev\/l\/svm-temp\/wp-json\/wp\/v2\/categories?post=14667"},{"taxonomy":"post_tag","embeddable":true,"href":"https:\/\/lightweb.dev\/l\/svm-temp\/wp-json\/wp\/v2\/tags?post=14667"}],"curies":[{"name":"wp","href":"https:\/\/api.w.org\/{rel}","templated":true}]}}