{"id":14669,"date":"2020-03-05T00:00:00","date_gmt":"2020-03-04T23:00:00","guid":{"rendered":"https:\/\/lightweb.dev\/l\/svm-temp\/nyheter\/spanien-skarper-lagstiftningen-angaende-sexuellt-vald\/"},"modified":"2020-03-05T00:00:00","modified_gmt":"2020-03-04T23:00:00","slug":"spanien-skarper-lagstiftningen-angaende-sexuellt-vald","status":"publish","type":"post","link":"https:\/\/lightweb.dev\/l\/svm-temp\/nyheter\/spanien-skarper-lagstiftningen-angaende-sexuellt-vald\/","title":{"rendered":"Spanien sk\u00e4rper lagstiftningen ang\u00e5ende sexuellt v\u00e5ld"},"content":{"rendered":"<p> Allt sex som inte har samtycke fr\u00e5n alla inblandade parter kommer att betraktas som v\u00e5ldt\u00e4kt, med m\u00f6jlighet f\u00f6r domare att utd\u00f6ma betydligt h\u00e5rdare straff \u00e4n vad som \u00e4r fallet idag.<\/p>\n<p>Enligt Spaniens nuvarande lagstiftning m\u00e5ste g\u00e4rningsmannen ha anv\u00e4nt hot eller v\u00e5ld mot offret f\u00f6r att brottet skall klassificeras som v\u00e5ldt\u00e4kt. Enligt den nya lagen om sexuell frihet s\u00e5 \u00e4ndras detta och den nuvarande straffskalan som ligger p\u00e5 fyra till tio \u00e5rs f\u00e4ngelse h\u00f6js till femton \u00e5r om det finns f\u00f6rsv\u00e5rande omst\u00e4ndigheter.<\/p>\n<p>Domare kommer att kunna utf\u00e4rda h\u00e5rdare straff om v\u00e5ld eller droger har anv\u00e4nts f\u00f6r att g\u00f6ra offret of\u00f6rm\u00f6gen att f\u00f6rvara sig, eller om offret \u00e4r en f\u00f6re detta partner. Det kommer ocks\u00e5 att inr\u00e4ttas s\u00e4rskilda domstolar som skall behandla \u00e4renden om sexuellt v\u00e5ld, enligt samma koncept som redan finns ang\u00e5ende v\u00e5ld i hemmet.<\/p>\n<p>Efter lagf\u00f6rslagets kabinettgodk\u00e4nnande i f\u00f6rrg\u00e5r skall det f\u00f6rst granskas av tv\u00e5 statliga kommissioner f\u00f6r att slutligen r\u00f6stas igenom i parlamentet, lagen f\u00f6rv\u00e4ntas kunna tr\u00e4da ikraft tidigast om sex m\u00e5nader.<\/p>\n<p>Att lagf\u00f6rslaget \u00f6verhuvudtaget kom till har sin upprinnelse i en beryktad p\u00e5st\u00e5dd gruppv\u00e5ldt\u00e4kt vid den k\u00e4nda tjurrusningsfestivalen i Pamplona 2016. Det har d\u00e4refter varit ett antal uppm\u00e4rksammade fall bland andra en d\u00e4r en 14-\u00e5rig flicka blev offer och d\u00e4r m\u00e4nnen d\u00f6mdes till f\u00e4ngelse p\u00e5 mellan 10 och 12 \u00e5r f\u00f6r det mindre allvarliga brottet sexuellt \u00f6vergrepp, eftersom det inte kunde bevisas att m\u00e4nnen anv\u00e4nt v\u00e5ld. Efter den senare h\u00e4ndelsen gjorde den spanska dagstidningen La Vanguardia en unders\u00f6kning bland l\u00e4sarna varvid framkom att 97 procent av de tillfr\u00e5gade ville ha tuffare lagar mot sexuella brott.<\/p>\n<p>Maria Alvarez, fr\u00e5n kommissionen f\u00f6r Internationella kvinnodagen i Spanien, sa att lag\u00e4ndringen var ett f\u00f6rsta steg mot kampen mot sexuellt v\u00e5ld. &#8221;Detta \u00e4r en viktig \u00e5tg\u00e4rd f\u00f6r att \u00e4ndra strafflagstiftningen, men mer m\u00e5ste g\u00f6ras i utbildningen f\u00f6r att l\u00e4ra pojkar och flickor att respektera varandra. Domstolar har ocks\u00e5 avkunnat n\u00e5gra skamliga domar som har \u00e5terspeglat om kvinnor dricker eller vad de hade p\u00e5 sig. Detta m\u00e5ste sluta.&#8221; sa hon vid en presskonferens. <\/p>\n<p>Enligt Amnesty International blir Spanien i och med denna lagstiftningen det tionde landet i Europa som definierar sex utan samtycke som v\u00e5ldt\u00e4kt. Amnesty International kommer att analysera lagf\u00f6rslagets \u00f6verensst\u00e4mmelse med internationell lagstiftning om m\u00e4nskliga r\u00e4ttigheter i detalj n\u00e4r den fullst\u00e4ndiga texten har offentliggjorts. Illustrationsbild fr\u00e5n Amnesty International, Danmark.<br \/>\nArtikel: Jonny Erixon.<\/p>\n","protected":false},"excerpt":{"rendered":"<p>Allt sex som inte har samtycke fr\u00e5n alla inblandade parter kommer att betraktas som v\u00e5ldt\u00e4kt, med m\u00f6jlighet f\u00f6r domare att utd\u00f6ma betydligt h\u00e5rdare straff \u00e4n vad som \u00e4r fallet idag. Enligt Spaniens nuvarande lagstiftning m\u00e5ste g\u00e4rningsmannen ha anv\u00e4nt hot eller v\u00e5ld mot offret f\u00f6r att brottet skall klassificeras som v\u00e5ldt\u00e4kt. Enligt den nya lagen om [&hellip;]<\/p>\n","protected":false},"author":8,"featured_media":14670,"comment_status":"open","ping_status":"open","sticky":false,"template":"","format":"standard","meta":{"_et_pb_use_builder":"","_et_pb_old_content":"","_et_gb_content_width":"","footnotes":""},"categories":[395,3],"tags":[],"class_list":["post-14669","post","type-post","status-publish","format-standard","has-post-thumbnail","hentry","category-arkiv-nyheter","category-nyheter"],"yoast_head":"<!-- This site is optimized with the Yoast SEO Premium plugin v26.2 (Yoast SEO v27.5) - https:\/\/yoast.com\/product\/yoast-seo-premium-wordpress\/ -->\n<title>Spanien sk\u00e4rper lagstiftningen ang\u00e5ende sexuellt v\u00e5ld - Svenska Magasinet<\/title>\n<meta name=\"robots\" content=\"noindex, follow, max-snippet:-1, max-image-preview:large, max-video-preview:-1\" \/>\n<meta property=\"og:locale\" content=\"sv_SE\" \/>\n<meta property=\"og:type\" content=\"article\" \/>\n<meta property=\"og:title\" content=\"Spanien sk\u00e4rper lagstiftningen ang\u00e5ende sexuellt v\u00e5ld\" \/>\n<meta property=\"og:description\" content=\"Allt sex som inte har samtycke fr\u00e5n alla inblandade parter kommer att betraktas som v\u00e5ldt\u00e4kt, med m\u00f6jlighet f\u00f6r domare att utd\u00f6ma betydligt h\u00e5rdare straff \u00e4n vad som \u00e4r fallet idag. Enligt Spaniens nuvarande lagstiftning m\u00e5ste g\u00e4rningsmannen ha anv\u00e4nt hot eller v\u00e5ld mot offret f\u00f6r att brottet skall klassificeras som v\u00e5ldt\u00e4kt. Enligt den nya lagen om [&hellip;]\" \/>\n<meta property=\"og:url\" content=\"https:\/\/lightweb.dev\/l\/svm-temp\/nyheter\/spanien-skarper-lagstiftningen-angaende-sexuellt-vald\/\" \/>\n<meta property=\"og:site_name\" content=\"Svenska Magasinet\" \/>\n<meta property=\"article:publisher\" content=\"https:\/\/www.facebook.com\/svenskamagasinet\" \/>\n<meta property=\"article:published_time\" content=\"2020-03-04T23:00:00+00:00\" \/>\n<meta property=\"og:image\" content=\"https:\/\/lightweb.dev\/l\/svm-temp\/wp-content\/uploads\/2022\/06\/spanien-skarper-lagstiftningen-angaende-sexuellt-vald.png\" \/>\n\t<meta property=\"og:image:width\" content=\"700\" \/>\n\t<meta property=\"og:image:height\" content=\"421\" \/>\n\t<meta property=\"og:image:type\" content=\"image\/png\" \/>\n<meta name=\"author\" content=\"Redaktionen SvM\" \/>\n<meta name=\"twitter:card\" content=\"summary_large_image\" \/>\n<meta name=\"twitter:creator\" content=\"@SvenskaMagasine\" \/>\n<meta name=\"twitter:site\" content=\"@SvenskaMagasine\" \/>\n<script type=\"application\/ld+json\" class=\"yoast-schema-graph\">{\"@context\":\"https:\\\/\\\/schema.org\",\"@graph\":[{\"@type\":\"Article\",\"@id\":\"https:\\\/\\\/lightweb.dev\\\/l\\\/svm-temp\\\/nyheter\\\/spanien-skarper-lagstiftningen-angaende-sexuellt-vald\\\/#article\",\"isPartOf\":{\"@id\":\"https:\\\/\\\/lightweb.dev\\\/l\\\/svm-temp\\\/nyheter\\\/spanien-skarper-lagstiftningen-angaende-sexuellt-vald\\\/\"},\"author\":{\"name\":\"Redaktionen SvM\",\"@id\":\"https:\\\/\\\/lightweb.dev\\\/l\\\/svm-temp\\\/#\\\/schema\\\/person\\\/206a3bda5b607b0c25e1749191e4d837\"},\"headline\":\"Spanien sk\u00e4rper lagstiftningen ang\u00e5ende sexuellt v\u00e5ld\",\"datePublished\":\"2020-03-04T23:00:00+00:00\",\"mainEntityOfPage\":{\"@id\":\"https:\\\/\\\/lightweb.dev\\\/l\\\/svm-temp\\\/nyheter\\\/spanien-skarper-lagstiftningen-angaende-sexuellt-vald\\\/\"},\"wordCount\":474,\"commentCount\":0,\"publisher\":{\"@id\":\"https:\\\/\\\/lightweb.dev\\\/l\\\/svm-temp\\\/#organization\"},\"image\":{\"@id\":\"https:\\\/\\\/lightweb.dev\\\/l\\\/svm-temp\\\/nyheter\\\/spanien-skarper-lagstiftningen-angaende-sexuellt-vald\\\/#primaryimage\"},\"thumbnailUrl\":\"https:\\\/\\\/lightweb.dev\\\/l\\\/svm-temp\\\/wp-content\\\/uploads\\\/2022\\\/06\\\/spanien-skarper-lagstiftningen-angaende-sexuellt-vald.png\",\"articleSection\":[\"Arkiv\",\"Nyheter\"],\"inLanguage\":\"sv-SE\"},{\"@type\":\"WebPage\",\"@id\":\"https:\\\/\\\/lightweb.dev\\\/l\\\/svm-temp\\\/nyheter\\\/spanien-skarper-lagstiftningen-angaende-sexuellt-vald\\\/\",\"url\":\"https:\\\/\\\/lightweb.dev\\\/l\\\/svm-temp\\\/nyheter\\\/spanien-skarper-lagstiftningen-angaende-sexuellt-vald\\\/\",\"name\":\"Spanien sk\u00e4rper lagstiftningen ang\u00e5ende sexuellt v\u00e5ld - Svenska Magasinet\",\"isPartOf\":{\"@id\":\"https:\\\/\\\/lightweb.dev\\\/l\\\/svm-temp\\\/#website\"},\"primaryImageOfPage\":{\"@id\":\"https:\\\/\\\/lightweb.dev\\\/l\\\/svm-temp\\\/nyheter\\\/spanien-skarper-lagstiftningen-angaende-sexuellt-vald\\\/#primaryimage\"},\"image\":{\"@id\":\"https:\\\/\\\/lightweb.dev\\\/l\\\/svm-temp\\\/nyheter\\\/spanien-skarper-lagstiftningen-angaende-sexuellt-vald\\\/#primaryimage\"},\"thumbnailUrl\":\"https:\\\/\\\/lightweb.dev\\\/l\\\/svm-temp\\\/wp-content\\\/uploads\\\/2022\\\/06\\\/spanien-skarper-lagstiftningen-angaende-sexuellt-vald.png\",\"datePublished\":\"2020-03-04T23:00:00+00:00\",\"breadcrumb\":{\"@id\":\"https:\\\/\\\/lightweb.dev\\\/l\\\/svm-temp\\\/nyheter\\\/spanien-skarper-lagstiftningen-angaende-sexuellt-vald\\\/#breadcrumb\"},\"inLanguage\":\"sv-SE\",\"potentialAction\":[{\"@type\":\"ReadAction\",\"target\":[\"https:\\\/\\\/lightweb.dev\\\/l\\\/svm-temp\\\/nyheter\\\/spanien-skarper-lagstiftningen-angaende-sexuellt-vald\\\/\"]}]},{\"@type\":\"ImageObject\",\"inLanguage\":\"sv-SE\",\"@id\":\"https:\\\/\\\/lightweb.dev\\\/l\\\/svm-temp\\\/nyheter\\\/spanien-skarper-lagstiftningen-angaende-sexuellt-vald\\\/#primaryimage\",\"url\":\"https:\\\/\\\/lightweb.dev\\\/l\\\/svm-temp\\\/wp-content\\\/uploads\\\/2022\\\/06\\\/spanien-skarper-lagstiftningen-angaende-sexuellt-vald.png\",\"contentUrl\":\"https:\\\/\\\/lightweb.dev\\\/l\\\/svm-temp\\\/wp-content\\\/uploads\\\/2022\\\/06\\\/spanien-skarper-lagstiftningen-angaende-sexuellt-vald.png\",\"width\":700,\"height\":421},{\"@type\":\"BreadcrumbList\",\"@id\":\"https:\\\/\\\/lightweb.dev\\\/l\\\/svm-temp\\\/nyheter\\\/spanien-skarper-lagstiftningen-angaende-sexuellt-vald\\\/#breadcrumb\",\"itemListElement\":[{\"@type\":\"ListItem\",\"position\":1,\"name\":\"Hem\",\"item\":\"https:\\\/\\\/lightweb.dev\\\/l\\\/svm-temp\\\/\"},{\"@type\":\"ListItem\",\"position\":2,\"name\":\"Spanien sk\u00e4rper lagstiftningen ang\u00e5ende sexuellt v\u00e5ld\"}]},{\"@type\":\"WebSite\",\"@id\":\"https:\\\/\\\/lightweb.dev\\\/l\\\/svm-temp\\\/#website\",\"url\":\"https:\\\/\\\/lightweb.dev\\\/l\\\/svm-temp\\\/\",\"name\":\"Svenska Magasinet\",\"description\":\"Dina Spanska nyheter p&aring; Svenska\",\"publisher\":{\"@id\":\"https:\\\/\\\/lightweb.dev\\\/l\\\/svm-temp\\\/#organization\"},\"potentialAction\":[{\"@type\":\"SearchAction\",\"target\":{\"@type\":\"EntryPoint\",\"urlTemplate\":\"https:\\\/\\\/lightweb.dev\\\/l\\\/svm-temp\\\/?s={search_term_string}\"},\"query-input\":{\"@type\":\"PropertyValueSpecification\",\"valueRequired\":true,\"valueName\":\"search_term_string\"}}],\"inLanguage\":\"sv-SE\"},{\"@type\":\"Organization\",\"@id\":\"https:\\\/\\\/lightweb.dev\\\/l\\\/svm-temp\\\/#organization\",\"name\":\"Melkerson y Nott SL\",\"alternateName\":\"Svenska Magasinet\",\"url\":\"https:\\\/\\\/lightweb.dev\\\/l\\\/svm-temp\\\/\",\"logo\":{\"@type\":\"ImageObject\",\"inLanguage\":\"sv-SE\",\"@id\":\"https:\\\/\\\/lightweb.dev\\\/l\\\/svm-temp\\\/#\\\/schema\\\/logo\\\/image\\\/\",\"url\":\"https:\\\/\\\/lightweb.dev\\\/l\\\/svm-temp\\\/wp-content\\\/uploads\\\/2025\\\/02\\\/SvM-logo-Xtra-Centrerad-SVART.png\",\"contentUrl\":\"https:\\\/\\\/lightweb.dev\\\/l\\\/svm-temp\\\/wp-content\\\/uploads\\\/2025\\\/02\\\/SvM-logo-Xtra-Centrerad-SVART.png\",\"width\":300,\"height\":99,\"caption\":\"Melkerson y Nott SL\"},\"image\":{\"@id\":\"https:\\\/\\\/lightweb.dev\\\/l\\\/svm-temp\\\/#\\\/schema\\\/logo\\\/image\\\/\"},\"sameAs\":[\"https:\\\/\\\/www.facebook.com\\\/svenskamagasinet\",\"https:\\\/\\\/x.com\\\/SvenskaMagasine\"]},{\"@type\":\"Person\",\"@id\":\"https:\\\/\\\/lightweb.dev\\\/l\\\/svm-temp\\\/#\\\/schema\\\/person\\\/206a3bda5b607b0c25e1749191e4d837\",\"name\":\"Redaktionen SvM\",\"description\":\"Redaktionen\",\"sameAs\":[\"https:\\\/\\\/lightweb.dev\\\/l\\\/svm-temp\"],\"url\":\"https:\\\/\\\/lightweb.dev\\\/l\\\/svm-temp\\\/reporter\\\/redaktionen\\\/\"}]}<\/script>\n<!-- \/ Yoast SEO Premium plugin. -->","yoast_head_json":{"title":"Spanien sk\u00e4rper lagstiftningen ang\u00e5ende sexuellt v\u00e5ld - Svenska Magasinet","robots":{"index":"noindex","follow":"follow","max-snippet":"max-snippet:-1","max-image-preview":"max-image-preview:large","max-video-preview":"max-video-preview:-1"},"og_locale":"sv_SE","og_type":"article","og_title":"Spanien sk\u00e4rper lagstiftningen ang\u00e5ende sexuellt v\u00e5ld","og_description":"Allt sex som inte har samtycke fr\u00e5n alla inblandade parter kommer att betraktas som v\u00e5ldt\u00e4kt, med m\u00f6jlighet f\u00f6r domare att utd\u00f6ma betydligt h\u00e5rdare straff \u00e4n vad som \u00e4r fallet idag. Enligt Spaniens nuvarande lagstiftning m\u00e5ste g\u00e4rningsmannen ha anv\u00e4nt hot eller v\u00e5ld mot offret f\u00f6r att brottet skall klassificeras som v\u00e5ldt\u00e4kt. Enligt den nya lagen om [&hellip;]","og_url":"https:\/\/lightweb.dev\/l\/svm-temp\/nyheter\/spanien-skarper-lagstiftningen-angaende-sexuellt-vald\/","og_site_name":"Svenska Magasinet","article_publisher":"https:\/\/www.facebook.com\/svenskamagasinet","article_published_time":"2020-03-04T23:00:00+00:00","og_image":[{"width":700,"height":421,"url":"https:\/\/lightweb.dev\/l\/svm-temp\/wp-content\/uploads\/2022\/06\/spanien-skarper-lagstiftningen-angaende-sexuellt-vald.png","type":"image\/png"}],"author":"Redaktionen SvM","twitter_card":"summary_large_image","twitter_creator":"@SvenskaMagasine","twitter_site":"@SvenskaMagasine","schema":{"@context":"https:\/\/schema.org","@graph":[{"@type":"Article","@id":"https:\/\/lightweb.dev\/l\/svm-temp\/nyheter\/spanien-skarper-lagstiftningen-angaende-sexuellt-vald\/#article","isPartOf":{"@id":"https:\/\/lightweb.dev\/l\/svm-temp\/nyheter\/spanien-skarper-lagstiftningen-angaende-sexuellt-vald\/"},"author":{"name":"Redaktionen SvM","@id":"https:\/\/lightweb.dev\/l\/svm-temp\/#\/schema\/person\/206a3bda5b607b0c25e1749191e4d837"},"headline":"Spanien sk\u00e4rper lagstiftningen ang\u00e5ende sexuellt v\u00e5ld","datePublished":"2020-03-04T23:00:00+00:00","mainEntityOfPage":{"@id":"https:\/\/lightweb.dev\/l\/svm-temp\/nyheter\/spanien-skarper-lagstiftningen-angaende-sexuellt-vald\/"},"wordCount":474,"commentCount":0,"publisher":{"@id":"https:\/\/lightweb.dev\/l\/svm-temp\/#organization"},"image":{"@id":"https:\/\/lightweb.dev\/l\/svm-temp\/nyheter\/spanien-skarper-lagstiftningen-angaende-sexuellt-vald\/#primaryimage"},"thumbnailUrl":"https:\/\/lightweb.dev\/l\/svm-temp\/wp-content\/uploads\/2022\/06\/spanien-skarper-lagstiftningen-angaende-sexuellt-vald.png","articleSection":["Arkiv","Nyheter"],"inLanguage":"sv-SE"},{"@type":"WebPage","@id":"https:\/\/lightweb.dev\/l\/svm-temp\/nyheter\/spanien-skarper-lagstiftningen-angaende-sexuellt-vald\/","url":"https:\/\/lightweb.dev\/l\/svm-temp\/nyheter\/spanien-skarper-lagstiftningen-angaende-sexuellt-vald\/","name":"Spanien sk\u00e4rper lagstiftningen ang\u00e5ende sexuellt v\u00e5ld - Svenska Magasinet","isPartOf":{"@id":"https:\/\/lightweb.dev\/l\/svm-temp\/#website"},"primaryImageOfPage":{"@id":"https:\/\/lightweb.dev\/l\/svm-temp\/nyheter\/spanien-skarper-lagstiftningen-angaende-sexuellt-vald\/#primaryimage"},"image":{"@id":"https:\/\/lightweb.dev\/l\/svm-temp\/nyheter\/spanien-skarper-lagstiftningen-angaende-sexuellt-vald\/#primaryimage"},"thumbnailUrl":"https:\/\/lightweb.dev\/l\/svm-temp\/wp-content\/uploads\/2022\/06\/spanien-skarper-lagstiftningen-angaende-sexuellt-vald.png","datePublished":"2020-03-04T23:00:00+00:00","breadcrumb":{"@id":"https:\/\/lightweb.dev\/l\/svm-temp\/nyheter\/spanien-skarper-lagstiftningen-angaende-sexuellt-vald\/#breadcrumb"},"inLanguage":"sv-SE","potentialAction":[{"@type":"ReadAction","target":["https:\/\/lightweb.dev\/l\/svm-temp\/nyheter\/spanien-skarper-lagstiftningen-angaende-sexuellt-vald\/"]}]},{"@type":"ImageObject","inLanguage":"sv-SE","@id":"https:\/\/lightweb.dev\/l\/svm-temp\/nyheter\/spanien-skarper-lagstiftningen-angaende-sexuellt-vald\/#primaryimage","url":"https:\/\/lightweb.dev\/l\/svm-temp\/wp-content\/uploads\/2022\/06\/spanien-skarper-lagstiftningen-angaende-sexuellt-vald.png","contentUrl":"https:\/\/lightweb.dev\/l\/svm-temp\/wp-content\/uploads\/2022\/06\/spanien-skarper-lagstiftningen-angaende-sexuellt-vald.png","width":700,"height":421},{"@type":"BreadcrumbList","@id":"https:\/\/lightweb.dev\/l\/svm-temp\/nyheter\/spanien-skarper-lagstiftningen-angaende-sexuellt-vald\/#breadcrumb","itemListElement":[{"@type":"ListItem","position":1,"name":"Hem","item":"https:\/\/lightweb.dev\/l\/svm-temp\/"},{"@type":"ListItem","position":2,"name":"Spanien sk\u00e4rper lagstiftningen ang\u00e5ende sexuellt v\u00e5ld"}]},{"@type":"WebSite","@id":"https:\/\/lightweb.dev\/l\/svm-temp\/#website","url":"https:\/\/lightweb.dev\/l\/svm-temp\/","name":"Svenska Magasinet","description":"Dina Spanska nyheter p&aring; Svenska","publisher":{"@id":"https:\/\/lightweb.dev\/l\/svm-temp\/#organization"},"potentialAction":[{"@type":"SearchAction","target":{"@type":"EntryPoint","urlTemplate":"https:\/\/lightweb.dev\/l\/svm-temp\/?s={search_term_string}"},"query-input":{"@type":"PropertyValueSpecification","valueRequired":true,"valueName":"search_term_string"}}],"inLanguage":"sv-SE"},{"@type":"Organization","@id":"https:\/\/lightweb.dev\/l\/svm-temp\/#organization","name":"Melkerson y Nott SL","alternateName":"Svenska Magasinet","url":"https:\/\/lightweb.dev\/l\/svm-temp\/","logo":{"@type":"ImageObject","inLanguage":"sv-SE","@id":"https:\/\/lightweb.dev\/l\/svm-temp\/#\/schema\/logo\/image\/","url":"https:\/\/lightweb.dev\/l\/svm-temp\/wp-content\/uploads\/2025\/02\/SvM-logo-Xtra-Centrerad-SVART.png","contentUrl":"https:\/\/lightweb.dev\/l\/svm-temp\/wp-content\/uploads\/2025\/02\/SvM-logo-Xtra-Centrerad-SVART.png","width":300,"height":99,"caption":"Melkerson y Nott SL"},"image":{"@id":"https:\/\/lightweb.dev\/l\/svm-temp\/#\/schema\/logo\/image\/"},"sameAs":["https:\/\/www.facebook.com\/svenskamagasinet","https:\/\/x.com\/SvenskaMagasine"]},{"@type":"Person","@id":"https:\/\/lightweb.dev\/l\/svm-temp\/#\/schema\/person\/206a3bda5b607b0c25e1749191e4d837","name":"Redaktionen SvM","description":"Redaktionen","sameAs":["https:\/\/lightweb.dev\/l\/svm-temp"],"url":"https:\/\/lightweb.dev\/l\/svm-temp\/reporter\/redaktionen\/"}]}},"_links":{"self":[{"href":"https:\/\/lightweb.dev\/l\/svm-temp\/wp-json\/wp\/v2\/posts\/14669","targetHints":{"allow":["GET"]}}],"collection":[{"href":"https:\/\/lightweb.dev\/l\/svm-temp\/wp-json\/wp\/v2\/posts"}],"about":[{"href":"https:\/\/lightweb.dev\/l\/svm-temp\/wp-json\/wp\/v2\/types\/post"}],"author":[{"embeddable":true,"href":"https:\/\/lightweb.dev\/l\/svm-temp\/wp-json\/wp\/v2\/users\/8"}],"replies":[{"embeddable":true,"href":"https:\/\/lightweb.dev\/l\/svm-temp\/wp-json\/wp\/v2\/comments?post=14669"}],"version-history":[{"count":0,"href":"https:\/\/lightweb.dev\/l\/svm-temp\/wp-json\/wp\/v2\/posts\/14669\/revisions"}],"wp:featuredmedia":[{"embeddable":true,"href":"https:\/\/lightweb.dev\/l\/svm-temp\/wp-json\/wp\/v2\/media\/14670"}],"wp:attachment":[{"href":"https:\/\/lightweb.dev\/l\/svm-temp\/wp-json\/wp\/v2\/media?parent=14669"}],"wp:term":[{"taxonomy":"category","embeddable":true,"href":"https:\/\/lightweb.dev\/l\/svm-temp\/wp-json\/wp\/v2\/categories?post=14669"},{"taxonomy":"post_tag","embeddable":true,"href":"https:\/\/lightweb.dev\/l\/svm-temp\/wp-json\/wp\/v2\/tags?post=14669"}],"curies":[{"name":"wp","href":"https:\/\/api.w.org\/{rel}","templated":true}]}}