{"id":14685,"date":"2020-03-03T00:00:00","date_gmt":"2020-03-02T23:00:00","guid":{"rendered":"https:\/\/lightweb.dev\/l\/svm-temp\/nyheter\/boende-ar-trotta-pa-gorrillas\/"},"modified":"2020-03-03T00:00:00","modified_gmt":"2020-03-02T23:00:00","slug":"boende-ar-trotta-pa-gorrillas","status":"publish","type":"post","link":"https:\/\/lightweb.dev\/l\/svm-temp\/nyheter\/boende-ar-trotta-pa-gorrillas\/","title":{"rendered":"Boende \u00e4r tr\u00f6tta p\u00e5 \u201dgorrillas\u201d"},"content":{"rendered":"<p> Repor l\u00e4ngs bilens sidor och p\u00e5 bagageluckan. De boende \u00e4r tr\u00f6tta p\u00e5 de s\u00e5 kallade \u201dgorrillas\u201d illegala parkeringsvakter som g\u00f6r skador p\u00e5 bilar n\u00e4r de inte f\u00e5r n\u00e5gon frivillig g\u00e5va. Diario SUR uppm\u00e4rksammar p\u00e5 tisdagen problemet med \u201dgorrillas\u201d som agerar illegala parkeringsvakter.<\/p>\n<p>De kan vara hj\u00e4lpsamma och g\u00f6ra bilister uppm\u00e4rksamma p\u00e5 var det finns lediga parkeringsplatser. I geng\u00e4ld r\u00e4knar de med att f\u00e5 en slant och tack f\u00f6r hj\u00e4lpen.<\/p>\n<p>Men i regel agerar de \u00e4ven om det finns parkeringsplatser som \u00e4r l\u00e4tta att hitta. De r\u00e4knar med att alltid f\u00e5 en slant f\u00f6r att de finns p\u00e5 plats. Om de inte f\u00e5r n\u00e5got mynt finns risken att du som bil\u00e4gare f\u00e5r din bil repad.<\/p>\n<p>F\u00f6r en bilist i M\u00e1laga betydde det en extra utgift p\u00e5 585 euro. En \u201dgorrillas\u201d hade repat b\u00e5da sidorna p\u00e5 bilen plus bagageluckan. Vid Huelinparken i M\u00e1laga har det intr\u00e4ffat upp till nio liknande fall. Upp emot ett tjugotal illegala parkeringsvakter \u00e4r verksamma i omr\u00e5det.<\/p>\n<p>\u201dN\u00e4r du v\u00e4grar att betala, hotar de dig och sedan agerar de\u201d s\u00e4ger en av de drabbade.<\/p>\n<p>Den som agerar parkeringsvakt i M\u00e1laga utan tillst\u00e5nd riskerar b\u00f6ter p\u00e5 167 euro.<\/p>\n<p>Boendef\u00f6reningar kr\u00e4ver h\u00f6gre polisn\u00e4rvaro i avskr\u00e4ckande syfte.<\/p>\n<p>Polisen har vid flera tillf\u00e4llen kampanjat p\u00e5 sociala n\u00e4tverk som Twitter och uppmanat allm\u00e4nheten att anm\u00e4la h\u00e4ndelser med illegala parkeringsvakter och ringa 092.<\/p>\n","protected":false},"excerpt":{"rendered":"<p>Repor l\u00e4ngs bilens sidor och p\u00e5 bagageluckan. De boende \u00e4r tr\u00f6tta p\u00e5 de s\u00e5 kallade \u201dgorrillas\u201d illegala parkeringsvakter som g\u00f6r skador p\u00e5 bilar n\u00e4r de inte f\u00e5r n\u00e5gon frivillig g\u00e5va. Diario SUR uppm\u00e4rksammar p\u00e5 tisdagen problemet med \u201dgorrillas\u201d som agerar illegala parkeringsvakter. De kan vara hj\u00e4lpsamma och g\u00f6ra bilister uppm\u00e4rksamma p\u00e5 var det finns lediga [&hellip;]<\/p>\n","protected":false},"author":8,"featured_media":14686,"comment_status":"open","ping_status":"open","sticky":false,"template":"","format":"standard","meta":{"_et_pb_use_builder":"","_et_pb_old_content":"","_et_gb_content_width":"","footnotes":""},"categories":[395,3],"tags":[],"class_list":["post-14685","post","type-post","status-publish","format-standard","has-post-thumbnail","hentry","category-arkiv-nyheter","category-nyheter"],"yoast_head":"<!-- This site is optimized with the Yoast SEO Premium plugin v26.2 (Yoast SEO v27.5) - https:\/\/yoast.com\/product\/yoast-seo-premium-wordpress\/ -->\n<title>Boende \u00e4r tr\u00f6tta p\u00e5 \u201dgorrillas\u201d - Svenska Magasinet<\/title>\n<meta name=\"robots\" content=\"noindex, follow, max-snippet:-1, max-image-preview:large, max-video-preview:-1\" \/>\n<meta property=\"og:locale\" content=\"sv_SE\" \/>\n<meta property=\"og:type\" content=\"article\" \/>\n<meta property=\"og:title\" content=\"Boende \u00e4r tr\u00f6tta p\u00e5 \u201dgorrillas\u201d\" \/>\n<meta property=\"og:description\" content=\"Repor l\u00e4ngs bilens sidor och p\u00e5 bagageluckan. De boende \u00e4r tr\u00f6tta p\u00e5 de s\u00e5 kallade \u201dgorrillas\u201d illegala parkeringsvakter som g\u00f6r skador p\u00e5 bilar n\u00e4r de inte f\u00e5r n\u00e5gon frivillig g\u00e5va. Diario SUR uppm\u00e4rksammar p\u00e5 tisdagen problemet med \u201dgorrillas\u201d som agerar illegala parkeringsvakter. De kan vara hj\u00e4lpsamma och g\u00f6ra bilister uppm\u00e4rksamma p\u00e5 var det finns lediga [&hellip;]\" \/>\n<meta property=\"og:url\" content=\"https:\/\/lightweb.dev\/l\/svm-temp\/nyheter\/boende-ar-trotta-pa-gorrillas\/\" \/>\n<meta property=\"og:site_name\" content=\"Svenska Magasinet\" \/>\n<meta property=\"article:publisher\" content=\"https:\/\/www.facebook.com\/svenskamagasinet\" \/>\n<meta property=\"article:published_time\" content=\"2020-03-02T23:00:00+00:00\" \/>\n<meta property=\"og:image\" content=\"https:\/\/lightweb.dev\/l\/svm-temp\/wp-content\/uploads\/2022\/06\/boende-ar-trotta-pa-gorrillas.png\" \/>\n\t<meta property=\"og:image:width\" content=\"700\" \/>\n\t<meta property=\"og:image:height\" content=\"421\" \/>\n\t<meta property=\"og:image:type\" content=\"image\/png\" \/>\n<meta name=\"author\" content=\"Redaktionen SvM\" \/>\n<meta name=\"twitter:card\" content=\"summary_large_image\" \/>\n<meta name=\"twitter:creator\" content=\"@SvenskaMagasine\" \/>\n<meta name=\"twitter:site\" content=\"@SvenskaMagasine\" \/>\n<script type=\"application\/ld+json\" class=\"yoast-schema-graph\">{\"@context\":\"https:\\\/\\\/schema.org\",\"@graph\":[{\"@type\":\"Article\",\"@id\":\"https:\\\/\\\/lightweb.dev\\\/l\\\/svm-temp\\\/nyheter\\\/boende-ar-trotta-pa-gorrillas\\\/#article\",\"isPartOf\":{\"@id\":\"https:\\\/\\\/lightweb.dev\\\/l\\\/svm-temp\\\/nyheter\\\/boende-ar-trotta-pa-gorrillas\\\/\"},\"author\":{\"name\":\"Redaktionen SvM\",\"@id\":\"https:\\\/\\\/lightweb.dev\\\/l\\\/svm-temp\\\/#\\\/schema\\\/person\\\/206a3bda5b607b0c25e1749191e4d837\"},\"headline\":\"Boende \u00e4r tr\u00f6tta p\u00e5 \u201dgorrillas\u201d\",\"datePublished\":\"2020-03-02T23:00:00+00:00\",\"mainEntityOfPage\":{\"@id\":\"https:\\\/\\\/lightweb.dev\\\/l\\\/svm-temp\\\/nyheter\\\/boende-ar-trotta-pa-gorrillas\\\/\"},\"wordCount\":266,\"commentCount\":0,\"publisher\":{\"@id\":\"https:\\\/\\\/lightweb.dev\\\/l\\\/svm-temp\\\/#organization\"},\"image\":{\"@id\":\"https:\\\/\\\/lightweb.dev\\\/l\\\/svm-temp\\\/nyheter\\\/boende-ar-trotta-pa-gorrillas\\\/#primaryimage\"},\"thumbnailUrl\":\"https:\\\/\\\/lightweb.dev\\\/l\\\/svm-temp\\\/wp-content\\\/uploads\\\/2022\\\/06\\\/boende-ar-trotta-pa-gorrillas.png\",\"articleSection\":[\"Arkiv\",\"Nyheter\"],\"inLanguage\":\"sv-SE\"},{\"@type\":\"WebPage\",\"@id\":\"https:\\\/\\\/lightweb.dev\\\/l\\\/svm-temp\\\/nyheter\\\/boende-ar-trotta-pa-gorrillas\\\/\",\"url\":\"https:\\\/\\\/lightweb.dev\\\/l\\\/svm-temp\\\/nyheter\\\/boende-ar-trotta-pa-gorrillas\\\/\",\"name\":\"Boende \u00e4r tr\u00f6tta p\u00e5 \u201dgorrillas\u201d - Svenska Magasinet\",\"isPartOf\":{\"@id\":\"https:\\\/\\\/lightweb.dev\\\/l\\\/svm-temp\\\/#website\"},\"primaryImageOfPage\":{\"@id\":\"https:\\\/\\\/lightweb.dev\\\/l\\\/svm-temp\\\/nyheter\\\/boende-ar-trotta-pa-gorrillas\\\/#primaryimage\"},\"image\":{\"@id\":\"https:\\\/\\\/lightweb.dev\\\/l\\\/svm-temp\\\/nyheter\\\/boende-ar-trotta-pa-gorrillas\\\/#primaryimage\"},\"thumbnailUrl\":\"https:\\\/\\\/lightweb.dev\\\/l\\\/svm-temp\\\/wp-content\\\/uploads\\\/2022\\\/06\\\/boende-ar-trotta-pa-gorrillas.png\",\"datePublished\":\"2020-03-02T23:00:00+00:00\",\"breadcrumb\":{\"@id\":\"https:\\\/\\\/lightweb.dev\\\/l\\\/svm-temp\\\/nyheter\\\/boende-ar-trotta-pa-gorrillas\\\/#breadcrumb\"},\"inLanguage\":\"sv-SE\",\"potentialAction\":[{\"@type\":\"ReadAction\",\"target\":[\"https:\\\/\\\/lightweb.dev\\\/l\\\/svm-temp\\\/nyheter\\\/boende-ar-trotta-pa-gorrillas\\\/\"]}]},{\"@type\":\"ImageObject\",\"inLanguage\":\"sv-SE\",\"@id\":\"https:\\\/\\\/lightweb.dev\\\/l\\\/svm-temp\\\/nyheter\\\/boende-ar-trotta-pa-gorrillas\\\/#primaryimage\",\"url\":\"https:\\\/\\\/lightweb.dev\\\/l\\\/svm-temp\\\/wp-content\\\/uploads\\\/2022\\\/06\\\/boende-ar-trotta-pa-gorrillas.png\",\"contentUrl\":\"https:\\\/\\\/lightweb.dev\\\/l\\\/svm-temp\\\/wp-content\\\/uploads\\\/2022\\\/06\\\/boende-ar-trotta-pa-gorrillas.png\",\"width\":700,\"height\":421},{\"@type\":\"BreadcrumbList\",\"@id\":\"https:\\\/\\\/lightweb.dev\\\/l\\\/svm-temp\\\/nyheter\\\/boende-ar-trotta-pa-gorrillas\\\/#breadcrumb\",\"itemListElement\":[{\"@type\":\"ListItem\",\"position\":1,\"name\":\"Hem\",\"item\":\"https:\\\/\\\/lightweb.dev\\\/l\\\/svm-temp\\\/\"},{\"@type\":\"ListItem\",\"position\":2,\"name\":\"Boende \u00e4r tr\u00f6tta p\u00e5 \u201dgorrillas\u201d\"}]},{\"@type\":\"WebSite\",\"@id\":\"https:\\\/\\\/lightweb.dev\\\/l\\\/svm-temp\\\/#website\",\"url\":\"https:\\\/\\\/lightweb.dev\\\/l\\\/svm-temp\\\/\",\"name\":\"Svenska Magasinet\",\"description\":\"Dina Spanska nyheter p&aring; Svenska\",\"publisher\":{\"@id\":\"https:\\\/\\\/lightweb.dev\\\/l\\\/svm-temp\\\/#organization\"},\"potentialAction\":[{\"@type\":\"SearchAction\",\"target\":{\"@type\":\"EntryPoint\",\"urlTemplate\":\"https:\\\/\\\/lightweb.dev\\\/l\\\/svm-temp\\\/?s={search_term_string}\"},\"query-input\":{\"@type\":\"PropertyValueSpecification\",\"valueRequired\":true,\"valueName\":\"search_term_string\"}}],\"inLanguage\":\"sv-SE\"},{\"@type\":\"Organization\",\"@id\":\"https:\\\/\\\/lightweb.dev\\\/l\\\/svm-temp\\\/#organization\",\"name\":\"Melkerson y Nott SL\",\"alternateName\":\"Svenska Magasinet\",\"url\":\"https:\\\/\\\/lightweb.dev\\\/l\\\/svm-temp\\\/\",\"logo\":{\"@type\":\"ImageObject\",\"inLanguage\":\"sv-SE\",\"@id\":\"https:\\\/\\\/lightweb.dev\\\/l\\\/svm-temp\\\/#\\\/schema\\\/logo\\\/image\\\/\",\"url\":\"https:\\\/\\\/lightweb.dev\\\/l\\\/svm-temp\\\/wp-content\\\/uploads\\\/2025\\\/02\\\/SvM-logo-Xtra-Centrerad-SVART.png\",\"contentUrl\":\"https:\\\/\\\/lightweb.dev\\\/l\\\/svm-temp\\\/wp-content\\\/uploads\\\/2025\\\/02\\\/SvM-logo-Xtra-Centrerad-SVART.png\",\"width\":300,\"height\":99,\"caption\":\"Melkerson y Nott SL\"},\"image\":{\"@id\":\"https:\\\/\\\/lightweb.dev\\\/l\\\/svm-temp\\\/#\\\/schema\\\/logo\\\/image\\\/\"},\"sameAs\":[\"https:\\\/\\\/www.facebook.com\\\/svenskamagasinet\",\"https:\\\/\\\/x.com\\\/SvenskaMagasine\"]},{\"@type\":\"Person\",\"@id\":\"https:\\\/\\\/lightweb.dev\\\/l\\\/svm-temp\\\/#\\\/schema\\\/person\\\/206a3bda5b607b0c25e1749191e4d837\",\"name\":\"Redaktionen SvM\",\"description\":\"Redaktionen\",\"sameAs\":[\"https:\\\/\\\/lightweb.dev\\\/l\\\/svm-temp\"],\"url\":\"https:\\\/\\\/lightweb.dev\\\/l\\\/svm-temp\\\/reporter\\\/redaktionen\\\/\"}]}<\/script>\n<!-- \/ Yoast SEO Premium plugin. -->","yoast_head_json":{"title":"Boende \u00e4r tr\u00f6tta p\u00e5 \u201dgorrillas\u201d - Svenska Magasinet","robots":{"index":"noindex","follow":"follow","max-snippet":"max-snippet:-1","max-image-preview":"max-image-preview:large","max-video-preview":"max-video-preview:-1"},"og_locale":"sv_SE","og_type":"article","og_title":"Boende \u00e4r tr\u00f6tta p\u00e5 \u201dgorrillas\u201d","og_description":"Repor l\u00e4ngs bilens sidor och p\u00e5 bagageluckan. De boende \u00e4r tr\u00f6tta p\u00e5 de s\u00e5 kallade \u201dgorrillas\u201d illegala parkeringsvakter som g\u00f6r skador p\u00e5 bilar n\u00e4r de inte f\u00e5r n\u00e5gon frivillig g\u00e5va. Diario SUR uppm\u00e4rksammar p\u00e5 tisdagen problemet med \u201dgorrillas\u201d som agerar illegala parkeringsvakter. De kan vara hj\u00e4lpsamma och g\u00f6ra bilister uppm\u00e4rksamma p\u00e5 var det finns lediga [&hellip;]","og_url":"https:\/\/lightweb.dev\/l\/svm-temp\/nyheter\/boende-ar-trotta-pa-gorrillas\/","og_site_name":"Svenska Magasinet","article_publisher":"https:\/\/www.facebook.com\/svenskamagasinet","article_published_time":"2020-03-02T23:00:00+00:00","og_image":[{"width":700,"height":421,"url":"https:\/\/lightweb.dev\/l\/svm-temp\/wp-content\/uploads\/2022\/06\/boende-ar-trotta-pa-gorrillas.png","type":"image\/png"}],"author":"Redaktionen SvM","twitter_card":"summary_large_image","twitter_creator":"@SvenskaMagasine","twitter_site":"@SvenskaMagasine","schema":{"@context":"https:\/\/schema.org","@graph":[{"@type":"Article","@id":"https:\/\/lightweb.dev\/l\/svm-temp\/nyheter\/boende-ar-trotta-pa-gorrillas\/#article","isPartOf":{"@id":"https:\/\/lightweb.dev\/l\/svm-temp\/nyheter\/boende-ar-trotta-pa-gorrillas\/"},"author":{"name":"Redaktionen SvM","@id":"https:\/\/lightweb.dev\/l\/svm-temp\/#\/schema\/person\/206a3bda5b607b0c25e1749191e4d837"},"headline":"Boende \u00e4r tr\u00f6tta p\u00e5 \u201dgorrillas\u201d","datePublished":"2020-03-02T23:00:00+00:00","mainEntityOfPage":{"@id":"https:\/\/lightweb.dev\/l\/svm-temp\/nyheter\/boende-ar-trotta-pa-gorrillas\/"},"wordCount":266,"commentCount":0,"publisher":{"@id":"https:\/\/lightweb.dev\/l\/svm-temp\/#organization"},"image":{"@id":"https:\/\/lightweb.dev\/l\/svm-temp\/nyheter\/boende-ar-trotta-pa-gorrillas\/#primaryimage"},"thumbnailUrl":"https:\/\/lightweb.dev\/l\/svm-temp\/wp-content\/uploads\/2022\/06\/boende-ar-trotta-pa-gorrillas.png","articleSection":["Arkiv","Nyheter"],"inLanguage":"sv-SE"},{"@type":"WebPage","@id":"https:\/\/lightweb.dev\/l\/svm-temp\/nyheter\/boende-ar-trotta-pa-gorrillas\/","url":"https:\/\/lightweb.dev\/l\/svm-temp\/nyheter\/boende-ar-trotta-pa-gorrillas\/","name":"Boende \u00e4r tr\u00f6tta p\u00e5 \u201dgorrillas\u201d - Svenska Magasinet","isPartOf":{"@id":"https:\/\/lightweb.dev\/l\/svm-temp\/#website"},"primaryImageOfPage":{"@id":"https:\/\/lightweb.dev\/l\/svm-temp\/nyheter\/boende-ar-trotta-pa-gorrillas\/#primaryimage"},"image":{"@id":"https:\/\/lightweb.dev\/l\/svm-temp\/nyheter\/boende-ar-trotta-pa-gorrillas\/#primaryimage"},"thumbnailUrl":"https:\/\/lightweb.dev\/l\/svm-temp\/wp-content\/uploads\/2022\/06\/boende-ar-trotta-pa-gorrillas.png","datePublished":"2020-03-02T23:00:00+00:00","breadcrumb":{"@id":"https:\/\/lightweb.dev\/l\/svm-temp\/nyheter\/boende-ar-trotta-pa-gorrillas\/#breadcrumb"},"inLanguage":"sv-SE","potentialAction":[{"@type":"ReadAction","target":["https:\/\/lightweb.dev\/l\/svm-temp\/nyheter\/boende-ar-trotta-pa-gorrillas\/"]}]},{"@type":"ImageObject","inLanguage":"sv-SE","@id":"https:\/\/lightweb.dev\/l\/svm-temp\/nyheter\/boende-ar-trotta-pa-gorrillas\/#primaryimage","url":"https:\/\/lightweb.dev\/l\/svm-temp\/wp-content\/uploads\/2022\/06\/boende-ar-trotta-pa-gorrillas.png","contentUrl":"https:\/\/lightweb.dev\/l\/svm-temp\/wp-content\/uploads\/2022\/06\/boende-ar-trotta-pa-gorrillas.png","width":700,"height":421},{"@type":"BreadcrumbList","@id":"https:\/\/lightweb.dev\/l\/svm-temp\/nyheter\/boende-ar-trotta-pa-gorrillas\/#breadcrumb","itemListElement":[{"@type":"ListItem","position":1,"name":"Hem","item":"https:\/\/lightweb.dev\/l\/svm-temp\/"},{"@type":"ListItem","position":2,"name":"Boende \u00e4r tr\u00f6tta p\u00e5 \u201dgorrillas\u201d"}]},{"@type":"WebSite","@id":"https:\/\/lightweb.dev\/l\/svm-temp\/#website","url":"https:\/\/lightweb.dev\/l\/svm-temp\/","name":"Svenska Magasinet","description":"Dina Spanska nyheter p&aring; Svenska","publisher":{"@id":"https:\/\/lightweb.dev\/l\/svm-temp\/#organization"},"potentialAction":[{"@type":"SearchAction","target":{"@type":"EntryPoint","urlTemplate":"https:\/\/lightweb.dev\/l\/svm-temp\/?s={search_term_string}"},"query-input":{"@type":"PropertyValueSpecification","valueRequired":true,"valueName":"search_term_string"}}],"inLanguage":"sv-SE"},{"@type":"Organization","@id":"https:\/\/lightweb.dev\/l\/svm-temp\/#organization","name":"Melkerson y Nott SL","alternateName":"Svenska Magasinet","url":"https:\/\/lightweb.dev\/l\/svm-temp\/","logo":{"@type":"ImageObject","inLanguage":"sv-SE","@id":"https:\/\/lightweb.dev\/l\/svm-temp\/#\/schema\/logo\/image\/","url":"https:\/\/lightweb.dev\/l\/svm-temp\/wp-content\/uploads\/2025\/02\/SvM-logo-Xtra-Centrerad-SVART.png","contentUrl":"https:\/\/lightweb.dev\/l\/svm-temp\/wp-content\/uploads\/2025\/02\/SvM-logo-Xtra-Centrerad-SVART.png","width":300,"height":99,"caption":"Melkerson y Nott SL"},"image":{"@id":"https:\/\/lightweb.dev\/l\/svm-temp\/#\/schema\/logo\/image\/"},"sameAs":["https:\/\/www.facebook.com\/svenskamagasinet","https:\/\/x.com\/SvenskaMagasine"]},{"@type":"Person","@id":"https:\/\/lightweb.dev\/l\/svm-temp\/#\/schema\/person\/206a3bda5b607b0c25e1749191e4d837","name":"Redaktionen SvM","description":"Redaktionen","sameAs":["https:\/\/lightweb.dev\/l\/svm-temp"],"url":"https:\/\/lightweb.dev\/l\/svm-temp\/reporter\/redaktionen\/"}]}},"_links":{"self":[{"href":"https:\/\/lightweb.dev\/l\/svm-temp\/wp-json\/wp\/v2\/posts\/14685","targetHints":{"allow":["GET"]}}],"collection":[{"href":"https:\/\/lightweb.dev\/l\/svm-temp\/wp-json\/wp\/v2\/posts"}],"about":[{"href":"https:\/\/lightweb.dev\/l\/svm-temp\/wp-json\/wp\/v2\/types\/post"}],"author":[{"embeddable":true,"href":"https:\/\/lightweb.dev\/l\/svm-temp\/wp-json\/wp\/v2\/users\/8"}],"replies":[{"embeddable":true,"href":"https:\/\/lightweb.dev\/l\/svm-temp\/wp-json\/wp\/v2\/comments?post=14685"}],"version-history":[{"count":0,"href":"https:\/\/lightweb.dev\/l\/svm-temp\/wp-json\/wp\/v2\/posts\/14685\/revisions"}],"wp:featuredmedia":[{"embeddable":true,"href":"https:\/\/lightweb.dev\/l\/svm-temp\/wp-json\/wp\/v2\/media\/14686"}],"wp:attachment":[{"href":"https:\/\/lightweb.dev\/l\/svm-temp\/wp-json\/wp\/v2\/media?parent=14685"}],"wp:term":[{"taxonomy":"category","embeddable":true,"href":"https:\/\/lightweb.dev\/l\/svm-temp\/wp-json\/wp\/v2\/categories?post=14685"},{"taxonomy":"post_tag","embeddable":true,"href":"https:\/\/lightweb.dev\/l\/svm-temp\/wp-json\/wp\/v2\/tags?post=14685"}],"curies":[{"name":"wp","href":"https:\/\/api.w.org\/{rel}","templated":true}]}}