{"id":14691,"date":"2020-03-02T00:00:00","date_gmt":"2020-03-01T23:00:00","guid":{"rendered":"https:\/\/lightweb.dev\/l\/svm-temp\/nyheter\/saljsucce-for-spanska-jarnvagens-lagpris-hoghastighetstag\/"},"modified":"2020-03-02T00:00:00","modified_gmt":"2020-03-01T23:00:00","slug":"saljsucce-for-spanska-jarnvagens-lagpris-hoghastighetstag","status":"publish","type":"post","link":"https:\/\/lightweb.dev\/l\/svm-temp\/nyheter\/saljsucce-for-spanska-jarnvagens-lagpris-hoghastighetstag\/","title":{"rendered":"S\u00e4ljsucc\u00e9 f\u00f6r spanska j\u00e4rnv\u00e4gens l\u00e5gpris h\u00f6ghastighetst\u00e5g"},"content":{"rendered":"<p> Under en m\u00e5nad har det s\u00e5lts \u00f6ver 145.000 biljetter till AVLO-t\u00e5gen som \u00e4r AVE-t\u00e5gens l\u00e5gprisvariant som b\u00f6rjar trafikeras den 6 april mellan Madrid och Barcelona, (via Zaragoza).<\/p>\n<p>Under den f\u00f6rsta m\u00e5naden efter biljettsl\u00e4ppet s\u00e5ldes 146.389 AVLO-biljetter vilket \u00e4r 28 % av det initiala biljetterbjudandet som t\u00e4cker biljetter f\u00f6r resor fram till den 31 augusti enligt Europa Press.<\/p>\n<p>Av de som har k\u00f6pt biljett har bara 5,3% betalt 8 euro extra f\u00f6r att f\u00e5 v\u00e4lja en plats. Och 2,8% har betalt extratill\u00e4gg f\u00f6r att kunna byta eller avboka biljetten, ocks\u00e5 det kostar 8 euro. 4% har betalt till\u00e4gg f\u00f6r att kunna ta med sig mer bagage \u00e4n vad som ing\u00e5r i grundpriset, i detta fall varierar till\u00e4gget mellan10 och 30 euro.<\/p>\n<p>11% av biljetterna \u00e4r f\u00f6r barn under fjorton \u00e5r, deras biljetter kostar bara 5 euro. Detta i kontrast till de de dyrare konventionella AVE-t\u00e5gen, d\u00e4r bara 3 % \u00e4r barnbiljetter. F\u00f6r Renfe indikerar detta att AVLO kan locka familjer som tidigare inte haft r\u00e5d att \u00e5ka t\u00e5g.<\/p>\n<p>Mer \u00e4n h\u00e4lften (55%) ava de tillg\u00e4ngliga platserna f\u00f6r april och 41% av de tillg\u00e4ngliga platserna f\u00f6r maj \u00e4r redan s\u00e5lda. De mest popul\u00e4ra dagarna \u00e4r s\u00f6ndagar (24,5%) f\u00f6ljt av fredagar (19,9%) och l\u00f6rdagar (15,4%). Renfe marknadsf\u00f6r AVLO-biljetter p\u00e5 webbplatsen www.avlorenfe.com samt sedan den 12 februari \u00e4ven p\u00e5 sin vanliga webbplats.<\/p>\n<p>Relaterad artikel: Rea p\u00e5 t\u00e5gbiljetter i Spanien.<\/p>\n<p>Bildtext: AVLO-t\u00e5g, foto: Ministerio de Fomento.<br \/>\nArtikel: Jonny Erixon.<\/p>\n","protected":false},"excerpt":{"rendered":"<p>Under en m\u00e5nad har det s\u00e5lts \u00f6ver 145.000 biljetter till AVLO-t\u00e5gen som \u00e4r AVE-t\u00e5gens l\u00e5gprisvariant som b\u00f6rjar trafikeras den 6 april mellan Madrid och Barcelona, (via Zaragoza). Under den f\u00f6rsta m\u00e5naden efter biljettsl\u00e4ppet s\u00e5ldes 146.389 AVLO-biljetter vilket \u00e4r 28 % av det initiala biljetterbjudandet som t\u00e4cker biljetter f\u00f6r resor fram till den 31 augusti enligt [&hellip;]<\/p>\n","protected":false},"author":8,"featured_media":14692,"comment_status":"open","ping_status":"open","sticky":false,"template":"","format":"standard","meta":{"_et_pb_use_builder":"","_et_pb_old_content":"","_et_gb_content_width":"","footnotes":""},"categories":[395,3],"tags":[],"class_list":["post-14691","post","type-post","status-publish","format-standard","has-post-thumbnail","hentry","category-arkiv-nyheter","category-nyheter"],"yoast_head":"<!-- This site is optimized with the Yoast SEO Premium plugin v26.2 (Yoast SEO v27.5) - https:\/\/yoast.com\/product\/yoast-seo-premium-wordpress\/ -->\n<title>S\u00e4ljsucc\u00e9 f\u00f6r spanska j\u00e4rnv\u00e4gens l\u00e5gpris h\u00f6ghastighetst\u00e5g - Svenska Magasinet<\/title>\n<meta name=\"robots\" content=\"noindex, follow, max-snippet:-1, max-image-preview:large, max-video-preview:-1\" \/>\n<meta property=\"og:locale\" content=\"sv_SE\" \/>\n<meta property=\"og:type\" content=\"article\" \/>\n<meta property=\"og:title\" content=\"S\u00e4ljsucc\u00e9 f\u00f6r spanska j\u00e4rnv\u00e4gens l\u00e5gpris h\u00f6ghastighetst\u00e5g\" \/>\n<meta property=\"og:description\" content=\"Under en m\u00e5nad har det s\u00e5lts \u00f6ver 145.000 biljetter till AVLO-t\u00e5gen som \u00e4r AVE-t\u00e5gens l\u00e5gprisvariant som b\u00f6rjar trafikeras den 6 april mellan Madrid och Barcelona, (via Zaragoza). Under den f\u00f6rsta m\u00e5naden efter biljettsl\u00e4ppet s\u00e5ldes 146.389 AVLO-biljetter vilket \u00e4r 28 % av det initiala biljetterbjudandet som t\u00e4cker biljetter f\u00f6r resor fram till den 31 augusti enligt [&hellip;]\" \/>\n<meta property=\"og:url\" content=\"https:\/\/lightweb.dev\/l\/svm-temp\/nyheter\/saljsucce-for-spanska-jarnvagens-lagpris-hoghastighetstag\/\" \/>\n<meta property=\"og:site_name\" content=\"Svenska Magasinet\" \/>\n<meta property=\"article:publisher\" content=\"https:\/\/www.facebook.com\/svenskamagasinet\" \/>\n<meta property=\"article:published_time\" content=\"2020-03-01T23:00:00+00:00\" \/>\n<meta property=\"og:image\" content=\"https:\/\/lightweb.dev\/l\/svm-temp\/wp-content\/uploads\/2022\/06\/saljsucce-for-spanska-jarnvagens-lagpris-hoghastighetstag.png\" \/>\n\t<meta property=\"og:image:width\" content=\"700\" \/>\n\t<meta property=\"og:image:height\" content=\"420\" \/>\n\t<meta property=\"og:image:type\" content=\"image\/png\" \/>\n<meta name=\"author\" content=\"Redaktionen SvM\" \/>\n<meta name=\"twitter:card\" content=\"summary_large_image\" \/>\n<meta name=\"twitter:creator\" content=\"@SvenskaMagasine\" \/>\n<meta name=\"twitter:site\" content=\"@SvenskaMagasine\" \/>\n<script type=\"application\/ld+json\" class=\"yoast-schema-graph\">{\"@context\":\"https:\\\/\\\/schema.org\",\"@graph\":[{\"@type\":\"Article\",\"@id\":\"https:\\\/\\\/lightweb.dev\\\/l\\\/svm-temp\\\/nyheter\\\/saljsucce-for-spanska-jarnvagens-lagpris-hoghastighetstag\\\/#article\",\"isPartOf\":{\"@id\":\"https:\\\/\\\/lightweb.dev\\\/l\\\/svm-temp\\\/nyheter\\\/saljsucce-for-spanska-jarnvagens-lagpris-hoghastighetstag\\\/\"},\"author\":{\"name\":\"Redaktionen SvM\",\"@id\":\"https:\\\/\\\/lightweb.dev\\\/l\\\/svm-temp\\\/#\\\/schema\\\/person\\\/206a3bda5b607b0c25e1749191e4d837\"},\"headline\":\"S\u00e4ljsucc\u00e9 f\u00f6r spanska j\u00e4rnv\u00e4gens l\u00e5gpris h\u00f6ghastighetst\u00e5g\",\"datePublished\":\"2020-03-01T23:00:00+00:00\",\"mainEntityOfPage\":{\"@id\":\"https:\\\/\\\/lightweb.dev\\\/l\\\/svm-temp\\\/nyheter\\\/saljsucce-for-spanska-jarnvagens-lagpris-hoghastighetstag\\\/\"},\"wordCount\":267,\"commentCount\":0,\"publisher\":{\"@id\":\"https:\\\/\\\/lightweb.dev\\\/l\\\/svm-temp\\\/#organization\"},\"image\":{\"@id\":\"https:\\\/\\\/lightweb.dev\\\/l\\\/svm-temp\\\/nyheter\\\/saljsucce-for-spanska-jarnvagens-lagpris-hoghastighetstag\\\/#primaryimage\"},\"thumbnailUrl\":\"https:\\\/\\\/lightweb.dev\\\/l\\\/svm-temp\\\/wp-content\\\/uploads\\\/2022\\\/06\\\/saljsucce-for-spanska-jarnvagens-lagpris-hoghastighetstag.png\",\"articleSection\":[\"Arkiv\",\"Nyheter\"],\"inLanguage\":\"sv-SE\"},{\"@type\":\"WebPage\",\"@id\":\"https:\\\/\\\/lightweb.dev\\\/l\\\/svm-temp\\\/nyheter\\\/saljsucce-for-spanska-jarnvagens-lagpris-hoghastighetstag\\\/\",\"url\":\"https:\\\/\\\/lightweb.dev\\\/l\\\/svm-temp\\\/nyheter\\\/saljsucce-for-spanska-jarnvagens-lagpris-hoghastighetstag\\\/\",\"name\":\"S\u00e4ljsucc\u00e9 f\u00f6r spanska j\u00e4rnv\u00e4gens l\u00e5gpris h\u00f6ghastighetst\u00e5g - Svenska Magasinet\",\"isPartOf\":{\"@id\":\"https:\\\/\\\/lightweb.dev\\\/l\\\/svm-temp\\\/#website\"},\"primaryImageOfPage\":{\"@id\":\"https:\\\/\\\/lightweb.dev\\\/l\\\/svm-temp\\\/nyheter\\\/saljsucce-for-spanska-jarnvagens-lagpris-hoghastighetstag\\\/#primaryimage\"},\"image\":{\"@id\":\"https:\\\/\\\/lightweb.dev\\\/l\\\/svm-temp\\\/nyheter\\\/saljsucce-for-spanska-jarnvagens-lagpris-hoghastighetstag\\\/#primaryimage\"},\"thumbnailUrl\":\"https:\\\/\\\/lightweb.dev\\\/l\\\/svm-temp\\\/wp-content\\\/uploads\\\/2022\\\/06\\\/saljsucce-for-spanska-jarnvagens-lagpris-hoghastighetstag.png\",\"datePublished\":\"2020-03-01T23:00:00+00:00\",\"breadcrumb\":{\"@id\":\"https:\\\/\\\/lightweb.dev\\\/l\\\/svm-temp\\\/nyheter\\\/saljsucce-for-spanska-jarnvagens-lagpris-hoghastighetstag\\\/#breadcrumb\"},\"inLanguage\":\"sv-SE\",\"potentialAction\":[{\"@type\":\"ReadAction\",\"target\":[\"https:\\\/\\\/lightweb.dev\\\/l\\\/svm-temp\\\/nyheter\\\/saljsucce-for-spanska-jarnvagens-lagpris-hoghastighetstag\\\/\"]}]},{\"@type\":\"ImageObject\",\"inLanguage\":\"sv-SE\",\"@id\":\"https:\\\/\\\/lightweb.dev\\\/l\\\/svm-temp\\\/nyheter\\\/saljsucce-for-spanska-jarnvagens-lagpris-hoghastighetstag\\\/#primaryimage\",\"url\":\"https:\\\/\\\/lightweb.dev\\\/l\\\/svm-temp\\\/wp-content\\\/uploads\\\/2022\\\/06\\\/saljsucce-for-spanska-jarnvagens-lagpris-hoghastighetstag.png\",\"contentUrl\":\"https:\\\/\\\/lightweb.dev\\\/l\\\/svm-temp\\\/wp-content\\\/uploads\\\/2022\\\/06\\\/saljsucce-for-spanska-jarnvagens-lagpris-hoghastighetstag.png\",\"width\":700,\"height\":420},{\"@type\":\"BreadcrumbList\",\"@id\":\"https:\\\/\\\/lightweb.dev\\\/l\\\/svm-temp\\\/nyheter\\\/saljsucce-for-spanska-jarnvagens-lagpris-hoghastighetstag\\\/#breadcrumb\",\"itemListElement\":[{\"@type\":\"ListItem\",\"position\":1,\"name\":\"Hem\",\"item\":\"https:\\\/\\\/lightweb.dev\\\/l\\\/svm-temp\\\/\"},{\"@type\":\"ListItem\",\"position\":2,\"name\":\"S\u00e4ljsucc\u00e9 f\u00f6r spanska j\u00e4rnv\u00e4gens l\u00e5gpris h\u00f6ghastighetst\u00e5g\"}]},{\"@type\":\"WebSite\",\"@id\":\"https:\\\/\\\/lightweb.dev\\\/l\\\/svm-temp\\\/#website\",\"url\":\"https:\\\/\\\/lightweb.dev\\\/l\\\/svm-temp\\\/\",\"name\":\"Svenska Magasinet\",\"description\":\"Dina Spanska nyheter p&aring; Svenska\",\"publisher\":{\"@id\":\"https:\\\/\\\/lightweb.dev\\\/l\\\/svm-temp\\\/#organization\"},\"potentialAction\":[{\"@type\":\"SearchAction\",\"target\":{\"@type\":\"EntryPoint\",\"urlTemplate\":\"https:\\\/\\\/lightweb.dev\\\/l\\\/svm-temp\\\/?s={search_term_string}\"},\"query-input\":{\"@type\":\"PropertyValueSpecification\",\"valueRequired\":true,\"valueName\":\"search_term_string\"}}],\"inLanguage\":\"sv-SE\"},{\"@type\":\"Organization\",\"@id\":\"https:\\\/\\\/lightweb.dev\\\/l\\\/svm-temp\\\/#organization\",\"name\":\"Melkerson y Nott SL\",\"alternateName\":\"Svenska Magasinet\",\"url\":\"https:\\\/\\\/lightweb.dev\\\/l\\\/svm-temp\\\/\",\"logo\":{\"@type\":\"ImageObject\",\"inLanguage\":\"sv-SE\",\"@id\":\"https:\\\/\\\/lightweb.dev\\\/l\\\/svm-temp\\\/#\\\/schema\\\/logo\\\/image\\\/\",\"url\":\"https:\\\/\\\/lightweb.dev\\\/l\\\/svm-temp\\\/wp-content\\\/uploads\\\/2025\\\/02\\\/SvM-logo-Xtra-Centrerad-SVART.png\",\"contentUrl\":\"https:\\\/\\\/lightweb.dev\\\/l\\\/svm-temp\\\/wp-content\\\/uploads\\\/2025\\\/02\\\/SvM-logo-Xtra-Centrerad-SVART.png\",\"width\":300,\"height\":99,\"caption\":\"Melkerson y Nott SL\"},\"image\":{\"@id\":\"https:\\\/\\\/lightweb.dev\\\/l\\\/svm-temp\\\/#\\\/schema\\\/logo\\\/image\\\/\"},\"sameAs\":[\"https:\\\/\\\/www.facebook.com\\\/svenskamagasinet\",\"https:\\\/\\\/x.com\\\/SvenskaMagasine\"]},{\"@type\":\"Person\",\"@id\":\"https:\\\/\\\/lightweb.dev\\\/l\\\/svm-temp\\\/#\\\/schema\\\/person\\\/206a3bda5b607b0c25e1749191e4d837\",\"name\":\"Redaktionen SvM\",\"description\":\"Redaktionen\",\"sameAs\":[\"https:\\\/\\\/lightweb.dev\\\/l\\\/svm-temp\"],\"url\":\"https:\\\/\\\/lightweb.dev\\\/l\\\/svm-temp\\\/reporter\\\/redaktionen\\\/\"}]}<\/script>\n<!-- \/ Yoast SEO Premium plugin. -->","yoast_head_json":{"title":"S\u00e4ljsucc\u00e9 f\u00f6r spanska j\u00e4rnv\u00e4gens l\u00e5gpris h\u00f6ghastighetst\u00e5g - Svenska Magasinet","robots":{"index":"noindex","follow":"follow","max-snippet":"max-snippet:-1","max-image-preview":"max-image-preview:large","max-video-preview":"max-video-preview:-1"},"og_locale":"sv_SE","og_type":"article","og_title":"S\u00e4ljsucc\u00e9 f\u00f6r spanska j\u00e4rnv\u00e4gens l\u00e5gpris h\u00f6ghastighetst\u00e5g","og_description":"Under en m\u00e5nad har det s\u00e5lts \u00f6ver 145.000 biljetter till AVLO-t\u00e5gen som \u00e4r AVE-t\u00e5gens l\u00e5gprisvariant som b\u00f6rjar trafikeras den 6 april mellan Madrid och Barcelona, (via Zaragoza). Under den f\u00f6rsta m\u00e5naden efter biljettsl\u00e4ppet s\u00e5ldes 146.389 AVLO-biljetter vilket \u00e4r 28 % av det initiala biljetterbjudandet som t\u00e4cker biljetter f\u00f6r resor fram till den 31 augusti enligt [&hellip;]","og_url":"https:\/\/lightweb.dev\/l\/svm-temp\/nyheter\/saljsucce-for-spanska-jarnvagens-lagpris-hoghastighetstag\/","og_site_name":"Svenska Magasinet","article_publisher":"https:\/\/www.facebook.com\/svenskamagasinet","article_published_time":"2020-03-01T23:00:00+00:00","og_image":[{"width":700,"height":420,"url":"https:\/\/lightweb.dev\/l\/svm-temp\/wp-content\/uploads\/2022\/06\/saljsucce-for-spanska-jarnvagens-lagpris-hoghastighetstag.png","type":"image\/png"}],"author":"Redaktionen SvM","twitter_card":"summary_large_image","twitter_creator":"@SvenskaMagasine","twitter_site":"@SvenskaMagasine","schema":{"@context":"https:\/\/schema.org","@graph":[{"@type":"Article","@id":"https:\/\/lightweb.dev\/l\/svm-temp\/nyheter\/saljsucce-for-spanska-jarnvagens-lagpris-hoghastighetstag\/#article","isPartOf":{"@id":"https:\/\/lightweb.dev\/l\/svm-temp\/nyheter\/saljsucce-for-spanska-jarnvagens-lagpris-hoghastighetstag\/"},"author":{"name":"Redaktionen SvM","@id":"https:\/\/lightweb.dev\/l\/svm-temp\/#\/schema\/person\/206a3bda5b607b0c25e1749191e4d837"},"headline":"S\u00e4ljsucc\u00e9 f\u00f6r spanska j\u00e4rnv\u00e4gens l\u00e5gpris h\u00f6ghastighetst\u00e5g","datePublished":"2020-03-01T23:00:00+00:00","mainEntityOfPage":{"@id":"https:\/\/lightweb.dev\/l\/svm-temp\/nyheter\/saljsucce-for-spanska-jarnvagens-lagpris-hoghastighetstag\/"},"wordCount":267,"commentCount":0,"publisher":{"@id":"https:\/\/lightweb.dev\/l\/svm-temp\/#organization"},"image":{"@id":"https:\/\/lightweb.dev\/l\/svm-temp\/nyheter\/saljsucce-for-spanska-jarnvagens-lagpris-hoghastighetstag\/#primaryimage"},"thumbnailUrl":"https:\/\/lightweb.dev\/l\/svm-temp\/wp-content\/uploads\/2022\/06\/saljsucce-for-spanska-jarnvagens-lagpris-hoghastighetstag.png","articleSection":["Arkiv","Nyheter"],"inLanguage":"sv-SE"},{"@type":"WebPage","@id":"https:\/\/lightweb.dev\/l\/svm-temp\/nyheter\/saljsucce-for-spanska-jarnvagens-lagpris-hoghastighetstag\/","url":"https:\/\/lightweb.dev\/l\/svm-temp\/nyheter\/saljsucce-for-spanska-jarnvagens-lagpris-hoghastighetstag\/","name":"S\u00e4ljsucc\u00e9 f\u00f6r spanska j\u00e4rnv\u00e4gens l\u00e5gpris h\u00f6ghastighetst\u00e5g - Svenska Magasinet","isPartOf":{"@id":"https:\/\/lightweb.dev\/l\/svm-temp\/#website"},"primaryImageOfPage":{"@id":"https:\/\/lightweb.dev\/l\/svm-temp\/nyheter\/saljsucce-for-spanska-jarnvagens-lagpris-hoghastighetstag\/#primaryimage"},"image":{"@id":"https:\/\/lightweb.dev\/l\/svm-temp\/nyheter\/saljsucce-for-spanska-jarnvagens-lagpris-hoghastighetstag\/#primaryimage"},"thumbnailUrl":"https:\/\/lightweb.dev\/l\/svm-temp\/wp-content\/uploads\/2022\/06\/saljsucce-for-spanska-jarnvagens-lagpris-hoghastighetstag.png","datePublished":"2020-03-01T23:00:00+00:00","breadcrumb":{"@id":"https:\/\/lightweb.dev\/l\/svm-temp\/nyheter\/saljsucce-for-spanska-jarnvagens-lagpris-hoghastighetstag\/#breadcrumb"},"inLanguage":"sv-SE","potentialAction":[{"@type":"ReadAction","target":["https:\/\/lightweb.dev\/l\/svm-temp\/nyheter\/saljsucce-for-spanska-jarnvagens-lagpris-hoghastighetstag\/"]}]},{"@type":"ImageObject","inLanguage":"sv-SE","@id":"https:\/\/lightweb.dev\/l\/svm-temp\/nyheter\/saljsucce-for-spanska-jarnvagens-lagpris-hoghastighetstag\/#primaryimage","url":"https:\/\/lightweb.dev\/l\/svm-temp\/wp-content\/uploads\/2022\/06\/saljsucce-for-spanska-jarnvagens-lagpris-hoghastighetstag.png","contentUrl":"https:\/\/lightweb.dev\/l\/svm-temp\/wp-content\/uploads\/2022\/06\/saljsucce-for-spanska-jarnvagens-lagpris-hoghastighetstag.png","width":700,"height":420},{"@type":"BreadcrumbList","@id":"https:\/\/lightweb.dev\/l\/svm-temp\/nyheter\/saljsucce-for-spanska-jarnvagens-lagpris-hoghastighetstag\/#breadcrumb","itemListElement":[{"@type":"ListItem","position":1,"name":"Hem","item":"https:\/\/lightweb.dev\/l\/svm-temp\/"},{"@type":"ListItem","position":2,"name":"S\u00e4ljsucc\u00e9 f\u00f6r spanska j\u00e4rnv\u00e4gens l\u00e5gpris h\u00f6ghastighetst\u00e5g"}]},{"@type":"WebSite","@id":"https:\/\/lightweb.dev\/l\/svm-temp\/#website","url":"https:\/\/lightweb.dev\/l\/svm-temp\/","name":"Svenska Magasinet","description":"Dina Spanska nyheter p&aring; Svenska","publisher":{"@id":"https:\/\/lightweb.dev\/l\/svm-temp\/#organization"},"potentialAction":[{"@type":"SearchAction","target":{"@type":"EntryPoint","urlTemplate":"https:\/\/lightweb.dev\/l\/svm-temp\/?s={search_term_string}"},"query-input":{"@type":"PropertyValueSpecification","valueRequired":true,"valueName":"search_term_string"}}],"inLanguage":"sv-SE"},{"@type":"Organization","@id":"https:\/\/lightweb.dev\/l\/svm-temp\/#organization","name":"Melkerson y Nott SL","alternateName":"Svenska Magasinet","url":"https:\/\/lightweb.dev\/l\/svm-temp\/","logo":{"@type":"ImageObject","inLanguage":"sv-SE","@id":"https:\/\/lightweb.dev\/l\/svm-temp\/#\/schema\/logo\/image\/","url":"https:\/\/lightweb.dev\/l\/svm-temp\/wp-content\/uploads\/2025\/02\/SvM-logo-Xtra-Centrerad-SVART.png","contentUrl":"https:\/\/lightweb.dev\/l\/svm-temp\/wp-content\/uploads\/2025\/02\/SvM-logo-Xtra-Centrerad-SVART.png","width":300,"height":99,"caption":"Melkerson y Nott SL"},"image":{"@id":"https:\/\/lightweb.dev\/l\/svm-temp\/#\/schema\/logo\/image\/"},"sameAs":["https:\/\/www.facebook.com\/svenskamagasinet","https:\/\/x.com\/SvenskaMagasine"]},{"@type":"Person","@id":"https:\/\/lightweb.dev\/l\/svm-temp\/#\/schema\/person\/206a3bda5b607b0c25e1749191e4d837","name":"Redaktionen SvM","description":"Redaktionen","sameAs":["https:\/\/lightweb.dev\/l\/svm-temp"],"url":"https:\/\/lightweb.dev\/l\/svm-temp\/reporter\/redaktionen\/"}]}},"_links":{"self":[{"href":"https:\/\/lightweb.dev\/l\/svm-temp\/wp-json\/wp\/v2\/posts\/14691","targetHints":{"allow":["GET"]}}],"collection":[{"href":"https:\/\/lightweb.dev\/l\/svm-temp\/wp-json\/wp\/v2\/posts"}],"about":[{"href":"https:\/\/lightweb.dev\/l\/svm-temp\/wp-json\/wp\/v2\/types\/post"}],"author":[{"embeddable":true,"href":"https:\/\/lightweb.dev\/l\/svm-temp\/wp-json\/wp\/v2\/users\/8"}],"replies":[{"embeddable":true,"href":"https:\/\/lightweb.dev\/l\/svm-temp\/wp-json\/wp\/v2\/comments?post=14691"}],"version-history":[{"count":0,"href":"https:\/\/lightweb.dev\/l\/svm-temp\/wp-json\/wp\/v2\/posts\/14691\/revisions"}],"wp:featuredmedia":[{"embeddable":true,"href":"https:\/\/lightweb.dev\/l\/svm-temp\/wp-json\/wp\/v2\/media\/14692"}],"wp:attachment":[{"href":"https:\/\/lightweb.dev\/l\/svm-temp\/wp-json\/wp\/v2\/media?parent=14691"}],"wp:term":[{"taxonomy":"category","embeddable":true,"href":"https:\/\/lightweb.dev\/l\/svm-temp\/wp-json\/wp\/v2\/categories?post=14691"},{"taxonomy":"post_tag","embeddable":true,"href":"https:\/\/lightweb.dev\/l\/svm-temp\/wp-json\/wp\/v2\/tags?post=14691"}],"curies":[{"name":"wp","href":"https:\/\/api.w.org\/{rel}","templated":true}]}}