{"id":14697,"date":"2020-02-27T00:00:00","date_gmt":"2020-02-26T23:00:00","guid":{"rendered":"https:\/\/lightweb.dev\/l\/svm-temp\/nyheter\/andalusiens-dag-den-28-februari-2020-bjuder-pa-fint-vader\/"},"modified":"2020-02-27T00:00:00","modified_gmt":"2020-02-26T23:00:00","slug":"andalusiens-dag-den-28-februari-2020-bjuder-pa-fint-vader","status":"publish","type":"post","link":"https:\/\/lightweb.dev\/l\/svm-temp\/nyheter\/andalusiens-dag-den-28-februari-2020-bjuder-pa-fint-vader\/","title":{"rendered":"Andalusiens dag den 28 februari 2020 bjuder p\u00e5 fint v\u00e4der"},"content":{"rendered":"<p> I morgon fredagen den 28 februari \u00e4r det \u201cD\u00eda de Andaluc\u00eda\u201d som \u00e4r den autonoma regionen Andalusiens dag och helgdag i hela Andalusien.<\/p>\n<p>Passa d\u00e4rf\u00f6r p\u00e5 att g\u00f6ra alla n\u00f6dv\u00e4ndiga ink\u00f6p idag eftersom det mesta \u00e4r st\u00e4ngt i morgon (restauranger \u00e4r \u00f6ppna). Faktum \u00e4r att Andalusiens dag firas mer h\u00f6gtidligt \u00e4n nationaldagen &#8221;D\u00eda de la Hispanidad&#8221; den 12 oktober.<br \/>\nDagen brukar firas med att familjerna g\u00f6r utflykter, restaurangbes\u00f6k mm. Kommunerna anordnar  dessutom olika festligheter med s\u00e5ng, dans och utst\u00e4llningar. I M\u00e1laga bjuder Picassomuseet dagen till \u00e4ra p\u00e5 gratis intr\u00e4de mellan klockan 10:00 och 18:00.<\/p>\n<p>Grunden till det hela \u00e4r att man firar den folkomr\u00f6stningen som gjordes den 28 februari 1980 d\u00e4r v\u00e4ljarna r\u00f6stade f\u00f6r lagen som gjorde Andalusien till ett autonom region i Spanien.<\/p>\n<p>F\u00f6rra \u00e5ret var det fint v\u00e4der den 28 februari och i \u00e5r utlovas ocks\u00e5 fint v\u00e4der i hela Andalusien. Det blir riktigt behagliga temperaturer p\u00e5 mellan 19 och 25 grader, lite svalare nere vid Gibraltarsund. Solsken med sm\u00e5 l\u00e4tta sommarmoln lovas f\u00f6r i princip hela Andalusien. Vi \u00f6nskar alla: \u00a1Feliz D\u00eda de Andaluc\u00eda!<\/p>\n<p>Bildtext: Andalusiens flagga \u00e4r gr\u00f6n och vit.<br \/>\nArtikel: Jonny Erixon.<\/p>\n","protected":false},"excerpt":{"rendered":"<p>I morgon fredagen den 28 februari \u00e4r det \u201cD\u00eda de Andaluc\u00eda\u201d som \u00e4r den autonoma regionen Andalusiens dag och helgdag i hela Andalusien. Passa d\u00e4rf\u00f6r p\u00e5 att g\u00f6ra alla n\u00f6dv\u00e4ndiga ink\u00f6p idag eftersom det mesta \u00e4r st\u00e4ngt i morgon (restauranger \u00e4r \u00f6ppna). Faktum \u00e4r att Andalusiens dag firas mer h\u00f6gtidligt \u00e4n nationaldagen &#8221;D\u00eda de la [&hellip;]<\/p>\n","protected":false},"author":8,"featured_media":14698,"comment_status":"open","ping_status":"open","sticky":false,"template":"","format":"standard","meta":{"_et_pb_use_builder":"","_et_pb_old_content":"","_et_gb_content_width":"","footnotes":""},"categories":[395,3],"tags":[],"class_list":["post-14697","post","type-post","status-publish","format-standard","has-post-thumbnail","hentry","category-arkiv-nyheter","category-nyheter"],"yoast_head":"<!-- This site is optimized with the Yoast SEO Premium plugin v26.2 (Yoast SEO v27.4) - https:\/\/yoast.com\/product\/yoast-seo-premium-wordpress\/ -->\n<title>Andalusiens dag den 28 februari 2020 bjuder p\u00e5 fint v\u00e4der - Svenska Magasinet<\/title>\n<meta name=\"robots\" content=\"noindex, follow, max-snippet:-1, max-image-preview:large, max-video-preview:-1\" \/>\n<meta property=\"og:locale\" content=\"sv_SE\" \/>\n<meta property=\"og:type\" content=\"article\" \/>\n<meta property=\"og:title\" content=\"Andalusiens dag den 28 februari 2020 bjuder p\u00e5 fint v\u00e4der\" \/>\n<meta property=\"og:description\" content=\"I morgon fredagen den 28 februari \u00e4r det \u201cD\u00eda de Andaluc\u00eda\u201d som \u00e4r den autonoma regionen Andalusiens dag och helgdag i hela Andalusien. Passa d\u00e4rf\u00f6r p\u00e5 att g\u00f6ra alla n\u00f6dv\u00e4ndiga ink\u00f6p idag eftersom det mesta \u00e4r st\u00e4ngt i morgon (restauranger \u00e4r \u00f6ppna). Faktum \u00e4r att Andalusiens dag firas mer h\u00f6gtidligt \u00e4n nationaldagen &#8221;D\u00eda de la [&hellip;]\" \/>\n<meta property=\"og:url\" content=\"https:\/\/lightweb.dev\/l\/svm-temp\/nyheter\/andalusiens-dag-den-28-februari-2020-bjuder-pa-fint-vader\/\" \/>\n<meta property=\"og:site_name\" content=\"Svenska Magasinet\" \/>\n<meta property=\"article:publisher\" content=\"https:\/\/www.facebook.com\/svenskamagasinet\" \/>\n<meta property=\"article:published_time\" content=\"2020-02-26T23:00:00+00:00\" \/>\n<meta property=\"og:image\" content=\"https:\/\/lightweb.dev\/l\/svm-temp\/wp-content\/uploads\/2022\/06\/andalusiens-dag-den-28-februari-2020-bjuder-pa-fint-vader.png\" \/>\n\t<meta property=\"og:image:width\" content=\"700\" \/>\n\t<meta property=\"og:image:height\" content=\"420\" \/>\n\t<meta property=\"og:image:type\" content=\"image\/png\" \/>\n<meta name=\"author\" content=\"Redaktionen SvM\" \/>\n<meta name=\"twitter:card\" content=\"summary_large_image\" \/>\n<meta name=\"twitter:creator\" content=\"@SvenskaMagasine\" \/>\n<meta name=\"twitter:site\" content=\"@SvenskaMagasine\" \/>\n<script type=\"application\/ld+json\" class=\"yoast-schema-graph\">{\"@context\":\"https:\\\/\\\/schema.org\",\"@graph\":[{\"@type\":\"Article\",\"@id\":\"https:\\\/\\\/lightweb.dev\\\/l\\\/svm-temp\\\/nyheter\\\/andalusiens-dag-den-28-februari-2020-bjuder-pa-fint-vader\\\/#article\",\"isPartOf\":{\"@id\":\"https:\\\/\\\/lightweb.dev\\\/l\\\/svm-temp\\\/nyheter\\\/andalusiens-dag-den-28-februari-2020-bjuder-pa-fint-vader\\\/\"},\"author\":{\"name\":\"Redaktionen SvM\",\"@id\":\"https:\\\/\\\/lightweb.dev\\\/l\\\/svm-temp\\\/#\\\/schema\\\/person\\\/206a3bda5b607b0c25e1749191e4d837\"},\"headline\":\"Andalusiens dag den 28 februari 2020 bjuder p\u00e5 fint v\u00e4der\",\"datePublished\":\"2020-02-26T23:00:00+00:00\",\"mainEntityOfPage\":{\"@id\":\"https:\\\/\\\/lightweb.dev\\\/l\\\/svm-temp\\\/nyheter\\\/andalusiens-dag-den-28-februari-2020-bjuder-pa-fint-vader\\\/\"},\"wordCount\":217,\"commentCount\":0,\"publisher\":{\"@id\":\"https:\\\/\\\/lightweb.dev\\\/l\\\/svm-temp\\\/#organization\"},\"image\":{\"@id\":\"https:\\\/\\\/lightweb.dev\\\/l\\\/svm-temp\\\/nyheter\\\/andalusiens-dag-den-28-februari-2020-bjuder-pa-fint-vader\\\/#primaryimage\"},\"thumbnailUrl\":\"https:\\\/\\\/lightweb.dev\\\/l\\\/svm-temp\\\/wp-content\\\/uploads\\\/2022\\\/06\\\/andalusiens-dag-den-28-februari-2020-bjuder-pa-fint-vader.png\",\"articleSection\":[\"Arkiv\",\"Nyheter\"],\"inLanguage\":\"sv-SE\"},{\"@type\":\"WebPage\",\"@id\":\"https:\\\/\\\/lightweb.dev\\\/l\\\/svm-temp\\\/nyheter\\\/andalusiens-dag-den-28-februari-2020-bjuder-pa-fint-vader\\\/\",\"url\":\"https:\\\/\\\/lightweb.dev\\\/l\\\/svm-temp\\\/nyheter\\\/andalusiens-dag-den-28-februari-2020-bjuder-pa-fint-vader\\\/\",\"name\":\"Andalusiens dag den 28 februari 2020 bjuder p\u00e5 fint v\u00e4der - Svenska Magasinet\",\"isPartOf\":{\"@id\":\"https:\\\/\\\/lightweb.dev\\\/l\\\/svm-temp\\\/#website\"},\"primaryImageOfPage\":{\"@id\":\"https:\\\/\\\/lightweb.dev\\\/l\\\/svm-temp\\\/nyheter\\\/andalusiens-dag-den-28-februari-2020-bjuder-pa-fint-vader\\\/#primaryimage\"},\"image\":{\"@id\":\"https:\\\/\\\/lightweb.dev\\\/l\\\/svm-temp\\\/nyheter\\\/andalusiens-dag-den-28-februari-2020-bjuder-pa-fint-vader\\\/#primaryimage\"},\"thumbnailUrl\":\"https:\\\/\\\/lightweb.dev\\\/l\\\/svm-temp\\\/wp-content\\\/uploads\\\/2022\\\/06\\\/andalusiens-dag-den-28-februari-2020-bjuder-pa-fint-vader.png\",\"datePublished\":\"2020-02-26T23:00:00+00:00\",\"breadcrumb\":{\"@id\":\"https:\\\/\\\/lightweb.dev\\\/l\\\/svm-temp\\\/nyheter\\\/andalusiens-dag-den-28-februari-2020-bjuder-pa-fint-vader\\\/#breadcrumb\"},\"inLanguage\":\"sv-SE\",\"potentialAction\":[{\"@type\":\"ReadAction\",\"target\":[\"https:\\\/\\\/lightweb.dev\\\/l\\\/svm-temp\\\/nyheter\\\/andalusiens-dag-den-28-februari-2020-bjuder-pa-fint-vader\\\/\"]}]},{\"@type\":\"ImageObject\",\"inLanguage\":\"sv-SE\",\"@id\":\"https:\\\/\\\/lightweb.dev\\\/l\\\/svm-temp\\\/nyheter\\\/andalusiens-dag-den-28-februari-2020-bjuder-pa-fint-vader\\\/#primaryimage\",\"url\":\"https:\\\/\\\/lightweb.dev\\\/l\\\/svm-temp\\\/wp-content\\\/uploads\\\/2022\\\/06\\\/andalusiens-dag-den-28-februari-2020-bjuder-pa-fint-vader.png\",\"contentUrl\":\"https:\\\/\\\/lightweb.dev\\\/l\\\/svm-temp\\\/wp-content\\\/uploads\\\/2022\\\/06\\\/andalusiens-dag-den-28-februari-2020-bjuder-pa-fint-vader.png\",\"width\":700,\"height\":420},{\"@type\":\"BreadcrumbList\",\"@id\":\"https:\\\/\\\/lightweb.dev\\\/l\\\/svm-temp\\\/nyheter\\\/andalusiens-dag-den-28-februari-2020-bjuder-pa-fint-vader\\\/#breadcrumb\",\"itemListElement\":[{\"@type\":\"ListItem\",\"position\":1,\"name\":\"Hem\",\"item\":\"https:\\\/\\\/lightweb.dev\\\/l\\\/svm-temp\\\/\"},{\"@type\":\"ListItem\",\"position\":2,\"name\":\"Andalusiens dag den 28 februari 2020 bjuder p\u00e5 fint v\u00e4der\"}]},{\"@type\":\"WebSite\",\"@id\":\"https:\\\/\\\/lightweb.dev\\\/l\\\/svm-temp\\\/#website\",\"url\":\"https:\\\/\\\/lightweb.dev\\\/l\\\/svm-temp\\\/\",\"name\":\"Svenska Magasinet\",\"description\":\"Dina Spanska nyheter p&aring; Svenska\",\"publisher\":{\"@id\":\"https:\\\/\\\/lightweb.dev\\\/l\\\/svm-temp\\\/#organization\"},\"potentialAction\":[{\"@type\":\"SearchAction\",\"target\":{\"@type\":\"EntryPoint\",\"urlTemplate\":\"https:\\\/\\\/lightweb.dev\\\/l\\\/svm-temp\\\/?s={search_term_string}\"},\"query-input\":{\"@type\":\"PropertyValueSpecification\",\"valueRequired\":true,\"valueName\":\"search_term_string\"}}],\"inLanguage\":\"sv-SE\"},{\"@type\":\"Organization\",\"@id\":\"https:\\\/\\\/lightweb.dev\\\/l\\\/svm-temp\\\/#organization\",\"name\":\"Melkerson y Nott SL\",\"alternateName\":\"Svenska Magasinet\",\"url\":\"https:\\\/\\\/lightweb.dev\\\/l\\\/svm-temp\\\/\",\"logo\":{\"@type\":\"ImageObject\",\"inLanguage\":\"sv-SE\",\"@id\":\"https:\\\/\\\/lightweb.dev\\\/l\\\/svm-temp\\\/#\\\/schema\\\/logo\\\/image\\\/\",\"url\":\"https:\\\/\\\/lightweb.dev\\\/l\\\/svm-temp\\\/wp-content\\\/uploads\\\/2025\\\/02\\\/SvM-logo-Xtra-Centrerad-SVART.png\",\"contentUrl\":\"https:\\\/\\\/lightweb.dev\\\/l\\\/svm-temp\\\/wp-content\\\/uploads\\\/2025\\\/02\\\/SvM-logo-Xtra-Centrerad-SVART.png\",\"width\":300,\"height\":99,\"caption\":\"Melkerson y Nott SL\"},\"image\":{\"@id\":\"https:\\\/\\\/lightweb.dev\\\/l\\\/svm-temp\\\/#\\\/schema\\\/logo\\\/image\\\/\"},\"sameAs\":[\"https:\\\/\\\/www.facebook.com\\\/svenskamagasinet\",\"https:\\\/\\\/x.com\\\/SvenskaMagasine\"]},{\"@type\":\"Person\",\"@id\":\"https:\\\/\\\/lightweb.dev\\\/l\\\/svm-temp\\\/#\\\/schema\\\/person\\\/206a3bda5b607b0c25e1749191e4d837\",\"name\":\"Redaktionen SvM\",\"description\":\"Redaktionen\",\"sameAs\":[\"https:\\\/\\\/lightweb.dev\\\/l\\\/svm-temp\"],\"url\":\"https:\\\/\\\/lightweb.dev\\\/l\\\/svm-temp\\\/reporter\\\/redaktionen\\\/\"}]}<\/script>\n<!-- \/ Yoast SEO Premium plugin. -->","yoast_head_json":{"title":"Andalusiens dag den 28 februari 2020 bjuder p\u00e5 fint v\u00e4der - Svenska Magasinet","robots":{"index":"noindex","follow":"follow","max-snippet":"max-snippet:-1","max-image-preview":"max-image-preview:large","max-video-preview":"max-video-preview:-1"},"og_locale":"sv_SE","og_type":"article","og_title":"Andalusiens dag den 28 februari 2020 bjuder p\u00e5 fint v\u00e4der","og_description":"I morgon fredagen den 28 februari \u00e4r det \u201cD\u00eda de Andaluc\u00eda\u201d som \u00e4r den autonoma regionen Andalusiens dag och helgdag i hela Andalusien. Passa d\u00e4rf\u00f6r p\u00e5 att g\u00f6ra alla n\u00f6dv\u00e4ndiga ink\u00f6p idag eftersom det mesta \u00e4r st\u00e4ngt i morgon (restauranger \u00e4r \u00f6ppna). Faktum \u00e4r att Andalusiens dag firas mer h\u00f6gtidligt \u00e4n nationaldagen &#8221;D\u00eda de la [&hellip;]","og_url":"https:\/\/lightweb.dev\/l\/svm-temp\/nyheter\/andalusiens-dag-den-28-februari-2020-bjuder-pa-fint-vader\/","og_site_name":"Svenska Magasinet","article_publisher":"https:\/\/www.facebook.com\/svenskamagasinet","article_published_time":"2020-02-26T23:00:00+00:00","og_image":[{"width":700,"height":420,"url":"https:\/\/lightweb.dev\/l\/svm-temp\/wp-content\/uploads\/2022\/06\/andalusiens-dag-den-28-februari-2020-bjuder-pa-fint-vader.png","type":"image\/png"}],"author":"Redaktionen SvM","twitter_card":"summary_large_image","twitter_creator":"@SvenskaMagasine","twitter_site":"@SvenskaMagasine","schema":{"@context":"https:\/\/schema.org","@graph":[{"@type":"Article","@id":"https:\/\/lightweb.dev\/l\/svm-temp\/nyheter\/andalusiens-dag-den-28-februari-2020-bjuder-pa-fint-vader\/#article","isPartOf":{"@id":"https:\/\/lightweb.dev\/l\/svm-temp\/nyheter\/andalusiens-dag-den-28-februari-2020-bjuder-pa-fint-vader\/"},"author":{"name":"Redaktionen SvM","@id":"https:\/\/lightweb.dev\/l\/svm-temp\/#\/schema\/person\/206a3bda5b607b0c25e1749191e4d837"},"headline":"Andalusiens dag den 28 februari 2020 bjuder p\u00e5 fint v\u00e4der","datePublished":"2020-02-26T23:00:00+00:00","mainEntityOfPage":{"@id":"https:\/\/lightweb.dev\/l\/svm-temp\/nyheter\/andalusiens-dag-den-28-februari-2020-bjuder-pa-fint-vader\/"},"wordCount":217,"commentCount":0,"publisher":{"@id":"https:\/\/lightweb.dev\/l\/svm-temp\/#organization"},"image":{"@id":"https:\/\/lightweb.dev\/l\/svm-temp\/nyheter\/andalusiens-dag-den-28-februari-2020-bjuder-pa-fint-vader\/#primaryimage"},"thumbnailUrl":"https:\/\/lightweb.dev\/l\/svm-temp\/wp-content\/uploads\/2022\/06\/andalusiens-dag-den-28-februari-2020-bjuder-pa-fint-vader.png","articleSection":["Arkiv","Nyheter"],"inLanguage":"sv-SE"},{"@type":"WebPage","@id":"https:\/\/lightweb.dev\/l\/svm-temp\/nyheter\/andalusiens-dag-den-28-februari-2020-bjuder-pa-fint-vader\/","url":"https:\/\/lightweb.dev\/l\/svm-temp\/nyheter\/andalusiens-dag-den-28-februari-2020-bjuder-pa-fint-vader\/","name":"Andalusiens dag den 28 februari 2020 bjuder p\u00e5 fint v\u00e4der - Svenska Magasinet","isPartOf":{"@id":"https:\/\/lightweb.dev\/l\/svm-temp\/#website"},"primaryImageOfPage":{"@id":"https:\/\/lightweb.dev\/l\/svm-temp\/nyheter\/andalusiens-dag-den-28-februari-2020-bjuder-pa-fint-vader\/#primaryimage"},"image":{"@id":"https:\/\/lightweb.dev\/l\/svm-temp\/nyheter\/andalusiens-dag-den-28-februari-2020-bjuder-pa-fint-vader\/#primaryimage"},"thumbnailUrl":"https:\/\/lightweb.dev\/l\/svm-temp\/wp-content\/uploads\/2022\/06\/andalusiens-dag-den-28-februari-2020-bjuder-pa-fint-vader.png","datePublished":"2020-02-26T23:00:00+00:00","breadcrumb":{"@id":"https:\/\/lightweb.dev\/l\/svm-temp\/nyheter\/andalusiens-dag-den-28-februari-2020-bjuder-pa-fint-vader\/#breadcrumb"},"inLanguage":"sv-SE","potentialAction":[{"@type":"ReadAction","target":["https:\/\/lightweb.dev\/l\/svm-temp\/nyheter\/andalusiens-dag-den-28-februari-2020-bjuder-pa-fint-vader\/"]}]},{"@type":"ImageObject","inLanguage":"sv-SE","@id":"https:\/\/lightweb.dev\/l\/svm-temp\/nyheter\/andalusiens-dag-den-28-februari-2020-bjuder-pa-fint-vader\/#primaryimage","url":"https:\/\/lightweb.dev\/l\/svm-temp\/wp-content\/uploads\/2022\/06\/andalusiens-dag-den-28-februari-2020-bjuder-pa-fint-vader.png","contentUrl":"https:\/\/lightweb.dev\/l\/svm-temp\/wp-content\/uploads\/2022\/06\/andalusiens-dag-den-28-februari-2020-bjuder-pa-fint-vader.png","width":700,"height":420},{"@type":"BreadcrumbList","@id":"https:\/\/lightweb.dev\/l\/svm-temp\/nyheter\/andalusiens-dag-den-28-februari-2020-bjuder-pa-fint-vader\/#breadcrumb","itemListElement":[{"@type":"ListItem","position":1,"name":"Hem","item":"https:\/\/lightweb.dev\/l\/svm-temp\/"},{"@type":"ListItem","position":2,"name":"Andalusiens dag den 28 februari 2020 bjuder p\u00e5 fint v\u00e4der"}]},{"@type":"WebSite","@id":"https:\/\/lightweb.dev\/l\/svm-temp\/#website","url":"https:\/\/lightweb.dev\/l\/svm-temp\/","name":"Svenska Magasinet","description":"Dina Spanska nyheter p&aring; Svenska","publisher":{"@id":"https:\/\/lightweb.dev\/l\/svm-temp\/#organization"},"potentialAction":[{"@type":"SearchAction","target":{"@type":"EntryPoint","urlTemplate":"https:\/\/lightweb.dev\/l\/svm-temp\/?s={search_term_string}"},"query-input":{"@type":"PropertyValueSpecification","valueRequired":true,"valueName":"search_term_string"}}],"inLanguage":"sv-SE"},{"@type":"Organization","@id":"https:\/\/lightweb.dev\/l\/svm-temp\/#organization","name":"Melkerson y Nott SL","alternateName":"Svenska Magasinet","url":"https:\/\/lightweb.dev\/l\/svm-temp\/","logo":{"@type":"ImageObject","inLanguage":"sv-SE","@id":"https:\/\/lightweb.dev\/l\/svm-temp\/#\/schema\/logo\/image\/","url":"https:\/\/lightweb.dev\/l\/svm-temp\/wp-content\/uploads\/2025\/02\/SvM-logo-Xtra-Centrerad-SVART.png","contentUrl":"https:\/\/lightweb.dev\/l\/svm-temp\/wp-content\/uploads\/2025\/02\/SvM-logo-Xtra-Centrerad-SVART.png","width":300,"height":99,"caption":"Melkerson y Nott SL"},"image":{"@id":"https:\/\/lightweb.dev\/l\/svm-temp\/#\/schema\/logo\/image\/"},"sameAs":["https:\/\/www.facebook.com\/svenskamagasinet","https:\/\/x.com\/SvenskaMagasine"]},{"@type":"Person","@id":"https:\/\/lightweb.dev\/l\/svm-temp\/#\/schema\/person\/206a3bda5b607b0c25e1749191e4d837","name":"Redaktionen SvM","description":"Redaktionen","sameAs":["https:\/\/lightweb.dev\/l\/svm-temp"],"url":"https:\/\/lightweb.dev\/l\/svm-temp\/reporter\/redaktionen\/"}]}},"_links":{"self":[{"href":"https:\/\/lightweb.dev\/l\/svm-temp\/wp-json\/wp\/v2\/posts\/14697","targetHints":{"allow":["GET"]}}],"collection":[{"href":"https:\/\/lightweb.dev\/l\/svm-temp\/wp-json\/wp\/v2\/posts"}],"about":[{"href":"https:\/\/lightweb.dev\/l\/svm-temp\/wp-json\/wp\/v2\/types\/post"}],"author":[{"embeddable":true,"href":"https:\/\/lightweb.dev\/l\/svm-temp\/wp-json\/wp\/v2\/users\/8"}],"replies":[{"embeddable":true,"href":"https:\/\/lightweb.dev\/l\/svm-temp\/wp-json\/wp\/v2\/comments?post=14697"}],"version-history":[{"count":0,"href":"https:\/\/lightweb.dev\/l\/svm-temp\/wp-json\/wp\/v2\/posts\/14697\/revisions"}],"wp:featuredmedia":[{"embeddable":true,"href":"https:\/\/lightweb.dev\/l\/svm-temp\/wp-json\/wp\/v2\/media\/14698"}],"wp:attachment":[{"href":"https:\/\/lightweb.dev\/l\/svm-temp\/wp-json\/wp\/v2\/media?parent=14697"}],"wp:term":[{"taxonomy":"category","embeddable":true,"href":"https:\/\/lightweb.dev\/l\/svm-temp\/wp-json\/wp\/v2\/categories?post=14697"},{"taxonomy":"post_tag","embeddable":true,"href":"https:\/\/lightweb.dev\/l\/svm-temp\/wp-json\/wp\/v2\/tags?post=14697"}],"curies":[{"name":"wp","href":"https:\/\/api.w.org\/{rel}","templated":true}]}}