{"id":14701,"date":"2020-02-27T00:00:00","date_gmt":"2020-02-26T23:00:00","guid":{"rendered":"https:\/\/lightweb.dev\/l\/svm-temp\/nyheter\/hoga-forvantningar-infor-kopa-hus-utomlands-i-goteborg\/"},"modified":"2020-02-27T00:00:00","modified_gmt":"2020-02-26T23:00:00","slug":"hoga-forvantningar-infor-kopa-hus-utomlands-i-goteborg","status":"publish","type":"post","link":"https:\/\/lightweb.dev\/l\/svm-temp\/nyheter\/hoga-forvantningar-infor-kopa-hus-utomlands-i-goteborg\/","title":{"rendered":"H\u00f6ga f\u00f6rv\u00e4ntningar inf\u00f6r K\u00f6pa Hus Utomlands i G\u00f6teborg"},"content":{"rendered":"<p> Kommande veckoslut \u00e4r det dags f\u00f6r \u00e5rets f\u00f6rsta K\u00f6pa Hus Utomlands p\u00e5 Svenska m\u00e4ssan i G\u00f6teborg. Den h\u00e5ller \u00f6ppet l\u00f6rdag och s\u00f6ndag mellan klockan 10.30 till 17. Ola Josefsson fr\u00e5n Svenska Magasinet och Spa\u00f1ien Magasinet finns p\u00e5 plats under helgen. Under fjol\u00e5ret minskade antalet bostadsk\u00f6p i Spanien bland utl\u00e4nningar. Politisk instabilitet, ekonomisk oro och Brexit pekas ut som n\u00e5gra orosmoment.<\/p>\n<p>F\u00f6r svenskarnas del handlar det en del om den svaga kronan. En euro kostade p\u00e5 torsdagsmorgonen 10,56 SEK. Det pekas ut som en orsak till att antalet bostadsk\u00f6p i Spanien av svenskar under fjol\u00e5ret minskade med 25,9 procent till 2.806 enheter j\u00e4mf\u00f6rt med \u00e5ret 2018.<\/p>\n<p>Samtidigt finns det tecken som visar att svenskarna b\u00f6rjar v\u00e4nja sig. Det menar Bj\u00f6rn Simonsson, VD f\u00f6r Fair Media International AB, som arrangerar m\u00e4ssor i Sverige och Finland. Senaste utst\u00e4llningen i Stockholm var en framg\u00e5ng och f\u00f6rv\u00e4ntningarna \u00e4r h\u00f6ga inf\u00f6r G\u00f6teborg.<\/p>\n<p>&#8211; Framf\u00f6rallt ska det bli v\u00e4ldigt sp\u00e4nnande och se om framg\u00e5ngen fr\u00e5n Stockholm h\u00e5ller i sig. Jag hade l\u00e5ga f\u00f6rv\u00e4ntningar inf\u00f6r den m\u00e4ssan men l\u00f6rdagen blev en av de b\u00e4sta dagarna under v\u00e5ra 17 \u00e5r. Det kom n\u00e4stan 4.000 bes\u00f6kare. S\u00f6ndagen blev inte lika bra men totalt en bra bit \u00f6ver 6.000 kom till Stockholmsm\u00e4ssan.<br \/>\n&#8211; Kanske det \u00e4r s\u00e5 att folk har f\u00f6rst\u00e5tt att v\u00e4rdet p\u00e5 den svenska kronan \u00e4r vad det \u00e4r och att det inte kommer att bli b\u00e4ttre, man har best\u00e4mt sig f\u00f6r att handla nu, menar Bj\u00f6rn Simonsson.<\/p>\n<p>Trots svag kronkurs finns det positiva signaler. Det menar ocks\u00e5 Jennifer Fogelberg-Clarke p\u00e5 Start Group i Mijas Costa som skriver att den normalt lugna januarim\u00e5naden i \u00e5r var bra med m\u00e5nga k\u00f6pare och s\u00e4ljare.<br \/>\n\u201dF\u00f6r v\u00e5r del m\u00e4rkte vi en markant uppg\u00e5ng av det allm\u00e4nna intresset n\u00e4r beslutet om Brexit \u00e4ntligen kom. D\u00e5 sk\u00f6t pundet i h\u00f6jden och alla britter som avvaktat k\u00e4nde f\u00f6rmodligen att nu f\u00e5r det varar nog, nu v\u00e4ntar vi inte l\u00e4ngre!\u201d<br \/>\n\u201dM\u00e4rkligt nog har jag upplevt att m\u00e5nga av mina svenska kunder ocks\u00e5 avvaktat Brexitbeslutet\u201d.<\/p>\n<p>Till m\u00e4ssan i G\u00f6teborg kommer utst\u00e4llare fr\u00e5n flera delar av v\u00e4rlden som vill marknadsf\u00f6ra sina bost\u00e4der till kvalificerade k\u00f6pare. Utst\u00e4llarna kommer fr\u00e5n cirka 12 olika l\u00e4nder och best\u00e5r av agenter, fastighetsm\u00e4klare och byggm\u00e4stare samt andra f\u00f6retag som erbjuder produkter och tj\u00e4nster som har med \u00e4mnesomr\u00e5det att g\u00f6ra.<\/p>\n<p>Seminarierna som h\u00e5lls i anslutning till m\u00e4ssan \u00e4r helt gratis f\u00f6r bes\u00f6karna. De handlar om hur ett k\u00f6p g\u00e5r till olika popul\u00e4ra l\u00e4nder samt speciella seminarier om skattekonsekvenser vid k\u00f6p av bostad utomlands, pensionering utomlands och l\u00e5nem\u00f6jligheter vid k\u00f6p av bostad utomlands.<\/p>\n<p>Ny moderator f\u00f6r bland annat Spanienseminarierna \u00e4r Fredrik W\u00e5hlin som \u00e4r bosatt i M\u00e1laga sedan flera \u00e5r tillbaka.<br \/>\n&#8211; I Stockholm hade vi en extra satsning p\u00e5 Italien med ambassaden och italienskt tema i restaurangen. Vi k\u00f6rde ett seminarium om Albanien f\u00f6r f\u00f6rsta g\u00e5ngen och det var mer uppskattat \u00e4n vad jag hade t\u00e4nkt mig.<br \/>\n&#8211; Vi hade en fantastik l\u00f6rdag med 3.950 bes\u00f6kare och p\u00e5 s\u00f6ndagen kom det 2.173 s\u00e5 totalt var det 6.123 bes\u00f6kare \u00f6ver helgen, s\u00e4ger Fredrik W\u00e5hlin vid Fair Media International AB.<\/p>\n<p>L\u00e4nder representerade v\u00e5ren 2020:<br \/>\nSpanien, Portugal, Frankrike, Turkiet, Thailand, Norra Cypern, Italien, Albanien, Malta, Cypern, Mexiko och USA<\/p>\n<p>Seminarieprogram l\u00f6rdag och s\u00f6ndag:<br \/>\nSal 1<br \/>\n11.30 Spanien<br \/>\n12.30 Portugal<br \/>\n13.30 Skatter vid utflyttning<br \/>\n14.30 Spanien<br \/>\n15.30 K\u00f6peprocessen i Spanien<br \/>\nSal 2<br \/>\n11.00 Albanien<br \/>\n12.00 Turkiet<br \/>\n13.00 Italien<br \/>\n14.00 Frankrike<br \/>\n15.00 Pensionering Utomlands<br \/>\n16.00 Malta<br \/>\n\u00d6vriga m\u00e4ssor v\u00e5ren 2020:<br \/>\nMalm\u00f6, 21 till 22 mars<\/p>\n<p>H\u00f6sten 2020:<br \/>\nMalm\u00f6, 19 till 20 september<br \/>\nStockholm, 10 till 11 oktober<br \/>\nG\u00f6teborg, 7 till 8 november<\/p>\n<p>KLICKA H\u00c4R och l\u00e4s mer om m\u00e4ssan i G\u00f6teborg<\/p>\n","protected":false},"excerpt":{"rendered":"<p>Kommande veckoslut \u00e4r det dags f\u00f6r \u00e5rets f\u00f6rsta K\u00f6pa Hus Utomlands p\u00e5 Svenska m\u00e4ssan i G\u00f6teborg. Den h\u00e5ller \u00f6ppet l\u00f6rdag och s\u00f6ndag mellan klockan 10.30 till 17. Ola Josefsson fr\u00e5n Svenska Magasinet och Spa\u00f1ien Magasinet finns p\u00e5 plats under helgen. Under fjol\u00e5ret minskade antalet bostadsk\u00f6p i Spanien bland utl\u00e4nningar. Politisk instabilitet, ekonomisk oro och Brexit [&hellip;]<\/p>\n","protected":false},"author":8,"featured_media":14702,"comment_status":"open","ping_status":"open","sticky":false,"template":"","format":"standard","meta":{"_et_pb_use_builder":"","_et_pb_old_content":"","_et_gb_content_width":"","footnotes":""},"categories":[395,3],"tags":[],"class_list":["post-14701","post","type-post","status-publish","format-standard","has-post-thumbnail","hentry","category-arkiv-nyheter","category-nyheter"],"yoast_head":"<!-- This site is optimized with the Yoast SEO Premium plugin v26.2 (Yoast SEO v27.4) - https:\/\/yoast.com\/product\/yoast-seo-premium-wordpress\/ -->\n<title>H\u00f6ga f\u00f6rv\u00e4ntningar inf\u00f6r K\u00f6pa Hus Utomlands i G\u00f6teborg - Svenska Magasinet<\/title>\n<meta name=\"robots\" content=\"noindex, follow, max-snippet:-1, max-image-preview:large, max-video-preview:-1\" \/>\n<meta property=\"og:locale\" content=\"sv_SE\" \/>\n<meta property=\"og:type\" content=\"article\" \/>\n<meta property=\"og:title\" content=\"H\u00f6ga f\u00f6rv\u00e4ntningar inf\u00f6r K\u00f6pa Hus Utomlands i G\u00f6teborg\" \/>\n<meta property=\"og:description\" content=\"Kommande veckoslut \u00e4r det dags f\u00f6r \u00e5rets f\u00f6rsta K\u00f6pa Hus Utomlands p\u00e5 Svenska m\u00e4ssan i G\u00f6teborg. Den h\u00e5ller \u00f6ppet l\u00f6rdag och s\u00f6ndag mellan klockan 10.30 till 17. Ola Josefsson fr\u00e5n Svenska Magasinet och Spa\u00f1ien Magasinet finns p\u00e5 plats under helgen. Under fjol\u00e5ret minskade antalet bostadsk\u00f6p i Spanien bland utl\u00e4nningar. Politisk instabilitet, ekonomisk oro och Brexit [&hellip;]\" \/>\n<meta property=\"og:url\" content=\"https:\/\/lightweb.dev\/l\/svm-temp\/nyheter\/hoga-forvantningar-infor-kopa-hus-utomlands-i-goteborg\/\" \/>\n<meta property=\"og:site_name\" content=\"Svenska Magasinet\" \/>\n<meta property=\"article:publisher\" content=\"https:\/\/www.facebook.com\/svenskamagasinet\" \/>\n<meta property=\"article:published_time\" content=\"2020-02-26T23:00:00+00:00\" \/>\n<meta property=\"og:image\" content=\"https:\/\/lightweb.dev\/l\/svm-temp\/wp-content\/uploads\/2022\/06\/hoga-forvantningar-infor-kopa-hus-utomlands-i-goteborg.png\" \/>\n\t<meta property=\"og:image:width\" content=\"700\" \/>\n\t<meta property=\"og:image:height\" content=\"420\" \/>\n\t<meta property=\"og:image:type\" content=\"image\/png\" \/>\n<meta name=\"author\" content=\"Redaktionen SvM\" \/>\n<meta name=\"twitter:card\" content=\"summary_large_image\" \/>\n<meta name=\"twitter:creator\" content=\"@SvenskaMagasine\" \/>\n<meta name=\"twitter:site\" content=\"@SvenskaMagasine\" \/>\n<script type=\"application\/ld+json\" class=\"yoast-schema-graph\">{\"@context\":\"https:\\\/\\\/schema.org\",\"@graph\":[{\"@type\":\"Article\",\"@id\":\"https:\\\/\\\/lightweb.dev\\\/l\\\/svm-temp\\\/nyheter\\\/hoga-forvantningar-infor-kopa-hus-utomlands-i-goteborg\\\/#article\",\"isPartOf\":{\"@id\":\"https:\\\/\\\/lightweb.dev\\\/l\\\/svm-temp\\\/nyheter\\\/hoga-forvantningar-infor-kopa-hus-utomlands-i-goteborg\\\/\"},\"author\":{\"name\":\"Redaktionen SvM\",\"@id\":\"https:\\\/\\\/lightweb.dev\\\/l\\\/svm-temp\\\/#\\\/schema\\\/person\\\/206a3bda5b607b0c25e1749191e4d837\"},\"headline\":\"H\u00f6ga f\u00f6rv\u00e4ntningar inf\u00f6r K\u00f6pa Hus Utomlands i G\u00f6teborg\",\"datePublished\":\"2020-02-26T23:00:00+00:00\",\"mainEntityOfPage\":{\"@id\":\"https:\\\/\\\/lightweb.dev\\\/l\\\/svm-temp\\\/nyheter\\\/hoga-forvantningar-infor-kopa-hus-utomlands-i-goteborg\\\/\"},\"wordCount\":700,\"commentCount\":0,\"publisher\":{\"@id\":\"https:\\\/\\\/lightweb.dev\\\/l\\\/svm-temp\\\/#organization\"},\"image\":{\"@id\":\"https:\\\/\\\/lightweb.dev\\\/l\\\/svm-temp\\\/nyheter\\\/hoga-forvantningar-infor-kopa-hus-utomlands-i-goteborg\\\/#primaryimage\"},\"thumbnailUrl\":\"https:\\\/\\\/lightweb.dev\\\/l\\\/svm-temp\\\/wp-content\\\/uploads\\\/2022\\\/06\\\/hoga-forvantningar-infor-kopa-hus-utomlands-i-goteborg.png\",\"articleSection\":[\"Arkiv\",\"Nyheter\"],\"inLanguage\":\"sv-SE\"},{\"@type\":\"WebPage\",\"@id\":\"https:\\\/\\\/lightweb.dev\\\/l\\\/svm-temp\\\/nyheter\\\/hoga-forvantningar-infor-kopa-hus-utomlands-i-goteborg\\\/\",\"url\":\"https:\\\/\\\/lightweb.dev\\\/l\\\/svm-temp\\\/nyheter\\\/hoga-forvantningar-infor-kopa-hus-utomlands-i-goteborg\\\/\",\"name\":\"H\u00f6ga f\u00f6rv\u00e4ntningar inf\u00f6r K\u00f6pa Hus Utomlands i G\u00f6teborg - Svenska Magasinet\",\"isPartOf\":{\"@id\":\"https:\\\/\\\/lightweb.dev\\\/l\\\/svm-temp\\\/#website\"},\"primaryImageOfPage\":{\"@id\":\"https:\\\/\\\/lightweb.dev\\\/l\\\/svm-temp\\\/nyheter\\\/hoga-forvantningar-infor-kopa-hus-utomlands-i-goteborg\\\/#primaryimage\"},\"image\":{\"@id\":\"https:\\\/\\\/lightweb.dev\\\/l\\\/svm-temp\\\/nyheter\\\/hoga-forvantningar-infor-kopa-hus-utomlands-i-goteborg\\\/#primaryimage\"},\"thumbnailUrl\":\"https:\\\/\\\/lightweb.dev\\\/l\\\/svm-temp\\\/wp-content\\\/uploads\\\/2022\\\/06\\\/hoga-forvantningar-infor-kopa-hus-utomlands-i-goteborg.png\",\"datePublished\":\"2020-02-26T23:00:00+00:00\",\"breadcrumb\":{\"@id\":\"https:\\\/\\\/lightweb.dev\\\/l\\\/svm-temp\\\/nyheter\\\/hoga-forvantningar-infor-kopa-hus-utomlands-i-goteborg\\\/#breadcrumb\"},\"inLanguage\":\"sv-SE\",\"potentialAction\":[{\"@type\":\"ReadAction\",\"target\":[\"https:\\\/\\\/lightweb.dev\\\/l\\\/svm-temp\\\/nyheter\\\/hoga-forvantningar-infor-kopa-hus-utomlands-i-goteborg\\\/\"]}]},{\"@type\":\"ImageObject\",\"inLanguage\":\"sv-SE\",\"@id\":\"https:\\\/\\\/lightweb.dev\\\/l\\\/svm-temp\\\/nyheter\\\/hoga-forvantningar-infor-kopa-hus-utomlands-i-goteborg\\\/#primaryimage\",\"url\":\"https:\\\/\\\/lightweb.dev\\\/l\\\/svm-temp\\\/wp-content\\\/uploads\\\/2022\\\/06\\\/hoga-forvantningar-infor-kopa-hus-utomlands-i-goteborg.png\",\"contentUrl\":\"https:\\\/\\\/lightweb.dev\\\/l\\\/svm-temp\\\/wp-content\\\/uploads\\\/2022\\\/06\\\/hoga-forvantningar-infor-kopa-hus-utomlands-i-goteborg.png\",\"width\":700,\"height\":420},{\"@type\":\"BreadcrumbList\",\"@id\":\"https:\\\/\\\/lightweb.dev\\\/l\\\/svm-temp\\\/nyheter\\\/hoga-forvantningar-infor-kopa-hus-utomlands-i-goteborg\\\/#breadcrumb\",\"itemListElement\":[{\"@type\":\"ListItem\",\"position\":1,\"name\":\"Hem\",\"item\":\"https:\\\/\\\/lightweb.dev\\\/l\\\/svm-temp\\\/\"},{\"@type\":\"ListItem\",\"position\":2,\"name\":\"H\u00f6ga f\u00f6rv\u00e4ntningar inf\u00f6r K\u00f6pa Hus Utomlands i G\u00f6teborg\"}]},{\"@type\":\"WebSite\",\"@id\":\"https:\\\/\\\/lightweb.dev\\\/l\\\/svm-temp\\\/#website\",\"url\":\"https:\\\/\\\/lightweb.dev\\\/l\\\/svm-temp\\\/\",\"name\":\"Svenska Magasinet\",\"description\":\"Dina Spanska nyheter p&aring; Svenska\",\"publisher\":{\"@id\":\"https:\\\/\\\/lightweb.dev\\\/l\\\/svm-temp\\\/#organization\"},\"potentialAction\":[{\"@type\":\"SearchAction\",\"target\":{\"@type\":\"EntryPoint\",\"urlTemplate\":\"https:\\\/\\\/lightweb.dev\\\/l\\\/svm-temp\\\/?s={search_term_string}\"},\"query-input\":{\"@type\":\"PropertyValueSpecification\",\"valueRequired\":true,\"valueName\":\"search_term_string\"}}],\"inLanguage\":\"sv-SE\"},{\"@type\":\"Organization\",\"@id\":\"https:\\\/\\\/lightweb.dev\\\/l\\\/svm-temp\\\/#organization\",\"name\":\"Melkerson y Nott SL\",\"alternateName\":\"Svenska Magasinet\",\"url\":\"https:\\\/\\\/lightweb.dev\\\/l\\\/svm-temp\\\/\",\"logo\":{\"@type\":\"ImageObject\",\"inLanguage\":\"sv-SE\",\"@id\":\"https:\\\/\\\/lightweb.dev\\\/l\\\/svm-temp\\\/#\\\/schema\\\/logo\\\/image\\\/\",\"url\":\"https:\\\/\\\/lightweb.dev\\\/l\\\/svm-temp\\\/wp-content\\\/uploads\\\/2025\\\/02\\\/SvM-logo-Xtra-Centrerad-SVART.png\",\"contentUrl\":\"https:\\\/\\\/lightweb.dev\\\/l\\\/svm-temp\\\/wp-content\\\/uploads\\\/2025\\\/02\\\/SvM-logo-Xtra-Centrerad-SVART.png\",\"width\":300,\"height\":99,\"caption\":\"Melkerson y Nott SL\"},\"image\":{\"@id\":\"https:\\\/\\\/lightweb.dev\\\/l\\\/svm-temp\\\/#\\\/schema\\\/logo\\\/image\\\/\"},\"sameAs\":[\"https:\\\/\\\/www.facebook.com\\\/svenskamagasinet\",\"https:\\\/\\\/x.com\\\/SvenskaMagasine\"]},{\"@type\":\"Person\",\"@id\":\"https:\\\/\\\/lightweb.dev\\\/l\\\/svm-temp\\\/#\\\/schema\\\/person\\\/206a3bda5b607b0c25e1749191e4d837\",\"name\":\"Redaktionen SvM\",\"description\":\"Redaktionen\",\"sameAs\":[\"https:\\\/\\\/lightweb.dev\\\/l\\\/svm-temp\"],\"url\":\"https:\\\/\\\/lightweb.dev\\\/l\\\/svm-temp\\\/reporter\\\/redaktionen\\\/\"}]}<\/script>\n<!-- \/ Yoast SEO Premium plugin. -->","yoast_head_json":{"title":"H\u00f6ga f\u00f6rv\u00e4ntningar inf\u00f6r K\u00f6pa Hus Utomlands i G\u00f6teborg - Svenska Magasinet","robots":{"index":"noindex","follow":"follow","max-snippet":"max-snippet:-1","max-image-preview":"max-image-preview:large","max-video-preview":"max-video-preview:-1"},"og_locale":"sv_SE","og_type":"article","og_title":"H\u00f6ga f\u00f6rv\u00e4ntningar inf\u00f6r K\u00f6pa Hus Utomlands i G\u00f6teborg","og_description":"Kommande veckoslut \u00e4r det dags f\u00f6r \u00e5rets f\u00f6rsta K\u00f6pa Hus Utomlands p\u00e5 Svenska m\u00e4ssan i G\u00f6teborg. Den h\u00e5ller \u00f6ppet l\u00f6rdag och s\u00f6ndag mellan klockan 10.30 till 17. Ola Josefsson fr\u00e5n Svenska Magasinet och Spa\u00f1ien Magasinet finns p\u00e5 plats under helgen. Under fjol\u00e5ret minskade antalet bostadsk\u00f6p i Spanien bland utl\u00e4nningar. Politisk instabilitet, ekonomisk oro och Brexit [&hellip;]","og_url":"https:\/\/lightweb.dev\/l\/svm-temp\/nyheter\/hoga-forvantningar-infor-kopa-hus-utomlands-i-goteborg\/","og_site_name":"Svenska Magasinet","article_publisher":"https:\/\/www.facebook.com\/svenskamagasinet","article_published_time":"2020-02-26T23:00:00+00:00","og_image":[{"width":700,"height":420,"url":"https:\/\/lightweb.dev\/l\/svm-temp\/wp-content\/uploads\/2022\/06\/hoga-forvantningar-infor-kopa-hus-utomlands-i-goteborg.png","type":"image\/png"}],"author":"Redaktionen SvM","twitter_card":"summary_large_image","twitter_creator":"@SvenskaMagasine","twitter_site":"@SvenskaMagasine","schema":{"@context":"https:\/\/schema.org","@graph":[{"@type":"Article","@id":"https:\/\/lightweb.dev\/l\/svm-temp\/nyheter\/hoga-forvantningar-infor-kopa-hus-utomlands-i-goteborg\/#article","isPartOf":{"@id":"https:\/\/lightweb.dev\/l\/svm-temp\/nyheter\/hoga-forvantningar-infor-kopa-hus-utomlands-i-goteborg\/"},"author":{"name":"Redaktionen SvM","@id":"https:\/\/lightweb.dev\/l\/svm-temp\/#\/schema\/person\/206a3bda5b607b0c25e1749191e4d837"},"headline":"H\u00f6ga f\u00f6rv\u00e4ntningar inf\u00f6r K\u00f6pa Hus Utomlands i G\u00f6teborg","datePublished":"2020-02-26T23:00:00+00:00","mainEntityOfPage":{"@id":"https:\/\/lightweb.dev\/l\/svm-temp\/nyheter\/hoga-forvantningar-infor-kopa-hus-utomlands-i-goteborg\/"},"wordCount":700,"commentCount":0,"publisher":{"@id":"https:\/\/lightweb.dev\/l\/svm-temp\/#organization"},"image":{"@id":"https:\/\/lightweb.dev\/l\/svm-temp\/nyheter\/hoga-forvantningar-infor-kopa-hus-utomlands-i-goteborg\/#primaryimage"},"thumbnailUrl":"https:\/\/lightweb.dev\/l\/svm-temp\/wp-content\/uploads\/2022\/06\/hoga-forvantningar-infor-kopa-hus-utomlands-i-goteborg.png","articleSection":["Arkiv","Nyheter"],"inLanguage":"sv-SE"},{"@type":"WebPage","@id":"https:\/\/lightweb.dev\/l\/svm-temp\/nyheter\/hoga-forvantningar-infor-kopa-hus-utomlands-i-goteborg\/","url":"https:\/\/lightweb.dev\/l\/svm-temp\/nyheter\/hoga-forvantningar-infor-kopa-hus-utomlands-i-goteborg\/","name":"H\u00f6ga f\u00f6rv\u00e4ntningar inf\u00f6r K\u00f6pa Hus Utomlands i G\u00f6teborg - Svenska Magasinet","isPartOf":{"@id":"https:\/\/lightweb.dev\/l\/svm-temp\/#website"},"primaryImageOfPage":{"@id":"https:\/\/lightweb.dev\/l\/svm-temp\/nyheter\/hoga-forvantningar-infor-kopa-hus-utomlands-i-goteborg\/#primaryimage"},"image":{"@id":"https:\/\/lightweb.dev\/l\/svm-temp\/nyheter\/hoga-forvantningar-infor-kopa-hus-utomlands-i-goteborg\/#primaryimage"},"thumbnailUrl":"https:\/\/lightweb.dev\/l\/svm-temp\/wp-content\/uploads\/2022\/06\/hoga-forvantningar-infor-kopa-hus-utomlands-i-goteborg.png","datePublished":"2020-02-26T23:00:00+00:00","breadcrumb":{"@id":"https:\/\/lightweb.dev\/l\/svm-temp\/nyheter\/hoga-forvantningar-infor-kopa-hus-utomlands-i-goteborg\/#breadcrumb"},"inLanguage":"sv-SE","potentialAction":[{"@type":"ReadAction","target":["https:\/\/lightweb.dev\/l\/svm-temp\/nyheter\/hoga-forvantningar-infor-kopa-hus-utomlands-i-goteborg\/"]}]},{"@type":"ImageObject","inLanguage":"sv-SE","@id":"https:\/\/lightweb.dev\/l\/svm-temp\/nyheter\/hoga-forvantningar-infor-kopa-hus-utomlands-i-goteborg\/#primaryimage","url":"https:\/\/lightweb.dev\/l\/svm-temp\/wp-content\/uploads\/2022\/06\/hoga-forvantningar-infor-kopa-hus-utomlands-i-goteborg.png","contentUrl":"https:\/\/lightweb.dev\/l\/svm-temp\/wp-content\/uploads\/2022\/06\/hoga-forvantningar-infor-kopa-hus-utomlands-i-goteborg.png","width":700,"height":420},{"@type":"BreadcrumbList","@id":"https:\/\/lightweb.dev\/l\/svm-temp\/nyheter\/hoga-forvantningar-infor-kopa-hus-utomlands-i-goteborg\/#breadcrumb","itemListElement":[{"@type":"ListItem","position":1,"name":"Hem","item":"https:\/\/lightweb.dev\/l\/svm-temp\/"},{"@type":"ListItem","position":2,"name":"H\u00f6ga f\u00f6rv\u00e4ntningar inf\u00f6r K\u00f6pa Hus Utomlands i G\u00f6teborg"}]},{"@type":"WebSite","@id":"https:\/\/lightweb.dev\/l\/svm-temp\/#website","url":"https:\/\/lightweb.dev\/l\/svm-temp\/","name":"Svenska Magasinet","description":"Dina Spanska nyheter p&aring; Svenska","publisher":{"@id":"https:\/\/lightweb.dev\/l\/svm-temp\/#organization"},"potentialAction":[{"@type":"SearchAction","target":{"@type":"EntryPoint","urlTemplate":"https:\/\/lightweb.dev\/l\/svm-temp\/?s={search_term_string}"},"query-input":{"@type":"PropertyValueSpecification","valueRequired":true,"valueName":"search_term_string"}}],"inLanguage":"sv-SE"},{"@type":"Organization","@id":"https:\/\/lightweb.dev\/l\/svm-temp\/#organization","name":"Melkerson y Nott SL","alternateName":"Svenska Magasinet","url":"https:\/\/lightweb.dev\/l\/svm-temp\/","logo":{"@type":"ImageObject","inLanguage":"sv-SE","@id":"https:\/\/lightweb.dev\/l\/svm-temp\/#\/schema\/logo\/image\/","url":"https:\/\/lightweb.dev\/l\/svm-temp\/wp-content\/uploads\/2025\/02\/SvM-logo-Xtra-Centrerad-SVART.png","contentUrl":"https:\/\/lightweb.dev\/l\/svm-temp\/wp-content\/uploads\/2025\/02\/SvM-logo-Xtra-Centrerad-SVART.png","width":300,"height":99,"caption":"Melkerson y Nott SL"},"image":{"@id":"https:\/\/lightweb.dev\/l\/svm-temp\/#\/schema\/logo\/image\/"},"sameAs":["https:\/\/www.facebook.com\/svenskamagasinet","https:\/\/x.com\/SvenskaMagasine"]},{"@type":"Person","@id":"https:\/\/lightweb.dev\/l\/svm-temp\/#\/schema\/person\/206a3bda5b607b0c25e1749191e4d837","name":"Redaktionen SvM","description":"Redaktionen","sameAs":["https:\/\/lightweb.dev\/l\/svm-temp"],"url":"https:\/\/lightweb.dev\/l\/svm-temp\/reporter\/redaktionen\/"}]}},"_links":{"self":[{"href":"https:\/\/lightweb.dev\/l\/svm-temp\/wp-json\/wp\/v2\/posts\/14701","targetHints":{"allow":["GET"]}}],"collection":[{"href":"https:\/\/lightweb.dev\/l\/svm-temp\/wp-json\/wp\/v2\/posts"}],"about":[{"href":"https:\/\/lightweb.dev\/l\/svm-temp\/wp-json\/wp\/v2\/types\/post"}],"author":[{"embeddable":true,"href":"https:\/\/lightweb.dev\/l\/svm-temp\/wp-json\/wp\/v2\/users\/8"}],"replies":[{"embeddable":true,"href":"https:\/\/lightweb.dev\/l\/svm-temp\/wp-json\/wp\/v2\/comments?post=14701"}],"version-history":[{"count":0,"href":"https:\/\/lightweb.dev\/l\/svm-temp\/wp-json\/wp\/v2\/posts\/14701\/revisions"}],"wp:featuredmedia":[{"embeddable":true,"href":"https:\/\/lightweb.dev\/l\/svm-temp\/wp-json\/wp\/v2\/media\/14702"}],"wp:attachment":[{"href":"https:\/\/lightweb.dev\/l\/svm-temp\/wp-json\/wp\/v2\/media?parent=14701"}],"wp:term":[{"taxonomy":"category","embeddable":true,"href":"https:\/\/lightweb.dev\/l\/svm-temp\/wp-json\/wp\/v2\/categories?post=14701"},{"taxonomy":"post_tag","embeddable":true,"href":"https:\/\/lightweb.dev\/l\/svm-temp\/wp-json\/wp\/v2\/tags?post=14701"}],"curies":[{"name":"wp","href":"https:\/\/api.w.org\/{rel}","templated":true}]}}