{"id":14713,"date":"2020-02-25T00:00:00","date_gmt":"2020-02-24T23:00:00","guid":{"rendered":"https:\/\/lightweb.dev\/l\/svm-temp\/nyheter\/tusen-turister-varav-minst-tva-svenskar-isolerade-efter-coronafall\/"},"modified":"2020-02-25T00:00:00","modified_gmt":"2020-02-24T23:00:00","slug":"tusen-turister-varav-minst-tva-svenskar-isolerade-efter-coronafall","status":"publish","type":"post","link":"https:\/\/lightweb.dev\/l\/svm-temp\/nyheter\/tusen-turister-varav-minst-tva-svenskar-isolerade-efter-coronafall\/","title":{"rendered":"Tusen turister varav minst tv\u00e5 svenskar isolerade efter coronafall"},"content":{"rendered":"<p> Uppdatering: Tre nya fall i Spanien. Efter att en 69-\u00e5rig italiensk l\u00e4kare och dennes hustru konstaterats b\u00e4ra p\u00e5 coronaviruset har tusen hotellg\u00e4ster d\u00e4ribland minst tv\u00e5 svenskar isolerats p\u00e5 hotell H10 Costa Adeje Palace i Adeje kommun p\u00e5 s\u00f6dra Teneriffa. Paret kommer fr\u00e5n Lombardiet i Italien och har tillbringat en veckas semester p\u00e5 hotellanl\u00e4ggningen, och har testats positiv f\u00f6r coronaviruset covid-19 och v\u00e5rdas i p\u00e5 sjukhuset Hospital Universitario Nuestra Se\u00f1ora de Candelaria i Santa Cruz. Det bekr\u00e4ftar k\u00e4llor vid den regionalregeringen p\u00e5 Kanarie\u00f6arna.<br \/>\n Dagstidningen Diario de Avisos skriver att h\u00e4lsov\u00e5rdsmyndigheterna tar detta p\u00e5 st\u00f6rsta allvar och f\u00f6ljer det handlingsprotokoll som den nationella h\u00e4lsov\u00e5rden har uppr\u00e4ttat i samband med fall av coronavirus. Det betyder att ingen f\u00e5r l\u00e4mna hotellet i dagsl\u00e4get och polis har sp\u00e4rrat av omr\u00e5det.<\/p>\n<p>Hotell H10 Costa Adeje Palace \u00e4r ett fyrstj\u00e4rnigt hotell p\u00e5 sju v\u00e5ningar och med 467 rum som byggdes 1999. Det ligger precis vid havet och stranden La Enramada.<\/p>\n<p>Den italienska mannen b\u00f6rjade k\u00e4nna sig d\u00e5lig och valde att upps\u00f6ka kliniken Quir\u00f3n p\u00e5 s\u00f6dra Teneriffa. Han har testats positivt f\u00f6r coronaviruset covid-19 skriver den spanska h\u00e4lsov\u00e5rdsmyndigheten Salud P\u00fablica p\u00e5 Twitter. D\u00e4refter har \u00e4ven hustrun testats positivt.<\/p>\n<p>Researang\u00f6ren Tui uppger f\u00f6r SVT att de s\u00e5lt hotellbiljetter till tv\u00e5 svenskar. Det \u00e4r oklart om de befinner sig p\u00e5 hotellet. NRK har tidigare rapporterat att 15 nordiska medborgare ska befinna sig p\u00e5 hotellet &#8211; utan att uppge nationalitet. Uppgifterna g\u00e5r n\u00e5got i s\u00e4r d\u00e5 det \u00e4ven har framkommit uppgifter om att tre svenskar befinner sig p\u00e5 hotellet. Finska medier uppger att upp till 20 finl\u00e4ndare bor p\u00e5 hotellet.<\/p>\n<p>Sveriges ambassad i Spanien skriver p\u00e5 Twitter:<br \/>\n&#8221;I samband med ett uppt\u00e4ckt fall av Coronavirus p\u00e5 Teneriffa s\u00f6ker ambassaden mer information fr\u00e5n lokala myndigheter. Ambassaden f\u00f6ljer noga utvecklingen och uppmanar svenskar att f\u00f6lja lokala myndigheters anvisningar och h\u00e4ndelseutvecklingen genom media&#8221;.<\/p>\n<p>Ladda g\u00e4rna ner appen UD Resklar f\u00f6r att ta del av ambassadens reseinformation som uppdateras regelbundet.<br \/>\nAmbassaden uppmanar \u00e4ven svenska resen\u00e4rer att anm\u00e4la sig Svensklistan.<\/p>\n<p>P\u00e5 tisdagen kom det besked om \u00e4nnu ett coronafall i Spanien och det f\u00f6rsta p\u00e5 spanska fastlandet. Det skulle i s\u00e5 fall vara det femte i Spanien och g\u00e4ller en person i Katalonien enligt de regionala h\u00e4lsov\u00e5rdsmyndigheterna i Barcelona. Det \u00e4r en 36-\u00e5rig kvinna ursprungligen fr\u00e5n Italien och resident i Barcelona som nyligen har bes\u00f6kt norra delen av Italien.<\/p>\n<p>Kanarie\u00f6arna har haft tv\u00e5 fall. Samtliga fem som testats positivt i Spanien har varit utl\u00e4nningar. De tv\u00e5 f\u00f6rsta fallen p\u00e5 La Gomera och Mallorca som g\u00e4ller en tysk respektive brittisk medborgare har tillfrisknat.<\/p>\n","protected":false},"excerpt":{"rendered":"<p>Uppdatering: Tre nya fall i Spanien. Efter att en 69-\u00e5rig italiensk l\u00e4kare och dennes hustru konstaterats b\u00e4ra p\u00e5 coronaviruset har tusen hotellg\u00e4ster d\u00e4ribland minst tv\u00e5 svenskar isolerats p\u00e5 hotell H10 Costa Adeje Palace i Adeje kommun p\u00e5 s\u00f6dra Teneriffa. Paret kommer fr\u00e5n Lombardiet i Italien och har tillbringat en veckas semester p\u00e5 hotellanl\u00e4ggningen, och har [&hellip;]<\/p>\n","protected":false},"author":8,"featured_media":14714,"comment_status":"open","ping_status":"open","sticky":false,"template":"","format":"standard","meta":{"_et_pb_use_builder":"","_et_pb_old_content":"","_et_gb_content_width":"","footnotes":""},"categories":[395,3],"tags":[],"class_list":["post-14713","post","type-post","status-publish","format-standard","has-post-thumbnail","hentry","category-arkiv-nyheter","category-nyheter"],"yoast_head":"<!-- This site is optimized with the Yoast SEO Premium plugin v26.2 (Yoast SEO v27.4) - https:\/\/yoast.com\/product\/yoast-seo-premium-wordpress\/ -->\n<title>Tusen turister varav minst tv\u00e5 svenskar isolerade efter coronafall - Svenska Magasinet<\/title>\n<meta name=\"robots\" content=\"noindex, follow, max-snippet:-1, max-image-preview:large, max-video-preview:-1\" \/>\n<meta property=\"og:locale\" content=\"sv_SE\" \/>\n<meta property=\"og:type\" content=\"article\" \/>\n<meta property=\"og:title\" content=\"Tusen turister varav minst tv\u00e5 svenskar isolerade efter coronafall\" \/>\n<meta property=\"og:description\" content=\"Uppdatering: Tre nya fall i Spanien. Efter att en 69-\u00e5rig italiensk l\u00e4kare och dennes hustru konstaterats b\u00e4ra p\u00e5 coronaviruset har tusen hotellg\u00e4ster d\u00e4ribland minst tv\u00e5 svenskar isolerats p\u00e5 hotell H10 Costa Adeje Palace i Adeje kommun p\u00e5 s\u00f6dra Teneriffa. Paret kommer fr\u00e5n Lombardiet i Italien och har tillbringat en veckas semester p\u00e5 hotellanl\u00e4ggningen, och har [&hellip;]\" \/>\n<meta property=\"og:url\" content=\"https:\/\/lightweb.dev\/l\/svm-temp\/nyheter\/tusen-turister-varav-minst-tva-svenskar-isolerade-efter-coronafall\/\" \/>\n<meta property=\"og:site_name\" content=\"Svenska Magasinet\" \/>\n<meta property=\"article:publisher\" content=\"https:\/\/www.facebook.com\/svenskamagasinet\" \/>\n<meta property=\"article:published_time\" content=\"2020-02-24T23:00:00+00:00\" \/>\n<meta property=\"og:image\" content=\"https:\/\/lightweb.dev\/l\/svm-temp\/wp-content\/uploads\/2022\/06\/tusen-turister-varav-minst-tva-svenskar-isolerade-efter-coronafall.png\" \/>\n\t<meta property=\"og:image:width\" content=\"700\" \/>\n\t<meta property=\"og:image:height\" content=\"420\" \/>\n\t<meta property=\"og:image:type\" content=\"image\/png\" \/>\n<meta name=\"author\" content=\"Redaktionen SvM\" \/>\n<meta name=\"twitter:card\" content=\"summary_large_image\" \/>\n<meta name=\"twitter:creator\" content=\"@SvenskaMagasine\" \/>\n<meta name=\"twitter:site\" content=\"@SvenskaMagasine\" \/>\n<script type=\"application\/ld+json\" class=\"yoast-schema-graph\">{\"@context\":\"https:\\\/\\\/schema.org\",\"@graph\":[{\"@type\":\"Article\",\"@id\":\"https:\\\/\\\/lightweb.dev\\\/l\\\/svm-temp\\\/nyheter\\\/tusen-turister-varav-minst-tva-svenskar-isolerade-efter-coronafall\\\/#article\",\"isPartOf\":{\"@id\":\"https:\\\/\\\/lightweb.dev\\\/l\\\/svm-temp\\\/nyheter\\\/tusen-turister-varav-minst-tva-svenskar-isolerade-efter-coronafall\\\/\"},\"author\":{\"name\":\"Redaktionen SvM\",\"@id\":\"https:\\\/\\\/lightweb.dev\\\/l\\\/svm-temp\\\/#\\\/schema\\\/person\\\/206a3bda5b607b0c25e1749191e4d837\"},\"headline\":\"Tusen turister varav minst tv\u00e5 svenskar isolerade efter coronafall\",\"datePublished\":\"2020-02-24T23:00:00+00:00\",\"mainEntityOfPage\":{\"@id\":\"https:\\\/\\\/lightweb.dev\\\/l\\\/svm-temp\\\/nyheter\\\/tusen-turister-varav-minst-tva-svenskar-isolerade-efter-coronafall\\\/\"},\"wordCount\":488,\"commentCount\":0,\"publisher\":{\"@id\":\"https:\\\/\\\/lightweb.dev\\\/l\\\/svm-temp\\\/#organization\"},\"image\":{\"@id\":\"https:\\\/\\\/lightweb.dev\\\/l\\\/svm-temp\\\/nyheter\\\/tusen-turister-varav-minst-tva-svenskar-isolerade-efter-coronafall\\\/#primaryimage\"},\"thumbnailUrl\":\"https:\\\/\\\/lightweb.dev\\\/l\\\/svm-temp\\\/wp-content\\\/uploads\\\/2022\\\/06\\\/tusen-turister-varav-minst-tva-svenskar-isolerade-efter-coronafall.png\",\"articleSection\":[\"Arkiv\",\"Nyheter\"],\"inLanguage\":\"sv-SE\"},{\"@type\":\"WebPage\",\"@id\":\"https:\\\/\\\/lightweb.dev\\\/l\\\/svm-temp\\\/nyheter\\\/tusen-turister-varav-minst-tva-svenskar-isolerade-efter-coronafall\\\/\",\"url\":\"https:\\\/\\\/lightweb.dev\\\/l\\\/svm-temp\\\/nyheter\\\/tusen-turister-varav-minst-tva-svenskar-isolerade-efter-coronafall\\\/\",\"name\":\"Tusen turister varav minst tv\u00e5 svenskar isolerade efter coronafall - Svenska Magasinet\",\"isPartOf\":{\"@id\":\"https:\\\/\\\/lightweb.dev\\\/l\\\/svm-temp\\\/#website\"},\"primaryImageOfPage\":{\"@id\":\"https:\\\/\\\/lightweb.dev\\\/l\\\/svm-temp\\\/nyheter\\\/tusen-turister-varav-minst-tva-svenskar-isolerade-efter-coronafall\\\/#primaryimage\"},\"image\":{\"@id\":\"https:\\\/\\\/lightweb.dev\\\/l\\\/svm-temp\\\/nyheter\\\/tusen-turister-varav-minst-tva-svenskar-isolerade-efter-coronafall\\\/#primaryimage\"},\"thumbnailUrl\":\"https:\\\/\\\/lightweb.dev\\\/l\\\/svm-temp\\\/wp-content\\\/uploads\\\/2022\\\/06\\\/tusen-turister-varav-minst-tva-svenskar-isolerade-efter-coronafall.png\",\"datePublished\":\"2020-02-24T23:00:00+00:00\",\"breadcrumb\":{\"@id\":\"https:\\\/\\\/lightweb.dev\\\/l\\\/svm-temp\\\/nyheter\\\/tusen-turister-varav-minst-tva-svenskar-isolerade-efter-coronafall\\\/#breadcrumb\"},\"inLanguage\":\"sv-SE\",\"potentialAction\":[{\"@type\":\"ReadAction\",\"target\":[\"https:\\\/\\\/lightweb.dev\\\/l\\\/svm-temp\\\/nyheter\\\/tusen-turister-varav-minst-tva-svenskar-isolerade-efter-coronafall\\\/\"]}]},{\"@type\":\"ImageObject\",\"inLanguage\":\"sv-SE\",\"@id\":\"https:\\\/\\\/lightweb.dev\\\/l\\\/svm-temp\\\/nyheter\\\/tusen-turister-varav-minst-tva-svenskar-isolerade-efter-coronafall\\\/#primaryimage\",\"url\":\"https:\\\/\\\/lightweb.dev\\\/l\\\/svm-temp\\\/wp-content\\\/uploads\\\/2022\\\/06\\\/tusen-turister-varav-minst-tva-svenskar-isolerade-efter-coronafall.png\",\"contentUrl\":\"https:\\\/\\\/lightweb.dev\\\/l\\\/svm-temp\\\/wp-content\\\/uploads\\\/2022\\\/06\\\/tusen-turister-varav-minst-tva-svenskar-isolerade-efter-coronafall.png\",\"width\":700,\"height\":420},{\"@type\":\"BreadcrumbList\",\"@id\":\"https:\\\/\\\/lightweb.dev\\\/l\\\/svm-temp\\\/nyheter\\\/tusen-turister-varav-minst-tva-svenskar-isolerade-efter-coronafall\\\/#breadcrumb\",\"itemListElement\":[{\"@type\":\"ListItem\",\"position\":1,\"name\":\"Hem\",\"item\":\"https:\\\/\\\/lightweb.dev\\\/l\\\/svm-temp\\\/\"},{\"@type\":\"ListItem\",\"position\":2,\"name\":\"Tusen turister varav minst tv\u00e5 svenskar isolerade efter coronafall\"}]},{\"@type\":\"WebSite\",\"@id\":\"https:\\\/\\\/lightweb.dev\\\/l\\\/svm-temp\\\/#website\",\"url\":\"https:\\\/\\\/lightweb.dev\\\/l\\\/svm-temp\\\/\",\"name\":\"Svenska Magasinet\",\"description\":\"Dina Spanska nyheter p&aring; Svenska\",\"publisher\":{\"@id\":\"https:\\\/\\\/lightweb.dev\\\/l\\\/svm-temp\\\/#organization\"},\"potentialAction\":[{\"@type\":\"SearchAction\",\"target\":{\"@type\":\"EntryPoint\",\"urlTemplate\":\"https:\\\/\\\/lightweb.dev\\\/l\\\/svm-temp\\\/?s={search_term_string}\"},\"query-input\":{\"@type\":\"PropertyValueSpecification\",\"valueRequired\":true,\"valueName\":\"search_term_string\"}}],\"inLanguage\":\"sv-SE\"},{\"@type\":\"Organization\",\"@id\":\"https:\\\/\\\/lightweb.dev\\\/l\\\/svm-temp\\\/#organization\",\"name\":\"Melkerson y Nott SL\",\"alternateName\":\"Svenska Magasinet\",\"url\":\"https:\\\/\\\/lightweb.dev\\\/l\\\/svm-temp\\\/\",\"logo\":{\"@type\":\"ImageObject\",\"inLanguage\":\"sv-SE\",\"@id\":\"https:\\\/\\\/lightweb.dev\\\/l\\\/svm-temp\\\/#\\\/schema\\\/logo\\\/image\\\/\",\"url\":\"https:\\\/\\\/lightweb.dev\\\/l\\\/svm-temp\\\/wp-content\\\/uploads\\\/2025\\\/02\\\/SvM-logo-Xtra-Centrerad-SVART.png\",\"contentUrl\":\"https:\\\/\\\/lightweb.dev\\\/l\\\/svm-temp\\\/wp-content\\\/uploads\\\/2025\\\/02\\\/SvM-logo-Xtra-Centrerad-SVART.png\",\"width\":300,\"height\":99,\"caption\":\"Melkerson y Nott SL\"},\"image\":{\"@id\":\"https:\\\/\\\/lightweb.dev\\\/l\\\/svm-temp\\\/#\\\/schema\\\/logo\\\/image\\\/\"},\"sameAs\":[\"https:\\\/\\\/www.facebook.com\\\/svenskamagasinet\",\"https:\\\/\\\/x.com\\\/SvenskaMagasine\"]},{\"@type\":\"Person\",\"@id\":\"https:\\\/\\\/lightweb.dev\\\/l\\\/svm-temp\\\/#\\\/schema\\\/person\\\/206a3bda5b607b0c25e1749191e4d837\",\"name\":\"Redaktionen SvM\",\"description\":\"Redaktionen\",\"sameAs\":[\"https:\\\/\\\/lightweb.dev\\\/l\\\/svm-temp\"],\"url\":\"https:\\\/\\\/lightweb.dev\\\/l\\\/svm-temp\\\/reporter\\\/redaktionen\\\/\"}]}<\/script>\n<!-- \/ Yoast SEO Premium plugin. -->","yoast_head_json":{"title":"Tusen turister varav minst tv\u00e5 svenskar isolerade efter coronafall - Svenska Magasinet","robots":{"index":"noindex","follow":"follow","max-snippet":"max-snippet:-1","max-image-preview":"max-image-preview:large","max-video-preview":"max-video-preview:-1"},"og_locale":"sv_SE","og_type":"article","og_title":"Tusen turister varav minst tv\u00e5 svenskar isolerade efter coronafall","og_description":"Uppdatering: Tre nya fall i Spanien. Efter att en 69-\u00e5rig italiensk l\u00e4kare och dennes hustru konstaterats b\u00e4ra p\u00e5 coronaviruset har tusen hotellg\u00e4ster d\u00e4ribland minst tv\u00e5 svenskar isolerats p\u00e5 hotell H10 Costa Adeje Palace i Adeje kommun p\u00e5 s\u00f6dra Teneriffa. Paret kommer fr\u00e5n Lombardiet i Italien och har tillbringat en veckas semester p\u00e5 hotellanl\u00e4ggningen, och har [&hellip;]","og_url":"https:\/\/lightweb.dev\/l\/svm-temp\/nyheter\/tusen-turister-varav-minst-tva-svenskar-isolerade-efter-coronafall\/","og_site_name":"Svenska Magasinet","article_publisher":"https:\/\/www.facebook.com\/svenskamagasinet","article_published_time":"2020-02-24T23:00:00+00:00","og_image":[{"width":700,"height":420,"url":"https:\/\/lightweb.dev\/l\/svm-temp\/wp-content\/uploads\/2022\/06\/tusen-turister-varav-minst-tva-svenskar-isolerade-efter-coronafall.png","type":"image\/png"}],"author":"Redaktionen SvM","twitter_card":"summary_large_image","twitter_creator":"@SvenskaMagasine","twitter_site":"@SvenskaMagasine","schema":{"@context":"https:\/\/schema.org","@graph":[{"@type":"Article","@id":"https:\/\/lightweb.dev\/l\/svm-temp\/nyheter\/tusen-turister-varav-minst-tva-svenskar-isolerade-efter-coronafall\/#article","isPartOf":{"@id":"https:\/\/lightweb.dev\/l\/svm-temp\/nyheter\/tusen-turister-varav-minst-tva-svenskar-isolerade-efter-coronafall\/"},"author":{"name":"Redaktionen SvM","@id":"https:\/\/lightweb.dev\/l\/svm-temp\/#\/schema\/person\/206a3bda5b607b0c25e1749191e4d837"},"headline":"Tusen turister varav minst tv\u00e5 svenskar isolerade efter coronafall","datePublished":"2020-02-24T23:00:00+00:00","mainEntityOfPage":{"@id":"https:\/\/lightweb.dev\/l\/svm-temp\/nyheter\/tusen-turister-varav-minst-tva-svenskar-isolerade-efter-coronafall\/"},"wordCount":488,"commentCount":0,"publisher":{"@id":"https:\/\/lightweb.dev\/l\/svm-temp\/#organization"},"image":{"@id":"https:\/\/lightweb.dev\/l\/svm-temp\/nyheter\/tusen-turister-varav-minst-tva-svenskar-isolerade-efter-coronafall\/#primaryimage"},"thumbnailUrl":"https:\/\/lightweb.dev\/l\/svm-temp\/wp-content\/uploads\/2022\/06\/tusen-turister-varav-minst-tva-svenskar-isolerade-efter-coronafall.png","articleSection":["Arkiv","Nyheter"],"inLanguage":"sv-SE"},{"@type":"WebPage","@id":"https:\/\/lightweb.dev\/l\/svm-temp\/nyheter\/tusen-turister-varav-minst-tva-svenskar-isolerade-efter-coronafall\/","url":"https:\/\/lightweb.dev\/l\/svm-temp\/nyheter\/tusen-turister-varav-minst-tva-svenskar-isolerade-efter-coronafall\/","name":"Tusen turister varav minst tv\u00e5 svenskar isolerade efter coronafall - Svenska Magasinet","isPartOf":{"@id":"https:\/\/lightweb.dev\/l\/svm-temp\/#website"},"primaryImageOfPage":{"@id":"https:\/\/lightweb.dev\/l\/svm-temp\/nyheter\/tusen-turister-varav-minst-tva-svenskar-isolerade-efter-coronafall\/#primaryimage"},"image":{"@id":"https:\/\/lightweb.dev\/l\/svm-temp\/nyheter\/tusen-turister-varav-minst-tva-svenskar-isolerade-efter-coronafall\/#primaryimage"},"thumbnailUrl":"https:\/\/lightweb.dev\/l\/svm-temp\/wp-content\/uploads\/2022\/06\/tusen-turister-varav-minst-tva-svenskar-isolerade-efter-coronafall.png","datePublished":"2020-02-24T23:00:00+00:00","breadcrumb":{"@id":"https:\/\/lightweb.dev\/l\/svm-temp\/nyheter\/tusen-turister-varav-minst-tva-svenskar-isolerade-efter-coronafall\/#breadcrumb"},"inLanguage":"sv-SE","potentialAction":[{"@type":"ReadAction","target":["https:\/\/lightweb.dev\/l\/svm-temp\/nyheter\/tusen-turister-varav-minst-tva-svenskar-isolerade-efter-coronafall\/"]}]},{"@type":"ImageObject","inLanguage":"sv-SE","@id":"https:\/\/lightweb.dev\/l\/svm-temp\/nyheter\/tusen-turister-varav-minst-tva-svenskar-isolerade-efter-coronafall\/#primaryimage","url":"https:\/\/lightweb.dev\/l\/svm-temp\/wp-content\/uploads\/2022\/06\/tusen-turister-varav-minst-tva-svenskar-isolerade-efter-coronafall.png","contentUrl":"https:\/\/lightweb.dev\/l\/svm-temp\/wp-content\/uploads\/2022\/06\/tusen-turister-varav-minst-tva-svenskar-isolerade-efter-coronafall.png","width":700,"height":420},{"@type":"BreadcrumbList","@id":"https:\/\/lightweb.dev\/l\/svm-temp\/nyheter\/tusen-turister-varav-minst-tva-svenskar-isolerade-efter-coronafall\/#breadcrumb","itemListElement":[{"@type":"ListItem","position":1,"name":"Hem","item":"https:\/\/lightweb.dev\/l\/svm-temp\/"},{"@type":"ListItem","position":2,"name":"Tusen turister varav minst tv\u00e5 svenskar isolerade efter coronafall"}]},{"@type":"WebSite","@id":"https:\/\/lightweb.dev\/l\/svm-temp\/#website","url":"https:\/\/lightweb.dev\/l\/svm-temp\/","name":"Svenska Magasinet","description":"Dina Spanska nyheter p&aring; Svenska","publisher":{"@id":"https:\/\/lightweb.dev\/l\/svm-temp\/#organization"},"potentialAction":[{"@type":"SearchAction","target":{"@type":"EntryPoint","urlTemplate":"https:\/\/lightweb.dev\/l\/svm-temp\/?s={search_term_string}"},"query-input":{"@type":"PropertyValueSpecification","valueRequired":true,"valueName":"search_term_string"}}],"inLanguage":"sv-SE"},{"@type":"Organization","@id":"https:\/\/lightweb.dev\/l\/svm-temp\/#organization","name":"Melkerson y Nott SL","alternateName":"Svenska Magasinet","url":"https:\/\/lightweb.dev\/l\/svm-temp\/","logo":{"@type":"ImageObject","inLanguage":"sv-SE","@id":"https:\/\/lightweb.dev\/l\/svm-temp\/#\/schema\/logo\/image\/","url":"https:\/\/lightweb.dev\/l\/svm-temp\/wp-content\/uploads\/2025\/02\/SvM-logo-Xtra-Centrerad-SVART.png","contentUrl":"https:\/\/lightweb.dev\/l\/svm-temp\/wp-content\/uploads\/2025\/02\/SvM-logo-Xtra-Centrerad-SVART.png","width":300,"height":99,"caption":"Melkerson y Nott SL"},"image":{"@id":"https:\/\/lightweb.dev\/l\/svm-temp\/#\/schema\/logo\/image\/"},"sameAs":["https:\/\/www.facebook.com\/svenskamagasinet","https:\/\/x.com\/SvenskaMagasine"]},{"@type":"Person","@id":"https:\/\/lightweb.dev\/l\/svm-temp\/#\/schema\/person\/206a3bda5b607b0c25e1749191e4d837","name":"Redaktionen SvM","description":"Redaktionen","sameAs":["https:\/\/lightweb.dev\/l\/svm-temp"],"url":"https:\/\/lightweb.dev\/l\/svm-temp\/reporter\/redaktionen\/"}]}},"_links":{"self":[{"href":"https:\/\/lightweb.dev\/l\/svm-temp\/wp-json\/wp\/v2\/posts\/14713","targetHints":{"allow":["GET"]}}],"collection":[{"href":"https:\/\/lightweb.dev\/l\/svm-temp\/wp-json\/wp\/v2\/posts"}],"about":[{"href":"https:\/\/lightweb.dev\/l\/svm-temp\/wp-json\/wp\/v2\/types\/post"}],"author":[{"embeddable":true,"href":"https:\/\/lightweb.dev\/l\/svm-temp\/wp-json\/wp\/v2\/users\/8"}],"replies":[{"embeddable":true,"href":"https:\/\/lightweb.dev\/l\/svm-temp\/wp-json\/wp\/v2\/comments?post=14713"}],"version-history":[{"count":0,"href":"https:\/\/lightweb.dev\/l\/svm-temp\/wp-json\/wp\/v2\/posts\/14713\/revisions"}],"wp:featuredmedia":[{"embeddable":true,"href":"https:\/\/lightweb.dev\/l\/svm-temp\/wp-json\/wp\/v2\/media\/14714"}],"wp:attachment":[{"href":"https:\/\/lightweb.dev\/l\/svm-temp\/wp-json\/wp\/v2\/media?parent=14713"}],"wp:term":[{"taxonomy":"category","embeddable":true,"href":"https:\/\/lightweb.dev\/l\/svm-temp\/wp-json\/wp\/v2\/categories?post=14713"},{"taxonomy":"post_tag","embeddable":true,"href":"https:\/\/lightweb.dev\/l\/svm-temp\/wp-json\/wp\/v2\/tags?post=14713"}],"curies":[{"name":"wp","href":"https:\/\/api.w.org\/{rel}","templated":true}]}}