{"id":14715,"date":"2020-02-25T00:00:00","date_gmt":"2020-02-24T23:00:00","guid":{"rendered":"https:\/\/lightweb.dev\/l\/svm-temp\/nyheter\/stora-nybyggen-av-solenergianlaggningar-i-spanien\/"},"modified":"2020-02-25T00:00:00","modified_gmt":"2020-02-24T23:00:00","slug":"stora-nybyggen-av-solenergianlaggningar-i-spanien","status":"publish","type":"post","link":"https:\/\/lightweb.dev\/l\/svm-temp\/nyheter\/stora-nybyggen-av-solenergianlaggningar-i-spanien\/","title":{"rendered":"Stora nybyggen av solenergianl\u00e4ggningar i Spanien"},"content":{"rendered":"<p> Det spanska bolaget Prodiel bygger 500 MW f\u00f6rdelade p\u00e5 tv\u00e5 solkraftverk om 300 respektive 200 MW,  Prodiel bygger ocks\u00e5 en infrastruktur som g\u00f6r att de tv\u00e5 kraftverken effektivt kan samk\u00f6ras. <\/p>\n<p>Prodiel S.L \u00e4r en stor multinationell koncern som arbetar med f\u00f6rnybar energi och som har sitt huvudkontor i Sevilla. Bygget av de tv\u00e5 kraftverken sker p\u00e5 uppdrag av Storbritanniens st\u00f6rsta solenergif\u00f6retag Solarcentury. Uppdraget utf\u00f6rs som ett \u201dBOS-kontrakt (Balance of System)\u201d.<\/p>\n<p>300 MW anl\u00e4ggningen \u201dTalayuela Solar photovoltaic (PV) complex\u201d byggs i Talayela i Extremadura och planeras att bli en av de st\u00f6rsta solenergiparkerna p\u00e5 den Iberiska halv\u00f6n. Bygget \u00e4r i full g\u00e5ng och ber\u00e4knas vara f\u00e4rdigt i slutet av detta \u00e5ret. Anl\u00e4ggningen best\u00e5r utav 830.000 solpaneler som skall generera 571 GWh el per \u00e5r, vilket r\u00e4cker f\u00f6r att m\u00f6ta den \u00e5rliga f\u00f6rbrukningen fr\u00e5n \u00f6ver 160.000 hus.<\/p>\n<p>Samtidigt bygger Prodiel solenergiprojektet \u201d200 MW Cabrera\u201d i Alcala de Guadaira, Sevilla. Den anl\u00e4ggningen f\u00f6rv\u00e4ntas vara i drift f\u00f6re 2021 och dess 554.000 solpaneler kommer att installeras i fyra partier som tillsammans kommer att producera \u00f6ver 380 GWh \u00e5rligen. Den el-produktionen m\u00f6ter det \u00e5rliga behovet fr\u00e5n mer \u00e4n 120.000 hus.<\/p>\n<p>Solarcentury s\u00e4kerst\u00e4llde i januari 47,6 miljoner GBP (61,9 miljoner USD \/ 57,3 miljoner euro) i statsgaranterad finansiering f\u00f6r dessa tv\u00e5 projekten fr\u00e5n Storbritanniens exportkreditbyr\u00e5 UK Export Finance. Dess partner i Talayuela-projektet \u00e4r Tysklands Encavis AG (ETR:CAP). Relaterad artikel: M\u00e1lagas nya vindkraftpark ger el till 30.000 hush\u00e5ll.<\/p>\n<p>Bildtext: Installation av solpaneler, foto: Prodiel S.L.<br \/>\nArtikel: Jonny Erixon.<\/p>\n","protected":false},"excerpt":{"rendered":"<p>Det spanska bolaget Prodiel bygger 500 MW f\u00f6rdelade p\u00e5 tv\u00e5 solkraftverk om 300 respektive 200 MW, Prodiel bygger ocks\u00e5 en infrastruktur som g\u00f6r att de tv\u00e5 kraftverken effektivt kan samk\u00f6ras. Prodiel S.L \u00e4r en stor multinationell koncern som arbetar med f\u00f6rnybar energi och som har sitt huvudkontor i Sevilla. Bygget av de tv\u00e5 kraftverken sker [&hellip;]<\/p>\n","protected":false},"author":8,"featured_media":14716,"comment_status":"open","ping_status":"open","sticky":false,"template":"","format":"standard","meta":{"_et_pb_use_builder":"","_et_pb_old_content":"","_et_gb_content_width":"","footnotes":""},"categories":[395,3],"tags":[],"class_list":["post-14715","post","type-post","status-publish","format-standard","has-post-thumbnail","hentry","category-arkiv-nyheter","category-nyheter"],"yoast_head":"<!-- This site is optimized with the Yoast SEO Premium plugin v26.2 (Yoast SEO v27.4) - https:\/\/yoast.com\/product\/yoast-seo-premium-wordpress\/ -->\n<title>Stora nybyggen av solenergianl\u00e4ggningar i Spanien - Svenska Magasinet<\/title>\n<meta name=\"robots\" content=\"noindex, follow, max-snippet:-1, max-image-preview:large, max-video-preview:-1\" \/>\n<meta property=\"og:locale\" content=\"sv_SE\" \/>\n<meta property=\"og:type\" content=\"article\" \/>\n<meta property=\"og:title\" content=\"Stora nybyggen av solenergianl\u00e4ggningar i Spanien\" \/>\n<meta property=\"og:description\" content=\"Det spanska bolaget Prodiel bygger 500 MW f\u00f6rdelade p\u00e5 tv\u00e5 solkraftverk om 300 respektive 200 MW, Prodiel bygger ocks\u00e5 en infrastruktur som g\u00f6r att de tv\u00e5 kraftverken effektivt kan samk\u00f6ras. Prodiel S.L \u00e4r en stor multinationell koncern som arbetar med f\u00f6rnybar energi och som har sitt huvudkontor i Sevilla. Bygget av de tv\u00e5 kraftverken sker [&hellip;]\" \/>\n<meta property=\"og:url\" content=\"https:\/\/lightweb.dev\/l\/svm-temp\/nyheter\/stora-nybyggen-av-solenergianlaggningar-i-spanien\/\" \/>\n<meta property=\"og:site_name\" content=\"Svenska Magasinet\" \/>\n<meta property=\"article:publisher\" content=\"https:\/\/www.facebook.com\/svenskamagasinet\" \/>\n<meta property=\"article:published_time\" content=\"2020-02-24T23:00:00+00:00\" \/>\n<meta property=\"og:image\" content=\"https:\/\/lightweb.dev\/l\/svm-temp\/wp-content\/uploads\/2022\/06\/stora-nybyggen-av-solenergianlaggningar-i-spanien.png\" \/>\n\t<meta property=\"og:image:width\" content=\"700\" \/>\n\t<meta property=\"og:image:height\" content=\"420\" \/>\n\t<meta property=\"og:image:type\" content=\"image\/png\" \/>\n<meta name=\"author\" content=\"Redaktionen SvM\" \/>\n<meta name=\"twitter:card\" content=\"summary_large_image\" \/>\n<meta name=\"twitter:creator\" content=\"@SvenskaMagasine\" \/>\n<meta name=\"twitter:site\" content=\"@SvenskaMagasine\" \/>\n<script type=\"application\/ld+json\" class=\"yoast-schema-graph\">{\"@context\":\"https:\\\/\\\/schema.org\",\"@graph\":[{\"@type\":\"Article\",\"@id\":\"https:\\\/\\\/lightweb.dev\\\/l\\\/svm-temp\\\/nyheter\\\/stora-nybyggen-av-solenergianlaggningar-i-spanien\\\/#article\",\"isPartOf\":{\"@id\":\"https:\\\/\\\/lightweb.dev\\\/l\\\/svm-temp\\\/nyheter\\\/stora-nybyggen-av-solenergianlaggningar-i-spanien\\\/\"},\"author\":{\"name\":\"Redaktionen SvM\",\"@id\":\"https:\\\/\\\/lightweb.dev\\\/l\\\/svm-temp\\\/#\\\/schema\\\/person\\\/206a3bda5b607b0c25e1749191e4d837\"},\"headline\":\"Stora nybyggen av solenergianl\u00e4ggningar i Spanien\",\"datePublished\":\"2020-02-24T23:00:00+00:00\",\"mainEntityOfPage\":{\"@id\":\"https:\\\/\\\/lightweb.dev\\\/l\\\/svm-temp\\\/nyheter\\\/stora-nybyggen-av-solenergianlaggningar-i-spanien\\\/\"},\"wordCount\":266,\"commentCount\":0,\"publisher\":{\"@id\":\"https:\\\/\\\/lightweb.dev\\\/l\\\/svm-temp\\\/#organization\"},\"image\":{\"@id\":\"https:\\\/\\\/lightweb.dev\\\/l\\\/svm-temp\\\/nyheter\\\/stora-nybyggen-av-solenergianlaggningar-i-spanien\\\/#primaryimage\"},\"thumbnailUrl\":\"https:\\\/\\\/lightweb.dev\\\/l\\\/svm-temp\\\/wp-content\\\/uploads\\\/2022\\\/06\\\/stora-nybyggen-av-solenergianlaggningar-i-spanien.png\",\"articleSection\":[\"Arkiv\",\"Nyheter\"],\"inLanguage\":\"sv-SE\"},{\"@type\":\"WebPage\",\"@id\":\"https:\\\/\\\/lightweb.dev\\\/l\\\/svm-temp\\\/nyheter\\\/stora-nybyggen-av-solenergianlaggningar-i-spanien\\\/\",\"url\":\"https:\\\/\\\/lightweb.dev\\\/l\\\/svm-temp\\\/nyheter\\\/stora-nybyggen-av-solenergianlaggningar-i-spanien\\\/\",\"name\":\"Stora nybyggen av solenergianl\u00e4ggningar i Spanien - Svenska Magasinet\",\"isPartOf\":{\"@id\":\"https:\\\/\\\/lightweb.dev\\\/l\\\/svm-temp\\\/#website\"},\"primaryImageOfPage\":{\"@id\":\"https:\\\/\\\/lightweb.dev\\\/l\\\/svm-temp\\\/nyheter\\\/stora-nybyggen-av-solenergianlaggningar-i-spanien\\\/#primaryimage\"},\"image\":{\"@id\":\"https:\\\/\\\/lightweb.dev\\\/l\\\/svm-temp\\\/nyheter\\\/stora-nybyggen-av-solenergianlaggningar-i-spanien\\\/#primaryimage\"},\"thumbnailUrl\":\"https:\\\/\\\/lightweb.dev\\\/l\\\/svm-temp\\\/wp-content\\\/uploads\\\/2022\\\/06\\\/stora-nybyggen-av-solenergianlaggningar-i-spanien.png\",\"datePublished\":\"2020-02-24T23:00:00+00:00\",\"breadcrumb\":{\"@id\":\"https:\\\/\\\/lightweb.dev\\\/l\\\/svm-temp\\\/nyheter\\\/stora-nybyggen-av-solenergianlaggningar-i-spanien\\\/#breadcrumb\"},\"inLanguage\":\"sv-SE\",\"potentialAction\":[{\"@type\":\"ReadAction\",\"target\":[\"https:\\\/\\\/lightweb.dev\\\/l\\\/svm-temp\\\/nyheter\\\/stora-nybyggen-av-solenergianlaggningar-i-spanien\\\/\"]}]},{\"@type\":\"ImageObject\",\"inLanguage\":\"sv-SE\",\"@id\":\"https:\\\/\\\/lightweb.dev\\\/l\\\/svm-temp\\\/nyheter\\\/stora-nybyggen-av-solenergianlaggningar-i-spanien\\\/#primaryimage\",\"url\":\"https:\\\/\\\/lightweb.dev\\\/l\\\/svm-temp\\\/wp-content\\\/uploads\\\/2022\\\/06\\\/stora-nybyggen-av-solenergianlaggningar-i-spanien.png\",\"contentUrl\":\"https:\\\/\\\/lightweb.dev\\\/l\\\/svm-temp\\\/wp-content\\\/uploads\\\/2022\\\/06\\\/stora-nybyggen-av-solenergianlaggningar-i-spanien.png\",\"width\":700,\"height\":420},{\"@type\":\"BreadcrumbList\",\"@id\":\"https:\\\/\\\/lightweb.dev\\\/l\\\/svm-temp\\\/nyheter\\\/stora-nybyggen-av-solenergianlaggningar-i-spanien\\\/#breadcrumb\",\"itemListElement\":[{\"@type\":\"ListItem\",\"position\":1,\"name\":\"Hem\",\"item\":\"https:\\\/\\\/lightweb.dev\\\/l\\\/svm-temp\\\/\"},{\"@type\":\"ListItem\",\"position\":2,\"name\":\"Stora nybyggen av solenergianl\u00e4ggningar i Spanien\"}]},{\"@type\":\"WebSite\",\"@id\":\"https:\\\/\\\/lightweb.dev\\\/l\\\/svm-temp\\\/#website\",\"url\":\"https:\\\/\\\/lightweb.dev\\\/l\\\/svm-temp\\\/\",\"name\":\"Svenska Magasinet\",\"description\":\"Dina Spanska nyheter p&aring; Svenska\",\"publisher\":{\"@id\":\"https:\\\/\\\/lightweb.dev\\\/l\\\/svm-temp\\\/#organization\"},\"potentialAction\":[{\"@type\":\"SearchAction\",\"target\":{\"@type\":\"EntryPoint\",\"urlTemplate\":\"https:\\\/\\\/lightweb.dev\\\/l\\\/svm-temp\\\/?s={search_term_string}\"},\"query-input\":{\"@type\":\"PropertyValueSpecification\",\"valueRequired\":true,\"valueName\":\"search_term_string\"}}],\"inLanguage\":\"sv-SE\"},{\"@type\":\"Organization\",\"@id\":\"https:\\\/\\\/lightweb.dev\\\/l\\\/svm-temp\\\/#organization\",\"name\":\"Melkerson y Nott SL\",\"alternateName\":\"Svenska Magasinet\",\"url\":\"https:\\\/\\\/lightweb.dev\\\/l\\\/svm-temp\\\/\",\"logo\":{\"@type\":\"ImageObject\",\"inLanguage\":\"sv-SE\",\"@id\":\"https:\\\/\\\/lightweb.dev\\\/l\\\/svm-temp\\\/#\\\/schema\\\/logo\\\/image\\\/\",\"url\":\"https:\\\/\\\/lightweb.dev\\\/l\\\/svm-temp\\\/wp-content\\\/uploads\\\/2025\\\/02\\\/SvM-logo-Xtra-Centrerad-SVART.png\",\"contentUrl\":\"https:\\\/\\\/lightweb.dev\\\/l\\\/svm-temp\\\/wp-content\\\/uploads\\\/2025\\\/02\\\/SvM-logo-Xtra-Centrerad-SVART.png\",\"width\":300,\"height\":99,\"caption\":\"Melkerson y Nott SL\"},\"image\":{\"@id\":\"https:\\\/\\\/lightweb.dev\\\/l\\\/svm-temp\\\/#\\\/schema\\\/logo\\\/image\\\/\"},\"sameAs\":[\"https:\\\/\\\/www.facebook.com\\\/svenskamagasinet\",\"https:\\\/\\\/x.com\\\/SvenskaMagasine\"]},{\"@type\":\"Person\",\"@id\":\"https:\\\/\\\/lightweb.dev\\\/l\\\/svm-temp\\\/#\\\/schema\\\/person\\\/206a3bda5b607b0c25e1749191e4d837\",\"name\":\"Redaktionen SvM\",\"description\":\"Redaktionen\",\"sameAs\":[\"https:\\\/\\\/lightweb.dev\\\/l\\\/svm-temp\"],\"url\":\"https:\\\/\\\/lightweb.dev\\\/l\\\/svm-temp\\\/reporter\\\/redaktionen\\\/\"}]}<\/script>\n<!-- \/ Yoast SEO Premium plugin. -->","yoast_head_json":{"title":"Stora nybyggen av solenergianl\u00e4ggningar i Spanien - Svenska Magasinet","robots":{"index":"noindex","follow":"follow","max-snippet":"max-snippet:-1","max-image-preview":"max-image-preview:large","max-video-preview":"max-video-preview:-1"},"og_locale":"sv_SE","og_type":"article","og_title":"Stora nybyggen av solenergianl\u00e4ggningar i Spanien","og_description":"Det spanska bolaget Prodiel bygger 500 MW f\u00f6rdelade p\u00e5 tv\u00e5 solkraftverk om 300 respektive 200 MW, Prodiel bygger ocks\u00e5 en infrastruktur som g\u00f6r att de tv\u00e5 kraftverken effektivt kan samk\u00f6ras. Prodiel S.L \u00e4r en stor multinationell koncern som arbetar med f\u00f6rnybar energi och som har sitt huvudkontor i Sevilla. Bygget av de tv\u00e5 kraftverken sker [&hellip;]","og_url":"https:\/\/lightweb.dev\/l\/svm-temp\/nyheter\/stora-nybyggen-av-solenergianlaggningar-i-spanien\/","og_site_name":"Svenska Magasinet","article_publisher":"https:\/\/www.facebook.com\/svenskamagasinet","article_published_time":"2020-02-24T23:00:00+00:00","og_image":[{"width":700,"height":420,"url":"https:\/\/lightweb.dev\/l\/svm-temp\/wp-content\/uploads\/2022\/06\/stora-nybyggen-av-solenergianlaggningar-i-spanien.png","type":"image\/png"}],"author":"Redaktionen SvM","twitter_card":"summary_large_image","twitter_creator":"@SvenskaMagasine","twitter_site":"@SvenskaMagasine","schema":{"@context":"https:\/\/schema.org","@graph":[{"@type":"Article","@id":"https:\/\/lightweb.dev\/l\/svm-temp\/nyheter\/stora-nybyggen-av-solenergianlaggningar-i-spanien\/#article","isPartOf":{"@id":"https:\/\/lightweb.dev\/l\/svm-temp\/nyheter\/stora-nybyggen-av-solenergianlaggningar-i-spanien\/"},"author":{"name":"Redaktionen SvM","@id":"https:\/\/lightweb.dev\/l\/svm-temp\/#\/schema\/person\/206a3bda5b607b0c25e1749191e4d837"},"headline":"Stora nybyggen av solenergianl\u00e4ggningar i Spanien","datePublished":"2020-02-24T23:00:00+00:00","mainEntityOfPage":{"@id":"https:\/\/lightweb.dev\/l\/svm-temp\/nyheter\/stora-nybyggen-av-solenergianlaggningar-i-spanien\/"},"wordCount":266,"commentCount":0,"publisher":{"@id":"https:\/\/lightweb.dev\/l\/svm-temp\/#organization"},"image":{"@id":"https:\/\/lightweb.dev\/l\/svm-temp\/nyheter\/stora-nybyggen-av-solenergianlaggningar-i-spanien\/#primaryimage"},"thumbnailUrl":"https:\/\/lightweb.dev\/l\/svm-temp\/wp-content\/uploads\/2022\/06\/stora-nybyggen-av-solenergianlaggningar-i-spanien.png","articleSection":["Arkiv","Nyheter"],"inLanguage":"sv-SE"},{"@type":"WebPage","@id":"https:\/\/lightweb.dev\/l\/svm-temp\/nyheter\/stora-nybyggen-av-solenergianlaggningar-i-spanien\/","url":"https:\/\/lightweb.dev\/l\/svm-temp\/nyheter\/stora-nybyggen-av-solenergianlaggningar-i-spanien\/","name":"Stora nybyggen av solenergianl\u00e4ggningar i Spanien - Svenska Magasinet","isPartOf":{"@id":"https:\/\/lightweb.dev\/l\/svm-temp\/#website"},"primaryImageOfPage":{"@id":"https:\/\/lightweb.dev\/l\/svm-temp\/nyheter\/stora-nybyggen-av-solenergianlaggningar-i-spanien\/#primaryimage"},"image":{"@id":"https:\/\/lightweb.dev\/l\/svm-temp\/nyheter\/stora-nybyggen-av-solenergianlaggningar-i-spanien\/#primaryimage"},"thumbnailUrl":"https:\/\/lightweb.dev\/l\/svm-temp\/wp-content\/uploads\/2022\/06\/stora-nybyggen-av-solenergianlaggningar-i-spanien.png","datePublished":"2020-02-24T23:00:00+00:00","breadcrumb":{"@id":"https:\/\/lightweb.dev\/l\/svm-temp\/nyheter\/stora-nybyggen-av-solenergianlaggningar-i-spanien\/#breadcrumb"},"inLanguage":"sv-SE","potentialAction":[{"@type":"ReadAction","target":["https:\/\/lightweb.dev\/l\/svm-temp\/nyheter\/stora-nybyggen-av-solenergianlaggningar-i-spanien\/"]}]},{"@type":"ImageObject","inLanguage":"sv-SE","@id":"https:\/\/lightweb.dev\/l\/svm-temp\/nyheter\/stora-nybyggen-av-solenergianlaggningar-i-spanien\/#primaryimage","url":"https:\/\/lightweb.dev\/l\/svm-temp\/wp-content\/uploads\/2022\/06\/stora-nybyggen-av-solenergianlaggningar-i-spanien.png","contentUrl":"https:\/\/lightweb.dev\/l\/svm-temp\/wp-content\/uploads\/2022\/06\/stora-nybyggen-av-solenergianlaggningar-i-spanien.png","width":700,"height":420},{"@type":"BreadcrumbList","@id":"https:\/\/lightweb.dev\/l\/svm-temp\/nyheter\/stora-nybyggen-av-solenergianlaggningar-i-spanien\/#breadcrumb","itemListElement":[{"@type":"ListItem","position":1,"name":"Hem","item":"https:\/\/lightweb.dev\/l\/svm-temp\/"},{"@type":"ListItem","position":2,"name":"Stora nybyggen av solenergianl\u00e4ggningar i Spanien"}]},{"@type":"WebSite","@id":"https:\/\/lightweb.dev\/l\/svm-temp\/#website","url":"https:\/\/lightweb.dev\/l\/svm-temp\/","name":"Svenska Magasinet","description":"Dina Spanska nyheter p&aring; Svenska","publisher":{"@id":"https:\/\/lightweb.dev\/l\/svm-temp\/#organization"},"potentialAction":[{"@type":"SearchAction","target":{"@type":"EntryPoint","urlTemplate":"https:\/\/lightweb.dev\/l\/svm-temp\/?s={search_term_string}"},"query-input":{"@type":"PropertyValueSpecification","valueRequired":true,"valueName":"search_term_string"}}],"inLanguage":"sv-SE"},{"@type":"Organization","@id":"https:\/\/lightweb.dev\/l\/svm-temp\/#organization","name":"Melkerson y Nott SL","alternateName":"Svenska Magasinet","url":"https:\/\/lightweb.dev\/l\/svm-temp\/","logo":{"@type":"ImageObject","inLanguage":"sv-SE","@id":"https:\/\/lightweb.dev\/l\/svm-temp\/#\/schema\/logo\/image\/","url":"https:\/\/lightweb.dev\/l\/svm-temp\/wp-content\/uploads\/2025\/02\/SvM-logo-Xtra-Centrerad-SVART.png","contentUrl":"https:\/\/lightweb.dev\/l\/svm-temp\/wp-content\/uploads\/2025\/02\/SvM-logo-Xtra-Centrerad-SVART.png","width":300,"height":99,"caption":"Melkerson y Nott SL"},"image":{"@id":"https:\/\/lightweb.dev\/l\/svm-temp\/#\/schema\/logo\/image\/"},"sameAs":["https:\/\/www.facebook.com\/svenskamagasinet","https:\/\/x.com\/SvenskaMagasine"]},{"@type":"Person","@id":"https:\/\/lightweb.dev\/l\/svm-temp\/#\/schema\/person\/206a3bda5b607b0c25e1749191e4d837","name":"Redaktionen SvM","description":"Redaktionen","sameAs":["https:\/\/lightweb.dev\/l\/svm-temp"],"url":"https:\/\/lightweb.dev\/l\/svm-temp\/reporter\/redaktionen\/"}]}},"_links":{"self":[{"href":"https:\/\/lightweb.dev\/l\/svm-temp\/wp-json\/wp\/v2\/posts\/14715","targetHints":{"allow":["GET"]}}],"collection":[{"href":"https:\/\/lightweb.dev\/l\/svm-temp\/wp-json\/wp\/v2\/posts"}],"about":[{"href":"https:\/\/lightweb.dev\/l\/svm-temp\/wp-json\/wp\/v2\/types\/post"}],"author":[{"embeddable":true,"href":"https:\/\/lightweb.dev\/l\/svm-temp\/wp-json\/wp\/v2\/users\/8"}],"replies":[{"embeddable":true,"href":"https:\/\/lightweb.dev\/l\/svm-temp\/wp-json\/wp\/v2\/comments?post=14715"}],"version-history":[{"count":0,"href":"https:\/\/lightweb.dev\/l\/svm-temp\/wp-json\/wp\/v2\/posts\/14715\/revisions"}],"wp:featuredmedia":[{"embeddable":true,"href":"https:\/\/lightweb.dev\/l\/svm-temp\/wp-json\/wp\/v2\/media\/14716"}],"wp:attachment":[{"href":"https:\/\/lightweb.dev\/l\/svm-temp\/wp-json\/wp\/v2\/media?parent=14715"}],"wp:term":[{"taxonomy":"category","embeddable":true,"href":"https:\/\/lightweb.dev\/l\/svm-temp\/wp-json\/wp\/v2\/categories?post=14715"},{"taxonomy":"post_tag","embeddable":true,"href":"https:\/\/lightweb.dev\/l\/svm-temp\/wp-json\/wp\/v2\/tags?post=14715"}],"curies":[{"name":"wp","href":"https:\/\/api.w.org\/{rel}","templated":true}]}}