{"id":14721,"date":"2020-02-24T00:00:00","date_gmt":"2020-02-23T23:00:00","guid":{"rendered":"https:\/\/lightweb.dev\/l\/svm-temp\/nyheter\/marbella-vill-ha-slut-pa-trafikproblem-vid-puerto-banus\/"},"modified":"2020-02-24T00:00:00","modified_gmt":"2020-02-23T23:00:00","slug":"marbella-vill-ha-slut-pa-trafikproblem-vid-puerto-banus","status":"publish","type":"post","link":"https:\/\/lightweb.dev\/l\/svm-temp\/nyheter\/marbella-vill-ha-slut-pa-trafikproblem-vid-puerto-banus\/","title":{"rendered":"Marbella vill ha slut p\u00e5 trafikproblem vid Puerto Ban\u00fas"},"content":{"rendered":"<p> Marbella vill ha en snabb l\u00f6sning p\u00e5 de upprepade trafikstockningarna l\u00e4ngs A7:an mellan Puerto Ban\u00fas och San Pedro Alc\u00e1ntara (bilden) och tar nu fr\u00e5gan vidare till Utvecklingsdepartementet. Boende och bes\u00f6kare har tr\u00f6ttnat p\u00e5 dagliga trafikstockningar under hela \u00e5ret och n\u00e5got som f\u00f6rv\u00e4rras under h\u00f6gs\u00e4songen.<\/p>\n<p>90.000 motorfordon passerar str\u00e4ckan mellan Puerto Ban\u00fas och San Pedro Alc\u00e1ntara varje dag. Javier Garc\u00eda, som \u00e4r vice borgm\u00e4stare med ansvar f\u00f6r San Pedro, har lagt fram ett f\u00f6rslag som v\u00e4ntas g\u00e5 igenom n\u00e4r kommunfullm\u00e4ktige i Marbella h\u00e5ller sitt n\u00e4sta m\u00f6te.<\/p>\n<p>F\u00f6rslaget g\u00e5r ut p\u00e5 att f\u00f6rb\u00e4ttra cirkulationen utmed A7:an mellan kilometerpunkterna 172,100 och 174,950. V\u00e4gavsnittet \u00e4r inte anpassat till verkligheten d\u00e4r genomfartstrafik tillsammans med till\u2013 och avfartsv\u00e4gar komplicerar situationen. <\/p>\n<p>D\u00e4rf\u00f6r \u00e4r en utbyggd v\u00e4g med en tredje fil avg\u00f6rande i att l\u00f6sa en redan problematisk trafiksituation. Kommunen vill g\u00f6ra Utvecklingsdepartementet uppm\u00e4rksam p\u00e5 problemet s\u00e5 att det avs\u00e4tts pengar i budgeten till projektet.<\/p>\n","protected":false},"excerpt":{"rendered":"<p>Marbella vill ha en snabb l\u00f6sning p\u00e5 de upprepade trafikstockningarna l\u00e4ngs A7:an mellan Puerto Ban\u00fas och San Pedro Alc\u00e1ntara (bilden) och tar nu fr\u00e5gan vidare till Utvecklingsdepartementet. Boende och bes\u00f6kare har tr\u00f6ttnat p\u00e5 dagliga trafikstockningar under hela \u00e5ret och n\u00e5got som f\u00f6rv\u00e4rras under h\u00f6gs\u00e4songen. 90.000 motorfordon passerar str\u00e4ckan mellan Puerto Ban\u00fas och San Pedro Alc\u00e1ntara [&hellip;]<\/p>\n","protected":false},"author":8,"featured_media":14722,"comment_status":"open","ping_status":"open","sticky":false,"template":"","format":"standard","meta":{"_et_pb_use_builder":"","_et_pb_old_content":"","_et_gb_content_width":"","footnotes":""},"categories":[395,3],"tags":[],"class_list":["post-14721","post","type-post","status-publish","format-standard","has-post-thumbnail","hentry","category-arkiv-nyheter","category-nyheter"],"yoast_head":"<!-- This site is optimized with the Yoast SEO Premium plugin v26.2 (Yoast SEO v27.4) - https:\/\/yoast.com\/product\/yoast-seo-premium-wordpress\/ -->\n<title>Marbella vill ha slut p\u00e5 trafikproblem vid Puerto Ban\u00fas - Svenska Magasinet<\/title>\n<meta name=\"robots\" content=\"noindex, follow, max-snippet:-1, max-image-preview:large, max-video-preview:-1\" \/>\n<meta property=\"og:locale\" content=\"sv_SE\" \/>\n<meta property=\"og:type\" content=\"article\" \/>\n<meta property=\"og:title\" content=\"Marbella vill ha slut p\u00e5 trafikproblem vid Puerto Ban\u00fas\" \/>\n<meta property=\"og:description\" content=\"Marbella vill ha en snabb l\u00f6sning p\u00e5 de upprepade trafikstockningarna l\u00e4ngs A7:an mellan Puerto Ban\u00fas och San Pedro Alc\u00e1ntara (bilden) och tar nu fr\u00e5gan vidare till Utvecklingsdepartementet. Boende och bes\u00f6kare har tr\u00f6ttnat p\u00e5 dagliga trafikstockningar under hela \u00e5ret och n\u00e5got som f\u00f6rv\u00e4rras under h\u00f6gs\u00e4songen. 90.000 motorfordon passerar str\u00e4ckan mellan Puerto Ban\u00fas och San Pedro Alc\u00e1ntara [&hellip;]\" \/>\n<meta property=\"og:url\" content=\"https:\/\/lightweb.dev\/l\/svm-temp\/nyheter\/marbella-vill-ha-slut-pa-trafikproblem-vid-puerto-banus\/\" \/>\n<meta property=\"og:site_name\" content=\"Svenska Magasinet\" \/>\n<meta property=\"article:publisher\" content=\"https:\/\/www.facebook.com\/svenskamagasinet\" \/>\n<meta property=\"article:published_time\" content=\"2020-02-23T23:00:00+00:00\" \/>\n<meta property=\"og:image\" content=\"https:\/\/lightweb.dev\/l\/svm-temp\/wp-content\/uploads\/2022\/06\/marbella-vill-ha-slut-pa-trafikproblem-vid-puerto-banus.png\" \/>\n\t<meta property=\"og:image:width\" content=\"700\" \/>\n\t<meta property=\"og:image:height\" content=\"420\" \/>\n\t<meta property=\"og:image:type\" content=\"image\/png\" \/>\n<meta name=\"author\" content=\"Redaktionen SvM\" \/>\n<meta name=\"twitter:card\" content=\"summary_large_image\" \/>\n<meta name=\"twitter:creator\" content=\"@SvenskaMagasine\" \/>\n<meta name=\"twitter:site\" content=\"@SvenskaMagasine\" \/>\n<script type=\"application\/ld+json\" class=\"yoast-schema-graph\">{\"@context\":\"https:\\\/\\\/schema.org\",\"@graph\":[{\"@type\":\"Article\",\"@id\":\"https:\\\/\\\/lightweb.dev\\\/l\\\/svm-temp\\\/nyheter\\\/marbella-vill-ha-slut-pa-trafikproblem-vid-puerto-banus\\\/#article\",\"isPartOf\":{\"@id\":\"https:\\\/\\\/lightweb.dev\\\/l\\\/svm-temp\\\/nyheter\\\/marbella-vill-ha-slut-pa-trafikproblem-vid-puerto-banus\\\/\"},\"author\":{\"name\":\"Redaktionen SvM\",\"@id\":\"https:\\\/\\\/lightweb.dev\\\/l\\\/svm-temp\\\/#\\\/schema\\\/person\\\/206a3bda5b607b0c25e1749191e4d837\"},\"headline\":\"Marbella vill ha slut p\u00e5 trafikproblem vid Puerto Ban\u00fas\",\"datePublished\":\"2020-02-23T23:00:00+00:00\",\"mainEntityOfPage\":{\"@id\":\"https:\\\/\\\/lightweb.dev\\\/l\\\/svm-temp\\\/nyheter\\\/marbella-vill-ha-slut-pa-trafikproblem-vid-puerto-banus\\\/\"},\"wordCount\":196,\"commentCount\":0,\"publisher\":{\"@id\":\"https:\\\/\\\/lightweb.dev\\\/l\\\/svm-temp\\\/#organization\"},\"image\":{\"@id\":\"https:\\\/\\\/lightweb.dev\\\/l\\\/svm-temp\\\/nyheter\\\/marbella-vill-ha-slut-pa-trafikproblem-vid-puerto-banus\\\/#primaryimage\"},\"thumbnailUrl\":\"https:\\\/\\\/lightweb.dev\\\/l\\\/svm-temp\\\/wp-content\\\/uploads\\\/2022\\\/06\\\/marbella-vill-ha-slut-pa-trafikproblem-vid-puerto-banus.png\",\"articleSection\":[\"Arkiv\",\"Nyheter\"],\"inLanguage\":\"sv-SE\"},{\"@type\":\"WebPage\",\"@id\":\"https:\\\/\\\/lightweb.dev\\\/l\\\/svm-temp\\\/nyheter\\\/marbella-vill-ha-slut-pa-trafikproblem-vid-puerto-banus\\\/\",\"url\":\"https:\\\/\\\/lightweb.dev\\\/l\\\/svm-temp\\\/nyheter\\\/marbella-vill-ha-slut-pa-trafikproblem-vid-puerto-banus\\\/\",\"name\":\"Marbella vill ha slut p\u00e5 trafikproblem vid Puerto Ban\u00fas - Svenska Magasinet\",\"isPartOf\":{\"@id\":\"https:\\\/\\\/lightweb.dev\\\/l\\\/svm-temp\\\/#website\"},\"primaryImageOfPage\":{\"@id\":\"https:\\\/\\\/lightweb.dev\\\/l\\\/svm-temp\\\/nyheter\\\/marbella-vill-ha-slut-pa-trafikproblem-vid-puerto-banus\\\/#primaryimage\"},\"image\":{\"@id\":\"https:\\\/\\\/lightweb.dev\\\/l\\\/svm-temp\\\/nyheter\\\/marbella-vill-ha-slut-pa-trafikproblem-vid-puerto-banus\\\/#primaryimage\"},\"thumbnailUrl\":\"https:\\\/\\\/lightweb.dev\\\/l\\\/svm-temp\\\/wp-content\\\/uploads\\\/2022\\\/06\\\/marbella-vill-ha-slut-pa-trafikproblem-vid-puerto-banus.png\",\"datePublished\":\"2020-02-23T23:00:00+00:00\",\"breadcrumb\":{\"@id\":\"https:\\\/\\\/lightweb.dev\\\/l\\\/svm-temp\\\/nyheter\\\/marbella-vill-ha-slut-pa-trafikproblem-vid-puerto-banus\\\/#breadcrumb\"},\"inLanguage\":\"sv-SE\",\"potentialAction\":[{\"@type\":\"ReadAction\",\"target\":[\"https:\\\/\\\/lightweb.dev\\\/l\\\/svm-temp\\\/nyheter\\\/marbella-vill-ha-slut-pa-trafikproblem-vid-puerto-banus\\\/\"]}]},{\"@type\":\"ImageObject\",\"inLanguage\":\"sv-SE\",\"@id\":\"https:\\\/\\\/lightweb.dev\\\/l\\\/svm-temp\\\/nyheter\\\/marbella-vill-ha-slut-pa-trafikproblem-vid-puerto-banus\\\/#primaryimage\",\"url\":\"https:\\\/\\\/lightweb.dev\\\/l\\\/svm-temp\\\/wp-content\\\/uploads\\\/2022\\\/06\\\/marbella-vill-ha-slut-pa-trafikproblem-vid-puerto-banus.png\",\"contentUrl\":\"https:\\\/\\\/lightweb.dev\\\/l\\\/svm-temp\\\/wp-content\\\/uploads\\\/2022\\\/06\\\/marbella-vill-ha-slut-pa-trafikproblem-vid-puerto-banus.png\",\"width\":700,\"height\":420},{\"@type\":\"BreadcrumbList\",\"@id\":\"https:\\\/\\\/lightweb.dev\\\/l\\\/svm-temp\\\/nyheter\\\/marbella-vill-ha-slut-pa-trafikproblem-vid-puerto-banus\\\/#breadcrumb\",\"itemListElement\":[{\"@type\":\"ListItem\",\"position\":1,\"name\":\"Hem\",\"item\":\"https:\\\/\\\/lightweb.dev\\\/l\\\/svm-temp\\\/\"},{\"@type\":\"ListItem\",\"position\":2,\"name\":\"Marbella vill ha slut p\u00e5 trafikproblem vid Puerto Ban\u00fas\"}]},{\"@type\":\"WebSite\",\"@id\":\"https:\\\/\\\/lightweb.dev\\\/l\\\/svm-temp\\\/#website\",\"url\":\"https:\\\/\\\/lightweb.dev\\\/l\\\/svm-temp\\\/\",\"name\":\"Svenska Magasinet\",\"description\":\"Dina Spanska nyheter p&aring; Svenska\",\"publisher\":{\"@id\":\"https:\\\/\\\/lightweb.dev\\\/l\\\/svm-temp\\\/#organization\"},\"potentialAction\":[{\"@type\":\"SearchAction\",\"target\":{\"@type\":\"EntryPoint\",\"urlTemplate\":\"https:\\\/\\\/lightweb.dev\\\/l\\\/svm-temp\\\/?s={search_term_string}\"},\"query-input\":{\"@type\":\"PropertyValueSpecification\",\"valueRequired\":true,\"valueName\":\"search_term_string\"}}],\"inLanguage\":\"sv-SE\"},{\"@type\":\"Organization\",\"@id\":\"https:\\\/\\\/lightweb.dev\\\/l\\\/svm-temp\\\/#organization\",\"name\":\"Melkerson y Nott SL\",\"alternateName\":\"Svenska Magasinet\",\"url\":\"https:\\\/\\\/lightweb.dev\\\/l\\\/svm-temp\\\/\",\"logo\":{\"@type\":\"ImageObject\",\"inLanguage\":\"sv-SE\",\"@id\":\"https:\\\/\\\/lightweb.dev\\\/l\\\/svm-temp\\\/#\\\/schema\\\/logo\\\/image\\\/\",\"url\":\"https:\\\/\\\/lightweb.dev\\\/l\\\/svm-temp\\\/wp-content\\\/uploads\\\/2025\\\/02\\\/SvM-logo-Xtra-Centrerad-SVART.png\",\"contentUrl\":\"https:\\\/\\\/lightweb.dev\\\/l\\\/svm-temp\\\/wp-content\\\/uploads\\\/2025\\\/02\\\/SvM-logo-Xtra-Centrerad-SVART.png\",\"width\":300,\"height\":99,\"caption\":\"Melkerson y Nott SL\"},\"image\":{\"@id\":\"https:\\\/\\\/lightweb.dev\\\/l\\\/svm-temp\\\/#\\\/schema\\\/logo\\\/image\\\/\"},\"sameAs\":[\"https:\\\/\\\/www.facebook.com\\\/svenskamagasinet\",\"https:\\\/\\\/x.com\\\/SvenskaMagasine\"]},{\"@type\":\"Person\",\"@id\":\"https:\\\/\\\/lightweb.dev\\\/l\\\/svm-temp\\\/#\\\/schema\\\/person\\\/206a3bda5b607b0c25e1749191e4d837\",\"name\":\"Redaktionen SvM\",\"description\":\"Redaktionen\",\"sameAs\":[\"https:\\\/\\\/lightweb.dev\\\/l\\\/svm-temp\"],\"url\":\"https:\\\/\\\/lightweb.dev\\\/l\\\/svm-temp\\\/reporter\\\/redaktionen\\\/\"}]}<\/script>\n<!-- \/ Yoast SEO Premium plugin. -->","yoast_head_json":{"title":"Marbella vill ha slut p\u00e5 trafikproblem vid Puerto Ban\u00fas - Svenska Magasinet","robots":{"index":"noindex","follow":"follow","max-snippet":"max-snippet:-1","max-image-preview":"max-image-preview:large","max-video-preview":"max-video-preview:-1"},"og_locale":"sv_SE","og_type":"article","og_title":"Marbella vill ha slut p\u00e5 trafikproblem vid Puerto Ban\u00fas","og_description":"Marbella vill ha en snabb l\u00f6sning p\u00e5 de upprepade trafikstockningarna l\u00e4ngs A7:an mellan Puerto Ban\u00fas och San Pedro Alc\u00e1ntara (bilden) och tar nu fr\u00e5gan vidare till Utvecklingsdepartementet. Boende och bes\u00f6kare har tr\u00f6ttnat p\u00e5 dagliga trafikstockningar under hela \u00e5ret och n\u00e5got som f\u00f6rv\u00e4rras under h\u00f6gs\u00e4songen. 90.000 motorfordon passerar str\u00e4ckan mellan Puerto Ban\u00fas och San Pedro Alc\u00e1ntara [&hellip;]","og_url":"https:\/\/lightweb.dev\/l\/svm-temp\/nyheter\/marbella-vill-ha-slut-pa-trafikproblem-vid-puerto-banus\/","og_site_name":"Svenska Magasinet","article_publisher":"https:\/\/www.facebook.com\/svenskamagasinet","article_published_time":"2020-02-23T23:00:00+00:00","og_image":[{"width":700,"height":420,"url":"https:\/\/lightweb.dev\/l\/svm-temp\/wp-content\/uploads\/2022\/06\/marbella-vill-ha-slut-pa-trafikproblem-vid-puerto-banus.png","type":"image\/png"}],"author":"Redaktionen SvM","twitter_card":"summary_large_image","twitter_creator":"@SvenskaMagasine","twitter_site":"@SvenskaMagasine","schema":{"@context":"https:\/\/schema.org","@graph":[{"@type":"Article","@id":"https:\/\/lightweb.dev\/l\/svm-temp\/nyheter\/marbella-vill-ha-slut-pa-trafikproblem-vid-puerto-banus\/#article","isPartOf":{"@id":"https:\/\/lightweb.dev\/l\/svm-temp\/nyheter\/marbella-vill-ha-slut-pa-trafikproblem-vid-puerto-banus\/"},"author":{"name":"Redaktionen SvM","@id":"https:\/\/lightweb.dev\/l\/svm-temp\/#\/schema\/person\/206a3bda5b607b0c25e1749191e4d837"},"headline":"Marbella vill ha slut p\u00e5 trafikproblem vid Puerto Ban\u00fas","datePublished":"2020-02-23T23:00:00+00:00","mainEntityOfPage":{"@id":"https:\/\/lightweb.dev\/l\/svm-temp\/nyheter\/marbella-vill-ha-slut-pa-trafikproblem-vid-puerto-banus\/"},"wordCount":196,"commentCount":0,"publisher":{"@id":"https:\/\/lightweb.dev\/l\/svm-temp\/#organization"},"image":{"@id":"https:\/\/lightweb.dev\/l\/svm-temp\/nyheter\/marbella-vill-ha-slut-pa-trafikproblem-vid-puerto-banus\/#primaryimage"},"thumbnailUrl":"https:\/\/lightweb.dev\/l\/svm-temp\/wp-content\/uploads\/2022\/06\/marbella-vill-ha-slut-pa-trafikproblem-vid-puerto-banus.png","articleSection":["Arkiv","Nyheter"],"inLanguage":"sv-SE"},{"@type":"WebPage","@id":"https:\/\/lightweb.dev\/l\/svm-temp\/nyheter\/marbella-vill-ha-slut-pa-trafikproblem-vid-puerto-banus\/","url":"https:\/\/lightweb.dev\/l\/svm-temp\/nyheter\/marbella-vill-ha-slut-pa-trafikproblem-vid-puerto-banus\/","name":"Marbella vill ha slut p\u00e5 trafikproblem vid Puerto Ban\u00fas - Svenska Magasinet","isPartOf":{"@id":"https:\/\/lightweb.dev\/l\/svm-temp\/#website"},"primaryImageOfPage":{"@id":"https:\/\/lightweb.dev\/l\/svm-temp\/nyheter\/marbella-vill-ha-slut-pa-trafikproblem-vid-puerto-banus\/#primaryimage"},"image":{"@id":"https:\/\/lightweb.dev\/l\/svm-temp\/nyheter\/marbella-vill-ha-slut-pa-trafikproblem-vid-puerto-banus\/#primaryimage"},"thumbnailUrl":"https:\/\/lightweb.dev\/l\/svm-temp\/wp-content\/uploads\/2022\/06\/marbella-vill-ha-slut-pa-trafikproblem-vid-puerto-banus.png","datePublished":"2020-02-23T23:00:00+00:00","breadcrumb":{"@id":"https:\/\/lightweb.dev\/l\/svm-temp\/nyheter\/marbella-vill-ha-slut-pa-trafikproblem-vid-puerto-banus\/#breadcrumb"},"inLanguage":"sv-SE","potentialAction":[{"@type":"ReadAction","target":["https:\/\/lightweb.dev\/l\/svm-temp\/nyheter\/marbella-vill-ha-slut-pa-trafikproblem-vid-puerto-banus\/"]}]},{"@type":"ImageObject","inLanguage":"sv-SE","@id":"https:\/\/lightweb.dev\/l\/svm-temp\/nyheter\/marbella-vill-ha-slut-pa-trafikproblem-vid-puerto-banus\/#primaryimage","url":"https:\/\/lightweb.dev\/l\/svm-temp\/wp-content\/uploads\/2022\/06\/marbella-vill-ha-slut-pa-trafikproblem-vid-puerto-banus.png","contentUrl":"https:\/\/lightweb.dev\/l\/svm-temp\/wp-content\/uploads\/2022\/06\/marbella-vill-ha-slut-pa-trafikproblem-vid-puerto-banus.png","width":700,"height":420},{"@type":"BreadcrumbList","@id":"https:\/\/lightweb.dev\/l\/svm-temp\/nyheter\/marbella-vill-ha-slut-pa-trafikproblem-vid-puerto-banus\/#breadcrumb","itemListElement":[{"@type":"ListItem","position":1,"name":"Hem","item":"https:\/\/lightweb.dev\/l\/svm-temp\/"},{"@type":"ListItem","position":2,"name":"Marbella vill ha slut p\u00e5 trafikproblem vid Puerto Ban\u00fas"}]},{"@type":"WebSite","@id":"https:\/\/lightweb.dev\/l\/svm-temp\/#website","url":"https:\/\/lightweb.dev\/l\/svm-temp\/","name":"Svenska Magasinet","description":"Dina Spanska nyheter p&aring; Svenska","publisher":{"@id":"https:\/\/lightweb.dev\/l\/svm-temp\/#organization"},"potentialAction":[{"@type":"SearchAction","target":{"@type":"EntryPoint","urlTemplate":"https:\/\/lightweb.dev\/l\/svm-temp\/?s={search_term_string}"},"query-input":{"@type":"PropertyValueSpecification","valueRequired":true,"valueName":"search_term_string"}}],"inLanguage":"sv-SE"},{"@type":"Organization","@id":"https:\/\/lightweb.dev\/l\/svm-temp\/#organization","name":"Melkerson y Nott SL","alternateName":"Svenska Magasinet","url":"https:\/\/lightweb.dev\/l\/svm-temp\/","logo":{"@type":"ImageObject","inLanguage":"sv-SE","@id":"https:\/\/lightweb.dev\/l\/svm-temp\/#\/schema\/logo\/image\/","url":"https:\/\/lightweb.dev\/l\/svm-temp\/wp-content\/uploads\/2025\/02\/SvM-logo-Xtra-Centrerad-SVART.png","contentUrl":"https:\/\/lightweb.dev\/l\/svm-temp\/wp-content\/uploads\/2025\/02\/SvM-logo-Xtra-Centrerad-SVART.png","width":300,"height":99,"caption":"Melkerson y Nott SL"},"image":{"@id":"https:\/\/lightweb.dev\/l\/svm-temp\/#\/schema\/logo\/image\/"},"sameAs":["https:\/\/www.facebook.com\/svenskamagasinet","https:\/\/x.com\/SvenskaMagasine"]},{"@type":"Person","@id":"https:\/\/lightweb.dev\/l\/svm-temp\/#\/schema\/person\/206a3bda5b607b0c25e1749191e4d837","name":"Redaktionen SvM","description":"Redaktionen","sameAs":["https:\/\/lightweb.dev\/l\/svm-temp"],"url":"https:\/\/lightweb.dev\/l\/svm-temp\/reporter\/redaktionen\/"}]}},"_links":{"self":[{"href":"https:\/\/lightweb.dev\/l\/svm-temp\/wp-json\/wp\/v2\/posts\/14721","targetHints":{"allow":["GET"]}}],"collection":[{"href":"https:\/\/lightweb.dev\/l\/svm-temp\/wp-json\/wp\/v2\/posts"}],"about":[{"href":"https:\/\/lightweb.dev\/l\/svm-temp\/wp-json\/wp\/v2\/types\/post"}],"author":[{"embeddable":true,"href":"https:\/\/lightweb.dev\/l\/svm-temp\/wp-json\/wp\/v2\/users\/8"}],"replies":[{"embeddable":true,"href":"https:\/\/lightweb.dev\/l\/svm-temp\/wp-json\/wp\/v2\/comments?post=14721"}],"version-history":[{"count":0,"href":"https:\/\/lightweb.dev\/l\/svm-temp\/wp-json\/wp\/v2\/posts\/14721\/revisions"}],"wp:featuredmedia":[{"embeddable":true,"href":"https:\/\/lightweb.dev\/l\/svm-temp\/wp-json\/wp\/v2\/media\/14722"}],"wp:attachment":[{"href":"https:\/\/lightweb.dev\/l\/svm-temp\/wp-json\/wp\/v2\/media?parent=14721"}],"wp:term":[{"taxonomy":"category","embeddable":true,"href":"https:\/\/lightweb.dev\/l\/svm-temp\/wp-json\/wp\/v2\/categories?post=14721"},{"taxonomy":"post_tag","embeddable":true,"href":"https:\/\/lightweb.dev\/l\/svm-temp\/wp-json\/wp\/v2\/tags?post=14721"}],"curies":[{"name":"wp","href":"https:\/\/api.w.org\/{rel}","templated":true}]}}