{"id":14725,"date":"2020-02-24T00:00:00","date_gmt":"2020-02-23T23:00:00","guid":{"rendered":"https:\/\/lightweb.dev\/l\/svm-temp\/nyheter\/livet-i-den-underjordiska-tobaksfabriken\/"},"modified":"2020-02-24T00:00:00","modified_gmt":"2020-02-23T23:00:00","slug":"livet-i-den-underjordiska-tobaksfabriken","status":"publish","type":"post","link":"https:\/\/lightweb.dev\/l\/svm-temp\/nyheter\/livet-i-den-underjordiska-tobaksfabriken\/","title":{"rendered":"Livet i den underjordiska tobaksfabriken"},"content":{"rendered":"<p> De hade inte sett solljus p\u00e5 en m\u00e5nad. Inst\u00e4ngda i en 200 kvadratmeter stor bunker fyra meter under jord 24 timmar om dygnet. De sex arbetarna fr\u00e5n Ukraina arbetade i skift med att framst\u00e4lla cigaretter med hj\u00e4lp av en maskin som tidigare hade monterats ned vid en fabrik i Polen och transporterats till Spanien. Uppk\u00f6pt p\u00e5 den svarta marknaden. Ytterligare information om hur den underjordiska cigarettfabriken utanf\u00f6r det lilla samh\u00e4llet Monda norr om Marbella har sl\u00e4ppts. Av Ola Josefsson<\/p>\n<p>Fredagens nyhet om den underjordiska cigarettfabriken vid ett h\u00e4ststall n\u00e4ra Monda blev en v\u00e4rldsnyhet. Cigarettframst\u00e4llningen under jord beskrivs som unik i Europa. 3.500 cigaretter i timmen producerades av m\u00e4rket Cartel och avsedda f\u00f6r den brittiska marknaden.<\/p>\n<p>Guardia Civil hade fattat misstankar mot den brittiske medborgaren Daniel D. som var p\u00e5 flykt fr\u00e5n en \u00f6ppen anstalt i Storbritannien. N\u00e4r huvudmannen greps f\u00f6r att senare h\u00e4ktas befann sig de sex arbetarna fr\u00e5n Ukraina i cigarettfabriken under jord. Ett dieselaggregat gjorde att de fick syre \u2013 tills br\u00e4nslet tog slut.<\/p>\n<p>Utredare vid Guardia Civil var s\u00e4kra p\u00e5 att cigarettframst\u00e4llningen skedde vid h\u00e4ststallet. N\u00e4r de lyckades flytta en container med hj\u00e4lp av en truck fann de ing\u00e5ngen till den underjordiska fabriken. Med hj\u00e4lp av en stege med 14 steg tog de sig ned i bunkern.<\/p>\n<p>D\u00e5 hade dieselaggregatet som f\u00f6rs\u00e5g de sex arbetarna med syre f\u00f6r l\u00e4nge sedan slutat fungera. Tack vare uppt\u00e4ckten kunde deras liv r\u00e4ddas i sista stund.<\/p>\n<p>De sex arbetarna fr\u00e5n Ukraina hade blivit erbjudna arbeten i fabriken. De hade k\u00e4nnedom hur maskinen fr\u00e5n Polen fungerade och framst\u00e4llningen av cigaretter.<\/p>\n<p>Huvudmannen f\u00f6r ligan \u00e4r den 30-\u00e5rige Daniel D mer k\u00e4nd under smeknamnet \u201dDobbo\u201d. 2014 d\u00f6mdes han till ett 13 \u00e5r l\u00e5ngt f\u00e4ngelsestraff i Storbritannien efter att tillsammans med fyra andra varit ansvarig f\u00f6r framst\u00e4llning av olika droger i Doncaster. Efter att ha avviket fr\u00e5n en \u00f6ppen anstalt i november 2018 f\u00f6rsvann \u201dDobbo\u201d.<\/p>\n<p>Misstankarna pekade p\u00e5 att mannen hade f\u00f6rsvunnit till Spanien och levde under falsk identitet. En efterlysning gick ut i mars ifjol. H\u00e4r kallade sig den 30-\u00e5rige mannen f\u00f6r Clayton James Wathen.<\/p>\n<p>Guardia Civil var n\u00e4ra att gripa mannen som vid ett tillf\u00e4lle var bosatt i en l\u00e4genhet i Soho med utsikt mot M\u00e1laga hamn. Det blev en dramatisk jakt d\u00e4r mannen lyckades fly l\u00e4ngs fasaden p\u00e5 utsidan av huset och ta sig ned 18 meter fr\u00e5n sj\u00e4tte v\u00e5ning.<\/p>\n<p>Det tog dock inte l\u00e5ng tid innan Guardia Civil hade sp\u00e5rat upp \u201dSpiderman del tabaco\u201d, Tobaksspindelmannen, som han kom att kallas efter flykten i M\u00e1laga.<\/p>\n<p>Sp\u00e5ren ledde till ett h\u00e4ststall n\u00e4ra Monda.<\/p>\n","protected":false},"excerpt":{"rendered":"<p>De hade inte sett solljus p\u00e5 en m\u00e5nad. Inst\u00e4ngda i en 200 kvadratmeter stor bunker fyra meter under jord 24 timmar om dygnet. De sex arbetarna fr\u00e5n Ukraina arbetade i skift med att framst\u00e4lla cigaretter med hj\u00e4lp av en maskin som tidigare hade monterats ned vid en fabrik i Polen och transporterats till Spanien. Uppk\u00f6pt [&hellip;]<\/p>\n","protected":false},"author":8,"featured_media":14726,"comment_status":"open","ping_status":"open","sticky":false,"template":"","format":"standard","meta":{"_et_pb_use_builder":"","_et_pb_old_content":"","_et_gb_content_width":"","footnotes":""},"categories":[3],"tags":[],"class_list":["post-14725","post","type-post","status-publish","format-standard","has-post-thumbnail","hentry","category-nyheter"],"yoast_head":"<!-- This site is optimized with the Yoast SEO Premium plugin v26.2 (Yoast SEO v27.4) - https:\/\/yoast.com\/product\/yoast-seo-premium-wordpress\/ -->\n<title>Livet i den underjordiska tobaksfabriken - Svenska Magasinet<\/title>\n<meta name=\"robots\" content=\"noindex, follow, max-snippet:-1, max-image-preview:large, max-video-preview:-1\" \/>\n<meta property=\"og:locale\" content=\"sv_SE\" \/>\n<meta property=\"og:type\" content=\"article\" \/>\n<meta property=\"og:title\" content=\"Livet i den underjordiska tobaksfabriken\" \/>\n<meta property=\"og:description\" content=\"De hade inte sett solljus p\u00e5 en m\u00e5nad. Inst\u00e4ngda i en 200 kvadratmeter stor bunker fyra meter under jord 24 timmar om dygnet. De sex arbetarna fr\u00e5n Ukraina arbetade i skift med att framst\u00e4lla cigaretter med hj\u00e4lp av en maskin som tidigare hade monterats ned vid en fabrik i Polen och transporterats till Spanien. Uppk\u00f6pt [&hellip;]\" \/>\n<meta property=\"og:url\" content=\"https:\/\/lightweb.dev\/l\/svm-temp\/nyheter\/livet-i-den-underjordiska-tobaksfabriken\/\" \/>\n<meta property=\"og:site_name\" content=\"Svenska Magasinet\" \/>\n<meta property=\"article:publisher\" content=\"https:\/\/www.facebook.com\/svenskamagasinet\" \/>\n<meta property=\"article:published_time\" content=\"2020-02-23T23:00:00+00:00\" \/>\n<meta property=\"og:image\" content=\"https:\/\/lightweb.dev\/l\/svm-temp\/wp-content\/uploads\/2022\/06\/livet-i-den-underjordiska-tobaksfabriken.png\" \/>\n\t<meta property=\"og:image:width\" content=\"700\" \/>\n\t<meta property=\"og:image:height\" content=\"420\" \/>\n\t<meta property=\"og:image:type\" content=\"image\/png\" \/>\n<meta name=\"author\" content=\"Redaktionen SvM\" \/>\n<meta name=\"twitter:card\" content=\"summary_large_image\" \/>\n<meta name=\"twitter:creator\" content=\"@SvenskaMagasine\" \/>\n<meta name=\"twitter:site\" content=\"@SvenskaMagasine\" \/>\n<script type=\"application\/ld+json\" class=\"yoast-schema-graph\">{\"@context\":\"https:\\\/\\\/schema.org\",\"@graph\":[{\"@type\":\"Article\",\"@id\":\"https:\\\/\\\/lightweb.dev\\\/l\\\/svm-temp\\\/nyheter\\\/livet-i-den-underjordiska-tobaksfabriken\\\/#article\",\"isPartOf\":{\"@id\":\"https:\\\/\\\/lightweb.dev\\\/l\\\/svm-temp\\\/nyheter\\\/livet-i-den-underjordiska-tobaksfabriken\\\/\"},\"author\":{\"name\":\"Redaktionen SvM\",\"@id\":\"https:\\\/\\\/lightweb.dev\\\/l\\\/svm-temp\\\/#\\\/schema\\\/person\\\/206a3bda5b607b0c25e1749191e4d837\"},\"headline\":\"Livet i den underjordiska tobaksfabriken\",\"datePublished\":\"2020-02-23T23:00:00+00:00\",\"mainEntityOfPage\":{\"@id\":\"https:\\\/\\\/lightweb.dev\\\/l\\\/svm-temp\\\/nyheter\\\/livet-i-den-underjordiska-tobaksfabriken\\\/\"},\"wordCount\":483,\"commentCount\":0,\"publisher\":{\"@id\":\"https:\\\/\\\/lightweb.dev\\\/l\\\/svm-temp\\\/#organization\"},\"image\":{\"@id\":\"https:\\\/\\\/lightweb.dev\\\/l\\\/svm-temp\\\/nyheter\\\/livet-i-den-underjordiska-tobaksfabriken\\\/#primaryimage\"},\"thumbnailUrl\":\"https:\\\/\\\/lightweb.dev\\\/l\\\/svm-temp\\\/wp-content\\\/uploads\\\/2022\\\/06\\\/livet-i-den-underjordiska-tobaksfabriken.png\",\"articleSection\":[\"Nyheter\"],\"inLanguage\":\"sv-SE\"},{\"@type\":\"WebPage\",\"@id\":\"https:\\\/\\\/lightweb.dev\\\/l\\\/svm-temp\\\/nyheter\\\/livet-i-den-underjordiska-tobaksfabriken\\\/\",\"url\":\"https:\\\/\\\/lightweb.dev\\\/l\\\/svm-temp\\\/nyheter\\\/livet-i-den-underjordiska-tobaksfabriken\\\/\",\"name\":\"Livet i den underjordiska tobaksfabriken - Svenska Magasinet\",\"isPartOf\":{\"@id\":\"https:\\\/\\\/lightweb.dev\\\/l\\\/svm-temp\\\/#website\"},\"primaryImageOfPage\":{\"@id\":\"https:\\\/\\\/lightweb.dev\\\/l\\\/svm-temp\\\/nyheter\\\/livet-i-den-underjordiska-tobaksfabriken\\\/#primaryimage\"},\"image\":{\"@id\":\"https:\\\/\\\/lightweb.dev\\\/l\\\/svm-temp\\\/nyheter\\\/livet-i-den-underjordiska-tobaksfabriken\\\/#primaryimage\"},\"thumbnailUrl\":\"https:\\\/\\\/lightweb.dev\\\/l\\\/svm-temp\\\/wp-content\\\/uploads\\\/2022\\\/06\\\/livet-i-den-underjordiska-tobaksfabriken.png\",\"datePublished\":\"2020-02-23T23:00:00+00:00\",\"breadcrumb\":{\"@id\":\"https:\\\/\\\/lightweb.dev\\\/l\\\/svm-temp\\\/nyheter\\\/livet-i-den-underjordiska-tobaksfabriken\\\/#breadcrumb\"},\"inLanguage\":\"sv-SE\",\"potentialAction\":[{\"@type\":\"ReadAction\",\"target\":[\"https:\\\/\\\/lightweb.dev\\\/l\\\/svm-temp\\\/nyheter\\\/livet-i-den-underjordiska-tobaksfabriken\\\/\"]}]},{\"@type\":\"ImageObject\",\"inLanguage\":\"sv-SE\",\"@id\":\"https:\\\/\\\/lightweb.dev\\\/l\\\/svm-temp\\\/nyheter\\\/livet-i-den-underjordiska-tobaksfabriken\\\/#primaryimage\",\"url\":\"https:\\\/\\\/lightweb.dev\\\/l\\\/svm-temp\\\/wp-content\\\/uploads\\\/2022\\\/06\\\/livet-i-den-underjordiska-tobaksfabriken.png\",\"contentUrl\":\"https:\\\/\\\/lightweb.dev\\\/l\\\/svm-temp\\\/wp-content\\\/uploads\\\/2022\\\/06\\\/livet-i-den-underjordiska-tobaksfabriken.png\",\"width\":700,\"height\":420},{\"@type\":\"BreadcrumbList\",\"@id\":\"https:\\\/\\\/lightweb.dev\\\/l\\\/svm-temp\\\/nyheter\\\/livet-i-den-underjordiska-tobaksfabriken\\\/#breadcrumb\",\"itemListElement\":[{\"@type\":\"ListItem\",\"position\":1,\"name\":\"Hem\",\"item\":\"https:\\\/\\\/lightweb.dev\\\/l\\\/svm-temp\\\/\"},{\"@type\":\"ListItem\",\"position\":2,\"name\":\"Livet i den underjordiska tobaksfabriken\"}]},{\"@type\":\"WebSite\",\"@id\":\"https:\\\/\\\/lightweb.dev\\\/l\\\/svm-temp\\\/#website\",\"url\":\"https:\\\/\\\/lightweb.dev\\\/l\\\/svm-temp\\\/\",\"name\":\"Svenska Magasinet\",\"description\":\"Dina Spanska nyheter p&aring; Svenska\",\"publisher\":{\"@id\":\"https:\\\/\\\/lightweb.dev\\\/l\\\/svm-temp\\\/#organization\"},\"potentialAction\":[{\"@type\":\"SearchAction\",\"target\":{\"@type\":\"EntryPoint\",\"urlTemplate\":\"https:\\\/\\\/lightweb.dev\\\/l\\\/svm-temp\\\/?s={search_term_string}\"},\"query-input\":{\"@type\":\"PropertyValueSpecification\",\"valueRequired\":true,\"valueName\":\"search_term_string\"}}],\"inLanguage\":\"sv-SE\"},{\"@type\":\"Organization\",\"@id\":\"https:\\\/\\\/lightweb.dev\\\/l\\\/svm-temp\\\/#organization\",\"name\":\"Melkerson y Nott SL\",\"alternateName\":\"Svenska Magasinet\",\"url\":\"https:\\\/\\\/lightweb.dev\\\/l\\\/svm-temp\\\/\",\"logo\":{\"@type\":\"ImageObject\",\"inLanguage\":\"sv-SE\",\"@id\":\"https:\\\/\\\/lightweb.dev\\\/l\\\/svm-temp\\\/#\\\/schema\\\/logo\\\/image\\\/\",\"url\":\"https:\\\/\\\/lightweb.dev\\\/l\\\/svm-temp\\\/wp-content\\\/uploads\\\/2025\\\/02\\\/SvM-logo-Xtra-Centrerad-SVART.png\",\"contentUrl\":\"https:\\\/\\\/lightweb.dev\\\/l\\\/svm-temp\\\/wp-content\\\/uploads\\\/2025\\\/02\\\/SvM-logo-Xtra-Centrerad-SVART.png\",\"width\":300,\"height\":99,\"caption\":\"Melkerson y Nott SL\"},\"image\":{\"@id\":\"https:\\\/\\\/lightweb.dev\\\/l\\\/svm-temp\\\/#\\\/schema\\\/logo\\\/image\\\/\"},\"sameAs\":[\"https:\\\/\\\/www.facebook.com\\\/svenskamagasinet\",\"https:\\\/\\\/x.com\\\/SvenskaMagasine\"]},{\"@type\":\"Person\",\"@id\":\"https:\\\/\\\/lightweb.dev\\\/l\\\/svm-temp\\\/#\\\/schema\\\/person\\\/206a3bda5b607b0c25e1749191e4d837\",\"name\":\"Redaktionen SvM\",\"description\":\"Redaktionen\",\"sameAs\":[\"https:\\\/\\\/lightweb.dev\\\/l\\\/svm-temp\"],\"url\":\"https:\\\/\\\/lightweb.dev\\\/l\\\/svm-temp\\\/reporter\\\/redaktionen\\\/\"}]}<\/script>\n<!-- \/ Yoast SEO Premium plugin. -->","yoast_head_json":{"title":"Livet i den underjordiska tobaksfabriken - Svenska Magasinet","robots":{"index":"noindex","follow":"follow","max-snippet":"max-snippet:-1","max-image-preview":"max-image-preview:large","max-video-preview":"max-video-preview:-1"},"og_locale":"sv_SE","og_type":"article","og_title":"Livet i den underjordiska tobaksfabriken","og_description":"De hade inte sett solljus p\u00e5 en m\u00e5nad. Inst\u00e4ngda i en 200 kvadratmeter stor bunker fyra meter under jord 24 timmar om dygnet. De sex arbetarna fr\u00e5n Ukraina arbetade i skift med att framst\u00e4lla cigaretter med hj\u00e4lp av en maskin som tidigare hade monterats ned vid en fabrik i Polen och transporterats till Spanien. Uppk\u00f6pt [&hellip;]","og_url":"https:\/\/lightweb.dev\/l\/svm-temp\/nyheter\/livet-i-den-underjordiska-tobaksfabriken\/","og_site_name":"Svenska Magasinet","article_publisher":"https:\/\/www.facebook.com\/svenskamagasinet","article_published_time":"2020-02-23T23:00:00+00:00","og_image":[{"width":700,"height":420,"url":"https:\/\/lightweb.dev\/l\/svm-temp\/wp-content\/uploads\/2022\/06\/livet-i-den-underjordiska-tobaksfabriken.png","type":"image\/png"}],"author":"Redaktionen SvM","twitter_card":"summary_large_image","twitter_creator":"@SvenskaMagasine","twitter_site":"@SvenskaMagasine","schema":{"@context":"https:\/\/schema.org","@graph":[{"@type":"Article","@id":"https:\/\/lightweb.dev\/l\/svm-temp\/nyheter\/livet-i-den-underjordiska-tobaksfabriken\/#article","isPartOf":{"@id":"https:\/\/lightweb.dev\/l\/svm-temp\/nyheter\/livet-i-den-underjordiska-tobaksfabriken\/"},"author":{"name":"Redaktionen SvM","@id":"https:\/\/lightweb.dev\/l\/svm-temp\/#\/schema\/person\/206a3bda5b607b0c25e1749191e4d837"},"headline":"Livet i den underjordiska tobaksfabriken","datePublished":"2020-02-23T23:00:00+00:00","mainEntityOfPage":{"@id":"https:\/\/lightweb.dev\/l\/svm-temp\/nyheter\/livet-i-den-underjordiska-tobaksfabriken\/"},"wordCount":483,"commentCount":0,"publisher":{"@id":"https:\/\/lightweb.dev\/l\/svm-temp\/#organization"},"image":{"@id":"https:\/\/lightweb.dev\/l\/svm-temp\/nyheter\/livet-i-den-underjordiska-tobaksfabriken\/#primaryimage"},"thumbnailUrl":"https:\/\/lightweb.dev\/l\/svm-temp\/wp-content\/uploads\/2022\/06\/livet-i-den-underjordiska-tobaksfabriken.png","articleSection":["Nyheter"],"inLanguage":"sv-SE"},{"@type":"WebPage","@id":"https:\/\/lightweb.dev\/l\/svm-temp\/nyheter\/livet-i-den-underjordiska-tobaksfabriken\/","url":"https:\/\/lightweb.dev\/l\/svm-temp\/nyheter\/livet-i-den-underjordiska-tobaksfabriken\/","name":"Livet i den underjordiska tobaksfabriken - Svenska Magasinet","isPartOf":{"@id":"https:\/\/lightweb.dev\/l\/svm-temp\/#website"},"primaryImageOfPage":{"@id":"https:\/\/lightweb.dev\/l\/svm-temp\/nyheter\/livet-i-den-underjordiska-tobaksfabriken\/#primaryimage"},"image":{"@id":"https:\/\/lightweb.dev\/l\/svm-temp\/nyheter\/livet-i-den-underjordiska-tobaksfabriken\/#primaryimage"},"thumbnailUrl":"https:\/\/lightweb.dev\/l\/svm-temp\/wp-content\/uploads\/2022\/06\/livet-i-den-underjordiska-tobaksfabriken.png","datePublished":"2020-02-23T23:00:00+00:00","breadcrumb":{"@id":"https:\/\/lightweb.dev\/l\/svm-temp\/nyheter\/livet-i-den-underjordiska-tobaksfabriken\/#breadcrumb"},"inLanguage":"sv-SE","potentialAction":[{"@type":"ReadAction","target":["https:\/\/lightweb.dev\/l\/svm-temp\/nyheter\/livet-i-den-underjordiska-tobaksfabriken\/"]}]},{"@type":"ImageObject","inLanguage":"sv-SE","@id":"https:\/\/lightweb.dev\/l\/svm-temp\/nyheter\/livet-i-den-underjordiska-tobaksfabriken\/#primaryimage","url":"https:\/\/lightweb.dev\/l\/svm-temp\/wp-content\/uploads\/2022\/06\/livet-i-den-underjordiska-tobaksfabriken.png","contentUrl":"https:\/\/lightweb.dev\/l\/svm-temp\/wp-content\/uploads\/2022\/06\/livet-i-den-underjordiska-tobaksfabriken.png","width":700,"height":420},{"@type":"BreadcrumbList","@id":"https:\/\/lightweb.dev\/l\/svm-temp\/nyheter\/livet-i-den-underjordiska-tobaksfabriken\/#breadcrumb","itemListElement":[{"@type":"ListItem","position":1,"name":"Hem","item":"https:\/\/lightweb.dev\/l\/svm-temp\/"},{"@type":"ListItem","position":2,"name":"Livet i den underjordiska tobaksfabriken"}]},{"@type":"WebSite","@id":"https:\/\/lightweb.dev\/l\/svm-temp\/#website","url":"https:\/\/lightweb.dev\/l\/svm-temp\/","name":"Svenska Magasinet","description":"Dina Spanska nyheter p&aring; Svenska","publisher":{"@id":"https:\/\/lightweb.dev\/l\/svm-temp\/#organization"},"potentialAction":[{"@type":"SearchAction","target":{"@type":"EntryPoint","urlTemplate":"https:\/\/lightweb.dev\/l\/svm-temp\/?s={search_term_string}"},"query-input":{"@type":"PropertyValueSpecification","valueRequired":true,"valueName":"search_term_string"}}],"inLanguage":"sv-SE"},{"@type":"Organization","@id":"https:\/\/lightweb.dev\/l\/svm-temp\/#organization","name":"Melkerson y Nott SL","alternateName":"Svenska Magasinet","url":"https:\/\/lightweb.dev\/l\/svm-temp\/","logo":{"@type":"ImageObject","inLanguage":"sv-SE","@id":"https:\/\/lightweb.dev\/l\/svm-temp\/#\/schema\/logo\/image\/","url":"https:\/\/lightweb.dev\/l\/svm-temp\/wp-content\/uploads\/2025\/02\/SvM-logo-Xtra-Centrerad-SVART.png","contentUrl":"https:\/\/lightweb.dev\/l\/svm-temp\/wp-content\/uploads\/2025\/02\/SvM-logo-Xtra-Centrerad-SVART.png","width":300,"height":99,"caption":"Melkerson y Nott SL"},"image":{"@id":"https:\/\/lightweb.dev\/l\/svm-temp\/#\/schema\/logo\/image\/"},"sameAs":["https:\/\/www.facebook.com\/svenskamagasinet","https:\/\/x.com\/SvenskaMagasine"]},{"@type":"Person","@id":"https:\/\/lightweb.dev\/l\/svm-temp\/#\/schema\/person\/206a3bda5b607b0c25e1749191e4d837","name":"Redaktionen SvM","description":"Redaktionen","sameAs":["https:\/\/lightweb.dev\/l\/svm-temp"],"url":"https:\/\/lightweb.dev\/l\/svm-temp\/reporter\/redaktionen\/"}]}},"_links":{"self":[{"href":"https:\/\/lightweb.dev\/l\/svm-temp\/wp-json\/wp\/v2\/posts\/14725","targetHints":{"allow":["GET"]}}],"collection":[{"href":"https:\/\/lightweb.dev\/l\/svm-temp\/wp-json\/wp\/v2\/posts"}],"about":[{"href":"https:\/\/lightweb.dev\/l\/svm-temp\/wp-json\/wp\/v2\/types\/post"}],"author":[{"embeddable":true,"href":"https:\/\/lightweb.dev\/l\/svm-temp\/wp-json\/wp\/v2\/users\/8"}],"replies":[{"embeddable":true,"href":"https:\/\/lightweb.dev\/l\/svm-temp\/wp-json\/wp\/v2\/comments?post=14725"}],"version-history":[{"count":0,"href":"https:\/\/lightweb.dev\/l\/svm-temp\/wp-json\/wp\/v2\/posts\/14725\/revisions"}],"wp:featuredmedia":[{"embeddable":true,"href":"https:\/\/lightweb.dev\/l\/svm-temp\/wp-json\/wp\/v2\/media\/14726"}],"wp:attachment":[{"href":"https:\/\/lightweb.dev\/l\/svm-temp\/wp-json\/wp\/v2\/media?parent=14725"}],"wp:term":[{"taxonomy":"category","embeddable":true,"href":"https:\/\/lightweb.dev\/l\/svm-temp\/wp-json\/wp\/v2\/categories?post=14725"},{"taxonomy":"post_tag","embeddable":true,"href":"https:\/\/lightweb.dev\/l\/svm-temp\/wp-json\/wp\/v2\/tags?post=14725"}],"curies":[{"name":"wp","href":"https:\/\/api.w.org\/{rel}","templated":true}]}}