{"id":14729,"date":"2020-02-23T00:00:00","date_gmt":"2020-02-22T23:00:00","guid":{"rendered":"https:\/\/lightweb.dev\/l\/svm-temp\/nyheter\/20-000-flygresenarer-drabbade-vid-sandstorm-over-kanarieoarna\/"},"modified":"2020-02-23T00:00:00","modified_gmt":"2020-02-22T23:00:00","slug":"20-000-flygresenarer-drabbade-vid-sandstorm-over-kanarieoarna","status":"publish","type":"post","link":"https:\/\/lightweb.dev\/l\/svm-temp\/nyheter\/20-000-flygresenarer-drabbade-vid-sandstorm-over-kanarieoarna\/","title":{"rendered":"20.000 flygresen\u00e4rer drabbade vid sandstorm \u00f6ver Kanarie\u00f6arna"},"content":{"rendered":"<p> Vi hade till och med taxat ut. Men kom inte iv\u00e4g. Jag \u00e4r en av de som \u00e4r fast. Det \u00e4r kaos h\u00e4r p\u00e5 flygplatsen. Flighten mot Arlanda skulle l\u00e4mnat klockan 15.10 p\u00e5 l\u00f6rdagseftermiddagen. Det ber\u00e4ttar Bj\u00f6rn H\u00e4ggmark fr\u00e5n Uppsala f\u00f6r Svenska Magasinet. Av Ola Josefsson<\/p>\n<p>Dagstidningen La Provincia har uppgett att 230 flygningar och \u00f6ver 20.000 resen\u00e4rer har p\u00e5verkats. Tusentals svenskar har drabbats efter att en omfattande sandstorm en s\u00e5 kallad calima med r\u00f6d sand fr\u00e5n Sahara drog in \u00f6ver Kanarie\u00f6arna p\u00e5 l\u00f6rdagseftermiddagen. Nedsatt sikt gjorde att flera flygplatser st\u00e4ngdes helt upp till fem timmar. Gran Canaria, Fuerteventura och Lanzarote drabbades v\u00e4rst. M\u00e5nga svenskar och sportlovslediga som skulle rest hem har blivit strandsatta.<\/p>\n<p>&#8211; Det bl\u00e5ser n\u00e5got kopi\u00f6st. Har varit bl\u00e5sigare \u00e4n vanligt veckan som g\u00e5tt, dessutom varmare \u00e4n normalt, ber\u00e4ttar Bj\u00f6rn H\u00e4ggmark fr\u00e5n Uppsala f\u00f6r Svenska Magasinet, som ocks\u00e5 \u00e4r kritisk till SAS.<br \/>\n&#8211; D\u00e5ligt sk\u00f6tt av SAS. Inte att planet inte kunde avg\u00e5 utan att det tog fem timmar utan minsta information. Och n\u00e4r v\u00e4l informationen kom var det 12 euro till mat och \u00f6vernattning p\u00e5 terminalgolvet, s\u00e4ger Bj\u00f6rn som tillbringade natten i en soffa p\u00e5 en Hamburgerrestaurang p\u00e5 flygplatsen.<\/p>\n<p>Spansk tv rapporterar att stormen med sand och mycket starka vindar fr\u00e5n Sahara troligen kommer att h\u00e5lla i sig fram till i morgon m\u00e5ndag. L\u00e4get \u00e4r mycket komplicerat p\u00e5 grund av sandstormen och den kraftiga vinden, skriver Spaniens kommunikationsminister Jos\u00e9 Luis \u00c1balos p\u00e5 Twitter:<br \/>\n&#8211; Luftfartsverket Aena, flygkontrollmyndigheten Enaire och Kommunikationsdepartementet arbetar med full kapacitet f\u00f6r att minimiera att resen\u00e4rer och flyg p\u00e5verkas.<\/p>\n<p>P\u00e5 s\u00f6ndagsf\u00f6rmiddagen kom det besked att flygtrafiken hade kommit ig\u00e5ng. Under s\u00f6ndag och m\u00e5ndag v\u00e4ntas vissa st\u00f6rningar i flygtrafiken.<br \/>\n&#8211; Natten mot idag (l\u00e4s s\u00f6ndag) fick vi veta att planet skulle avg\u00e5 klockan 8. Senaste beskedet var att vi skulle f\u00e5 ny information klockan 11. Jag \u00e4r skeptisk till att vi kommer hem alls idag s\u00f6ndag. Beskedet har flyttats fram hela morgonen.<\/p>\n<p>Under s\u00f6ndagen kom beskedet att n\u00e4stan alla flygningar med SAS och Norwegian under dagen st\u00e4lls in, uppger Aftenposten. Eftersom flygen st\u00e5tt ute under sandstormen m\u00e5ste de genomg\u00e5 en teknisk unders\u00f6kning innan de kan lyfta.<\/p>\n<p>S\u00f6ndagen har inte varit n\u00e5gon rolig dag f\u00f6r de drabbade resen\u00e4rerna, ber\u00e4ttar Bj\u00f6rn H\u00e4ggmark.<br \/>\n&#8211; Inga tider st\u00e4mmer. Nya vouchers f\u00f6r mat utdelade. Markpersonalen klarar inte sina jobb. M\u00e5nga kaosartande scener nu n\u00e4r m\u00e4nniskor beh\u00f6ver saker ur sitt incheckade bagage som ligger i planet. Allt fr\u00e5n barnens bl\u00f6jor till att bara kunna borsta t\u00e4nderna.<\/p>\n<p>Den spanska flygkontrollmyndigheten Enaire skriver p\u00e5 Twitter vid 10-tiden p\u00e5 s\u00f6ndagen att p\u00e5 grund av d\u00e5lig sikt och kraftig vind r\u00e5der det vissa st\u00f6rningar i flygtrafiken p\u00e5 Teneriffa S\u00f6dra, Teneriffa Norra, Gran Canaria och Fuerteventura. De uppmanar alla resen\u00e4rer att kontakta sitt flygbolag.<\/p>\n<p>Enligt Swedavias trafikinformation har flera flyg fr\u00e5n Sverige till Gran Canaria och Teneriffa som var planerade att avg\u00e5 p\u00e5 s\u00f6ndagen blivit inst\u00e4llda. Tre SAS-flyg till Las Palmas fr\u00e5n Stockholm, Oslo och K\u00f6penhamn har st\u00e4llts in.<\/p>\n<p>SAS skriver i en e-post till TT att 360 passagerare med biljetter tillbaka till Arlanda f\u00e5r \u00f6vernatta p\u00e5 flygplatsen Gando p\u00e5 Gran Canaria. Ytterligare 180 personer som var p\u00e5 v\u00e4g fr\u00e5n G\u00f6teborg till Las Palmas har omdirigerats till Faro i Portugal.<\/p>\n<p>P\u00e5 Twitter vittnar m\u00e4nniskor om \u201dBlodr\u00f6d sandstorm p\u00e5 Lanzarote!\u201d Sandstormen \u00e4r s\u00e5 kraftig att den syns fr\u00e5n rymden, enligt brittiska Daily Express som publicerar satellitbilder fr\u00e5n NASA.<\/p>\n<p>P\u00e5 l\u00f6rdagen br\u00f6t \u00e4ven en naturbrand ut p\u00e5 Gran Canaria som vid middagstid p\u00e5 s\u00f6ndagen hade p\u00e5verkat 300 hektar. 250 personer hade evakuerats skriver dagstidningen La Provincia. Upp till 550 incidenter har det rapporterats om till larmcentralen 112 med anledning av sandstormen och den kraftiga vinden.<\/p>\n<p>Bildtext: Vi hade g\u00e5tt ombord p\u00e5 planet som hade taxat ut till rullbanan f\u00f6r att starta. Sedan kom vi inte l\u00e4ngre, s\u00e4ger Bj\u00f6rn H\u00e4ggmark som tillbringat natten p\u00e5 Gandoflygplatsen. (Foto: Bj\u00f6rn H\u00e4ggmark)<\/p>\n","protected":false},"excerpt":{"rendered":"<p>Vi hade till och med taxat ut. Men kom inte iv\u00e4g. Jag \u00e4r en av de som \u00e4r fast. Det \u00e4r kaos h\u00e4r p\u00e5 flygplatsen. Flighten mot Arlanda skulle l\u00e4mnat klockan 15.10 p\u00e5 l\u00f6rdagseftermiddagen. Det ber\u00e4ttar Bj\u00f6rn H\u00e4ggmark fr\u00e5n Uppsala f\u00f6r Svenska Magasinet. Av Ola Josefsson Dagstidningen La Provincia har uppgett att 230 flygningar och [&hellip;]<\/p>\n","protected":false},"author":8,"featured_media":14730,"comment_status":"open","ping_status":"open","sticky":false,"template":"","format":"standard","meta":{"_et_pb_use_builder":"","_et_pb_old_content":"","_et_gb_content_width":"","footnotes":""},"categories":[395,3],"tags":[],"class_list":["post-14729","post","type-post","status-publish","format-standard","has-post-thumbnail","hentry","category-arkiv-nyheter","category-nyheter"],"yoast_head":"<!-- This site is optimized with the Yoast SEO Premium plugin v26.2 (Yoast SEO v27.4) - https:\/\/yoast.com\/product\/yoast-seo-premium-wordpress\/ -->\n<title>20.000 flygresen\u00e4rer drabbade vid sandstorm \u00f6ver Kanarie\u00f6arna - Svenska Magasinet<\/title>\n<meta name=\"robots\" content=\"noindex, follow, max-snippet:-1, max-image-preview:large, max-video-preview:-1\" \/>\n<meta property=\"og:locale\" content=\"sv_SE\" \/>\n<meta property=\"og:type\" content=\"article\" \/>\n<meta property=\"og:title\" content=\"20.000 flygresen\u00e4rer drabbade vid sandstorm \u00f6ver Kanarie\u00f6arna\" \/>\n<meta property=\"og:description\" content=\"Vi hade till och med taxat ut. Men kom inte iv\u00e4g. Jag \u00e4r en av de som \u00e4r fast. Det \u00e4r kaos h\u00e4r p\u00e5 flygplatsen. Flighten mot Arlanda skulle l\u00e4mnat klockan 15.10 p\u00e5 l\u00f6rdagseftermiddagen. Det ber\u00e4ttar Bj\u00f6rn H\u00e4ggmark fr\u00e5n Uppsala f\u00f6r Svenska Magasinet. Av Ola Josefsson Dagstidningen La Provincia har uppgett att 230 flygningar och [&hellip;]\" \/>\n<meta property=\"og:url\" content=\"https:\/\/lightweb.dev\/l\/svm-temp\/nyheter\/20-000-flygresenarer-drabbade-vid-sandstorm-over-kanarieoarna\/\" \/>\n<meta property=\"og:site_name\" content=\"Svenska Magasinet\" \/>\n<meta property=\"article:publisher\" content=\"https:\/\/www.facebook.com\/svenskamagasinet\" \/>\n<meta property=\"article:published_time\" content=\"2020-02-22T23:00:00+00:00\" \/>\n<meta property=\"og:image\" content=\"https:\/\/lightweb.dev\/l\/svm-temp\/wp-content\/uploads\/2022\/06\/20000-flygresenarer-drabbade-vid-sandstorm-over-kanarieoarna.png\" \/>\n\t<meta property=\"og:image:width\" content=\"700\" \/>\n\t<meta property=\"og:image:height\" content=\"421\" \/>\n\t<meta property=\"og:image:type\" content=\"image\/png\" \/>\n<meta name=\"author\" content=\"Redaktionen SvM\" \/>\n<meta name=\"twitter:card\" content=\"summary_large_image\" \/>\n<meta name=\"twitter:creator\" content=\"@SvenskaMagasine\" \/>\n<meta name=\"twitter:site\" content=\"@SvenskaMagasine\" \/>\n<script type=\"application\/ld+json\" class=\"yoast-schema-graph\">{\"@context\":\"https:\\\/\\\/schema.org\",\"@graph\":[{\"@type\":\"Article\",\"@id\":\"https:\\\/\\\/lightweb.dev\\\/l\\\/svm-temp\\\/nyheter\\\/20-000-flygresenarer-drabbade-vid-sandstorm-over-kanarieoarna\\\/#article\",\"isPartOf\":{\"@id\":\"https:\\\/\\\/lightweb.dev\\\/l\\\/svm-temp\\\/nyheter\\\/20-000-flygresenarer-drabbade-vid-sandstorm-over-kanarieoarna\\\/\"},\"author\":{\"name\":\"Redaktionen SvM\",\"@id\":\"https:\\\/\\\/lightweb.dev\\\/l\\\/svm-temp\\\/#\\\/schema\\\/person\\\/206a3bda5b607b0c25e1749191e4d837\"},\"headline\":\"20.000 flygresen\u00e4rer drabbade vid sandstorm \u00f6ver Kanarie\u00f6arna\",\"datePublished\":\"2020-02-22T23:00:00+00:00\",\"mainEntityOfPage\":{\"@id\":\"https:\\\/\\\/lightweb.dev\\\/l\\\/svm-temp\\\/nyheter\\\/20-000-flygresenarer-drabbade-vid-sandstorm-over-kanarieoarna\\\/\"},\"wordCount\":731,\"commentCount\":0,\"publisher\":{\"@id\":\"https:\\\/\\\/lightweb.dev\\\/l\\\/svm-temp\\\/#organization\"},\"image\":{\"@id\":\"https:\\\/\\\/lightweb.dev\\\/l\\\/svm-temp\\\/nyheter\\\/20-000-flygresenarer-drabbade-vid-sandstorm-over-kanarieoarna\\\/#primaryimage\"},\"thumbnailUrl\":\"https:\\\/\\\/lightweb.dev\\\/l\\\/svm-temp\\\/wp-content\\\/uploads\\\/2022\\\/06\\\/20000-flygresenarer-drabbade-vid-sandstorm-over-kanarieoarna.png\",\"articleSection\":[\"Arkiv\",\"Nyheter\"],\"inLanguage\":\"sv-SE\"},{\"@type\":\"WebPage\",\"@id\":\"https:\\\/\\\/lightweb.dev\\\/l\\\/svm-temp\\\/nyheter\\\/20-000-flygresenarer-drabbade-vid-sandstorm-over-kanarieoarna\\\/\",\"url\":\"https:\\\/\\\/lightweb.dev\\\/l\\\/svm-temp\\\/nyheter\\\/20-000-flygresenarer-drabbade-vid-sandstorm-over-kanarieoarna\\\/\",\"name\":\"20.000 flygresen\u00e4rer drabbade vid sandstorm \u00f6ver Kanarie\u00f6arna - Svenska Magasinet\",\"isPartOf\":{\"@id\":\"https:\\\/\\\/lightweb.dev\\\/l\\\/svm-temp\\\/#website\"},\"primaryImageOfPage\":{\"@id\":\"https:\\\/\\\/lightweb.dev\\\/l\\\/svm-temp\\\/nyheter\\\/20-000-flygresenarer-drabbade-vid-sandstorm-over-kanarieoarna\\\/#primaryimage\"},\"image\":{\"@id\":\"https:\\\/\\\/lightweb.dev\\\/l\\\/svm-temp\\\/nyheter\\\/20-000-flygresenarer-drabbade-vid-sandstorm-over-kanarieoarna\\\/#primaryimage\"},\"thumbnailUrl\":\"https:\\\/\\\/lightweb.dev\\\/l\\\/svm-temp\\\/wp-content\\\/uploads\\\/2022\\\/06\\\/20000-flygresenarer-drabbade-vid-sandstorm-over-kanarieoarna.png\",\"datePublished\":\"2020-02-22T23:00:00+00:00\",\"breadcrumb\":{\"@id\":\"https:\\\/\\\/lightweb.dev\\\/l\\\/svm-temp\\\/nyheter\\\/20-000-flygresenarer-drabbade-vid-sandstorm-over-kanarieoarna\\\/#breadcrumb\"},\"inLanguage\":\"sv-SE\",\"potentialAction\":[{\"@type\":\"ReadAction\",\"target\":[\"https:\\\/\\\/lightweb.dev\\\/l\\\/svm-temp\\\/nyheter\\\/20-000-flygresenarer-drabbade-vid-sandstorm-over-kanarieoarna\\\/\"]}]},{\"@type\":\"ImageObject\",\"inLanguage\":\"sv-SE\",\"@id\":\"https:\\\/\\\/lightweb.dev\\\/l\\\/svm-temp\\\/nyheter\\\/20-000-flygresenarer-drabbade-vid-sandstorm-over-kanarieoarna\\\/#primaryimage\",\"url\":\"https:\\\/\\\/lightweb.dev\\\/l\\\/svm-temp\\\/wp-content\\\/uploads\\\/2022\\\/06\\\/20000-flygresenarer-drabbade-vid-sandstorm-over-kanarieoarna.png\",\"contentUrl\":\"https:\\\/\\\/lightweb.dev\\\/l\\\/svm-temp\\\/wp-content\\\/uploads\\\/2022\\\/06\\\/20000-flygresenarer-drabbade-vid-sandstorm-over-kanarieoarna.png\",\"width\":700,\"height\":421},{\"@type\":\"BreadcrumbList\",\"@id\":\"https:\\\/\\\/lightweb.dev\\\/l\\\/svm-temp\\\/nyheter\\\/20-000-flygresenarer-drabbade-vid-sandstorm-over-kanarieoarna\\\/#breadcrumb\",\"itemListElement\":[{\"@type\":\"ListItem\",\"position\":1,\"name\":\"Hem\",\"item\":\"https:\\\/\\\/lightweb.dev\\\/l\\\/svm-temp\\\/\"},{\"@type\":\"ListItem\",\"position\":2,\"name\":\"20.000 flygresen\u00e4rer drabbade vid sandstorm \u00f6ver Kanarie\u00f6arna\"}]},{\"@type\":\"WebSite\",\"@id\":\"https:\\\/\\\/lightweb.dev\\\/l\\\/svm-temp\\\/#website\",\"url\":\"https:\\\/\\\/lightweb.dev\\\/l\\\/svm-temp\\\/\",\"name\":\"Svenska Magasinet\",\"description\":\"Dina Spanska nyheter p&aring; Svenska\",\"publisher\":{\"@id\":\"https:\\\/\\\/lightweb.dev\\\/l\\\/svm-temp\\\/#organization\"},\"potentialAction\":[{\"@type\":\"SearchAction\",\"target\":{\"@type\":\"EntryPoint\",\"urlTemplate\":\"https:\\\/\\\/lightweb.dev\\\/l\\\/svm-temp\\\/?s={search_term_string}\"},\"query-input\":{\"@type\":\"PropertyValueSpecification\",\"valueRequired\":true,\"valueName\":\"search_term_string\"}}],\"inLanguage\":\"sv-SE\"},{\"@type\":\"Organization\",\"@id\":\"https:\\\/\\\/lightweb.dev\\\/l\\\/svm-temp\\\/#organization\",\"name\":\"Melkerson y Nott SL\",\"alternateName\":\"Svenska Magasinet\",\"url\":\"https:\\\/\\\/lightweb.dev\\\/l\\\/svm-temp\\\/\",\"logo\":{\"@type\":\"ImageObject\",\"inLanguage\":\"sv-SE\",\"@id\":\"https:\\\/\\\/lightweb.dev\\\/l\\\/svm-temp\\\/#\\\/schema\\\/logo\\\/image\\\/\",\"url\":\"https:\\\/\\\/lightweb.dev\\\/l\\\/svm-temp\\\/wp-content\\\/uploads\\\/2025\\\/02\\\/SvM-logo-Xtra-Centrerad-SVART.png\",\"contentUrl\":\"https:\\\/\\\/lightweb.dev\\\/l\\\/svm-temp\\\/wp-content\\\/uploads\\\/2025\\\/02\\\/SvM-logo-Xtra-Centrerad-SVART.png\",\"width\":300,\"height\":99,\"caption\":\"Melkerson y Nott SL\"},\"image\":{\"@id\":\"https:\\\/\\\/lightweb.dev\\\/l\\\/svm-temp\\\/#\\\/schema\\\/logo\\\/image\\\/\"},\"sameAs\":[\"https:\\\/\\\/www.facebook.com\\\/svenskamagasinet\",\"https:\\\/\\\/x.com\\\/SvenskaMagasine\"]},{\"@type\":\"Person\",\"@id\":\"https:\\\/\\\/lightweb.dev\\\/l\\\/svm-temp\\\/#\\\/schema\\\/person\\\/206a3bda5b607b0c25e1749191e4d837\",\"name\":\"Redaktionen SvM\",\"description\":\"Redaktionen\",\"sameAs\":[\"https:\\\/\\\/lightweb.dev\\\/l\\\/svm-temp\"],\"url\":\"https:\\\/\\\/lightweb.dev\\\/l\\\/svm-temp\\\/reporter\\\/redaktionen\\\/\"}]}<\/script>\n<!-- \/ Yoast SEO Premium plugin. -->","yoast_head_json":{"title":"20.000 flygresen\u00e4rer drabbade vid sandstorm \u00f6ver Kanarie\u00f6arna - Svenska Magasinet","robots":{"index":"noindex","follow":"follow","max-snippet":"max-snippet:-1","max-image-preview":"max-image-preview:large","max-video-preview":"max-video-preview:-1"},"og_locale":"sv_SE","og_type":"article","og_title":"20.000 flygresen\u00e4rer drabbade vid sandstorm \u00f6ver Kanarie\u00f6arna","og_description":"Vi hade till och med taxat ut. Men kom inte iv\u00e4g. Jag \u00e4r en av de som \u00e4r fast. Det \u00e4r kaos h\u00e4r p\u00e5 flygplatsen. Flighten mot Arlanda skulle l\u00e4mnat klockan 15.10 p\u00e5 l\u00f6rdagseftermiddagen. Det ber\u00e4ttar Bj\u00f6rn H\u00e4ggmark fr\u00e5n Uppsala f\u00f6r Svenska Magasinet. Av Ola Josefsson Dagstidningen La Provincia har uppgett att 230 flygningar och [&hellip;]","og_url":"https:\/\/lightweb.dev\/l\/svm-temp\/nyheter\/20-000-flygresenarer-drabbade-vid-sandstorm-over-kanarieoarna\/","og_site_name":"Svenska Magasinet","article_publisher":"https:\/\/www.facebook.com\/svenskamagasinet","article_published_time":"2020-02-22T23:00:00+00:00","og_image":[{"width":700,"height":421,"url":"https:\/\/lightweb.dev\/l\/svm-temp\/wp-content\/uploads\/2022\/06\/20000-flygresenarer-drabbade-vid-sandstorm-over-kanarieoarna.png","type":"image\/png"}],"author":"Redaktionen SvM","twitter_card":"summary_large_image","twitter_creator":"@SvenskaMagasine","twitter_site":"@SvenskaMagasine","schema":{"@context":"https:\/\/schema.org","@graph":[{"@type":"Article","@id":"https:\/\/lightweb.dev\/l\/svm-temp\/nyheter\/20-000-flygresenarer-drabbade-vid-sandstorm-over-kanarieoarna\/#article","isPartOf":{"@id":"https:\/\/lightweb.dev\/l\/svm-temp\/nyheter\/20-000-flygresenarer-drabbade-vid-sandstorm-over-kanarieoarna\/"},"author":{"name":"Redaktionen SvM","@id":"https:\/\/lightweb.dev\/l\/svm-temp\/#\/schema\/person\/206a3bda5b607b0c25e1749191e4d837"},"headline":"20.000 flygresen\u00e4rer drabbade vid sandstorm \u00f6ver Kanarie\u00f6arna","datePublished":"2020-02-22T23:00:00+00:00","mainEntityOfPage":{"@id":"https:\/\/lightweb.dev\/l\/svm-temp\/nyheter\/20-000-flygresenarer-drabbade-vid-sandstorm-over-kanarieoarna\/"},"wordCount":731,"commentCount":0,"publisher":{"@id":"https:\/\/lightweb.dev\/l\/svm-temp\/#organization"},"image":{"@id":"https:\/\/lightweb.dev\/l\/svm-temp\/nyheter\/20-000-flygresenarer-drabbade-vid-sandstorm-over-kanarieoarna\/#primaryimage"},"thumbnailUrl":"https:\/\/lightweb.dev\/l\/svm-temp\/wp-content\/uploads\/2022\/06\/20000-flygresenarer-drabbade-vid-sandstorm-over-kanarieoarna.png","articleSection":["Arkiv","Nyheter"],"inLanguage":"sv-SE"},{"@type":"WebPage","@id":"https:\/\/lightweb.dev\/l\/svm-temp\/nyheter\/20-000-flygresenarer-drabbade-vid-sandstorm-over-kanarieoarna\/","url":"https:\/\/lightweb.dev\/l\/svm-temp\/nyheter\/20-000-flygresenarer-drabbade-vid-sandstorm-over-kanarieoarna\/","name":"20.000 flygresen\u00e4rer drabbade vid sandstorm \u00f6ver Kanarie\u00f6arna - Svenska Magasinet","isPartOf":{"@id":"https:\/\/lightweb.dev\/l\/svm-temp\/#website"},"primaryImageOfPage":{"@id":"https:\/\/lightweb.dev\/l\/svm-temp\/nyheter\/20-000-flygresenarer-drabbade-vid-sandstorm-over-kanarieoarna\/#primaryimage"},"image":{"@id":"https:\/\/lightweb.dev\/l\/svm-temp\/nyheter\/20-000-flygresenarer-drabbade-vid-sandstorm-over-kanarieoarna\/#primaryimage"},"thumbnailUrl":"https:\/\/lightweb.dev\/l\/svm-temp\/wp-content\/uploads\/2022\/06\/20000-flygresenarer-drabbade-vid-sandstorm-over-kanarieoarna.png","datePublished":"2020-02-22T23:00:00+00:00","breadcrumb":{"@id":"https:\/\/lightweb.dev\/l\/svm-temp\/nyheter\/20-000-flygresenarer-drabbade-vid-sandstorm-over-kanarieoarna\/#breadcrumb"},"inLanguage":"sv-SE","potentialAction":[{"@type":"ReadAction","target":["https:\/\/lightweb.dev\/l\/svm-temp\/nyheter\/20-000-flygresenarer-drabbade-vid-sandstorm-over-kanarieoarna\/"]}]},{"@type":"ImageObject","inLanguage":"sv-SE","@id":"https:\/\/lightweb.dev\/l\/svm-temp\/nyheter\/20-000-flygresenarer-drabbade-vid-sandstorm-over-kanarieoarna\/#primaryimage","url":"https:\/\/lightweb.dev\/l\/svm-temp\/wp-content\/uploads\/2022\/06\/20000-flygresenarer-drabbade-vid-sandstorm-over-kanarieoarna.png","contentUrl":"https:\/\/lightweb.dev\/l\/svm-temp\/wp-content\/uploads\/2022\/06\/20000-flygresenarer-drabbade-vid-sandstorm-over-kanarieoarna.png","width":700,"height":421},{"@type":"BreadcrumbList","@id":"https:\/\/lightweb.dev\/l\/svm-temp\/nyheter\/20-000-flygresenarer-drabbade-vid-sandstorm-over-kanarieoarna\/#breadcrumb","itemListElement":[{"@type":"ListItem","position":1,"name":"Hem","item":"https:\/\/lightweb.dev\/l\/svm-temp\/"},{"@type":"ListItem","position":2,"name":"20.000 flygresen\u00e4rer drabbade vid sandstorm \u00f6ver Kanarie\u00f6arna"}]},{"@type":"WebSite","@id":"https:\/\/lightweb.dev\/l\/svm-temp\/#website","url":"https:\/\/lightweb.dev\/l\/svm-temp\/","name":"Svenska Magasinet","description":"Dina Spanska nyheter p&aring; Svenska","publisher":{"@id":"https:\/\/lightweb.dev\/l\/svm-temp\/#organization"},"potentialAction":[{"@type":"SearchAction","target":{"@type":"EntryPoint","urlTemplate":"https:\/\/lightweb.dev\/l\/svm-temp\/?s={search_term_string}"},"query-input":{"@type":"PropertyValueSpecification","valueRequired":true,"valueName":"search_term_string"}}],"inLanguage":"sv-SE"},{"@type":"Organization","@id":"https:\/\/lightweb.dev\/l\/svm-temp\/#organization","name":"Melkerson y Nott SL","alternateName":"Svenska Magasinet","url":"https:\/\/lightweb.dev\/l\/svm-temp\/","logo":{"@type":"ImageObject","inLanguage":"sv-SE","@id":"https:\/\/lightweb.dev\/l\/svm-temp\/#\/schema\/logo\/image\/","url":"https:\/\/lightweb.dev\/l\/svm-temp\/wp-content\/uploads\/2025\/02\/SvM-logo-Xtra-Centrerad-SVART.png","contentUrl":"https:\/\/lightweb.dev\/l\/svm-temp\/wp-content\/uploads\/2025\/02\/SvM-logo-Xtra-Centrerad-SVART.png","width":300,"height":99,"caption":"Melkerson y Nott SL"},"image":{"@id":"https:\/\/lightweb.dev\/l\/svm-temp\/#\/schema\/logo\/image\/"},"sameAs":["https:\/\/www.facebook.com\/svenskamagasinet","https:\/\/x.com\/SvenskaMagasine"]},{"@type":"Person","@id":"https:\/\/lightweb.dev\/l\/svm-temp\/#\/schema\/person\/206a3bda5b607b0c25e1749191e4d837","name":"Redaktionen SvM","description":"Redaktionen","sameAs":["https:\/\/lightweb.dev\/l\/svm-temp"],"url":"https:\/\/lightweb.dev\/l\/svm-temp\/reporter\/redaktionen\/"}]}},"_links":{"self":[{"href":"https:\/\/lightweb.dev\/l\/svm-temp\/wp-json\/wp\/v2\/posts\/14729","targetHints":{"allow":["GET"]}}],"collection":[{"href":"https:\/\/lightweb.dev\/l\/svm-temp\/wp-json\/wp\/v2\/posts"}],"about":[{"href":"https:\/\/lightweb.dev\/l\/svm-temp\/wp-json\/wp\/v2\/types\/post"}],"author":[{"embeddable":true,"href":"https:\/\/lightweb.dev\/l\/svm-temp\/wp-json\/wp\/v2\/users\/8"}],"replies":[{"embeddable":true,"href":"https:\/\/lightweb.dev\/l\/svm-temp\/wp-json\/wp\/v2\/comments?post=14729"}],"version-history":[{"count":0,"href":"https:\/\/lightweb.dev\/l\/svm-temp\/wp-json\/wp\/v2\/posts\/14729\/revisions"}],"wp:featuredmedia":[{"embeddable":true,"href":"https:\/\/lightweb.dev\/l\/svm-temp\/wp-json\/wp\/v2\/media\/14730"}],"wp:attachment":[{"href":"https:\/\/lightweb.dev\/l\/svm-temp\/wp-json\/wp\/v2\/media?parent=14729"}],"wp:term":[{"taxonomy":"category","embeddable":true,"href":"https:\/\/lightweb.dev\/l\/svm-temp\/wp-json\/wp\/v2\/categories?post=14729"},{"taxonomy":"post_tag","embeddable":true,"href":"https:\/\/lightweb.dev\/l\/svm-temp\/wp-json\/wp\/v2\/tags?post=14729"}],"curies":[{"name":"wp","href":"https:\/\/api.w.org\/{rel}","templated":true}]}}