{"id":14731,"date":"2020-02-21T00:00:00","date_gmt":"2020-02-20T23:00:00","guid":{"rendered":"https:\/\/lightweb.dev\/l\/svm-temp\/nyheter\/telefoner-varda-20-euro-saljs-for-300-euro\/"},"modified":"2020-02-21T00:00:00","modified_gmt":"2020-02-20T23:00:00","slug":"telefoner-varda-20-euro-saljs-for-300-euro","status":"publish","type":"post","link":"https:\/\/lightweb.dev\/l\/svm-temp\/nyheter\/telefoner-varda-20-euro-saljs-for-300-euro\/","title":{"rendered":"Telefoner v\u00e4rda 20 euro s\u00e4ljs f\u00f6r 300 euro"},"content":{"rendered":"<p> I Spanien och f\u00f6rmodligen i m\u00e5nga fler l\u00e4nder finns det en lukrativ marknad n\u00e4r det g\u00e4ller mobiltelefoner och framf\u00f6rallt riktigt sm\u00e5 telefoner.<\/p>\n<p>Nu handlar det givetvis inte om telefoner f\u00f6r gemene man utan detta g\u00e4ller insmugglade mobiler p\u00e5 landets f\u00e4ngelser. Det vanligaste \u00e4r telefoner stora som en cigarett\u00e4ndare, dessa kan k\u00f6pas f\u00f6r knappt 20 euro p\u00e5 gatan. Men insmugglade p\u00e5 f\u00e4ngelset stiger priset till 300 euro. De sm\u00e5 telefonerna har inga kameror, WhatsApp eller andra finesser men de g\u00e5r att ringa med och p\u00e5 det s\u00e4ttet kan internen sk\u00f6ta sina aff\u00e4rer (oftast narkotikarelaterade) eller n\u00e4r det g\u00e4ller missbrukare, trakassera sin tidigare partner.<\/p>\n<p>En insmugglad smartphone betingar det dubbla priset innanf\u00f6r murarna och allra dyrast \u00e4r \u00e4ldre modeller av Iphone, de kostar upp till 1.000 euro. Tillv\u00e4gag\u00e5ngss\u00e4ttet \u00e4r att en bes\u00f6kare \u201dsl\u00e4kting\u201d eller partner smugglar in telefonen g\u00f6md i slidan eller anus. I bes\u00f6ksrummet flyttas den \u00f6ver till mottagarens slida \/ anus (insvept i en kondom). V\u00e4l i cellen kan internen g\u00f6mma telefonen i skaftet p\u00e5 en mopp, ett m\u00f6belben av metall eller i en ventil. De sm\u00e5 telefonerna inneh\u00e5ller s\u00e5 lite metall att de inte detekteras av anstalternas metalldetektorer.<\/p>\n<p>Alla f\u00e4ngelser har inte utrustning f\u00f6r att blockera signalerna fr\u00e5n mobiltelefoner och i de som har det finns det utrymmen d\u00e4r dessa inte \u00e4r effektiva. \u201dInternerna k\u00e4nner v\u00e4l till var det finns mobilt\u00e4ckning\u201d erk\u00e4nner en f\u00e4ngelseanst\u00e4lld.<\/p>\n<p>Enligt uppgifter fr\u00e5n f\u00e5ngv\u00e5rden s\u00e5 beslagtogs 179 telefoner under f\u00f6rra \u00e5ret p\u00e5 anstalten i Alhaurin de la Torre, \u00e5r 2018 var siffran 227. P\u00e5 den nyare och mindre anstalten i Archidona d\u00e4r det bara finns 300 intagna beslagtogs 14 telefoner f\u00f6rra \u00e5ret.<\/p>\n<p>\u00c4ven om telefonerna blir allt mindre och sv\u00e5rare att uppt\u00e4cka s\u00e5 f\u00f6rs\u00f6ker de anst\u00e4llda p\u00e5 anstalterna g\u00f6ra allt vad de kan inom lagens ramar f\u00f6r att uppt\u00e4cka dem. Under 2019 beslagtogs totalt 2.580 mobiler i p\u00e5 landets anstalter, d\u00e5 \u00e4r f\u00e4ngelserna Katalonien or\u00e4knade eftersom de sorterar under en egen huvudman.<\/p>\n<p>F\u00e5ngar till\u00e5ts totalt 10 kontrollerade samtal p\u00e5 80 minuter per vecka och de f\u00e5r bara kommunicera med tio i f\u00f6rv\u00e4g godk\u00e4nda telefonnummer. Dessa nummer har de dessutom varit tvungna att motivera och bevisa vem som har genom ett kontrakt fr\u00e5n telefonbolaget i den personens namn, de m\u00e5ste d\u00e4rvid ocks\u00e5 uppge personens DNI (personnummer). Alla samtal m\u00e5ste dessutom ske f\u00f6re klockan 20:00 f\u00f6r d\u00e5 l\u00e5ses internerna in i sina celler.<\/p>\n<p>En tj\u00e4nsteman uppger att s\u00e4kerheten i detta inte \u00e4r hundraprocentig eftersom det kan finnas en vidarekoppling hos mottagaren av samtalet till n\u00e5gon annan. Men det f\u00f6rsv\u00e5rar och det \u00e4r den kontroll som lagen till\u00e5ter idag.<\/p>\n<p>Bildtexter: 1)En av de mobiltelefoner som anv\u00e4nds av internerna, foto: Amazon. 2) Prisi\u00f3n Provincial de M\u00e1laga, Alhaur\u00edn de la Torre. Fotograferat fr\u00e5n Monte Calamorro av Montuno via Wikimedia.<br \/>\nArtikel: Jonny Erixon.<\/p>\n","protected":false},"excerpt":{"rendered":"<p>I Spanien och f\u00f6rmodligen i m\u00e5nga fler l\u00e4nder finns det en lukrativ marknad n\u00e4r det g\u00e4ller mobiltelefoner och framf\u00f6rallt riktigt sm\u00e5 telefoner. Nu handlar det givetvis inte om telefoner f\u00f6r gemene man utan detta g\u00e4ller insmugglade mobiler p\u00e5 landets f\u00e4ngelser. Det vanligaste \u00e4r telefoner stora som en cigarett\u00e4ndare, dessa kan k\u00f6pas f\u00f6r knappt 20 euro [&hellip;]<\/p>\n","protected":false},"author":8,"featured_media":14732,"comment_status":"open","ping_status":"open","sticky":false,"template":"","format":"standard","meta":{"_et_pb_use_builder":"","_et_pb_old_content":"","_et_gb_content_width":"","footnotes":""},"categories":[395,3],"tags":[],"class_list":["post-14731","post","type-post","status-publish","format-standard","has-post-thumbnail","hentry","category-arkiv-nyheter","category-nyheter"],"yoast_head":"<!-- This site is optimized with the Yoast SEO Premium plugin v26.2 (Yoast SEO v27.4) - https:\/\/yoast.com\/product\/yoast-seo-premium-wordpress\/ -->\n<title>Telefoner v\u00e4rda 20 euro s\u00e4ljs f\u00f6r 300 euro - Svenska Magasinet<\/title>\n<meta name=\"robots\" content=\"noindex, follow, max-snippet:-1, max-image-preview:large, max-video-preview:-1\" \/>\n<meta property=\"og:locale\" content=\"sv_SE\" \/>\n<meta property=\"og:type\" content=\"article\" \/>\n<meta property=\"og:title\" content=\"Telefoner v\u00e4rda 20 euro s\u00e4ljs f\u00f6r 300 euro\" \/>\n<meta property=\"og:description\" content=\"I Spanien och f\u00f6rmodligen i m\u00e5nga fler l\u00e4nder finns det en lukrativ marknad n\u00e4r det g\u00e4ller mobiltelefoner och framf\u00f6rallt riktigt sm\u00e5 telefoner. Nu handlar det givetvis inte om telefoner f\u00f6r gemene man utan detta g\u00e4ller insmugglade mobiler p\u00e5 landets f\u00e4ngelser. Det vanligaste \u00e4r telefoner stora som en cigarett\u00e4ndare, dessa kan k\u00f6pas f\u00f6r knappt 20 euro [&hellip;]\" \/>\n<meta property=\"og:url\" content=\"https:\/\/lightweb.dev\/l\/svm-temp\/nyheter\/telefoner-varda-20-euro-saljs-for-300-euro\/\" \/>\n<meta property=\"og:site_name\" content=\"Svenska Magasinet\" \/>\n<meta property=\"article:publisher\" content=\"https:\/\/www.facebook.com\/svenskamagasinet\" \/>\n<meta property=\"article:published_time\" content=\"2020-02-20T23:00:00+00:00\" \/>\n<meta property=\"og:image\" content=\"https:\/\/lightweb.dev\/l\/svm-temp\/wp-content\/uploads\/2022\/06\/telefoner-varda-20-euro-saljs-for-300-euro.png\" \/>\n\t<meta property=\"og:image:width\" content=\"700\" \/>\n\t<meta property=\"og:image:height\" content=\"420\" \/>\n\t<meta property=\"og:image:type\" content=\"image\/png\" \/>\n<meta name=\"author\" content=\"Redaktionen SvM\" \/>\n<meta name=\"twitter:card\" content=\"summary_large_image\" \/>\n<meta name=\"twitter:creator\" content=\"@SvenskaMagasine\" \/>\n<meta name=\"twitter:site\" content=\"@SvenskaMagasine\" \/>\n<script type=\"application\/ld+json\" class=\"yoast-schema-graph\">{\"@context\":\"https:\\\/\\\/schema.org\",\"@graph\":[{\"@type\":\"Article\",\"@id\":\"https:\\\/\\\/lightweb.dev\\\/l\\\/svm-temp\\\/nyheter\\\/telefoner-varda-20-euro-saljs-for-300-euro\\\/#article\",\"isPartOf\":{\"@id\":\"https:\\\/\\\/lightweb.dev\\\/l\\\/svm-temp\\\/nyheter\\\/telefoner-varda-20-euro-saljs-for-300-euro\\\/\"},\"author\":{\"name\":\"Redaktionen SvM\",\"@id\":\"https:\\\/\\\/lightweb.dev\\\/l\\\/svm-temp\\\/#\\\/schema\\\/person\\\/206a3bda5b607b0c25e1749191e4d837\"},\"headline\":\"Telefoner v\u00e4rda 20 euro s\u00e4ljs f\u00f6r 300 euro\",\"datePublished\":\"2020-02-20T23:00:00+00:00\",\"mainEntityOfPage\":{\"@id\":\"https:\\\/\\\/lightweb.dev\\\/l\\\/svm-temp\\\/nyheter\\\/telefoner-varda-20-euro-saljs-for-300-euro\\\/\"},\"wordCount\":527,\"commentCount\":0,\"publisher\":{\"@id\":\"https:\\\/\\\/lightweb.dev\\\/l\\\/svm-temp\\\/#organization\"},\"image\":{\"@id\":\"https:\\\/\\\/lightweb.dev\\\/l\\\/svm-temp\\\/nyheter\\\/telefoner-varda-20-euro-saljs-for-300-euro\\\/#primaryimage\"},\"thumbnailUrl\":\"https:\\\/\\\/lightweb.dev\\\/l\\\/svm-temp\\\/wp-content\\\/uploads\\\/2022\\\/06\\\/telefoner-varda-20-euro-saljs-for-300-euro.png\",\"articleSection\":[\"Arkiv\",\"Nyheter\"],\"inLanguage\":\"sv-SE\"},{\"@type\":\"WebPage\",\"@id\":\"https:\\\/\\\/lightweb.dev\\\/l\\\/svm-temp\\\/nyheter\\\/telefoner-varda-20-euro-saljs-for-300-euro\\\/\",\"url\":\"https:\\\/\\\/lightweb.dev\\\/l\\\/svm-temp\\\/nyheter\\\/telefoner-varda-20-euro-saljs-for-300-euro\\\/\",\"name\":\"Telefoner v\u00e4rda 20 euro s\u00e4ljs f\u00f6r 300 euro - Svenska Magasinet\",\"isPartOf\":{\"@id\":\"https:\\\/\\\/lightweb.dev\\\/l\\\/svm-temp\\\/#website\"},\"primaryImageOfPage\":{\"@id\":\"https:\\\/\\\/lightweb.dev\\\/l\\\/svm-temp\\\/nyheter\\\/telefoner-varda-20-euro-saljs-for-300-euro\\\/#primaryimage\"},\"image\":{\"@id\":\"https:\\\/\\\/lightweb.dev\\\/l\\\/svm-temp\\\/nyheter\\\/telefoner-varda-20-euro-saljs-for-300-euro\\\/#primaryimage\"},\"thumbnailUrl\":\"https:\\\/\\\/lightweb.dev\\\/l\\\/svm-temp\\\/wp-content\\\/uploads\\\/2022\\\/06\\\/telefoner-varda-20-euro-saljs-for-300-euro.png\",\"datePublished\":\"2020-02-20T23:00:00+00:00\",\"breadcrumb\":{\"@id\":\"https:\\\/\\\/lightweb.dev\\\/l\\\/svm-temp\\\/nyheter\\\/telefoner-varda-20-euro-saljs-for-300-euro\\\/#breadcrumb\"},\"inLanguage\":\"sv-SE\",\"potentialAction\":[{\"@type\":\"ReadAction\",\"target\":[\"https:\\\/\\\/lightweb.dev\\\/l\\\/svm-temp\\\/nyheter\\\/telefoner-varda-20-euro-saljs-for-300-euro\\\/\"]}]},{\"@type\":\"ImageObject\",\"inLanguage\":\"sv-SE\",\"@id\":\"https:\\\/\\\/lightweb.dev\\\/l\\\/svm-temp\\\/nyheter\\\/telefoner-varda-20-euro-saljs-for-300-euro\\\/#primaryimage\",\"url\":\"https:\\\/\\\/lightweb.dev\\\/l\\\/svm-temp\\\/wp-content\\\/uploads\\\/2022\\\/06\\\/telefoner-varda-20-euro-saljs-for-300-euro.png\",\"contentUrl\":\"https:\\\/\\\/lightweb.dev\\\/l\\\/svm-temp\\\/wp-content\\\/uploads\\\/2022\\\/06\\\/telefoner-varda-20-euro-saljs-for-300-euro.png\",\"width\":700,\"height\":420},{\"@type\":\"BreadcrumbList\",\"@id\":\"https:\\\/\\\/lightweb.dev\\\/l\\\/svm-temp\\\/nyheter\\\/telefoner-varda-20-euro-saljs-for-300-euro\\\/#breadcrumb\",\"itemListElement\":[{\"@type\":\"ListItem\",\"position\":1,\"name\":\"Hem\",\"item\":\"https:\\\/\\\/lightweb.dev\\\/l\\\/svm-temp\\\/\"},{\"@type\":\"ListItem\",\"position\":2,\"name\":\"Telefoner v\u00e4rda 20 euro s\u00e4ljs f\u00f6r 300 euro\"}]},{\"@type\":\"WebSite\",\"@id\":\"https:\\\/\\\/lightweb.dev\\\/l\\\/svm-temp\\\/#website\",\"url\":\"https:\\\/\\\/lightweb.dev\\\/l\\\/svm-temp\\\/\",\"name\":\"Svenska Magasinet\",\"description\":\"Dina Spanska nyheter p&aring; Svenska\",\"publisher\":{\"@id\":\"https:\\\/\\\/lightweb.dev\\\/l\\\/svm-temp\\\/#organization\"},\"potentialAction\":[{\"@type\":\"SearchAction\",\"target\":{\"@type\":\"EntryPoint\",\"urlTemplate\":\"https:\\\/\\\/lightweb.dev\\\/l\\\/svm-temp\\\/?s={search_term_string}\"},\"query-input\":{\"@type\":\"PropertyValueSpecification\",\"valueRequired\":true,\"valueName\":\"search_term_string\"}}],\"inLanguage\":\"sv-SE\"},{\"@type\":\"Organization\",\"@id\":\"https:\\\/\\\/lightweb.dev\\\/l\\\/svm-temp\\\/#organization\",\"name\":\"Melkerson y Nott SL\",\"alternateName\":\"Svenska Magasinet\",\"url\":\"https:\\\/\\\/lightweb.dev\\\/l\\\/svm-temp\\\/\",\"logo\":{\"@type\":\"ImageObject\",\"inLanguage\":\"sv-SE\",\"@id\":\"https:\\\/\\\/lightweb.dev\\\/l\\\/svm-temp\\\/#\\\/schema\\\/logo\\\/image\\\/\",\"url\":\"https:\\\/\\\/lightweb.dev\\\/l\\\/svm-temp\\\/wp-content\\\/uploads\\\/2025\\\/02\\\/SvM-logo-Xtra-Centrerad-SVART.png\",\"contentUrl\":\"https:\\\/\\\/lightweb.dev\\\/l\\\/svm-temp\\\/wp-content\\\/uploads\\\/2025\\\/02\\\/SvM-logo-Xtra-Centrerad-SVART.png\",\"width\":300,\"height\":99,\"caption\":\"Melkerson y Nott SL\"},\"image\":{\"@id\":\"https:\\\/\\\/lightweb.dev\\\/l\\\/svm-temp\\\/#\\\/schema\\\/logo\\\/image\\\/\"},\"sameAs\":[\"https:\\\/\\\/www.facebook.com\\\/svenskamagasinet\",\"https:\\\/\\\/x.com\\\/SvenskaMagasine\"]},{\"@type\":\"Person\",\"@id\":\"https:\\\/\\\/lightweb.dev\\\/l\\\/svm-temp\\\/#\\\/schema\\\/person\\\/206a3bda5b607b0c25e1749191e4d837\",\"name\":\"Redaktionen SvM\",\"description\":\"Redaktionen\",\"sameAs\":[\"https:\\\/\\\/lightweb.dev\\\/l\\\/svm-temp\"],\"url\":\"https:\\\/\\\/lightweb.dev\\\/l\\\/svm-temp\\\/reporter\\\/redaktionen\\\/\"}]}<\/script>\n<!-- \/ Yoast SEO Premium plugin. -->","yoast_head_json":{"title":"Telefoner v\u00e4rda 20 euro s\u00e4ljs f\u00f6r 300 euro - Svenska Magasinet","robots":{"index":"noindex","follow":"follow","max-snippet":"max-snippet:-1","max-image-preview":"max-image-preview:large","max-video-preview":"max-video-preview:-1"},"og_locale":"sv_SE","og_type":"article","og_title":"Telefoner v\u00e4rda 20 euro s\u00e4ljs f\u00f6r 300 euro","og_description":"I Spanien och f\u00f6rmodligen i m\u00e5nga fler l\u00e4nder finns det en lukrativ marknad n\u00e4r det g\u00e4ller mobiltelefoner och framf\u00f6rallt riktigt sm\u00e5 telefoner. Nu handlar det givetvis inte om telefoner f\u00f6r gemene man utan detta g\u00e4ller insmugglade mobiler p\u00e5 landets f\u00e4ngelser. Det vanligaste \u00e4r telefoner stora som en cigarett\u00e4ndare, dessa kan k\u00f6pas f\u00f6r knappt 20 euro [&hellip;]","og_url":"https:\/\/lightweb.dev\/l\/svm-temp\/nyheter\/telefoner-varda-20-euro-saljs-for-300-euro\/","og_site_name":"Svenska Magasinet","article_publisher":"https:\/\/www.facebook.com\/svenskamagasinet","article_published_time":"2020-02-20T23:00:00+00:00","og_image":[{"width":700,"height":420,"url":"https:\/\/lightweb.dev\/l\/svm-temp\/wp-content\/uploads\/2022\/06\/telefoner-varda-20-euro-saljs-for-300-euro.png","type":"image\/png"}],"author":"Redaktionen SvM","twitter_card":"summary_large_image","twitter_creator":"@SvenskaMagasine","twitter_site":"@SvenskaMagasine","schema":{"@context":"https:\/\/schema.org","@graph":[{"@type":"Article","@id":"https:\/\/lightweb.dev\/l\/svm-temp\/nyheter\/telefoner-varda-20-euro-saljs-for-300-euro\/#article","isPartOf":{"@id":"https:\/\/lightweb.dev\/l\/svm-temp\/nyheter\/telefoner-varda-20-euro-saljs-for-300-euro\/"},"author":{"name":"Redaktionen SvM","@id":"https:\/\/lightweb.dev\/l\/svm-temp\/#\/schema\/person\/206a3bda5b607b0c25e1749191e4d837"},"headline":"Telefoner v\u00e4rda 20 euro s\u00e4ljs f\u00f6r 300 euro","datePublished":"2020-02-20T23:00:00+00:00","mainEntityOfPage":{"@id":"https:\/\/lightweb.dev\/l\/svm-temp\/nyheter\/telefoner-varda-20-euro-saljs-for-300-euro\/"},"wordCount":527,"commentCount":0,"publisher":{"@id":"https:\/\/lightweb.dev\/l\/svm-temp\/#organization"},"image":{"@id":"https:\/\/lightweb.dev\/l\/svm-temp\/nyheter\/telefoner-varda-20-euro-saljs-for-300-euro\/#primaryimage"},"thumbnailUrl":"https:\/\/lightweb.dev\/l\/svm-temp\/wp-content\/uploads\/2022\/06\/telefoner-varda-20-euro-saljs-for-300-euro.png","articleSection":["Arkiv","Nyheter"],"inLanguage":"sv-SE"},{"@type":"WebPage","@id":"https:\/\/lightweb.dev\/l\/svm-temp\/nyheter\/telefoner-varda-20-euro-saljs-for-300-euro\/","url":"https:\/\/lightweb.dev\/l\/svm-temp\/nyheter\/telefoner-varda-20-euro-saljs-for-300-euro\/","name":"Telefoner v\u00e4rda 20 euro s\u00e4ljs f\u00f6r 300 euro - Svenska Magasinet","isPartOf":{"@id":"https:\/\/lightweb.dev\/l\/svm-temp\/#website"},"primaryImageOfPage":{"@id":"https:\/\/lightweb.dev\/l\/svm-temp\/nyheter\/telefoner-varda-20-euro-saljs-for-300-euro\/#primaryimage"},"image":{"@id":"https:\/\/lightweb.dev\/l\/svm-temp\/nyheter\/telefoner-varda-20-euro-saljs-for-300-euro\/#primaryimage"},"thumbnailUrl":"https:\/\/lightweb.dev\/l\/svm-temp\/wp-content\/uploads\/2022\/06\/telefoner-varda-20-euro-saljs-for-300-euro.png","datePublished":"2020-02-20T23:00:00+00:00","breadcrumb":{"@id":"https:\/\/lightweb.dev\/l\/svm-temp\/nyheter\/telefoner-varda-20-euro-saljs-for-300-euro\/#breadcrumb"},"inLanguage":"sv-SE","potentialAction":[{"@type":"ReadAction","target":["https:\/\/lightweb.dev\/l\/svm-temp\/nyheter\/telefoner-varda-20-euro-saljs-for-300-euro\/"]}]},{"@type":"ImageObject","inLanguage":"sv-SE","@id":"https:\/\/lightweb.dev\/l\/svm-temp\/nyheter\/telefoner-varda-20-euro-saljs-for-300-euro\/#primaryimage","url":"https:\/\/lightweb.dev\/l\/svm-temp\/wp-content\/uploads\/2022\/06\/telefoner-varda-20-euro-saljs-for-300-euro.png","contentUrl":"https:\/\/lightweb.dev\/l\/svm-temp\/wp-content\/uploads\/2022\/06\/telefoner-varda-20-euro-saljs-for-300-euro.png","width":700,"height":420},{"@type":"BreadcrumbList","@id":"https:\/\/lightweb.dev\/l\/svm-temp\/nyheter\/telefoner-varda-20-euro-saljs-for-300-euro\/#breadcrumb","itemListElement":[{"@type":"ListItem","position":1,"name":"Hem","item":"https:\/\/lightweb.dev\/l\/svm-temp\/"},{"@type":"ListItem","position":2,"name":"Telefoner v\u00e4rda 20 euro s\u00e4ljs f\u00f6r 300 euro"}]},{"@type":"WebSite","@id":"https:\/\/lightweb.dev\/l\/svm-temp\/#website","url":"https:\/\/lightweb.dev\/l\/svm-temp\/","name":"Svenska Magasinet","description":"Dina Spanska nyheter p&aring; Svenska","publisher":{"@id":"https:\/\/lightweb.dev\/l\/svm-temp\/#organization"},"potentialAction":[{"@type":"SearchAction","target":{"@type":"EntryPoint","urlTemplate":"https:\/\/lightweb.dev\/l\/svm-temp\/?s={search_term_string}"},"query-input":{"@type":"PropertyValueSpecification","valueRequired":true,"valueName":"search_term_string"}}],"inLanguage":"sv-SE"},{"@type":"Organization","@id":"https:\/\/lightweb.dev\/l\/svm-temp\/#organization","name":"Melkerson y Nott SL","alternateName":"Svenska Magasinet","url":"https:\/\/lightweb.dev\/l\/svm-temp\/","logo":{"@type":"ImageObject","inLanguage":"sv-SE","@id":"https:\/\/lightweb.dev\/l\/svm-temp\/#\/schema\/logo\/image\/","url":"https:\/\/lightweb.dev\/l\/svm-temp\/wp-content\/uploads\/2025\/02\/SvM-logo-Xtra-Centrerad-SVART.png","contentUrl":"https:\/\/lightweb.dev\/l\/svm-temp\/wp-content\/uploads\/2025\/02\/SvM-logo-Xtra-Centrerad-SVART.png","width":300,"height":99,"caption":"Melkerson y Nott SL"},"image":{"@id":"https:\/\/lightweb.dev\/l\/svm-temp\/#\/schema\/logo\/image\/"},"sameAs":["https:\/\/www.facebook.com\/svenskamagasinet","https:\/\/x.com\/SvenskaMagasine"]},{"@type":"Person","@id":"https:\/\/lightweb.dev\/l\/svm-temp\/#\/schema\/person\/206a3bda5b607b0c25e1749191e4d837","name":"Redaktionen SvM","description":"Redaktionen","sameAs":["https:\/\/lightweb.dev\/l\/svm-temp"],"url":"https:\/\/lightweb.dev\/l\/svm-temp\/reporter\/redaktionen\/"}]}},"_links":{"self":[{"href":"https:\/\/lightweb.dev\/l\/svm-temp\/wp-json\/wp\/v2\/posts\/14731","targetHints":{"allow":["GET"]}}],"collection":[{"href":"https:\/\/lightweb.dev\/l\/svm-temp\/wp-json\/wp\/v2\/posts"}],"about":[{"href":"https:\/\/lightweb.dev\/l\/svm-temp\/wp-json\/wp\/v2\/types\/post"}],"author":[{"embeddable":true,"href":"https:\/\/lightweb.dev\/l\/svm-temp\/wp-json\/wp\/v2\/users\/8"}],"replies":[{"embeddable":true,"href":"https:\/\/lightweb.dev\/l\/svm-temp\/wp-json\/wp\/v2\/comments?post=14731"}],"version-history":[{"count":0,"href":"https:\/\/lightweb.dev\/l\/svm-temp\/wp-json\/wp\/v2\/posts\/14731\/revisions"}],"wp:featuredmedia":[{"embeddable":true,"href":"https:\/\/lightweb.dev\/l\/svm-temp\/wp-json\/wp\/v2\/media\/14732"}],"wp:attachment":[{"href":"https:\/\/lightweb.dev\/l\/svm-temp\/wp-json\/wp\/v2\/media?parent=14731"}],"wp:term":[{"taxonomy":"category","embeddable":true,"href":"https:\/\/lightweb.dev\/l\/svm-temp\/wp-json\/wp\/v2\/categories?post=14731"},{"taxonomy":"post_tag","embeddable":true,"href":"https:\/\/lightweb.dev\/l\/svm-temp\/wp-json\/wp\/v2\/tags?post=14731"}],"curies":[{"name":"wp","href":"https:\/\/api.w.org\/{rel}","templated":true}]}}