{"id":14739,"date":"2020-02-20T00:00:00","date_gmt":"2020-02-19T23:00:00","guid":{"rendered":"https:\/\/lightweb.dev\/l\/svm-temp\/nyheter\/algeriet-utvidgar-territorialvatten-till-strax-soder-om-mallorca\/"},"modified":"2020-02-20T00:00:00","modified_gmt":"2020-02-19T23:00:00","slug":"algeriet-utvidgar-territorialvatten-till-strax-soder-om-mallorca","status":"publish","type":"post","link":"https:\/\/lightweb.dev\/l\/svm-temp\/nyheter\/algeriet-utvidgar-territorialvatten-till-strax-soder-om-mallorca\/","title":{"rendered":"Algeriet utvidgar territorialvatten till strax s\u00f6der om Mallorca"},"content":{"rendered":"<p> F\u00f6r en m\u00e5nad sedan blev det k\u00e4nt att Marocko inf\u00f6rlivar havsomr\u00e5den utanf\u00f6r V\u00e4stsahara och n\u00e4rmar sig Kanarie\u00f6arna. Nu har det blivit k\u00e4nt att \u00e4ven Algeriet har gjort samma sak och ut\u00f6kat sina territorialvatten till strax s\u00f6der om \u00f6n Cabrera som ing\u00e5r i \u00f6gruppen Balearerna.<\/p>\n<p>Enligt den spanska nyhetsbyr\u00e5n EFE ska Algeriet ha markerat maritimt territorium till s\u00f6der om Mallorca i april 2018. K\u00e4nnedom om Algeriets anspr\u00e5k p\u00e5 att utvidga sina territorialvatten kom efter att president Abdelaziz Bouteflika undertecknat ett dekret om gr\u00e4nser i Medelhavet till grannl\u00e4nderna Marocko och Tunisien i samband med det ekonomiska avtalet ZEE.<\/p>\n<p>Isla de Cabrera \u00e4r en \u00f6 som ligger s\u00f6der om Mallorca som har en naturpark. Med Algeriets beslut g\u00e5r nu landets territorialvatten strax s\u00f6der om \u00f6n.<\/p>\n<p>Enligt Spanien m\u00e5ste de tv\u00e5 l\u00e4nderna enligt FN:s havskonvention f\u00f6rhandla och n\u00e5gon s\u00e5dan f\u00f6rhandling har inte f\u00f6rekommit. Utrikesministern Arancha Gonz\u00e1lez Laya s\u00e4ger att det g\u00e4ller att vara f\u00f6rsiktig med anv\u00e4ndning av uttryck som ger sken av att vara p\u00e5 ett s\u00e4tt n\u00e4r det inte \u00e4r det.<\/p>\n<p>Miquel Mir, regional milj\u00f6ansvarig p\u00e5 Balearerna oroas \u00f6ver detta ensidiga beslut fr\u00e5n Algeriet som kan \u00f6ppna d\u00f6rren till nya unders\u00f6kningar efter olja i omr\u00e5det.<\/p>\n","protected":false},"excerpt":{"rendered":"<p>F\u00f6r en m\u00e5nad sedan blev det k\u00e4nt att Marocko inf\u00f6rlivar havsomr\u00e5den utanf\u00f6r V\u00e4stsahara och n\u00e4rmar sig Kanarie\u00f6arna. Nu har det blivit k\u00e4nt att \u00e4ven Algeriet har gjort samma sak och ut\u00f6kat sina territorialvatten till strax s\u00f6der om \u00f6n Cabrera som ing\u00e5r i \u00f6gruppen Balearerna. Enligt den spanska nyhetsbyr\u00e5n EFE ska Algeriet ha markerat maritimt territorium [&hellip;]<\/p>\n","protected":false},"author":8,"featured_media":14740,"comment_status":"open","ping_status":"open","sticky":false,"template":"","format":"standard","meta":{"_et_pb_use_builder":"","_et_pb_old_content":"","_et_gb_content_width":"","footnotes":""},"categories":[395,3],"tags":[],"class_list":["post-14739","post","type-post","status-publish","format-standard","has-post-thumbnail","hentry","category-arkiv-nyheter","category-nyheter"],"yoast_head":"<!-- This site is optimized with the Yoast SEO Premium plugin v26.2 (Yoast SEO v27.4) - https:\/\/yoast.com\/product\/yoast-seo-premium-wordpress\/ -->\n<title>Algeriet utvidgar territorialvatten till strax s\u00f6der om Mallorca - Svenska Magasinet<\/title>\n<meta name=\"robots\" content=\"noindex, follow, max-snippet:-1, max-image-preview:large, max-video-preview:-1\" \/>\n<meta property=\"og:locale\" content=\"sv_SE\" \/>\n<meta property=\"og:type\" content=\"article\" \/>\n<meta property=\"og:title\" content=\"Algeriet utvidgar territorialvatten till strax s\u00f6der om Mallorca\" \/>\n<meta property=\"og:description\" content=\"F\u00f6r en m\u00e5nad sedan blev det k\u00e4nt att Marocko inf\u00f6rlivar havsomr\u00e5den utanf\u00f6r V\u00e4stsahara och n\u00e4rmar sig Kanarie\u00f6arna. Nu har det blivit k\u00e4nt att \u00e4ven Algeriet har gjort samma sak och ut\u00f6kat sina territorialvatten till strax s\u00f6der om \u00f6n Cabrera som ing\u00e5r i \u00f6gruppen Balearerna. Enligt den spanska nyhetsbyr\u00e5n EFE ska Algeriet ha markerat maritimt territorium [&hellip;]\" \/>\n<meta property=\"og:url\" content=\"https:\/\/lightweb.dev\/l\/svm-temp\/nyheter\/algeriet-utvidgar-territorialvatten-till-strax-soder-om-mallorca\/\" \/>\n<meta property=\"og:site_name\" content=\"Svenska Magasinet\" \/>\n<meta property=\"article:publisher\" content=\"https:\/\/www.facebook.com\/svenskamagasinet\" \/>\n<meta property=\"article:published_time\" content=\"2020-02-19T23:00:00+00:00\" \/>\n<meta property=\"og:image\" content=\"https:\/\/lightweb.dev\/l\/svm-temp\/wp-content\/uploads\/2022\/06\/algeriet-utvidgar-territorialvatten-till-strax-soder-om-mallorca.png\" \/>\n\t<meta property=\"og:image:width\" content=\"700\" \/>\n\t<meta property=\"og:image:height\" content=\"420\" \/>\n\t<meta property=\"og:image:type\" content=\"image\/png\" \/>\n<meta name=\"author\" content=\"Redaktionen SvM\" \/>\n<meta name=\"twitter:card\" content=\"summary_large_image\" \/>\n<meta name=\"twitter:creator\" content=\"@SvenskaMagasine\" \/>\n<meta name=\"twitter:site\" content=\"@SvenskaMagasine\" \/>\n<script type=\"application\/ld+json\" class=\"yoast-schema-graph\">{\"@context\":\"https:\\\/\\\/schema.org\",\"@graph\":[{\"@type\":\"Article\",\"@id\":\"https:\\\/\\\/lightweb.dev\\\/l\\\/svm-temp\\\/nyheter\\\/algeriet-utvidgar-territorialvatten-till-strax-soder-om-mallorca\\\/#article\",\"isPartOf\":{\"@id\":\"https:\\\/\\\/lightweb.dev\\\/l\\\/svm-temp\\\/nyheter\\\/algeriet-utvidgar-territorialvatten-till-strax-soder-om-mallorca\\\/\"},\"author\":{\"name\":\"Redaktionen SvM\",\"@id\":\"https:\\\/\\\/lightweb.dev\\\/l\\\/svm-temp\\\/#\\\/schema\\\/person\\\/206a3bda5b607b0c25e1749191e4d837\"},\"headline\":\"Algeriet utvidgar territorialvatten till strax s\u00f6der om Mallorca\",\"datePublished\":\"2020-02-19T23:00:00+00:00\",\"mainEntityOfPage\":{\"@id\":\"https:\\\/\\\/lightweb.dev\\\/l\\\/svm-temp\\\/nyheter\\\/algeriet-utvidgar-territorialvatten-till-strax-soder-om-mallorca\\\/\"},\"wordCount\":241,\"commentCount\":0,\"publisher\":{\"@id\":\"https:\\\/\\\/lightweb.dev\\\/l\\\/svm-temp\\\/#organization\"},\"image\":{\"@id\":\"https:\\\/\\\/lightweb.dev\\\/l\\\/svm-temp\\\/nyheter\\\/algeriet-utvidgar-territorialvatten-till-strax-soder-om-mallorca\\\/#primaryimage\"},\"thumbnailUrl\":\"https:\\\/\\\/lightweb.dev\\\/l\\\/svm-temp\\\/wp-content\\\/uploads\\\/2022\\\/06\\\/algeriet-utvidgar-territorialvatten-till-strax-soder-om-mallorca.png\",\"articleSection\":[\"Arkiv\",\"Nyheter\"],\"inLanguage\":\"sv-SE\"},{\"@type\":\"WebPage\",\"@id\":\"https:\\\/\\\/lightweb.dev\\\/l\\\/svm-temp\\\/nyheter\\\/algeriet-utvidgar-territorialvatten-till-strax-soder-om-mallorca\\\/\",\"url\":\"https:\\\/\\\/lightweb.dev\\\/l\\\/svm-temp\\\/nyheter\\\/algeriet-utvidgar-territorialvatten-till-strax-soder-om-mallorca\\\/\",\"name\":\"Algeriet utvidgar territorialvatten till strax s\u00f6der om Mallorca - Svenska Magasinet\",\"isPartOf\":{\"@id\":\"https:\\\/\\\/lightweb.dev\\\/l\\\/svm-temp\\\/#website\"},\"primaryImageOfPage\":{\"@id\":\"https:\\\/\\\/lightweb.dev\\\/l\\\/svm-temp\\\/nyheter\\\/algeriet-utvidgar-territorialvatten-till-strax-soder-om-mallorca\\\/#primaryimage\"},\"image\":{\"@id\":\"https:\\\/\\\/lightweb.dev\\\/l\\\/svm-temp\\\/nyheter\\\/algeriet-utvidgar-territorialvatten-till-strax-soder-om-mallorca\\\/#primaryimage\"},\"thumbnailUrl\":\"https:\\\/\\\/lightweb.dev\\\/l\\\/svm-temp\\\/wp-content\\\/uploads\\\/2022\\\/06\\\/algeriet-utvidgar-territorialvatten-till-strax-soder-om-mallorca.png\",\"datePublished\":\"2020-02-19T23:00:00+00:00\",\"breadcrumb\":{\"@id\":\"https:\\\/\\\/lightweb.dev\\\/l\\\/svm-temp\\\/nyheter\\\/algeriet-utvidgar-territorialvatten-till-strax-soder-om-mallorca\\\/#breadcrumb\"},\"inLanguage\":\"sv-SE\",\"potentialAction\":[{\"@type\":\"ReadAction\",\"target\":[\"https:\\\/\\\/lightweb.dev\\\/l\\\/svm-temp\\\/nyheter\\\/algeriet-utvidgar-territorialvatten-till-strax-soder-om-mallorca\\\/\"]}]},{\"@type\":\"ImageObject\",\"inLanguage\":\"sv-SE\",\"@id\":\"https:\\\/\\\/lightweb.dev\\\/l\\\/svm-temp\\\/nyheter\\\/algeriet-utvidgar-territorialvatten-till-strax-soder-om-mallorca\\\/#primaryimage\",\"url\":\"https:\\\/\\\/lightweb.dev\\\/l\\\/svm-temp\\\/wp-content\\\/uploads\\\/2022\\\/06\\\/algeriet-utvidgar-territorialvatten-till-strax-soder-om-mallorca.png\",\"contentUrl\":\"https:\\\/\\\/lightweb.dev\\\/l\\\/svm-temp\\\/wp-content\\\/uploads\\\/2022\\\/06\\\/algeriet-utvidgar-territorialvatten-till-strax-soder-om-mallorca.png\",\"width\":700,\"height\":420},{\"@type\":\"BreadcrumbList\",\"@id\":\"https:\\\/\\\/lightweb.dev\\\/l\\\/svm-temp\\\/nyheter\\\/algeriet-utvidgar-territorialvatten-till-strax-soder-om-mallorca\\\/#breadcrumb\",\"itemListElement\":[{\"@type\":\"ListItem\",\"position\":1,\"name\":\"Hem\",\"item\":\"https:\\\/\\\/lightweb.dev\\\/l\\\/svm-temp\\\/\"},{\"@type\":\"ListItem\",\"position\":2,\"name\":\"Algeriet utvidgar territorialvatten till strax s\u00f6der om Mallorca\"}]},{\"@type\":\"WebSite\",\"@id\":\"https:\\\/\\\/lightweb.dev\\\/l\\\/svm-temp\\\/#website\",\"url\":\"https:\\\/\\\/lightweb.dev\\\/l\\\/svm-temp\\\/\",\"name\":\"Svenska Magasinet\",\"description\":\"Dina Spanska nyheter p&aring; Svenska\",\"publisher\":{\"@id\":\"https:\\\/\\\/lightweb.dev\\\/l\\\/svm-temp\\\/#organization\"},\"potentialAction\":[{\"@type\":\"SearchAction\",\"target\":{\"@type\":\"EntryPoint\",\"urlTemplate\":\"https:\\\/\\\/lightweb.dev\\\/l\\\/svm-temp\\\/?s={search_term_string}\"},\"query-input\":{\"@type\":\"PropertyValueSpecification\",\"valueRequired\":true,\"valueName\":\"search_term_string\"}}],\"inLanguage\":\"sv-SE\"},{\"@type\":\"Organization\",\"@id\":\"https:\\\/\\\/lightweb.dev\\\/l\\\/svm-temp\\\/#organization\",\"name\":\"Melkerson y Nott SL\",\"alternateName\":\"Svenska Magasinet\",\"url\":\"https:\\\/\\\/lightweb.dev\\\/l\\\/svm-temp\\\/\",\"logo\":{\"@type\":\"ImageObject\",\"inLanguage\":\"sv-SE\",\"@id\":\"https:\\\/\\\/lightweb.dev\\\/l\\\/svm-temp\\\/#\\\/schema\\\/logo\\\/image\\\/\",\"url\":\"https:\\\/\\\/lightweb.dev\\\/l\\\/svm-temp\\\/wp-content\\\/uploads\\\/2025\\\/02\\\/SvM-logo-Xtra-Centrerad-SVART.png\",\"contentUrl\":\"https:\\\/\\\/lightweb.dev\\\/l\\\/svm-temp\\\/wp-content\\\/uploads\\\/2025\\\/02\\\/SvM-logo-Xtra-Centrerad-SVART.png\",\"width\":300,\"height\":99,\"caption\":\"Melkerson y Nott SL\"},\"image\":{\"@id\":\"https:\\\/\\\/lightweb.dev\\\/l\\\/svm-temp\\\/#\\\/schema\\\/logo\\\/image\\\/\"},\"sameAs\":[\"https:\\\/\\\/www.facebook.com\\\/svenskamagasinet\",\"https:\\\/\\\/x.com\\\/SvenskaMagasine\"]},{\"@type\":\"Person\",\"@id\":\"https:\\\/\\\/lightweb.dev\\\/l\\\/svm-temp\\\/#\\\/schema\\\/person\\\/206a3bda5b607b0c25e1749191e4d837\",\"name\":\"Redaktionen SvM\",\"description\":\"Redaktionen\",\"sameAs\":[\"https:\\\/\\\/lightweb.dev\\\/l\\\/svm-temp\"],\"url\":\"https:\\\/\\\/lightweb.dev\\\/l\\\/svm-temp\\\/reporter\\\/redaktionen\\\/\"}]}<\/script>\n<!-- \/ Yoast SEO Premium plugin. -->","yoast_head_json":{"title":"Algeriet utvidgar territorialvatten till strax s\u00f6der om Mallorca - Svenska Magasinet","robots":{"index":"noindex","follow":"follow","max-snippet":"max-snippet:-1","max-image-preview":"max-image-preview:large","max-video-preview":"max-video-preview:-1"},"og_locale":"sv_SE","og_type":"article","og_title":"Algeriet utvidgar territorialvatten till strax s\u00f6der om Mallorca","og_description":"F\u00f6r en m\u00e5nad sedan blev det k\u00e4nt att Marocko inf\u00f6rlivar havsomr\u00e5den utanf\u00f6r V\u00e4stsahara och n\u00e4rmar sig Kanarie\u00f6arna. Nu har det blivit k\u00e4nt att \u00e4ven Algeriet har gjort samma sak och ut\u00f6kat sina territorialvatten till strax s\u00f6der om \u00f6n Cabrera som ing\u00e5r i \u00f6gruppen Balearerna. Enligt den spanska nyhetsbyr\u00e5n EFE ska Algeriet ha markerat maritimt territorium [&hellip;]","og_url":"https:\/\/lightweb.dev\/l\/svm-temp\/nyheter\/algeriet-utvidgar-territorialvatten-till-strax-soder-om-mallorca\/","og_site_name":"Svenska Magasinet","article_publisher":"https:\/\/www.facebook.com\/svenskamagasinet","article_published_time":"2020-02-19T23:00:00+00:00","og_image":[{"width":700,"height":420,"url":"https:\/\/lightweb.dev\/l\/svm-temp\/wp-content\/uploads\/2022\/06\/algeriet-utvidgar-territorialvatten-till-strax-soder-om-mallorca.png","type":"image\/png"}],"author":"Redaktionen SvM","twitter_card":"summary_large_image","twitter_creator":"@SvenskaMagasine","twitter_site":"@SvenskaMagasine","schema":{"@context":"https:\/\/schema.org","@graph":[{"@type":"Article","@id":"https:\/\/lightweb.dev\/l\/svm-temp\/nyheter\/algeriet-utvidgar-territorialvatten-till-strax-soder-om-mallorca\/#article","isPartOf":{"@id":"https:\/\/lightweb.dev\/l\/svm-temp\/nyheter\/algeriet-utvidgar-territorialvatten-till-strax-soder-om-mallorca\/"},"author":{"name":"Redaktionen SvM","@id":"https:\/\/lightweb.dev\/l\/svm-temp\/#\/schema\/person\/206a3bda5b607b0c25e1749191e4d837"},"headline":"Algeriet utvidgar territorialvatten till strax s\u00f6der om Mallorca","datePublished":"2020-02-19T23:00:00+00:00","mainEntityOfPage":{"@id":"https:\/\/lightweb.dev\/l\/svm-temp\/nyheter\/algeriet-utvidgar-territorialvatten-till-strax-soder-om-mallorca\/"},"wordCount":241,"commentCount":0,"publisher":{"@id":"https:\/\/lightweb.dev\/l\/svm-temp\/#organization"},"image":{"@id":"https:\/\/lightweb.dev\/l\/svm-temp\/nyheter\/algeriet-utvidgar-territorialvatten-till-strax-soder-om-mallorca\/#primaryimage"},"thumbnailUrl":"https:\/\/lightweb.dev\/l\/svm-temp\/wp-content\/uploads\/2022\/06\/algeriet-utvidgar-territorialvatten-till-strax-soder-om-mallorca.png","articleSection":["Arkiv","Nyheter"],"inLanguage":"sv-SE"},{"@type":"WebPage","@id":"https:\/\/lightweb.dev\/l\/svm-temp\/nyheter\/algeriet-utvidgar-territorialvatten-till-strax-soder-om-mallorca\/","url":"https:\/\/lightweb.dev\/l\/svm-temp\/nyheter\/algeriet-utvidgar-territorialvatten-till-strax-soder-om-mallorca\/","name":"Algeriet utvidgar territorialvatten till strax s\u00f6der om Mallorca - Svenska Magasinet","isPartOf":{"@id":"https:\/\/lightweb.dev\/l\/svm-temp\/#website"},"primaryImageOfPage":{"@id":"https:\/\/lightweb.dev\/l\/svm-temp\/nyheter\/algeriet-utvidgar-territorialvatten-till-strax-soder-om-mallorca\/#primaryimage"},"image":{"@id":"https:\/\/lightweb.dev\/l\/svm-temp\/nyheter\/algeriet-utvidgar-territorialvatten-till-strax-soder-om-mallorca\/#primaryimage"},"thumbnailUrl":"https:\/\/lightweb.dev\/l\/svm-temp\/wp-content\/uploads\/2022\/06\/algeriet-utvidgar-territorialvatten-till-strax-soder-om-mallorca.png","datePublished":"2020-02-19T23:00:00+00:00","breadcrumb":{"@id":"https:\/\/lightweb.dev\/l\/svm-temp\/nyheter\/algeriet-utvidgar-territorialvatten-till-strax-soder-om-mallorca\/#breadcrumb"},"inLanguage":"sv-SE","potentialAction":[{"@type":"ReadAction","target":["https:\/\/lightweb.dev\/l\/svm-temp\/nyheter\/algeriet-utvidgar-territorialvatten-till-strax-soder-om-mallorca\/"]}]},{"@type":"ImageObject","inLanguage":"sv-SE","@id":"https:\/\/lightweb.dev\/l\/svm-temp\/nyheter\/algeriet-utvidgar-territorialvatten-till-strax-soder-om-mallorca\/#primaryimage","url":"https:\/\/lightweb.dev\/l\/svm-temp\/wp-content\/uploads\/2022\/06\/algeriet-utvidgar-territorialvatten-till-strax-soder-om-mallorca.png","contentUrl":"https:\/\/lightweb.dev\/l\/svm-temp\/wp-content\/uploads\/2022\/06\/algeriet-utvidgar-territorialvatten-till-strax-soder-om-mallorca.png","width":700,"height":420},{"@type":"BreadcrumbList","@id":"https:\/\/lightweb.dev\/l\/svm-temp\/nyheter\/algeriet-utvidgar-territorialvatten-till-strax-soder-om-mallorca\/#breadcrumb","itemListElement":[{"@type":"ListItem","position":1,"name":"Hem","item":"https:\/\/lightweb.dev\/l\/svm-temp\/"},{"@type":"ListItem","position":2,"name":"Algeriet utvidgar territorialvatten till strax s\u00f6der om Mallorca"}]},{"@type":"WebSite","@id":"https:\/\/lightweb.dev\/l\/svm-temp\/#website","url":"https:\/\/lightweb.dev\/l\/svm-temp\/","name":"Svenska Magasinet","description":"Dina Spanska nyheter p&aring; Svenska","publisher":{"@id":"https:\/\/lightweb.dev\/l\/svm-temp\/#organization"},"potentialAction":[{"@type":"SearchAction","target":{"@type":"EntryPoint","urlTemplate":"https:\/\/lightweb.dev\/l\/svm-temp\/?s={search_term_string}"},"query-input":{"@type":"PropertyValueSpecification","valueRequired":true,"valueName":"search_term_string"}}],"inLanguage":"sv-SE"},{"@type":"Organization","@id":"https:\/\/lightweb.dev\/l\/svm-temp\/#organization","name":"Melkerson y Nott SL","alternateName":"Svenska Magasinet","url":"https:\/\/lightweb.dev\/l\/svm-temp\/","logo":{"@type":"ImageObject","inLanguage":"sv-SE","@id":"https:\/\/lightweb.dev\/l\/svm-temp\/#\/schema\/logo\/image\/","url":"https:\/\/lightweb.dev\/l\/svm-temp\/wp-content\/uploads\/2025\/02\/SvM-logo-Xtra-Centrerad-SVART.png","contentUrl":"https:\/\/lightweb.dev\/l\/svm-temp\/wp-content\/uploads\/2025\/02\/SvM-logo-Xtra-Centrerad-SVART.png","width":300,"height":99,"caption":"Melkerson y Nott SL"},"image":{"@id":"https:\/\/lightweb.dev\/l\/svm-temp\/#\/schema\/logo\/image\/"},"sameAs":["https:\/\/www.facebook.com\/svenskamagasinet","https:\/\/x.com\/SvenskaMagasine"]},{"@type":"Person","@id":"https:\/\/lightweb.dev\/l\/svm-temp\/#\/schema\/person\/206a3bda5b607b0c25e1749191e4d837","name":"Redaktionen SvM","description":"Redaktionen","sameAs":["https:\/\/lightweb.dev\/l\/svm-temp"],"url":"https:\/\/lightweb.dev\/l\/svm-temp\/reporter\/redaktionen\/"}]}},"_links":{"self":[{"href":"https:\/\/lightweb.dev\/l\/svm-temp\/wp-json\/wp\/v2\/posts\/14739","targetHints":{"allow":["GET"]}}],"collection":[{"href":"https:\/\/lightweb.dev\/l\/svm-temp\/wp-json\/wp\/v2\/posts"}],"about":[{"href":"https:\/\/lightweb.dev\/l\/svm-temp\/wp-json\/wp\/v2\/types\/post"}],"author":[{"embeddable":true,"href":"https:\/\/lightweb.dev\/l\/svm-temp\/wp-json\/wp\/v2\/users\/8"}],"replies":[{"embeddable":true,"href":"https:\/\/lightweb.dev\/l\/svm-temp\/wp-json\/wp\/v2\/comments?post=14739"}],"version-history":[{"count":0,"href":"https:\/\/lightweb.dev\/l\/svm-temp\/wp-json\/wp\/v2\/posts\/14739\/revisions"}],"wp:featuredmedia":[{"embeddable":true,"href":"https:\/\/lightweb.dev\/l\/svm-temp\/wp-json\/wp\/v2\/media\/14740"}],"wp:attachment":[{"href":"https:\/\/lightweb.dev\/l\/svm-temp\/wp-json\/wp\/v2\/media?parent=14739"}],"wp:term":[{"taxonomy":"category","embeddable":true,"href":"https:\/\/lightweb.dev\/l\/svm-temp\/wp-json\/wp\/v2\/categories?post=14739"},{"taxonomy":"post_tag","embeddable":true,"href":"https:\/\/lightweb.dev\/l\/svm-temp\/wp-json\/wp\/v2\/tags?post=14739"}],"curies":[{"name":"wp","href":"https:\/\/api.w.org\/{rel}","templated":true}]}}