{"id":14771,"date":"2020-02-14T00:00:00","date_gmt":"2020-02-13T23:00:00","guid":{"rendered":"https:\/\/lightweb.dev\/l\/svm-temp\/nyheter\/dricksvattenfontaner-minskar-miljofororeningar\/"},"modified":"2020-02-14T00:00:00","modified_gmt":"2020-02-13T23:00:00","slug":"dricksvattenfontaner-minskar-miljofororeningar","status":"publish","type":"post","link":"https:\/\/lightweb.dev\/l\/svm-temp\/nyheter\/dricksvattenfontaner-minskar-miljofororeningar\/","title":{"rendered":"Dricksvattenfont\u00e4ner minskar milj\u00f6f\u00f6roreningar"},"content":{"rendered":"<p> Den sydspanska metropolen M\u00e1laga \u00e4r en av de st\u00e4der som har tagit till sig EU-kommissionens \u00f6nskan att ge fler m\u00e4nniskor b\u00e4ttre tillg\u00e5ng till gratis vatten, n\u00e5got som \u00e4r en del av EU:s strategi f\u00f6r att minska plastavfallet. <\/p>\n<p>M\u00e1laga har idag 134 dricksvattenfont\u00e4ner i staden, det motsvarar en per 4.300 inv\u00e5nare. Nu f\u00f6resl\u00e5s att 200 nya dricksvattenfont\u00e4ner installeras och det motsvarar en per 1.720 inv\u00e5nare. Det \u00e4r ett bra steg mot m\u00e5let som \u00e4r en per 1.000 inv\u00e5nare. Projektet som \u00e4nnu \u00e4r p\u00e5 f\u00f6rslagsstadiet ges en budget p\u00e5 en miljon euro och de nya font\u00e4nerna \u00e4r t\u00e4nkta att monteras framf\u00f6rallt d\u00e4r mycket folk \u00e4r ute och promenerar.<\/p>\n<p>Nu \u00e4r inte M\u00e1laga den enda staden i Spanien som har t\u00e4nkt i dessa banor, C\u00e1diz f\u00f6rdubblade f\u00f6rra \u00e5ret sitt best\u00e5nd av dricksvattenfont\u00e4ner och har nu redan n\u00e5tt en per tusen inv\u00e5nare. C\u00f3rdoba har ocks\u00e5 n\u00e5tt m\u00e5let med en per tusen inv\u00e5nare.<\/p>\n<p>Redan under 2018 lade EU-kommission\u00e4ren Frans Timmerman ett f\u00f6rslag d\u00e4r han ville f\u00e5 regeringarna i EU att agera f\u00f6r b\u00e4ttre tillg\u00e5ng till dricksvatten. Han ville med det bland annat uppmuntra restaurangerna att erbjuda gratis vatten och f\u00e5 folk att fylla p\u00e5 sina plastflaskor i st\u00e4llet f\u00f6r att k\u00f6pa nya. <\/p>\n<p>I flera stora st\u00e4der som Rom och Ljubljana finns det gener\u00f6st med dricksvattenfont\u00e4ner i stadsmilj\u00f6n, Paris har till och med kolsyrat vatten i offentliga kranar.<\/p>\n<p>Sverige ligger n\u00e5got efter n\u00e4r det g\u00e4ller dricksvattenfont\u00e4ner i stadsmilj\u00f6, framf\u00f6rallt \u00e4r det kravet p\u00e5 underh\u00e5ll som avskr\u00e4cker kommunerna fr\u00e5n att bygga ut font\u00e4nerna i utomhusmilj\u00f6er.  G\u00f6teborg har idag enligt uppgifter p\u00e5 kommunens webbplats 25 kommunala dricksvattenfont\u00e4ner. Stockholm hade 2018 enligt uppgift 300 st men av dessa var m\u00e5nga ur funktion, 2019 skulle det enligt en obekr\u00e4ftad uppgift fr\u00e5n S\u00f6dermanland Direkt bara ha varit 12 st i funktion. Bildtext: Dricksvattenfont\u00e4n i M\u00e1laga f\u00f6r b\u00e5de m\u00e4nniska och djur. Foto: EMASA (det kommunla vattenbolaget i M\u00e1laga),<br \/>\nArtikel: Jonny Erixon.<\/p>\n","protected":false},"excerpt":{"rendered":"<p>Den sydspanska metropolen M\u00e1laga \u00e4r en av de st\u00e4der som har tagit till sig EU-kommissionens \u00f6nskan att ge fler m\u00e4nniskor b\u00e4ttre tillg\u00e5ng till gratis vatten, n\u00e5got som \u00e4r en del av EU:s strategi f\u00f6r att minska plastavfallet. M\u00e1laga har idag 134 dricksvattenfont\u00e4ner i staden, det motsvarar en per 4.300 inv\u00e5nare. Nu f\u00f6resl\u00e5s att 200 nya [&hellip;]<\/p>\n","protected":false},"author":8,"featured_media":14772,"comment_status":"open","ping_status":"open","sticky":false,"template":"","format":"standard","meta":{"_et_pb_use_builder":"","_et_pb_old_content":"","_et_gb_content_width":"","footnotes":""},"categories":[395,3],"tags":[],"class_list":["post-14771","post","type-post","status-publish","format-standard","has-post-thumbnail","hentry","category-arkiv-nyheter","category-nyheter"],"yoast_head":"<!-- This site is optimized with the Yoast SEO Premium plugin v26.2 (Yoast SEO v27.4) - https:\/\/yoast.com\/product\/yoast-seo-premium-wordpress\/ -->\n<title>Dricksvattenfont\u00e4ner minskar milj\u00f6f\u00f6roreningar - Svenska Magasinet<\/title>\n<meta name=\"robots\" content=\"noindex, follow, max-snippet:-1, max-image-preview:large, max-video-preview:-1\" \/>\n<meta property=\"og:locale\" content=\"sv_SE\" \/>\n<meta property=\"og:type\" content=\"article\" \/>\n<meta property=\"og:title\" content=\"Dricksvattenfont\u00e4ner minskar milj\u00f6f\u00f6roreningar\" \/>\n<meta property=\"og:description\" content=\"Den sydspanska metropolen M\u00e1laga \u00e4r en av de st\u00e4der som har tagit till sig EU-kommissionens \u00f6nskan att ge fler m\u00e4nniskor b\u00e4ttre tillg\u00e5ng till gratis vatten, n\u00e5got som \u00e4r en del av EU:s strategi f\u00f6r att minska plastavfallet. M\u00e1laga har idag 134 dricksvattenfont\u00e4ner i staden, det motsvarar en per 4.300 inv\u00e5nare. Nu f\u00f6resl\u00e5s att 200 nya [&hellip;]\" \/>\n<meta property=\"og:url\" content=\"https:\/\/lightweb.dev\/l\/svm-temp\/nyheter\/dricksvattenfontaner-minskar-miljofororeningar\/\" \/>\n<meta property=\"og:site_name\" content=\"Svenska Magasinet\" \/>\n<meta property=\"article:publisher\" content=\"https:\/\/www.facebook.com\/svenskamagasinet\" \/>\n<meta property=\"article:published_time\" content=\"2020-02-13T23:00:00+00:00\" \/>\n<meta property=\"og:image\" content=\"https:\/\/lightweb.dev\/l\/svm-temp\/wp-content\/uploads\/2022\/06\/dricksvattenfontaner-minskar-miljofororeningar.png\" \/>\n\t<meta property=\"og:image:width\" content=\"700\" \/>\n\t<meta property=\"og:image:height\" content=\"420\" \/>\n\t<meta property=\"og:image:type\" content=\"image\/png\" \/>\n<meta name=\"author\" content=\"Redaktionen SvM\" \/>\n<meta name=\"twitter:card\" content=\"summary_large_image\" \/>\n<meta name=\"twitter:creator\" content=\"@SvenskaMagasine\" \/>\n<meta name=\"twitter:site\" content=\"@SvenskaMagasine\" \/>\n<script type=\"application\/ld+json\" class=\"yoast-schema-graph\">{\"@context\":\"https:\\\/\\\/schema.org\",\"@graph\":[{\"@type\":\"Article\",\"@id\":\"https:\\\/\\\/lightweb.dev\\\/l\\\/svm-temp\\\/nyheter\\\/dricksvattenfontaner-minskar-miljofororeningar\\\/#article\",\"isPartOf\":{\"@id\":\"https:\\\/\\\/lightweb.dev\\\/l\\\/svm-temp\\\/nyheter\\\/dricksvattenfontaner-minskar-miljofororeningar\\\/\"},\"author\":{\"name\":\"Redaktionen SvM\",\"@id\":\"https:\\\/\\\/lightweb.dev\\\/l\\\/svm-temp\\\/#\\\/schema\\\/person\\\/206a3bda5b607b0c25e1749191e4d837\"},\"headline\":\"Dricksvattenfont\u00e4ner minskar milj\u00f6f\u00f6roreningar\",\"datePublished\":\"2020-02-13T23:00:00+00:00\",\"mainEntityOfPage\":{\"@id\":\"https:\\\/\\\/lightweb.dev\\\/l\\\/svm-temp\\\/nyheter\\\/dricksvattenfontaner-minskar-miljofororeningar\\\/\"},\"wordCount\":374,\"commentCount\":0,\"publisher\":{\"@id\":\"https:\\\/\\\/lightweb.dev\\\/l\\\/svm-temp\\\/#organization\"},\"image\":{\"@id\":\"https:\\\/\\\/lightweb.dev\\\/l\\\/svm-temp\\\/nyheter\\\/dricksvattenfontaner-minskar-miljofororeningar\\\/#primaryimage\"},\"thumbnailUrl\":\"https:\\\/\\\/lightweb.dev\\\/l\\\/svm-temp\\\/wp-content\\\/uploads\\\/2022\\\/06\\\/dricksvattenfontaner-minskar-miljofororeningar.png\",\"articleSection\":[\"Arkiv\",\"Nyheter\"],\"inLanguage\":\"sv-SE\"},{\"@type\":\"WebPage\",\"@id\":\"https:\\\/\\\/lightweb.dev\\\/l\\\/svm-temp\\\/nyheter\\\/dricksvattenfontaner-minskar-miljofororeningar\\\/\",\"url\":\"https:\\\/\\\/lightweb.dev\\\/l\\\/svm-temp\\\/nyheter\\\/dricksvattenfontaner-minskar-miljofororeningar\\\/\",\"name\":\"Dricksvattenfont\u00e4ner minskar milj\u00f6f\u00f6roreningar - Svenska Magasinet\",\"isPartOf\":{\"@id\":\"https:\\\/\\\/lightweb.dev\\\/l\\\/svm-temp\\\/#website\"},\"primaryImageOfPage\":{\"@id\":\"https:\\\/\\\/lightweb.dev\\\/l\\\/svm-temp\\\/nyheter\\\/dricksvattenfontaner-minskar-miljofororeningar\\\/#primaryimage\"},\"image\":{\"@id\":\"https:\\\/\\\/lightweb.dev\\\/l\\\/svm-temp\\\/nyheter\\\/dricksvattenfontaner-minskar-miljofororeningar\\\/#primaryimage\"},\"thumbnailUrl\":\"https:\\\/\\\/lightweb.dev\\\/l\\\/svm-temp\\\/wp-content\\\/uploads\\\/2022\\\/06\\\/dricksvattenfontaner-minskar-miljofororeningar.png\",\"datePublished\":\"2020-02-13T23:00:00+00:00\",\"breadcrumb\":{\"@id\":\"https:\\\/\\\/lightweb.dev\\\/l\\\/svm-temp\\\/nyheter\\\/dricksvattenfontaner-minskar-miljofororeningar\\\/#breadcrumb\"},\"inLanguage\":\"sv-SE\",\"potentialAction\":[{\"@type\":\"ReadAction\",\"target\":[\"https:\\\/\\\/lightweb.dev\\\/l\\\/svm-temp\\\/nyheter\\\/dricksvattenfontaner-minskar-miljofororeningar\\\/\"]}]},{\"@type\":\"ImageObject\",\"inLanguage\":\"sv-SE\",\"@id\":\"https:\\\/\\\/lightweb.dev\\\/l\\\/svm-temp\\\/nyheter\\\/dricksvattenfontaner-minskar-miljofororeningar\\\/#primaryimage\",\"url\":\"https:\\\/\\\/lightweb.dev\\\/l\\\/svm-temp\\\/wp-content\\\/uploads\\\/2022\\\/06\\\/dricksvattenfontaner-minskar-miljofororeningar.png\",\"contentUrl\":\"https:\\\/\\\/lightweb.dev\\\/l\\\/svm-temp\\\/wp-content\\\/uploads\\\/2022\\\/06\\\/dricksvattenfontaner-minskar-miljofororeningar.png\",\"width\":700,\"height\":420},{\"@type\":\"BreadcrumbList\",\"@id\":\"https:\\\/\\\/lightweb.dev\\\/l\\\/svm-temp\\\/nyheter\\\/dricksvattenfontaner-minskar-miljofororeningar\\\/#breadcrumb\",\"itemListElement\":[{\"@type\":\"ListItem\",\"position\":1,\"name\":\"Hem\",\"item\":\"https:\\\/\\\/lightweb.dev\\\/l\\\/svm-temp\\\/\"},{\"@type\":\"ListItem\",\"position\":2,\"name\":\"Dricksvattenfont\u00e4ner minskar milj\u00f6f\u00f6roreningar\"}]},{\"@type\":\"WebSite\",\"@id\":\"https:\\\/\\\/lightweb.dev\\\/l\\\/svm-temp\\\/#website\",\"url\":\"https:\\\/\\\/lightweb.dev\\\/l\\\/svm-temp\\\/\",\"name\":\"Svenska Magasinet\",\"description\":\"Dina Spanska nyheter p&aring; Svenska\",\"publisher\":{\"@id\":\"https:\\\/\\\/lightweb.dev\\\/l\\\/svm-temp\\\/#organization\"},\"potentialAction\":[{\"@type\":\"SearchAction\",\"target\":{\"@type\":\"EntryPoint\",\"urlTemplate\":\"https:\\\/\\\/lightweb.dev\\\/l\\\/svm-temp\\\/?s={search_term_string}\"},\"query-input\":{\"@type\":\"PropertyValueSpecification\",\"valueRequired\":true,\"valueName\":\"search_term_string\"}}],\"inLanguage\":\"sv-SE\"},{\"@type\":\"Organization\",\"@id\":\"https:\\\/\\\/lightweb.dev\\\/l\\\/svm-temp\\\/#organization\",\"name\":\"Melkerson y Nott SL\",\"alternateName\":\"Svenska Magasinet\",\"url\":\"https:\\\/\\\/lightweb.dev\\\/l\\\/svm-temp\\\/\",\"logo\":{\"@type\":\"ImageObject\",\"inLanguage\":\"sv-SE\",\"@id\":\"https:\\\/\\\/lightweb.dev\\\/l\\\/svm-temp\\\/#\\\/schema\\\/logo\\\/image\\\/\",\"url\":\"https:\\\/\\\/lightweb.dev\\\/l\\\/svm-temp\\\/wp-content\\\/uploads\\\/2025\\\/02\\\/SvM-logo-Xtra-Centrerad-SVART.png\",\"contentUrl\":\"https:\\\/\\\/lightweb.dev\\\/l\\\/svm-temp\\\/wp-content\\\/uploads\\\/2025\\\/02\\\/SvM-logo-Xtra-Centrerad-SVART.png\",\"width\":300,\"height\":99,\"caption\":\"Melkerson y Nott SL\"},\"image\":{\"@id\":\"https:\\\/\\\/lightweb.dev\\\/l\\\/svm-temp\\\/#\\\/schema\\\/logo\\\/image\\\/\"},\"sameAs\":[\"https:\\\/\\\/www.facebook.com\\\/svenskamagasinet\",\"https:\\\/\\\/x.com\\\/SvenskaMagasine\"]},{\"@type\":\"Person\",\"@id\":\"https:\\\/\\\/lightweb.dev\\\/l\\\/svm-temp\\\/#\\\/schema\\\/person\\\/206a3bda5b607b0c25e1749191e4d837\",\"name\":\"Redaktionen SvM\",\"description\":\"Redaktionen\",\"sameAs\":[\"https:\\\/\\\/lightweb.dev\\\/l\\\/svm-temp\"],\"url\":\"https:\\\/\\\/lightweb.dev\\\/l\\\/svm-temp\\\/reporter\\\/redaktionen\\\/\"}]}<\/script>\n<!-- \/ Yoast SEO Premium plugin. -->","yoast_head_json":{"title":"Dricksvattenfont\u00e4ner minskar milj\u00f6f\u00f6roreningar - Svenska Magasinet","robots":{"index":"noindex","follow":"follow","max-snippet":"max-snippet:-1","max-image-preview":"max-image-preview:large","max-video-preview":"max-video-preview:-1"},"og_locale":"sv_SE","og_type":"article","og_title":"Dricksvattenfont\u00e4ner minskar milj\u00f6f\u00f6roreningar","og_description":"Den sydspanska metropolen M\u00e1laga \u00e4r en av de st\u00e4der som har tagit till sig EU-kommissionens \u00f6nskan att ge fler m\u00e4nniskor b\u00e4ttre tillg\u00e5ng till gratis vatten, n\u00e5got som \u00e4r en del av EU:s strategi f\u00f6r att minska plastavfallet. M\u00e1laga har idag 134 dricksvattenfont\u00e4ner i staden, det motsvarar en per 4.300 inv\u00e5nare. Nu f\u00f6resl\u00e5s att 200 nya [&hellip;]","og_url":"https:\/\/lightweb.dev\/l\/svm-temp\/nyheter\/dricksvattenfontaner-minskar-miljofororeningar\/","og_site_name":"Svenska Magasinet","article_publisher":"https:\/\/www.facebook.com\/svenskamagasinet","article_published_time":"2020-02-13T23:00:00+00:00","og_image":[{"width":700,"height":420,"url":"https:\/\/lightweb.dev\/l\/svm-temp\/wp-content\/uploads\/2022\/06\/dricksvattenfontaner-minskar-miljofororeningar.png","type":"image\/png"}],"author":"Redaktionen SvM","twitter_card":"summary_large_image","twitter_creator":"@SvenskaMagasine","twitter_site":"@SvenskaMagasine","schema":{"@context":"https:\/\/schema.org","@graph":[{"@type":"Article","@id":"https:\/\/lightweb.dev\/l\/svm-temp\/nyheter\/dricksvattenfontaner-minskar-miljofororeningar\/#article","isPartOf":{"@id":"https:\/\/lightweb.dev\/l\/svm-temp\/nyheter\/dricksvattenfontaner-minskar-miljofororeningar\/"},"author":{"name":"Redaktionen SvM","@id":"https:\/\/lightweb.dev\/l\/svm-temp\/#\/schema\/person\/206a3bda5b607b0c25e1749191e4d837"},"headline":"Dricksvattenfont\u00e4ner minskar milj\u00f6f\u00f6roreningar","datePublished":"2020-02-13T23:00:00+00:00","mainEntityOfPage":{"@id":"https:\/\/lightweb.dev\/l\/svm-temp\/nyheter\/dricksvattenfontaner-minskar-miljofororeningar\/"},"wordCount":374,"commentCount":0,"publisher":{"@id":"https:\/\/lightweb.dev\/l\/svm-temp\/#organization"},"image":{"@id":"https:\/\/lightweb.dev\/l\/svm-temp\/nyheter\/dricksvattenfontaner-minskar-miljofororeningar\/#primaryimage"},"thumbnailUrl":"https:\/\/lightweb.dev\/l\/svm-temp\/wp-content\/uploads\/2022\/06\/dricksvattenfontaner-minskar-miljofororeningar.png","articleSection":["Arkiv","Nyheter"],"inLanguage":"sv-SE"},{"@type":"WebPage","@id":"https:\/\/lightweb.dev\/l\/svm-temp\/nyheter\/dricksvattenfontaner-minskar-miljofororeningar\/","url":"https:\/\/lightweb.dev\/l\/svm-temp\/nyheter\/dricksvattenfontaner-minskar-miljofororeningar\/","name":"Dricksvattenfont\u00e4ner minskar milj\u00f6f\u00f6roreningar - Svenska Magasinet","isPartOf":{"@id":"https:\/\/lightweb.dev\/l\/svm-temp\/#website"},"primaryImageOfPage":{"@id":"https:\/\/lightweb.dev\/l\/svm-temp\/nyheter\/dricksvattenfontaner-minskar-miljofororeningar\/#primaryimage"},"image":{"@id":"https:\/\/lightweb.dev\/l\/svm-temp\/nyheter\/dricksvattenfontaner-minskar-miljofororeningar\/#primaryimage"},"thumbnailUrl":"https:\/\/lightweb.dev\/l\/svm-temp\/wp-content\/uploads\/2022\/06\/dricksvattenfontaner-minskar-miljofororeningar.png","datePublished":"2020-02-13T23:00:00+00:00","breadcrumb":{"@id":"https:\/\/lightweb.dev\/l\/svm-temp\/nyheter\/dricksvattenfontaner-minskar-miljofororeningar\/#breadcrumb"},"inLanguage":"sv-SE","potentialAction":[{"@type":"ReadAction","target":["https:\/\/lightweb.dev\/l\/svm-temp\/nyheter\/dricksvattenfontaner-minskar-miljofororeningar\/"]}]},{"@type":"ImageObject","inLanguage":"sv-SE","@id":"https:\/\/lightweb.dev\/l\/svm-temp\/nyheter\/dricksvattenfontaner-minskar-miljofororeningar\/#primaryimage","url":"https:\/\/lightweb.dev\/l\/svm-temp\/wp-content\/uploads\/2022\/06\/dricksvattenfontaner-minskar-miljofororeningar.png","contentUrl":"https:\/\/lightweb.dev\/l\/svm-temp\/wp-content\/uploads\/2022\/06\/dricksvattenfontaner-minskar-miljofororeningar.png","width":700,"height":420},{"@type":"BreadcrumbList","@id":"https:\/\/lightweb.dev\/l\/svm-temp\/nyheter\/dricksvattenfontaner-minskar-miljofororeningar\/#breadcrumb","itemListElement":[{"@type":"ListItem","position":1,"name":"Hem","item":"https:\/\/lightweb.dev\/l\/svm-temp\/"},{"@type":"ListItem","position":2,"name":"Dricksvattenfont\u00e4ner minskar milj\u00f6f\u00f6roreningar"}]},{"@type":"WebSite","@id":"https:\/\/lightweb.dev\/l\/svm-temp\/#website","url":"https:\/\/lightweb.dev\/l\/svm-temp\/","name":"Svenska Magasinet","description":"Dina Spanska nyheter p&aring; Svenska","publisher":{"@id":"https:\/\/lightweb.dev\/l\/svm-temp\/#organization"},"potentialAction":[{"@type":"SearchAction","target":{"@type":"EntryPoint","urlTemplate":"https:\/\/lightweb.dev\/l\/svm-temp\/?s={search_term_string}"},"query-input":{"@type":"PropertyValueSpecification","valueRequired":true,"valueName":"search_term_string"}}],"inLanguage":"sv-SE"},{"@type":"Organization","@id":"https:\/\/lightweb.dev\/l\/svm-temp\/#organization","name":"Melkerson y Nott SL","alternateName":"Svenska Magasinet","url":"https:\/\/lightweb.dev\/l\/svm-temp\/","logo":{"@type":"ImageObject","inLanguage":"sv-SE","@id":"https:\/\/lightweb.dev\/l\/svm-temp\/#\/schema\/logo\/image\/","url":"https:\/\/lightweb.dev\/l\/svm-temp\/wp-content\/uploads\/2025\/02\/SvM-logo-Xtra-Centrerad-SVART.png","contentUrl":"https:\/\/lightweb.dev\/l\/svm-temp\/wp-content\/uploads\/2025\/02\/SvM-logo-Xtra-Centrerad-SVART.png","width":300,"height":99,"caption":"Melkerson y Nott SL"},"image":{"@id":"https:\/\/lightweb.dev\/l\/svm-temp\/#\/schema\/logo\/image\/"},"sameAs":["https:\/\/www.facebook.com\/svenskamagasinet","https:\/\/x.com\/SvenskaMagasine"]},{"@type":"Person","@id":"https:\/\/lightweb.dev\/l\/svm-temp\/#\/schema\/person\/206a3bda5b607b0c25e1749191e4d837","name":"Redaktionen SvM","description":"Redaktionen","sameAs":["https:\/\/lightweb.dev\/l\/svm-temp"],"url":"https:\/\/lightweb.dev\/l\/svm-temp\/reporter\/redaktionen\/"}]}},"_links":{"self":[{"href":"https:\/\/lightweb.dev\/l\/svm-temp\/wp-json\/wp\/v2\/posts\/14771","targetHints":{"allow":["GET"]}}],"collection":[{"href":"https:\/\/lightweb.dev\/l\/svm-temp\/wp-json\/wp\/v2\/posts"}],"about":[{"href":"https:\/\/lightweb.dev\/l\/svm-temp\/wp-json\/wp\/v2\/types\/post"}],"author":[{"embeddable":true,"href":"https:\/\/lightweb.dev\/l\/svm-temp\/wp-json\/wp\/v2\/users\/8"}],"replies":[{"embeddable":true,"href":"https:\/\/lightweb.dev\/l\/svm-temp\/wp-json\/wp\/v2\/comments?post=14771"}],"version-history":[{"count":0,"href":"https:\/\/lightweb.dev\/l\/svm-temp\/wp-json\/wp\/v2\/posts\/14771\/revisions"}],"wp:featuredmedia":[{"embeddable":true,"href":"https:\/\/lightweb.dev\/l\/svm-temp\/wp-json\/wp\/v2\/media\/14772"}],"wp:attachment":[{"href":"https:\/\/lightweb.dev\/l\/svm-temp\/wp-json\/wp\/v2\/media?parent=14771"}],"wp:term":[{"taxonomy":"category","embeddable":true,"href":"https:\/\/lightweb.dev\/l\/svm-temp\/wp-json\/wp\/v2\/categories?post=14771"},{"taxonomy":"post_tag","embeddable":true,"href":"https:\/\/lightweb.dev\/l\/svm-temp\/wp-json\/wp\/v2\/tags?post=14771"}],"curies":[{"name":"wp","href":"https:\/\/api.w.org\/{rel}","templated":true}]}}