{"id":14773,"date":"2020-02-14T00:00:00","date_gmt":"2020-02-13T23:00:00","guid":{"rendered":"https:\/\/lightweb.dev\/l\/svm-temp\/nyheter\/turisterna-i-spanien-sprider-sig-inat-landet\/"},"modified":"2020-02-14T00:00:00","modified_gmt":"2020-02-13T23:00:00","slug":"turisterna-i-spanien-sprider-sig-inat-landet","status":"publish","type":"post","link":"https:\/\/lightweb.dev\/l\/svm-temp\/nyheter\/turisterna-i-spanien-sprider-sig-inat-landet\/","title":{"rendered":"Turisterna i Spanien sprider sig in\u00e5t landet"},"content":{"rendered":"<p> Spanien \u00e4r efter Frankrike v\u00e4rldens n\u00e4st mest bes\u00f6kta land med n\u00e4stan 84 miljoner utl\u00e4ndska bes\u00f6kare, de stora turistorterna utmed Medelhavet \u00e4r det sj\u00e4lvklara valet f\u00f6r m\u00e5nga. Men p\u00e5 senare \u00e5r har Spaniens inland och den norra delen av landet flyttat fram sina positioner rej\u00e4lt.<\/p>\n<p>De stora turistdestinationerna utmed Medelhavet startade sin turistboom redan p\u00e5 60-talet har f\u00f6rra \u00e5ret f\u00e5tt se bes\u00f6ken sjunka med 0,7 procent. Detta eftersom m\u00e5nga sols\u00f6kare har s\u00f6kt sig till billigare destinationer i Turkiet, Tunisien och Egypten, efter att s\u00e4kerhetsl\u00e4get har f\u00f6rb\u00e4ttrats d\u00e4r.<\/p>\n<p>2014 var det bara 5 procent av alla turister som \u00f6vernattade p\u00e5 ett st\u00e4lle \u201dp\u00e5 landet\u201d, idag ligger den siffran p\u00e5 20 procent enligt turistministeriet. En siffra som regeringen vill h\u00f6ja till 35 procent. Men ministeriets direkt\u00f6r f\u00f6r h\u00e5llbar turism Ricardo Blanco \u00e4r \u00e4nd\u00e5 r\u00e4tt n\u00f6jd med siffrorna. P\u00e5 den stora 5 dagar l\u00e5nga resem\u00e4ssan Fitur sa han att &#8221;Vi m\u00e5ste ha gjort n\u00e5got r\u00e4tt&#8221;. Men detta har mer \u00e4n v\u00e4l kompenserats av intresset f\u00f6r \u00f6vriga Spanien i till exempel Asturien i norr s\u00e5 stod utl\u00e4ndska turister f\u00f6r 20 procent av alla bes\u00f6kare f\u00f6rra \u00e5ret, det \u00e4r en f\u00f6rdubbling j\u00e4mf\u00f6rt med 10 \u00e5r sedan. Samma sak med det angr\u00e4nsande Galicien, \u00e4ven d\u00e4r har andelen utl\u00e4ndska turister f\u00f6rdubblats.<\/p>\n<p>B\u00e5de Asturien och Galicien har gynnats av det \u00f6kade intresset f\u00f6r pilgrimsvandringen \u201dCamino de Santiago\u201d som slutar i Santiago de Compostela i Galicien. D\u00e4r har de lokala regeringarna \u00f6kat marknadsf\u00f6ringen av regionernas naturparker f\u00f6r vandring, cykling och ekoturism och f\u00f6retag som servar turister med olika arrangemang har etablerat sig. M\u00e5nga pilgrimer \u00e5terv\u00e4nder till Galicien f\u00f6r att bes\u00f6ka och delta i dessa aktiviteter, s\u00e4ger Carmen Fernandez, en taleskvinna f\u00f6r regionens turismn\u00e4mnd.<\/p>\n<p>Men inre regioner &#8221;f\u00f6rblir v\u00e4ldigt sv\u00e5ra att s\u00e4lja online&#8221; till turister, s\u00e4ger Cristina Brunet, som \u00e4ger flera \u201dbed and breakfast\u201d i staden Palencia i Castilla-Leon-regionen, ett av Spaniens mest avfolkade omr\u00e5den. Turister som letar efter platser att tillbringa sin semester skriver namnen p\u00e5 regioner som de redan k\u00e4nner till i s\u00f6kmotorer, och regeringen deltar inte i tillr\u00e4ckligt med turismm\u00e4ssor utanf\u00f6r Spanien f\u00f6r att marknadsf\u00f6ra inlandet, tillade hon.<\/p>\n<p>&#8221;Alla har h\u00f6rt talas om Marbella, Torremolinos och Benidorm men ingen k\u00e4nner till resten av landet&#8221;, s\u00e4ger Eduardo Gutierrez fr\u00e5n det offentliga turistn\u00e4tverket Segittur, i en h\u00e4nvisning till tre popul\u00e4ra badorter. Landsbygdens inv\u00e5nare som vill \u00f6ppna ett \u201dbed and breakfast\u201d eller annat turismrelaterat projekt saknar ofta internetuppkopplingar och k\u00e4mpar f\u00f6r att f\u00e5 l\u00e5n, tillade Maria Teresa Lopez, ordf\u00f6rande f\u00f6r federationen f\u00f6r kvinnliga f\u00f6reningar (Fademur).<\/p>\n<p>Bildtexter: 1) Kuststr\u00e4cka i Asturien, 2) Cudillero, en fiskeby i Asturien. B\u00e5da bilderna fr\u00e5n augusti 2019.<br \/>\nArtikel samt foto: Jonny Erixon.<\/p>\n","protected":false},"excerpt":{"rendered":"<p>Spanien \u00e4r efter Frankrike v\u00e4rldens n\u00e4st mest bes\u00f6kta land med n\u00e4stan 84 miljoner utl\u00e4ndska bes\u00f6kare, de stora turistorterna utmed Medelhavet \u00e4r det sj\u00e4lvklara valet f\u00f6r m\u00e5nga. Men p\u00e5 senare \u00e5r har Spaniens inland och den norra delen av landet flyttat fram sina positioner rej\u00e4lt. De stora turistdestinationerna utmed Medelhavet startade sin turistboom redan p\u00e5 60-talet [&hellip;]<\/p>\n","protected":false},"author":8,"featured_media":14774,"comment_status":"open","ping_status":"open","sticky":false,"template":"","format":"standard","meta":{"_et_pb_use_builder":"","_et_pb_old_content":"","_et_gb_content_width":"","footnotes":""},"categories":[395,3],"tags":[],"class_list":["post-14773","post","type-post","status-publish","format-standard","has-post-thumbnail","hentry","category-arkiv-nyheter","category-nyheter"],"yoast_head":"<!-- This site is optimized with the Yoast SEO Premium plugin v26.2 (Yoast SEO v27.4) - https:\/\/yoast.com\/product\/yoast-seo-premium-wordpress\/ -->\n<title>Turisterna i Spanien sprider sig in\u00e5t landet - Svenska Magasinet<\/title>\n<meta name=\"robots\" content=\"noindex, follow, max-snippet:-1, max-image-preview:large, max-video-preview:-1\" \/>\n<meta property=\"og:locale\" content=\"sv_SE\" \/>\n<meta property=\"og:type\" content=\"article\" \/>\n<meta property=\"og:title\" content=\"Turisterna i Spanien sprider sig in\u00e5t landet\" \/>\n<meta property=\"og:description\" content=\"Spanien \u00e4r efter Frankrike v\u00e4rldens n\u00e4st mest bes\u00f6kta land med n\u00e4stan 84 miljoner utl\u00e4ndska bes\u00f6kare, de stora turistorterna utmed Medelhavet \u00e4r det sj\u00e4lvklara valet f\u00f6r m\u00e5nga. Men p\u00e5 senare \u00e5r har Spaniens inland och den norra delen av landet flyttat fram sina positioner rej\u00e4lt. De stora turistdestinationerna utmed Medelhavet startade sin turistboom redan p\u00e5 60-talet [&hellip;]\" \/>\n<meta property=\"og:url\" content=\"https:\/\/lightweb.dev\/l\/svm-temp\/nyheter\/turisterna-i-spanien-sprider-sig-inat-landet\/\" \/>\n<meta property=\"og:site_name\" content=\"Svenska Magasinet\" \/>\n<meta property=\"article:publisher\" content=\"https:\/\/www.facebook.com\/svenskamagasinet\" \/>\n<meta property=\"article:published_time\" content=\"2020-02-13T23:00:00+00:00\" \/>\n<meta property=\"og:image\" content=\"https:\/\/lightweb.dev\/l\/svm-temp\/wp-content\/uploads\/2022\/06\/turisterna-i-spanien-sprider-sig-inat-landet.png\" \/>\n\t<meta property=\"og:image:width\" content=\"700\" \/>\n\t<meta property=\"og:image:height\" content=\"420\" \/>\n\t<meta property=\"og:image:type\" content=\"image\/png\" \/>\n<meta name=\"author\" content=\"Redaktionen SvM\" \/>\n<meta name=\"twitter:card\" content=\"summary_large_image\" \/>\n<meta name=\"twitter:creator\" content=\"@SvenskaMagasine\" \/>\n<meta name=\"twitter:site\" content=\"@SvenskaMagasine\" \/>\n<script type=\"application\/ld+json\" class=\"yoast-schema-graph\">{\"@context\":\"https:\\\/\\\/schema.org\",\"@graph\":[{\"@type\":\"Article\",\"@id\":\"https:\\\/\\\/lightweb.dev\\\/l\\\/svm-temp\\\/nyheter\\\/turisterna-i-spanien-sprider-sig-inat-landet\\\/#article\",\"isPartOf\":{\"@id\":\"https:\\\/\\\/lightweb.dev\\\/l\\\/svm-temp\\\/nyheter\\\/turisterna-i-spanien-sprider-sig-inat-landet\\\/\"},\"author\":{\"name\":\"Redaktionen SvM\",\"@id\":\"https:\\\/\\\/lightweb.dev\\\/l\\\/svm-temp\\\/#\\\/schema\\\/person\\\/206a3bda5b607b0c25e1749191e4d837\"},\"headline\":\"Turisterna i Spanien sprider sig in\u00e5t landet\",\"datePublished\":\"2020-02-13T23:00:00+00:00\",\"mainEntityOfPage\":{\"@id\":\"https:\\\/\\\/lightweb.dev\\\/l\\\/svm-temp\\\/nyheter\\\/turisterna-i-spanien-sprider-sig-inat-landet\\\/\"},\"wordCount\":511,\"commentCount\":0,\"publisher\":{\"@id\":\"https:\\\/\\\/lightweb.dev\\\/l\\\/svm-temp\\\/#organization\"},\"image\":{\"@id\":\"https:\\\/\\\/lightweb.dev\\\/l\\\/svm-temp\\\/nyheter\\\/turisterna-i-spanien-sprider-sig-inat-landet\\\/#primaryimage\"},\"thumbnailUrl\":\"https:\\\/\\\/lightweb.dev\\\/l\\\/svm-temp\\\/wp-content\\\/uploads\\\/2022\\\/06\\\/turisterna-i-spanien-sprider-sig-inat-landet.png\",\"articleSection\":[\"Arkiv\",\"Nyheter\"],\"inLanguage\":\"sv-SE\"},{\"@type\":\"WebPage\",\"@id\":\"https:\\\/\\\/lightweb.dev\\\/l\\\/svm-temp\\\/nyheter\\\/turisterna-i-spanien-sprider-sig-inat-landet\\\/\",\"url\":\"https:\\\/\\\/lightweb.dev\\\/l\\\/svm-temp\\\/nyheter\\\/turisterna-i-spanien-sprider-sig-inat-landet\\\/\",\"name\":\"Turisterna i Spanien sprider sig in\u00e5t landet - Svenska Magasinet\",\"isPartOf\":{\"@id\":\"https:\\\/\\\/lightweb.dev\\\/l\\\/svm-temp\\\/#website\"},\"primaryImageOfPage\":{\"@id\":\"https:\\\/\\\/lightweb.dev\\\/l\\\/svm-temp\\\/nyheter\\\/turisterna-i-spanien-sprider-sig-inat-landet\\\/#primaryimage\"},\"image\":{\"@id\":\"https:\\\/\\\/lightweb.dev\\\/l\\\/svm-temp\\\/nyheter\\\/turisterna-i-spanien-sprider-sig-inat-landet\\\/#primaryimage\"},\"thumbnailUrl\":\"https:\\\/\\\/lightweb.dev\\\/l\\\/svm-temp\\\/wp-content\\\/uploads\\\/2022\\\/06\\\/turisterna-i-spanien-sprider-sig-inat-landet.png\",\"datePublished\":\"2020-02-13T23:00:00+00:00\",\"breadcrumb\":{\"@id\":\"https:\\\/\\\/lightweb.dev\\\/l\\\/svm-temp\\\/nyheter\\\/turisterna-i-spanien-sprider-sig-inat-landet\\\/#breadcrumb\"},\"inLanguage\":\"sv-SE\",\"potentialAction\":[{\"@type\":\"ReadAction\",\"target\":[\"https:\\\/\\\/lightweb.dev\\\/l\\\/svm-temp\\\/nyheter\\\/turisterna-i-spanien-sprider-sig-inat-landet\\\/\"]}]},{\"@type\":\"ImageObject\",\"inLanguage\":\"sv-SE\",\"@id\":\"https:\\\/\\\/lightweb.dev\\\/l\\\/svm-temp\\\/nyheter\\\/turisterna-i-spanien-sprider-sig-inat-landet\\\/#primaryimage\",\"url\":\"https:\\\/\\\/lightweb.dev\\\/l\\\/svm-temp\\\/wp-content\\\/uploads\\\/2022\\\/06\\\/turisterna-i-spanien-sprider-sig-inat-landet.png\",\"contentUrl\":\"https:\\\/\\\/lightweb.dev\\\/l\\\/svm-temp\\\/wp-content\\\/uploads\\\/2022\\\/06\\\/turisterna-i-spanien-sprider-sig-inat-landet.png\",\"width\":700,\"height\":420},{\"@type\":\"BreadcrumbList\",\"@id\":\"https:\\\/\\\/lightweb.dev\\\/l\\\/svm-temp\\\/nyheter\\\/turisterna-i-spanien-sprider-sig-inat-landet\\\/#breadcrumb\",\"itemListElement\":[{\"@type\":\"ListItem\",\"position\":1,\"name\":\"Hem\",\"item\":\"https:\\\/\\\/lightweb.dev\\\/l\\\/svm-temp\\\/\"},{\"@type\":\"ListItem\",\"position\":2,\"name\":\"Turisterna i Spanien sprider sig in\u00e5t landet\"}]},{\"@type\":\"WebSite\",\"@id\":\"https:\\\/\\\/lightweb.dev\\\/l\\\/svm-temp\\\/#website\",\"url\":\"https:\\\/\\\/lightweb.dev\\\/l\\\/svm-temp\\\/\",\"name\":\"Svenska Magasinet\",\"description\":\"Dina Spanska nyheter p&aring; Svenska\",\"publisher\":{\"@id\":\"https:\\\/\\\/lightweb.dev\\\/l\\\/svm-temp\\\/#organization\"},\"potentialAction\":[{\"@type\":\"SearchAction\",\"target\":{\"@type\":\"EntryPoint\",\"urlTemplate\":\"https:\\\/\\\/lightweb.dev\\\/l\\\/svm-temp\\\/?s={search_term_string}\"},\"query-input\":{\"@type\":\"PropertyValueSpecification\",\"valueRequired\":true,\"valueName\":\"search_term_string\"}}],\"inLanguage\":\"sv-SE\"},{\"@type\":\"Organization\",\"@id\":\"https:\\\/\\\/lightweb.dev\\\/l\\\/svm-temp\\\/#organization\",\"name\":\"Melkerson y Nott SL\",\"alternateName\":\"Svenska Magasinet\",\"url\":\"https:\\\/\\\/lightweb.dev\\\/l\\\/svm-temp\\\/\",\"logo\":{\"@type\":\"ImageObject\",\"inLanguage\":\"sv-SE\",\"@id\":\"https:\\\/\\\/lightweb.dev\\\/l\\\/svm-temp\\\/#\\\/schema\\\/logo\\\/image\\\/\",\"url\":\"https:\\\/\\\/lightweb.dev\\\/l\\\/svm-temp\\\/wp-content\\\/uploads\\\/2025\\\/02\\\/SvM-logo-Xtra-Centrerad-SVART.png\",\"contentUrl\":\"https:\\\/\\\/lightweb.dev\\\/l\\\/svm-temp\\\/wp-content\\\/uploads\\\/2025\\\/02\\\/SvM-logo-Xtra-Centrerad-SVART.png\",\"width\":300,\"height\":99,\"caption\":\"Melkerson y Nott SL\"},\"image\":{\"@id\":\"https:\\\/\\\/lightweb.dev\\\/l\\\/svm-temp\\\/#\\\/schema\\\/logo\\\/image\\\/\"},\"sameAs\":[\"https:\\\/\\\/www.facebook.com\\\/svenskamagasinet\",\"https:\\\/\\\/x.com\\\/SvenskaMagasine\"]},{\"@type\":\"Person\",\"@id\":\"https:\\\/\\\/lightweb.dev\\\/l\\\/svm-temp\\\/#\\\/schema\\\/person\\\/206a3bda5b607b0c25e1749191e4d837\",\"name\":\"Redaktionen SvM\",\"description\":\"Redaktionen\",\"sameAs\":[\"https:\\\/\\\/lightweb.dev\\\/l\\\/svm-temp\"],\"url\":\"https:\\\/\\\/lightweb.dev\\\/l\\\/svm-temp\\\/reporter\\\/redaktionen\\\/\"}]}<\/script>\n<!-- \/ Yoast SEO Premium plugin. -->","yoast_head_json":{"title":"Turisterna i Spanien sprider sig in\u00e5t landet - Svenska Magasinet","robots":{"index":"noindex","follow":"follow","max-snippet":"max-snippet:-1","max-image-preview":"max-image-preview:large","max-video-preview":"max-video-preview:-1"},"og_locale":"sv_SE","og_type":"article","og_title":"Turisterna i Spanien sprider sig in\u00e5t landet","og_description":"Spanien \u00e4r efter Frankrike v\u00e4rldens n\u00e4st mest bes\u00f6kta land med n\u00e4stan 84 miljoner utl\u00e4ndska bes\u00f6kare, de stora turistorterna utmed Medelhavet \u00e4r det sj\u00e4lvklara valet f\u00f6r m\u00e5nga. Men p\u00e5 senare \u00e5r har Spaniens inland och den norra delen av landet flyttat fram sina positioner rej\u00e4lt. De stora turistdestinationerna utmed Medelhavet startade sin turistboom redan p\u00e5 60-talet [&hellip;]","og_url":"https:\/\/lightweb.dev\/l\/svm-temp\/nyheter\/turisterna-i-spanien-sprider-sig-inat-landet\/","og_site_name":"Svenska Magasinet","article_publisher":"https:\/\/www.facebook.com\/svenskamagasinet","article_published_time":"2020-02-13T23:00:00+00:00","og_image":[{"width":700,"height":420,"url":"https:\/\/lightweb.dev\/l\/svm-temp\/wp-content\/uploads\/2022\/06\/turisterna-i-spanien-sprider-sig-inat-landet.png","type":"image\/png"}],"author":"Redaktionen SvM","twitter_card":"summary_large_image","twitter_creator":"@SvenskaMagasine","twitter_site":"@SvenskaMagasine","schema":{"@context":"https:\/\/schema.org","@graph":[{"@type":"Article","@id":"https:\/\/lightweb.dev\/l\/svm-temp\/nyheter\/turisterna-i-spanien-sprider-sig-inat-landet\/#article","isPartOf":{"@id":"https:\/\/lightweb.dev\/l\/svm-temp\/nyheter\/turisterna-i-spanien-sprider-sig-inat-landet\/"},"author":{"name":"Redaktionen SvM","@id":"https:\/\/lightweb.dev\/l\/svm-temp\/#\/schema\/person\/206a3bda5b607b0c25e1749191e4d837"},"headline":"Turisterna i Spanien sprider sig in\u00e5t landet","datePublished":"2020-02-13T23:00:00+00:00","mainEntityOfPage":{"@id":"https:\/\/lightweb.dev\/l\/svm-temp\/nyheter\/turisterna-i-spanien-sprider-sig-inat-landet\/"},"wordCount":511,"commentCount":0,"publisher":{"@id":"https:\/\/lightweb.dev\/l\/svm-temp\/#organization"},"image":{"@id":"https:\/\/lightweb.dev\/l\/svm-temp\/nyheter\/turisterna-i-spanien-sprider-sig-inat-landet\/#primaryimage"},"thumbnailUrl":"https:\/\/lightweb.dev\/l\/svm-temp\/wp-content\/uploads\/2022\/06\/turisterna-i-spanien-sprider-sig-inat-landet.png","articleSection":["Arkiv","Nyheter"],"inLanguage":"sv-SE"},{"@type":"WebPage","@id":"https:\/\/lightweb.dev\/l\/svm-temp\/nyheter\/turisterna-i-spanien-sprider-sig-inat-landet\/","url":"https:\/\/lightweb.dev\/l\/svm-temp\/nyheter\/turisterna-i-spanien-sprider-sig-inat-landet\/","name":"Turisterna i Spanien sprider sig in\u00e5t landet - Svenska Magasinet","isPartOf":{"@id":"https:\/\/lightweb.dev\/l\/svm-temp\/#website"},"primaryImageOfPage":{"@id":"https:\/\/lightweb.dev\/l\/svm-temp\/nyheter\/turisterna-i-spanien-sprider-sig-inat-landet\/#primaryimage"},"image":{"@id":"https:\/\/lightweb.dev\/l\/svm-temp\/nyheter\/turisterna-i-spanien-sprider-sig-inat-landet\/#primaryimage"},"thumbnailUrl":"https:\/\/lightweb.dev\/l\/svm-temp\/wp-content\/uploads\/2022\/06\/turisterna-i-spanien-sprider-sig-inat-landet.png","datePublished":"2020-02-13T23:00:00+00:00","breadcrumb":{"@id":"https:\/\/lightweb.dev\/l\/svm-temp\/nyheter\/turisterna-i-spanien-sprider-sig-inat-landet\/#breadcrumb"},"inLanguage":"sv-SE","potentialAction":[{"@type":"ReadAction","target":["https:\/\/lightweb.dev\/l\/svm-temp\/nyheter\/turisterna-i-spanien-sprider-sig-inat-landet\/"]}]},{"@type":"ImageObject","inLanguage":"sv-SE","@id":"https:\/\/lightweb.dev\/l\/svm-temp\/nyheter\/turisterna-i-spanien-sprider-sig-inat-landet\/#primaryimage","url":"https:\/\/lightweb.dev\/l\/svm-temp\/wp-content\/uploads\/2022\/06\/turisterna-i-spanien-sprider-sig-inat-landet.png","contentUrl":"https:\/\/lightweb.dev\/l\/svm-temp\/wp-content\/uploads\/2022\/06\/turisterna-i-spanien-sprider-sig-inat-landet.png","width":700,"height":420},{"@type":"BreadcrumbList","@id":"https:\/\/lightweb.dev\/l\/svm-temp\/nyheter\/turisterna-i-spanien-sprider-sig-inat-landet\/#breadcrumb","itemListElement":[{"@type":"ListItem","position":1,"name":"Hem","item":"https:\/\/lightweb.dev\/l\/svm-temp\/"},{"@type":"ListItem","position":2,"name":"Turisterna i Spanien sprider sig in\u00e5t landet"}]},{"@type":"WebSite","@id":"https:\/\/lightweb.dev\/l\/svm-temp\/#website","url":"https:\/\/lightweb.dev\/l\/svm-temp\/","name":"Svenska Magasinet","description":"Dina Spanska nyheter p&aring; Svenska","publisher":{"@id":"https:\/\/lightweb.dev\/l\/svm-temp\/#organization"},"potentialAction":[{"@type":"SearchAction","target":{"@type":"EntryPoint","urlTemplate":"https:\/\/lightweb.dev\/l\/svm-temp\/?s={search_term_string}"},"query-input":{"@type":"PropertyValueSpecification","valueRequired":true,"valueName":"search_term_string"}}],"inLanguage":"sv-SE"},{"@type":"Organization","@id":"https:\/\/lightweb.dev\/l\/svm-temp\/#organization","name":"Melkerson y Nott SL","alternateName":"Svenska Magasinet","url":"https:\/\/lightweb.dev\/l\/svm-temp\/","logo":{"@type":"ImageObject","inLanguage":"sv-SE","@id":"https:\/\/lightweb.dev\/l\/svm-temp\/#\/schema\/logo\/image\/","url":"https:\/\/lightweb.dev\/l\/svm-temp\/wp-content\/uploads\/2025\/02\/SvM-logo-Xtra-Centrerad-SVART.png","contentUrl":"https:\/\/lightweb.dev\/l\/svm-temp\/wp-content\/uploads\/2025\/02\/SvM-logo-Xtra-Centrerad-SVART.png","width":300,"height":99,"caption":"Melkerson y Nott SL"},"image":{"@id":"https:\/\/lightweb.dev\/l\/svm-temp\/#\/schema\/logo\/image\/"},"sameAs":["https:\/\/www.facebook.com\/svenskamagasinet","https:\/\/x.com\/SvenskaMagasine"]},{"@type":"Person","@id":"https:\/\/lightweb.dev\/l\/svm-temp\/#\/schema\/person\/206a3bda5b607b0c25e1749191e4d837","name":"Redaktionen SvM","description":"Redaktionen","sameAs":["https:\/\/lightweb.dev\/l\/svm-temp"],"url":"https:\/\/lightweb.dev\/l\/svm-temp\/reporter\/redaktionen\/"}]}},"_links":{"self":[{"href":"https:\/\/lightweb.dev\/l\/svm-temp\/wp-json\/wp\/v2\/posts\/14773","targetHints":{"allow":["GET"]}}],"collection":[{"href":"https:\/\/lightweb.dev\/l\/svm-temp\/wp-json\/wp\/v2\/posts"}],"about":[{"href":"https:\/\/lightweb.dev\/l\/svm-temp\/wp-json\/wp\/v2\/types\/post"}],"author":[{"embeddable":true,"href":"https:\/\/lightweb.dev\/l\/svm-temp\/wp-json\/wp\/v2\/users\/8"}],"replies":[{"embeddable":true,"href":"https:\/\/lightweb.dev\/l\/svm-temp\/wp-json\/wp\/v2\/comments?post=14773"}],"version-history":[{"count":0,"href":"https:\/\/lightweb.dev\/l\/svm-temp\/wp-json\/wp\/v2\/posts\/14773\/revisions"}],"wp:featuredmedia":[{"embeddable":true,"href":"https:\/\/lightweb.dev\/l\/svm-temp\/wp-json\/wp\/v2\/media\/14774"}],"wp:attachment":[{"href":"https:\/\/lightweb.dev\/l\/svm-temp\/wp-json\/wp\/v2\/media?parent=14773"}],"wp:term":[{"taxonomy":"category","embeddable":true,"href":"https:\/\/lightweb.dev\/l\/svm-temp\/wp-json\/wp\/v2\/categories?post=14773"},{"taxonomy":"post_tag","embeddable":true,"href":"https:\/\/lightweb.dev\/l\/svm-temp\/wp-json\/wp\/v2\/tags?post=14773"}],"curies":[{"name":"wp","href":"https:\/\/api.w.org\/{rel}","templated":true}]}}