{"id":14788,"date":"2020-02-12T00:00:00","date_gmt":"2020-02-11T23:00:00","guid":{"rendered":"https:\/\/lightweb.dev\/l\/svm-temp\/nyheter\/utredning-inled-kring-atta-forgiftade-hundar-i-la-campana\/"},"modified":"2020-02-12T00:00:00","modified_gmt":"2020-02-11T23:00:00","slug":"utredning-inled-kring-atta-forgiftade-hundar-i-la-campana","status":"publish","type":"post","link":"https:\/\/lightweb.dev\/l\/svm-temp\/nyheter\/utredning-inled-kring-atta-forgiftade-hundar-i-la-campana\/","title":{"rendered":"Utredning inled kring \u00e5tta f\u00f6rgiftade hundar i La Campana"},"content":{"rendered":"<p> En domstol i Marbella har nu inlett en utredning efter att totalt \u00e5tta hundar misst\u00e4nks ha blivit f\u00f6rgiftade i stadsdelen La Campana i Nueva Andalucia, Marbella. Nationalpolisen utreder i dagsl\u00e4get totalt \u00e5tta \u00e4renden om f\u00f6rgiftning. Svenska Magasinet har i flera artiklar den senaste tiden ber\u00e4ttade om hundar som misst\u00e4nks ha blivit f\u00f6rgiftade. Svenskan Irene Andersson vars hund Honey, en toypudel, avled nyligen.<\/p>\n<p>Diario SUR skriver p\u00e5 onsdagen om totalt \u00e5tta fall med f\u00f6rgiftade hundar varav en har avlidit. De flesta fall ska ha intr\u00e4ffat det f\u00f6rsta veckoslutet under februari m\u00e5nad. Det \u00e4r oklart vilket gift hundarna har f\u00e5tt i sig.<\/p>\n<p>Samtidigt satte privatpersoner upp varningsmeddelande p\u00e5 v\u00e4garna i La Campana. Dessa har under veckan tagits ned av kommunens renh\u00e5llning, n\u00e5got som vi ber\u00e4ttade om ig\u00e5r.<\/p>\n<p>Parallellt med polisutredningen har kommunen gett direktiv till renh\u00e5llning och parkf\u00f6rvaltning att st\u00e4da och g\u00f6ra rent gator, trottoarer och gr\u00f6nomr\u00e5den extra noga skriver Diario SUR.<\/p>\n<p>H\u00e4ndelserna med sjuka och d\u00f6da hundar har kommenterats flitigt p\u00e5 flera sociala n\u00e4tverk \u00e4ven om utredarna inte har bekr\u00e4ftat samtliga d\u00f6da hundar som uppges.<\/p>\n<p>Det \u00e4r inte f\u00f6rsta g\u00e5ngen detta h\u00e4nder i La Campana. I oktober 2017 var det cirka ett dussin hundar som blev f\u00f6rgiftade i samma omr\u00e5de.<\/p>\n","protected":false},"excerpt":{"rendered":"<p>En domstol i Marbella har nu inlett en utredning efter att totalt \u00e5tta hundar misst\u00e4nks ha blivit f\u00f6rgiftade i stadsdelen La Campana i Nueva Andalucia, Marbella. Nationalpolisen utreder i dagsl\u00e4get totalt \u00e5tta \u00e4renden om f\u00f6rgiftning. Svenska Magasinet har i flera artiklar den senaste tiden ber\u00e4ttade om hundar som misst\u00e4nks ha blivit f\u00f6rgiftade. Svenskan Irene Andersson [&hellip;]<\/p>\n","protected":false},"author":8,"featured_media":14789,"comment_status":"open","ping_status":"open","sticky":false,"template":"","format":"standard","meta":{"_et_pb_use_builder":"","_et_pb_old_content":"","_et_gb_content_width":"","footnotes":""},"categories":[395,3],"tags":[],"class_list":["post-14788","post","type-post","status-publish","format-standard","has-post-thumbnail","hentry","category-arkiv-nyheter","category-nyheter"],"yoast_head":"<!-- This site is optimized with the Yoast SEO Premium plugin v26.2 (Yoast SEO v27.4) - https:\/\/yoast.com\/product\/yoast-seo-premium-wordpress\/ -->\n<title>Utredning inled kring \u00e5tta f\u00f6rgiftade hundar i La Campana - Svenska Magasinet<\/title>\n<meta name=\"robots\" content=\"noindex, follow, max-snippet:-1, max-image-preview:large, max-video-preview:-1\" \/>\n<meta property=\"og:locale\" content=\"sv_SE\" \/>\n<meta property=\"og:type\" content=\"article\" \/>\n<meta property=\"og:title\" content=\"Utredning inled kring \u00e5tta f\u00f6rgiftade hundar i La Campana\" \/>\n<meta property=\"og:description\" content=\"En domstol i Marbella har nu inlett en utredning efter att totalt \u00e5tta hundar misst\u00e4nks ha blivit f\u00f6rgiftade i stadsdelen La Campana i Nueva Andalucia, Marbella. Nationalpolisen utreder i dagsl\u00e4get totalt \u00e5tta \u00e4renden om f\u00f6rgiftning. Svenska Magasinet har i flera artiklar den senaste tiden ber\u00e4ttade om hundar som misst\u00e4nks ha blivit f\u00f6rgiftade. Svenskan Irene Andersson [&hellip;]\" \/>\n<meta property=\"og:url\" content=\"https:\/\/lightweb.dev\/l\/svm-temp\/nyheter\/utredning-inled-kring-atta-forgiftade-hundar-i-la-campana\/\" \/>\n<meta property=\"og:site_name\" content=\"Svenska Magasinet\" \/>\n<meta property=\"article:publisher\" content=\"https:\/\/www.facebook.com\/svenskamagasinet\" \/>\n<meta property=\"article:published_time\" content=\"2020-02-11T23:00:00+00:00\" \/>\n<meta property=\"og:image\" content=\"https:\/\/lightweb.dev\/l\/svm-temp\/wp-content\/uploads\/2022\/06\/utredning-inled-kring-atta-forgiftade-hundar-i-la-campana.png\" \/>\n\t<meta property=\"og:image:width\" content=\"700\" \/>\n\t<meta property=\"og:image:height\" content=\"421\" \/>\n\t<meta property=\"og:image:type\" content=\"image\/png\" \/>\n<meta name=\"author\" content=\"Redaktionen SvM\" \/>\n<meta name=\"twitter:card\" content=\"summary_large_image\" \/>\n<meta name=\"twitter:creator\" content=\"@SvenskaMagasine\" \/>\n<meta name=\"twitter:site\" content=\"@SvenskaMagasine\" \/>\n<script type=\"application\/ld+json\" class=\"yoast-schema-graph\">{\"@context\":\"https:\\\/\\\/schema.org\",\"@graph\":[{\"@type\":\"Article\",\"@id\":\"https:\\\/\\\/lightweb.dev\\\/l\\\/svm-temp\\\/nyheter\\\/utredning-inled-kring-atta-forgiftade-hundar-i-la-campana\\\/#article\",\"isPartOf\":{\"@id\":\"https:\\\/\\\/lightweb.dev\\\/l\\\/svm-temp\\\/nyheter\\\/utredning-inled-kring-atta-forgiftade-hundar-i-la-campana\\\/\"},\"author\":{\"name\":\"Redaktionen SvM\",\"@id\":\"https:\\\/\\\/lightweb.dev\\\/l\\\/svm-temp\\\/#\\\/schema\\\/person\\\/206a3bda5b607b0c25e1749191e4d837\"},\"headline\":\"Utredning inled kring \u00e5tta f\u00f6rgiftade hundar i La Campana\",\"datePublished\":\"2020-02-11T23:00:00+00:00\",\"mainEntityOfPage\":{\"@id\":\"https:\\\/\\\/lightweb.dev\\\/l\\\/svm-temp\\\/nyheter\\\/utredning-inled-kring-atta-forgiftade-hundar-i-la-campana\\\/\"},\"wordCount\":241,\"commentCount\":0,\"publisher\":{\"@id\":\"https:\\\/\\\/lightweb.dev\\\/l\\\/svm-temp\\\/#organization\"},\"image\":{\"@id\":\"https:\\\/\\\/lightweb.dev\\\/l\\\/svm-temp\\\/nyheter\\\/utredning-inled-kring-atta-forgiftade-hundar-i-la-campana\\\/#primaryimage\"},\"thumbnailUrl\":\"https:\\\/\\\/lightweb.dev\\\/l\\\/svm-temp\\\/wp-content\\\/uploads\\\/2022\\\/06\\\/utredning-inled-kring-atta-forgiftade-hundar-i-la-campana.png\",\"articleSection\":[\"Arkiv\",\"Nyheter\"],\"inLanguage\":\"sv-SE\"},{\"@type\":\"WebPage\",\"@id\":\"https:\\\/\\\/lightweb.dev\\\/l\\\/svm-temp\\\/nyheter\\\/utredning-inled-kring-atta-forgiftade-hundar-i-la-campana\\\/\",\"url\":\"https:\\\/\\\/lightweb.dev\\\/l\\\/svm-temp\\\/nyheter\\\/utredning-inled-kring-atta-forgiftade-hundar-i-la-campana\\\/\",\"name\":\"Utredning inled kring \u00e5tta f\u00f6rgiftade hundar i La Campana - Svenska Magasinet\",\"isPartOf\":{\"@id\":\"https:\\\/\\\/lightweb.dev\\\/l\\\/svm-temp\\\/#website\"},\"primaryImageOfPage\":{\"@id\":\"https:\\\/\\\/lightweb.dev\\\/l\\\/svm-temp\\\/nyheter\\\/utredning-inled-kring-atta-forgiftade-hundar-i-la-campana\\\/#primaryimage\"},\"image\":{\"@id\":\"https:\\\/\\\/lightweb.dev\\\/l\\\/svm-temp\\\/nyheter\\\/utredning-inled-kring-atta-forgiftade-hundar-i-la-campana\\\/#primaryimage\"},\"thumbnailUrl\":\"https:\\\/\\\/lightweb.dev\\\/l\\\/svm-temp\\\/wp-content\\\/uploads\\\/2022\\\/06\\\/utredning-inled-kring-atta-forgiftade-hundar-i-la-campana.png\",\"datePublished\":\"2020-02-11T23:00:00+00:00\",\"breadcrumb\":{\"@id\":\"https:\\\/\\\/lightweb.dev\\\/l\\\/svm-temp\\\/nyheter\\\/utredning-inled-kring-atta-forgiftade-hundar-i-la-campana\\\/#breadcrumb\"},\"inLanguage\":\"sv-SE\",\"potentialAction\":[{\"@type\":\"ReadAction\",\"target\":[\"https:\\\/\\\/lightweb.dev\\\/l\\\/svm-temp\\\/nyheter\\\/utredning-inled-kring-atta-forgiftade-hundar-i-la-campana\\\/\"]}]},{\"@type\":\"ImageObject\",\"inLanguage\":\"sv-SE\",\"@id\":\"https:\\\/\\\/lightweb.dev\\\/l\\\/svm-temp\\\/nyheter\\\/utredning-inled-kring-atta-forgiftade-hundar-i-la-campana\\\/#primaryimage\",\"url\":\"https:\\\/\\\/lightweb.dev\\\/l\\\/svm-temp\\\/wp-content\\\/uploads\\\/2022\\\/06\\\/utredning-inled-kring-atta-forgiftade-hundar-i-la-campana.png\",\"contentUrl\":\"https:\\\/\\\/lightweb.dev\\\/l\\\/svm-temp\\\/wp-content\\\/uploads\\\/2022\\\/06\\\/utredning-inled-kring-atta-forgiftade-hundar-i-la-campana.png\",\"width\":700,\"height\":421},{\"@type\":\"BreadcrumbList\",\"@id\":\"https:\\\/\\\/lightweb.dev\\\/l\\\/svm-temp\\\/nyheter\\\/utredning-inled-kring-atta-forgiftade-hundar-i-la-campana\\\/#breadcrumb\",\"itemListElement\":[{\"@type\":\"ListItem\",\"position\":1,\"name\":\"Hem\",\"item\":\"https:\\\/\\\/lightweb.dev\\\/l\\\/svm-temp\\\/\"},{\"@type\":\"ListItem\",\"position\":2,\"name\":\"Utredning inled kring \u00e5tta f\u00f6rgiftade hundar i La Campana\"}]},{\"@type\":\"WebSite\",\"@id\":\"https:\\\/\\\/lightweb.dev\\\/l\\\/svm-temp\\\/#website\",\"url\":\"https:\\\/\\\/lightweb.dev\\\/l\\\/svm-temp\\\/\",\"name\":\"Svenska Magasinet\",\"description\":\"Dina Spanska nyheter p&aring; Svenska\",\"publisher\":{\"@id\":\"https:\\\/\\\/lightweb.dev\\\/l\\\/svm-temp\\\/#organization\"},\"potentialAction\":[{\"@type\":\"SearchAction\",\"target\":{\"@type\":\"EntryPoint\",\"urlTemplate\":\"https:\\\/\\\/lightweb.dev\\\/l\\\/svm-temp\\\/?s={search_term_string}\"},\"query-input\":{\"@type\":\"PropertyValueSpecification\",\"valueRequired\":true,\"valueName\":\"search_term_string\"}}],\"inLanguage\":\"sv-SE\"},{\"@type\":\"Organization\",\"@id\":\"https:\\\/\\\/lightweb.dev\\\/l\\\/svm-temp\\\/#organization\",\"name\":\"Melkerson y Nott SL\",\"alternateName\":\"Svenska Magasinet\",\"url\":\"https:\\\/\\\/lightweb.dev\\\/l\\\/svm-temp\\\/\",\"logo\":{\"@type\":\"ImageObject\",\"inLanguage\":\"sv-SE\",\"@id\":\"https:\\\/\\\/lightweb.dev\\\/l\\\/svm-temp\\\/#\\\/schema\\\/logo\\\/image\\\/\",\"url\":\"https:\\\/\\\/lightweb.dev\\\/l\\\/svm-temp\\\/wp-content\\\/uploads\\\/2025\\\/02\\\/SvM-logo-Xtra-Centrerad-SVART.png\",\"contentUrl\":\"https:\\\/\\\/lightweb.dev\\\/l\\\/svm-temp\\\/wp-content\\\/uploads\\\/2025\\\/02\\\/SvM-logo-Xtra-Centrerad-SVART.png\",\"width\":300,\"height\":99,\"caption\":\"Melkerson y Nott SL\"},\"image\":{\"@id\":\"https:\\\/\\\/lightweb.dev\\\/l\\\/svm-temp\\\/#\\\/schema\\\/logo\\\/image\\\/\"},\"sameAs\":[\"https:\\\/\\\/www.facebook.com\\\/svenskamagasinet\",\"https:\\\/\\\/x.com\\\/SvenskaMagasine\"]},{\"@type\":\"Person\",\"@id\":\"https:\\\/\\\/lightweb.dev\\\/l\\\/svm-temp\\\/#\\\/schema\\\/person\\\/206a3bda5b607b0c25e1749191e4d837\",\"name\":\"Redaktionen SvM\",\"description\":\"Redaktionen\",\"sameAs\":[\"https:\\\/\\\/lightweb.dev\\\/l\\\/svm-temp\"],\"url\":\"https:\\\/\\\/lightweb.dev\\\/l\\\/svm-temp\\\/reporter\\\/redaktionen\\\/\"}]}<\/script>\n<!-- \/ Yoast SEO Premium plugin. -->","yoast_head_json":{"title":"Utredning inled kring \u00e5tta f\u00f6rgiftade hundar i La Campana - Svenska Magasinet","robots":{"index":"noindex","follow":"follow","max-snippet":"max-snippet:-1","max-image-preview":"max-image-preview:large","max-video-preview":"max-video-preview:-1"},"og_locale":"sv_SE","og_type":"article","og_title":"Utredning inled kring \u00e5tta f\u00f6rgiftade hundar i La Campana","og_description":"En domstol i Marbella har nu inlett en utredning efter att totalt \u00e5tta hundar misst\u00e4nks ha blivit f\u00f6rgiftade i stadsdelen La Campana i Nueva Andalucia, Marbella. Nationalpolisen utreder i dagsl\u00e4get totalt \u00e5tta \u00e4renden om f\u00f6rgiftning. Svenska Magasinet har i flera artiklar den senaste tiden ber\u00e4ttade om hundar som misst\u00e4nks ha blivit f\u00f6rgiftade. Svenskan Irene Andersson [&hellip;]","og_url":"https:\/\/lightweb.dev\/l\/svm-temp\/nyheter\/utredning-inled-kring-atta-forgiftade-hundar-i-la-campana\/","og_site_name":"Svenska Magasinet","article_publisher":"https:\/\/www.facebook.com\/svenskamagasinet","article_published_time":"2020-02-11T23:00:00+00:00","og_image":[{"width":700,"height":421,"url":"https:\/\/lightweb.dev\/l\/svm-temp\/wp-content\/uploads\/2022\/06\/utredning-inled-kring-atta-forgiftade-hundar-i-la-campana.png","type":"image\/png"}],"author":"Redaktionen SvM","twitter_card":"summary_large_image","twitter_creator":"@SvenskaMagasine","twitter_site":"@SvenskaMagasine","schema":{"@context":"https:\/\/schema.org","@graph":[{"@type":"Article","@id":"https:\/\/lightweb.dev\/l\/svm-temp\/nyheter\/utredning-inled-kring-atta-forgiftade-hundar-i-la-campana\/#article","isPartOf":{"@id":"https:\/\/lightweb.dev\/l\/svm-temp\/nyheter\/utredning-inled-kring-atta-forgiftade-hundar-i-la-campana\/"},"author":{"name":"Redaktionen SvM","@id":"https:\/\/lightweb.dev\/l\/svm-temp\/#\/schema\/person\/206a3bda5b607b0c25e1749191e4d837"},"headline":"Utredning inled kring \u00e5tta f\u00f6rgiftade hundar i La Campana","datePublished":"2020-02-11T23:00:00+00:00","mainEntityOfPage":{"@id":"https:\/\/lightweb.dev\/l\/svm-temp\/nyheter\/utredning-inled-kring-atta-forgiftade-hundar-i-la-campana\/"},"wordCount":241,"commentCount":0,"publisher":{"@id":"https:\/\/lightweb.dev\/l\/svm-temp\/#organization"},"image":{"@id":"https:\/\/lightweb.dev\/l\/svm-temp\/nyheter\/utredning-inled-kring-atta-forgiftade-hundar-i-la-campana\/#primaryimage"},"thumbnailUrl":"https:\/\/lightweb.dev\/l\/svm-temp\/wp-content\/uploads\/2022\/06\/utredning-inled-kring-atta-forgiftade-hundar-i-la-campana.png","articleSection":["Arkiv","Nyheter"],"inLanguage":"sv-SE"},{"@type":"WebPage","@id":"https:\/\/lightweb.dev\/l\/svm-temp\/nyheter\/utredning-inled-kring-atta-forgiftade-hundar-i-la-campana\/","url":"https:\/\/lightweb.dev\/l\/svm-temp\/nyheter\/utredning-inled-kring-atta-forgiftade-hundar-i-la-campana\/","name":"Utredning inled kring \u00e5tta f\u00f6rgiftade hundar i La Campana - Svenska Magasinet","isPartOf":{"@id":"https:\/\/lightweb.dev\/l\/svm-temp\/#website"},"primaryImageOfPage":{"@id":"https:\/\/lightweb.dev\/l\/svm-temp\/nyheter\/utredning-inled-kring-atta-forgiftade-hundar-i-la-campana\/#primaryimage"},"image":{"@id":"https:\/\/lightweb.dev\/l\/svm-temp\/nyheter\/utredning-inled-kring-atta-forgiftade-hundar-i-la-campana\/#primaryimage"},"thumbnailUrl":"https:\/\/lightweb.dev\/l\/svm-temp\/wp-content\/uploads\/2022\/06\/utredning-inled-kring-atta-forgiftade-hundar-i-la-campana.png","datePublished":"2020-02-11T23:00:00+00:00","breadcrumb":{"@id":"https:\/\/lightweb.dev\/l\/svm-temp\/nyheter\/utredning-inled-kring-atta-forgiftade-hundar-i-la-campana\/#breadcrumb"},"inLanguage":"sv-SE","potentialAction":[{"@type":"ReadAction","target":["https:\/\/lightweb.dev\/l\/svm-temp\/nyheter\/utredning-inled-kring-atta-forgiftade-hundar-i-la-campana\/"]}]},{"@type":"ImageObject","inLanguage":"sv-SE","@id":"https:\/\/lightweb.dev\/l\/svm-temp\/nyheter\/utredning-inled-kring-atta-forgiftade-hundar-i-la-campana\/#primaryimage","url":"https:\/\/lightweb.dev\/l\/svm-temp\/wp-content\/uploads\/2022\/06\/utredning-inled-kring-atta-forgiftade-hundar-i-la-campana.png","contentUrl":"https:\/\/lightweb.dev\/l\/svm-temp\/wp-content\/uploads\/2022\/06\/utredning-inled-kring-atta-forgiftade-hundar-i-la-campana.png","width":700,"height":421},{"@type":"BreadcrumbList","@id":"https:\/\/lightweb.dev\/l\/svm-temp\/nyheter\/utredning-inled-kring-atta-forgiftade-hundar-i-la-campana\/#breadcrumb","itemListElement":[{"@type":"ListItem","position":1,"name":"Hem","item":"https:\/\/lightweb.dev\/l\/svm-temp\/"},{"@type":"ListItem","position":2,"name":"Utredning inled kring \u00e5tta f\u00f6rgiftade hundar i La Campana"}]},{"@type":"WebSite","@id":"https:\/\/lightweb.dev\/l\/svm-temp\/#website","url":"https:\/\/lightweb.dev\/l\/svm-temp\/","name":"Svenska Magasinet","description":"Dina Spanska nyheter p&aring; Svenska","publisher":{"@id":"https:\/\/lightweb.dev\/l\/svm-temp\/#organization"},"potentialAction":[{"@type":"SearchAction","target":{"@type":"EntryPoint","urlTemplate":"https:\/\/lightweb.dev\/l\/svm-temp\/?s={search_term_string}"},"query-input":{"@type":"PropertyValueSpecification","valueRequired":true,"valueName":"search_term_string"}}],"inLanguage":"sv-SE"},{"@type":"Organization","@id":"https:\/\/lightweb.dev\/l\/svm-temp\/#organization","name":"Melkerson y Nott SL","alternateName":"Svenska Magasinet","url":"https:\/\/lightweb.dev\/l\/svm-temp\/","logo":{"@type":"ImageObject","inLanguage":"sv-SE","@id":"https:\/\/lightweb.dev\/l\/svm-temp\/#\/schema\/logo\/image\/","url":"https:\/\/lightweb.dev\/l\/svm-temp\/wp-content\/uploads\/2025\/02\/SvM-logo-Xtra-Centrerad-SVART.png","contentUrl":"https:\/\/lightweb.dev\/l\/svm-temp\/wp-content\/uploads\/2025\/02\/SvM-logo-Xtra-Centrerad-SVART.png","width":300,"height":99,"caption":"Melkerson y Nott SL"},"image":{"@id":"https:\/\/lightweb.dev\/l\/svm-temp\/#\/schema\/logo\/image\/"},"sameAs":["https:\/\/www.facebook.com\/svenskamagasinet","https:\/\/x.com\/SvenskaMagasine"]},{"@type":"Person","@id":"https:\/\/lightweb.dev\/l\/svm-temp\/#\/schema\/person\/206a3bda5b607b0c25e1749191e4d837","name":"Redaktionen SvM","description":"Redaktionen","sameAs":["https:\/\/lightweb.dev\/l\/svm-temp"],"url":"https:\/\/lightweb.dev\/l\/svm-temp\/reporter\/redaktionen\/"}]}},"_links":{"self":[{"href":"https:\/\/lightweb.dev\/l\/svm-temp\/wp-json\/wp\/v2\/posts\/14788","targetHints":{"allow":["GET"]}}],"collection":[{"href":"https:\/\/lightweb.dev\/l\/svm-temp\/wp-json\/wp\/v2\/posts"}],"about":[{"href":"https:\/\/lightweb.dev\/l\/svm-temp\/wp-json\/wp\/v2\/types\/post"}],"author":[{"embeddable":true,"href":"https:\/\/lightweb.dev\/l\/svm-temp\/wp-json\/wp\/v2\/users\/8"}],"replies":[{"embeddable":true,"href":"https:\/\/lightweb.dev\/l\/svm-temp\/wp-json\/wp\/v2\/comments?post=14788"}],"version-history":[{"count":0,"href":"https:\/\/lightweb.dev\/l\/svm-temp\/wp-json\/wp\/v2\/posts\/14788\/revisions"}],"wp:featuredmedia":[{"embeddable":true,"href":"https:\/\/lightweb.dev\/l\/svm-temp\/wp-json\/wp\/v2\/media\/14789"}],"wp:attachment":[{"href":"https:\/\/lightweb.dev\/l\/svm-temp\/wp-json\/wp\/v2\/media?parent=14788"}],"wp:term":[{"taxonomy":"category","embeddable":true,"href":"https:\/\/lightweb.dev\/l\/svm-temp\/wp-json\/wp\/v2\/categories?post=14788"},{"taxonomy":"post_tag","embeddable":true,"href":"https:\/\/lightweb.dev\/l\/svm-temp\/wp-json\/wp\/v2\/tags?post=14788"}],"curies":[{"name":"wp","href":"https:\/\/api.w.org\/{rel}","templated":true}]}}