{"id":14796,"date":"2020-02-11T00:00:00","date_gmt":"2020-02-10T23:00:00","guid":{"rendered":"https:\/\/lightweb.dev\/l\/svm-temp\/nyheter\/varningsmeddelande-till-hundagare-nedtagna\/"},"modified":"2020-02-11T00:00:00","modified_gmt":"2020-02-10T23:00:00","slug":"varningsmeddelande-till-hundagare-nedtagna","status":"publish","type":"post","link":"https:\/\/lightweb.dev\/l\/svm-temp\/nyheter\/varningsmeddelande-till-hundagare-nedtagna\/","title":{"rendered":"Varningsmeddelande till hund\u00e4gare nedtagna"},"content":{"rendered":"<p> I La Campana i Nueva Andalucia har parkf\u00f6rvaltningen tagit ned de skyltar som en privatperson tidigare satt upp efter att flera hundar i omr\u00e5det avlidit. Marbella kommun har inte g\u00e5tt ut med n\u00e5gon varningsinformation till de boende. Idag (l\u00e4s ig\u00e5r m\u00e5ndag) har man ist\u00e4llet b\u00f6rjat ta ner de skyltar (bilden) som privatpersoner s\u00e4tt upp, ber\u00e4ttar svenskan Irene Andersson vars hund Honey, en toypudel nyligen avled. Av Ola Josefsson<\/p>\n<p>P\u00e5 Svenska Magasinets Twitterkonto kan du se en film n\u00e4r personalen fr\u00e5n parkf\u00f6rvaltningen i Marbella tar ned varningsskyltarna i La Campana.<\/p>\n<p>&#8211; Man har dessutom st\u00e4dat mycket noggrant p\u00e5 gator och trottoarer. Stora maskiner som skurar och som vi tidigare inte har sett har anv\u00e4nts.<\/p>\n<p>Det \u00e4r en privatperson boende i omr\u00e5det som tidigare satt upp varningsskyltarna.<br \/>\n&#8211; Enligt den personen har 15 hundar insjuknat de senaste 20 dagarna och fyra hundar har avlidit, s\u00e4ger Irene Andersson som bor i La Campana under vinterhalv\u00e5ret sedan 2002.<\/p>\n<p>Som Svenska Magasinet ber\u00e4ttade i fredags har flera hundar avlidit i La Campana under oklara omst\u00e4ndigheter under flera \u00e5rs tid. Det har upprepats vid flera tillf\u00e4llen de senaste \u00e5ren. Hundar som pl\u00f6tsligt har avlidit. Det \u00e4r ett gammalt problem som polisen \u00e4nnu inte har hittat n\u00e5gon l\u00f6sning.<\/p>\n<p>Affischer uppsatta av en privatperson har varnat hund\u00e4gare: \u201dVar f\u00f6rsiktig! Fara! F\u00f6rgiftning i La Campana med avsikt att d\u00f6da v\u00e5ra hundar och barn som hamnar riskzonen. Sl\u00e4pp inte dina husdjur och ha dina barn under uppsikt\u201d var budskapet.<br \/>\n&#8211; P\u00e5 ett tr\u00e4d var det tidigare ritat svarta figurer, inte n\u00e5gon d\u00f6dskalle, men n\u00e5got liknande. Nu \u00e4r allt borttv\u00e4ttat.<\/p>\n<p>Irenes lilla toypudel f\u00f6ll bara ihop och b\u00f6rjade kr\u00e4kas, fick diarr\u00e9, f\u00f6r att slutligen avlida efter att ha nosat p\u00e5 n\u00e5got i en rabatt.<\/p>\n<p>En veterin\u00e4r har uppgett att det r\u00f6ra sig om ett \u00e4mne som hundar f\u00e5r i sig som anv\u00e4nds f\u00f6r att v\u00e5rda v\u00e4xter. Efter intensiva regn sk\u00f6ljs det iv\u00e4g.<\/p>\n<p>N\u00e5gra av de \u00e4mnen som veterin\u00e4rer normalt varnar f\u00f6r \u00e4r natriumbikarbonat och starka kemiska reng\u00f6ringsmedel och insektsmedel som hundar kan f\u00e5 i sig.<\/p>\n<p>Nationalpolisen unders\u00f6ker i dagsl\u00e4get tv\u00e5 h\u00e4ndelser i januari d\u00e4r hundar har avlidit i La Campana. I domstol 5 i Marbella ligger ett \u00e4rende kring f\u00f6rgiftade hundar sedan 2017 d\u00e5 de f\u00f6rsta fallen d\u00f6k upp och en park tillf\u00e4lligt st\u00e4ngdes. H\u00e4ndelserna sker i regel under samma tid p\u00e5 \u00e5ret och p\u00e5 samma plats.<\/p>\n","protected":false},"excerpt":{"rendered":"<p>I La Campana i Nueva Andalucia har parkf\u00f6rvaltningen tagit ned de skyltar som en privatperson tidigare satt upp efter att flera hundar i omr\u00e5det avlidit. Marbella kommun har inte g\u00e5tt ut med n\u00e5gon varningsinformation till de boende. Idag (l\u00e4s ig\u00e5r m\u00e5ndag) har man ist\u00e4llet b\u00f6rjat ta ner de skyltar (bilden) som privatpersoner s\u00e4tt upp, ber\u00e4ttar [&hellip;]<\/p>\n","protected":false},"author":8,"featured_media":14797,"comment_status":"open","ping_status":"open","sticky":false,"template":"","format":"standard","meta":{"_et_pb_use_builder":"","_et_pb_old_content":"","_et_gb_content_width":"","footnotes":""},"categories":[395,3],"tags":[],"class_list":["post-14796","post","type-post","status-publish","format-standard","has-post-thumbnail","hentry","category-arkiv-nyheter","category-nyheter"],"yoast_head":"<!-- This site is optimized with the Yoast SEO Premium plugin v26.2 (Yoast SEO v27.4) - https:\/\/yoast.com\/product\/yoast-seo-premium-wordpress\/ -->\n<title>Varningsmeddelande till hund\u00e4gare nedtagna - Svenska Magasinet<\/title>\n<meta name=\"robots\" content=\"noindex, follow, max-snippet:-1, max-image-preview:large, max-video-preview:-1\" \/>\n<meta property=\"og:locale\" content=\"sv_SE\" \/>\n<meta property=\"og:type\" content=\"article\" \/>\n<meta property=\"og:title\" content=\"Varningsmeddelande till hund\u00e4gare nedtagna\" \/>\n<meta property=\"og:description\" content=\"I La Campana i Nueva Andalucia har parkf\u00f6rvaltningen tagit ned de skyltar som en privatperson tidigare satt upp efter att flera hundar i omr\u00e5det avlidit. Marbella kommun har inte g\u00e5tt ut med n\u00e5gon varningsinformation till de boende. Idag (l\u00e4s ig\u00e5r m\u00e5ndag) har man ist\u00e4llet b\u00f6rjat ta ner de skyltar (bilden) som privatpersoner s\u00e4tt upp, ber\u00e4ttar [&hellip;]\" \/>\n<meta property=\"og:url\" content=\"https:\/\/lightweb.dev\/l\/svm-temp\/nyheter\/varningsmeddelande-till-hundagare-nedtagna\/\" \/>\n<meta property=\"og:site_name\" content=\"Svenska Magasinet\" \/>\n<meta property=\"article:publisher\" content=\"https:\/\/www.facebook.com\/svenskamagasinet\" \/>\n<meta property=\"article:published_time\" content=\"2020-02-10T23:00:00+00:00\" \/>\n<meta property=\"og:image\" content=\"https:\/\/lightweb.dev\/l\/svm-temp\/wp-content\/uploads\/2022\/06\/varningsmeddelande-till-hundagare-nedtagna.png\" \/>\n\t<meta property=\"og:image:width\" content=\"700\" \/>\n\t<meta property=\"og:image:height\" content=\"420\" \/>\n\t<meta property=\"og:image:type\" content=\"image\/png\" \/>\n<meta name=\"author\" content=\"Redaktionen SvM\" \/>\n<meta name=\"twitter:card\" content=\"summary_large_image\" \/>\n<meta name=\"twitter:creator\" content=\"@SvenskaMagasine\" \/>\n<meta name=\"twitter:site\" content=\"@SvenskaMagasine\" \/>\n<script type=\"application\/ld+json\" class=\"yoast-schema-graph\">{\"@context\":\"https:\\\/\\\/schema.org\",\"@graph\":[{\"@type\":\"Article\",\"@id\":\"https:\\\/\\\/lightweb.dev\\\/l\\\/svm-temp\\\/nyheter\\\/varningsmeddelande-till-hundagare-nedtagna\\\/#article\",\"isPartOf\":{\"@id\":\"https:\\\/\\\/lightweb.dev\\\/l\\\/svm-temp\\\/nyheter\\\/varningsmeddelande-till-hundagare-nedtagna\\\/\"},\"author\":{\"name\":\"Redaktionen SvM\",\"@id\":\"https:\\\/\\\/lightweb.dev\\\/l\\\/svm-temp\\\/#\\\/schema\\\/person\\\/206a3bda5b607b0c25e1749191e4d837\"},\"headline\":\"Varningsmeddelande till hund\u00e4gare nedtagna\",\"datePublished\":\"2020-02-10T23:00:00+00:00\",\"mainEntityOfPage\":{\"@id\":\"https:\\\/\\\/lightweb.dev\\\/l\\\/svm-temp\\\/nyheter\\\/varningsmeddelande-till-hundagare-nedtagna\\\/\"},\"wordCount\":450,\"commentCount\":0,\"publisher\":{\"@id\":\"https:\\\/\\\/lightweb.dev\\\/l\\\/svm-temp\\\/#organization\"},\"image\":{\"@id\":\"https:\\\/\\\/lightweb.dev\\\/l\\\/svm-temp\\\/nyheter\\\/varningsmeddelande-till-hundagare-nedtagna\\\/#primaryimage\"},\"thumbnailUrl\":\"https:\\\/\\\/lightweb.dev\\\/l\\\/svm-temp\\\/wp-content\\\/uploads\\\/2022\\\/06\\\/varningsmeddelande-till-hundagare-nedtagna.png\",\"articleSection\":[\"Arkiv\",\"Nyheter\"],\"inLanguage\":\"sv-SE\"},{\"@type\":\"WebPage\",\"@id\":\"https:\\\/\\\/lightweb.dev\\\/l\\\/svm-temp\\\/nyheter\\\/varningsmeddelande-till-hundagare-nedtagna\\\/\",\"url\":\"https:\\\/\\\/lightweb.dev\\\/l\\\/svm-temp\\\/nyheter\\\/varningsmeddelande-till-hundagare-nedtagna\\\/\",\"name\":\"Varningsmeddelande till hund\u00e4gare nedtagna - Svenska Magasinet\",\"isPartOf\":{\"@id\":\"https:\\\/\\\/lightweb.dev\\\/l\\\/svm-temp\\\/#website\"},\"primaryImageOfPage\":{\"@id\":\"https:\\\/\\\/lightweb.dev\\\/l\\\/svm-temp\\\/nyheter\\\/varningsmeddelande-till-hundagare-nedtagna\\\/#primaryimage\"},\"image\":{\"@id\":\"https:\\\/\\\/lightweb.dev\\\/l\\\/svm-temp\\\/nyheter\\\/varningsmeddelande-till-hundagare-nedtagna\\\/#primaryimage\"},\"thumbnailUrl\":\"https:\\\/\\\/lightweb.dev\\\/l\\\/svm-temp\\\/wp-content\\\/uploads\\\/2022\\\/06\\\/varningsmeddelande-till-hundagare-nedtagna.png\",\"datePublished\":\"2020-02-10T23:00:00+00:00\",\"breadcrumb\":{\"@id\":\"https:\\\/\\\/lightweb.dev\\\/l\\\/svm-temp\\\/nyheter\\\/varningsmeddelande-till-hundagare-nedtagna\\\/#breadcrumb\"},\"inLanguage\":\"sv-SE\",\"potentialAction\":[{\"@type\":\"ReadAction\",\"target\":[\"https:\\\/\\\/lightweb.dev\\\/l\\\/svm-temp\\\/nyheter\\\/varningsmeddelande-till-hundagare-nedtagna\\\/\"]}]},{\"@type\":\"ImageObject\",\"inLanguage\":\"sv-SE\",\"@id\":\"https:\\\/\\\/lightweb.dev\\\/l\\\/svm-temp\\\/nyheter\\\/varningsmeddelande-till-hundagare-nedtagna\\\/#primaryimage\",\"url\":\"https:\\\/\\\/lightweb.dev\\\/l\\\/svm-temp\\\/wp-content\\\/uploads\\\/2022\\\/06\\\/varningsmeddelande-till-hundagare-nedtagna.png\",\"contentUrl\":\"https:\\\/\\\/lightweb.dev\\\/l\\\/svm-temp\\\/wp-content\\\/uploads\\\/2022\\\/06\\\/varningsmeddelande-till-hundagare-nedtagna.png\",\"width\":700,\"height\":420},{\"@type\":\"BreadcrumbList\",\"@id\":\"https:\\\/\\\/lightweb.dev\\\/l\\\/svm-temp\\\/nyheter\\\/varningsmeddelande-till-hundagare-nedtagna\\\/#breadcrumb\",\"itemListElement\":[{\"@type\":\"ListItem\",\"position\":1,\"name\":\"Hem\",\"item\":\"https:\\\/\\\/lightweb.dev\\\/l\\\/svm-temp\\\/\"},{\"@type\":\"ListItem\",\"position\":2,\"name\":\"Varningsmeddelande till hund\u00e4gare nedtagna\"}]},{\"@type\":\"WebSite\",\"@id\":\"https:\\\/\\\/lightweb.dev\\\/l\\\/svm-temp\\\/#website\",\"url\":\"https:\\\/\\\/lightweb.dev\\\/l\\\/svm-temp\\\/\",\"name\":\"Svenska Magasinet\",\"description\":\"Dina Spanska nyheter p&aring; Svenska\",\"publisher\":{\"@id\":\"https:\\\/\\\/lightweb.dev\\\/l\\\/svm-temp\\\/#organization\"},\"potentialAction\":[{\"@type\":\"SearchAction\",\"target\":{\"@type\":\"EntryPoint\",\"urlTemplate\":\"https:\\\/\\\/lightweb.dev\\\/l\\\/svm-temp\\\/?s={search_term_string}\"},\"query-input\":{\"@type\":\"PropertyValueSpecification\",\"valueRequired\":true,\"valueName\":\"search_term_string\"}}],\"inLanguage\":\"sv-SE\"},{\"@type\":\"Organization\",\"@id\":\"https:\\\/\\\/lightweb.dev\\\/l\\\/svm-temp\\\/#organization\",\"name\":\"Melkerson y Nott SL\",\"alternateName\":\"Svenska Magasinet\",\"url\":\"https:\\\/\\\/lightweb.dev\\\/l\\\/svm-temp\\\/\",\"logo\":{\"@type\":\"ImageObject\",\"inLanguage\":\"sv-SE\",\"@id\":\"https:\\\/\\\/lightweb.dev\\\/l\\\/svm-temp\\\/#\\\/schema\\\/logo\\\/image\\\/\",\"url\":\"https:\\\/\\\/lightweb.dev\\\/l\\\/svm-temp\\\/wp-content\\\/uploads\\\/2025\\\/02\\\/SvM-logo-Xtra-Centrerad-SVART.png\",\"contentUrl\":\"https:\\\/\\\/lightweb.dev\\\/l\\\/svm-temp\\\/wp-content\\\/uploads\\\/2025\\\/02\\\/SvM-logo-Xtra-Centrerad-SVART.png\",\"width\":300,\"height\":99,\"caption\":\"Melkerson y Nott SL\"},\"image\":{\"@id\":\"https:\\\/\\\/lightweb.dev\\\/l\\\/svm-temp\\\/#\\\/schema\\\/logo\\\/image\\\/\"},\"sameAs\":[\"https:\\\/\\\/www.facebook.com\\\/svenskamagasinet\",\"https:\\\/\\\/x.com\\\/SvenskaMagasine\"]},{\"@type\":\"Person\",\"@id\":\"https:\\\/\\\/lightweb.dev\\\/l\\\/svm-temp\\\/#\\\/schema\\\/person\\\/206a3bda5b607b0c25e1749191e4d837\",\"name\":\"Redaktionen SvM\",\"description\":\"Redaktionen\",\"sameAs\":[\"https:\\\/\\\/lightweb.dev\\\/l\\\/svm-temp\"],\"url\":\"https:\\\/\\\/lightweb.dev\\\/l\\\/svm-temp\\\/reporter\\\/redaktionen\\\/\"}]}<\/script>\n<!-- \/ Yoast SEO Premium plugin. -->","yoast_head_json":{"title":"Varningsmeddelande till hund\u00e4gare nedtagna - Svenska Magasinet","robots":{"index":"noindex","follow":"follow","max-snippet":"max-snippet:-1","max-image-preview":"max-image-preview:large","max-video-preview":"max-video-preview:-1"},"og_locale":"sv_SE","og_type":"article","og_title":"Varningsmeddelande till hund\u00e4gare nedtagna","og_description":"I La Campana i Nueva Andalucia har parkf\u00f6rvaltningen tagit ned de skyltar som en privatperson tidigare satt upp efter att flera hundar i omr\u00e5det avlidit. Marbella kommun har inte g\u00e5tt ut med n\u00e5gon varningsinformation till de boende. Idag (l\u00e4s ig\u00e5r m\u00e5ndag) har man ist\u00e4llet b\u00f6rjat ta ner de skyltar (bilden) som privatpersoner s\u00e4tt upp, ber\u00e4ttar [&hellip;]","og_url":"https:\/\/lightweb.dev\/l\/svm-temp\/nyheter\/varningsmeddelande-till-hundagare-nedtagna\/","og_site_name":"Svenska Magasinet","article_publisher":"https:\/\/www.facebook.com\/svenskamagasinet","article_published_time":"2020-02-10T23:00:00+00:00","og_image":[{"width":700,"height":420,"url":"https:\/\/lightweb.dev\/l\/svm-temp\/wp-content\/uploads\/2022\/06\/varningsmeddelande-till-hundagare-nedtagna.png","type":"image\/png"}],"author":"Redaktionen SvM","twitter_card":"summary_large_image","twitter_creator":"@SvenskaMagasine","twitter_site":"@SvenskaMagasine","schema":{"@context":"https:\/\/schema.org","@graph":[{"@type":"Article","@id":"https:\/\/lightweb.dev\/l\/svm-temp\/nyheter\/varningsmeddelande-till-hundagare-nedtagna\/#article","isPartOf":{"@id":"https:\/\/lightweb.dev\/l\/svm-temp\/nyheter\/varningsmeddelande-till-hundagare-nedtagna\/"},"author":{"name":"Redaktionen SvM","@id":"https:\/\/lightweb.dev\/l\/svm-temp\/#\/schema\/person\/206a3bda5b607b0c25e1749191e4d837"},"headline":"Varningsmeddelande till hund\u00e4gare nedtagna","datePublished":"2020-02-10T23:00:00+00:00","mainEntityOfPage":{"@id":"https:\/\/lightweb.dev\/l\/svm-temp\/nyheter\/varningsmeddelande-till-hundagare-nedtagna\/"},"wordCount":450,"commentCount":0,"publisher":{"@id":"https:\/\/lightweb.dev\/l\/svm-temp\/#organization"},"image":{"@id":"https:\/\/lightweb.dev\/l\/svm-temp\/nyheter\/varningsmeddelande-till-hundagare-nedtagna\/#primaryimage"},"thumbnailUrl":"https:\/\/lightweb.dev\/l\/svm-temp\/wp-content\/uploads\/2022\/06\/varningsmeddelande-till-hundagare-nedtagna.png","articleSection":["Arkiv","Nyheter"],"inLanguage":"sv-SE"},{"@type":"WebPage","@id":"https:\/\/lightweb.dev\/l\/svm-temp\/nyheter\/varningsmeddelande-till-hundagare-nedtagna\/","url":"https:\/\/lightweb.dev\/l\/svm-temp\/nyheter\/varningsmeddelande-till-hundagare-nedtagna\/","name":"Varningsmeddelande till hund\u00e4gare nedtagna - Svenska Magasinet","isPartOf":{"@id":"https:\/\/lightweb.dev\/l\/svm-temp\/#website"},"primaryImageOfPage":{"@id":"https:\/\/lightweb.dev\/l\/svm-temp\/nyheter\/varningsmeddelande-till-hundagare-nedtagna\/#primaryimage"},"image":{"@id":"https:\/\/lightweb.dev\/l\/svm-temp\/nyheter\/varningsmeddelande-till-hundagare-nedtagna\/#primaryimage"},"thumbnailUrl":"https:\/\/lightweb.dev\/l\/svm-temp\/wp-content\/uploads\/2022\/06\/varningsmeddelande-till-hundagare-nedtagna.png","datePublished":"2020-02-10T23:00:00+00:00","breadcrumb":{"@id":"https:\/\/lightweb.dev\/l\/svm-temp\/nyheter\/varningsmeddelande-till-hundagare-nedtagna\/#breadcrumb"},"inLanguage":"sv-SE","potentialAction":[{"@type":"ReadAction","target":["https:\/\/lightweb.dev\/l\/svm-temp\/nyheter\/varningsmeddelande-till-hundagare-nedtagna\/"]}]},{"@type":"ImageObject","inLanguage":"sv-SE","@id":"https:\/\/lightweb.dev\/l\/svm-temp\/nyheter\/varningsmeddelande-till-hundagare-nedtagna\/#primaryimage","url":"https:\/\/lightweb.dev\/l\/svm-temp\/wp-content\/uploads\/2022\/06\/varningsmeddelande-till-hundagare-nedtagna.png","contentUrl":"https:\/\/lightweb.dev\/l\/svm-temp\/wp-content\/uploads\/2022\/06\/varningsmeddelande-till-hundagare-nedtagna.png","width":700,"height":420},{"@type":"BreadcrumbList","@id":"https:\/\/lightweb.dev\/l\/svm-temp\/nyheter\/varningsmeddelande-till-hundagare-nedtagna\/#breadcrumb","itemListElement":[{"@type":"ListItem","position":1,"name":"Hem","item":"https:\/\/lightweb.dev\/l\/svm-temp\/"},{"@type":"ListItem","position":2,"name":"Varningsmeddelande till hund\u00e4gare nedtagna"}]},{"@type":"WebSite","@id":"https:\/\/lightweb.dev\/l\/svm-temp\/#website","url":"https:\/\/lightweb.dev\/l\/svm-temp\/","name":"Svenska Magasinet","description":"Dina Spanska nyheter p&aring; Svenska","publisher":{"@id":"https:\/\/lightweb.dev\/l\/svm-temp\/#organization"},"potentialAction":[{"@type":"SearchAction","target":{"@type":"EntryPoint","urlTemplate":"https:\/\/lightweb.dev\/l\/svm-temp\/?s={search_term_string}"},"query-input":{"@type":"PropertyValueSpecification","valueRequired":true,"valueName":"search_term_string"}}],"inLanguage":"sv-SE"},{"@type":"Organization","@id":"https:\/\/lightweb.dev\/l\/svm-temp\/#organization","name":"Melkerson y Nott SL","alternateName":"Svenska Magasinet","url":"https:\/\/lightweb.dev\/l\/svm-temp\/","logo":{"@type":"ImageObject","inLanguage":"sv-SE","@id":"https:\/\/lightweb.dev\/l\/svm-temp\/#\/schema\/logo\/image\/","url":"https:\/\/lightweb.dev\/l\/svm-temp\/wp-content\/uploads\/2025\/02\/SvM-logo-Xtra-Centrerad-SVART.png","contentUrl":"https:\/\/lightweb.dev\/l\/svm-temp\/wp-content\/uploads\/2025\/02\/SvM-logo-Xtra-Centrerad-SVART.png","width":300,"height":99,"caption":"Melkerson y Nott SL"},"image":{"@id":"https:\/\/lightweb.dev\/l\/svm-temp\/#\/schema\/logo\/image\/"},"sameAs":["https:\/\/www.facebook.com\/svenskamagasinet","https:\/\/x.com\/SvenskaMagasine"]},{"@type":"Person","@id":"https:\/\/lightweb.dev\/l\/svm-temp\/#\/schema\/person\/206a3bda5b607b0c25e1749191e4d837","name":"Redaktionen SvM","description":"Redaktionen","sameAs":["https:\/\/lightweb.dev\/l\/svm-temp"],"url":"https:\/\/lightweb.dev\/l\/svm-temp\/reporter\/redaktionen\/"}]}},"_links":{"self":[{"href":"https:\/\/lightweb.dev\/l\/svm-temp\/wp-json\/wp\/v2\/posts\/14796","targetHints":{"allow":["GET"]}}],"collection":[{"href":"https:\/\/lightweb.dev\/l\/svm-temp\/wp-json\/wp\/v2\/posts"}],"about":[{"href":"https:\/\/lightweb.dev\/l\/svm-temp\/wp-json\/wp\/v2\/types\/post"}],"author":[{"embeddable":true,"href":"https:\/\/lightweb.dev\/l\/svm-temp\/wp-json\/wp\/v2\/users\/8"}],"replies":[{"embeddable":true,"href":"https:\/\/lightweb.dev\/l\/svm-temp\/wp-json\/wp\/v2\/comments?post=14796"}],"version-history":[{"count":0,"href":"https:\/\/lightweb.dev\/l\/svm-temp\/wp-json\/wp\/v2\/posts\/14796\/revisions"}],"wp:featuredmedia":[{"embeddable":true,"href":"https:\/\/lightweb.dev\/l\/svm-temp\/wp-json\/wp\/v2\/media\/14797"}],"wp:attachment":[{"href":"https:\/\/lightweb.dev\/l\/svm-temp\/wp-json\/wp\/v2\/media?parent=14796"}],"wp:term":[{"taxonomy":"category","embeddable":true,"href":"https:\/\/lightweb.dev\/l\/svm-temp\/wp-json\/wp\/v2\/categories?post=14796"},{"taxonomy":"post_tag","embeddable":true,"href":"https:\/\/lightweb.dev\/l\/svm-temp\/wp-json\/wp\/v2\/tags?post=14796"}],"curies":[{"name":"wp","href":"https:\/\/api.w.org\/{rel}","templated":true}]}}