{"id":14798,"date":"2020-02-11T00:00:00","date_gmt":"2020-02-10T23:00:00","guid":{"rendered":"https:\/\/lightweb.dev\/l\/svm-temp\/nyheter\/madrids-golfforbund-lanserar-handlingsplan-mot-sexuella-trakasserier\/"},"modified":"2020-02-11T00:00:00","modified_gmt":"2020-02-10T23:00:00","slug":"madrids-golfforbund-lanserar-handlingsplan-mot-sexuella-trakasserier","status":"publish","type":"post","link":"https:\/\/lightweb.dev\/l\/svm-temp\/nyheter\/madrids-golfforbund-lanserar-handlingsplan-mot-sexuella-trakasserier\/","title":{"rendered":"Madrids golff\u00f6rbund lanserar handlingsplan mot sexuella trakasserier"},"content":{"rendered":"<p> Madrids regionala golff\u00f6rbund har lanserat en handlingsplan f\u00f6r att f\u00f6rebygga trakasserier, missbruk och sexuella \u00f6vergrepp p\u00e5 golfbanan. Man blir det f\u00f6rsta golff\u00f6rbundet i Spanien som lanserar en s\u00e5dan handlingsplan som har f\u00e5tt namnet #TresVecesNo.<\/p>\n<p>Trakasserier, missbruk och sexuella \u00f6vergrepp h\u00f6r inte hemma p\u00e5 golfbanan eller n\u00e5gon annanstans. Det \u00e4r budskapet i Madrids regionala golff\u00f6rbunds handlingsplan #TresVecesNo, Tre G\u00e5nger Nej.<\/p>\n<p>En oberoende kommission kommer i forts\u00e4ttningen att utv\u00e4rdera och granska information som inkommer kring misst\u00e4nkta fall. Dessutom kommer workshops och obligatoriska kurser f\u00f6r anst\u00e4llda p\u00e5 golff\u00f6rbundet att arrangeras. \u00c4ven en guide f\u00f6r alla institutioner som har minder\u00e5riga som tr\u00e4nar golf ska utarbetas och spridas p\u00e5 alla golfanl\u00e4ggningar i omr\u00e5det, skriver \u00d3scar Maqueda vid FGM i en pressemeddelande.<\/p>\n<p>Federaci\u00f3n de Golf i Madrid har cirka 83.000 medlemmar varav \u00f6ver 11.000 \u00e4r minder\u00e5riga.<br \/>\n KLICKA H\u00c4R och se film<\/p>\n","protected":false},"excerpt":{"rendered":"<p>Madrids regionala golff\u00f6rbund har lanserat en handlingsplan f\u00f6r att f\u00f6rebygga trakasserier, missbruk och sexuella \u00f6vergrepp p\u00e5 golfbanan. Man blir det f\u00f6rsta golff\u00f6rbundet i Spanien som lanserar en s\u00e5dan handlingsplan som har f\u00e5tt namnet #TresVecesNo. Trakasserier, missbruk och sexuella \u00f6vergrepp h\u00f6r inte hemma p\u00e5 golfbanan eller n\u00e5gon annanstans. Det \u00e4r budskapet i Madrids regionala golff\u00f6rbunds handlingsplan [&hellip;]<\/p>\n","protected":false},"author":8,"featured_media":14799,"comment_status":"open","ping_status":"open","sticky":false,"template":"","format":"standard","meta":{"_et_pb_use_builder":"","_et_pb_old_content":"","_et_gb_content_width":"","footnotes":""},"categories":[395,3],"tags":[],"class_list":["post-14798","post","type-post","status-publish","format-standard","has-post-thumbnail","hentry","category-arkiv-nyheter","category-nyheter"],"yoast_head":"<!-- This site is optimized with the Yoast SEO Premium plugin v26.2 (Yoast SEO v27.4) - https:\/\/yoast.com\/product\/yoast-seo-premium-wordpress\/ -->\n<title>Madrids golff\u00f6rbund lanserar handlingsplan mot sexuella trakasserier - Svenska Magasinet<\/title>\n<meta name=\"robots\" content=\"noindex, follow, max-snippet:-1, max-image-preview:large, max-video-preview:-1\" \/>\n<meta property=\"og:locale\" content=\"sv_SE\" \/>\n<meta property=\"og:type\" content=\"article\" \/>\n<meta property=\"og:title\" content=\"Madrids golff\u00f6rbund lanserar handlingsplan mot sexuella trakasserier\" \/>\n<meta property=\"og:description\" content=\"Madrids regionala golff\u00f6rbund har lanserat en handlingsplan f\u00f6r att f\u00f6rebygga trakasserier, missbruk och sexuella \u00f6vergrepp p\u00e5 golfbanan. Man blir det f\u00f6rsta golff\u00f6rbundet i Spanien som lanserar en s\u00e5dan handlingsplan som har f\u00e5tt namnet #TresVecesNo. Trakasserier, missbruk och sexuella \u00f6vergrepp h\u00f6r inte hemma p\u00e5 golfbanan eller n\u00e5gon annanstans. Det \u00e4r budskapet i Madrids regionala golff\u00f6rbunds handlingsplan [&hellip;]\" \/>\n<meta property=\"og:url\" content=\"https:\/\/lightweb.dev\/l\/svm-temp\/nyheter\/madrids-golfforbund-lanserar-handlingsplan-mot-sexuella-trakasserier\/\" \/>\n<meta property=\"og:site_name\" content=\"Svenska Magasinet\" \/>\n<meta property=\"article:publisher\" content=\"https:\/\/www.facebook.com\/svenskamagasinet\" \/>\n<meta property=\"article:published_time\" content=\"2020-02-10T23:00:00+00:00\" \/>\n<meta property=\"og:image\" content=\"https:\/\/lightweb.dev\/l\/svm-temp\/wp-content\/uploads\/2022\/06\/madrids-golfforbund-lanserar-handlingsplan-mot-sexuella-trakasserier.png\" \/>\n\t<meta property=\"og:image:width\" content=\"700\" \/>\n\t<meta property=\"og:image:height\" content=\"420\" \/>\n\t<meta property=\"og:image:type\" content=\"image\/png\" \/>\n<meta name=\"author\" content=\"Redaktionen SvM\" \/>\n<meta name=\"twitter:card\" content=\"summary_large_image\" \/>\n<meta name=\"twitter:creator\" content=\"@SvenskaMagasine\" \/>\n<meta name=\"twitter:site\" content=\"@SvenskaMagasine\" \/>\n<script type=\"application\/ld+json\" class=\"yoast-schema-graph\">{\"@context\":\"https:\\\/\\\/schema.org\",\"@graph\":[{\"@type\":\"Article\",\"@id\":\"https:\\\/\\\/lightweb.dev\\\/l\\\/svm-temp\\\/nyheter\\\/madrids-golfforbund-lanserar-handlingsplan-mot-sexuella-trakasserier\\\/#article\",\"isPartOf\":{\"@id\":\"https:\\\/\\\/lightweb.dev\\\/l\\\/svm-temp\\\/nyheter\\\/madrids-golfforbund-lanserar-handlingsplan-mot-sexuella-trakasserier\\\/\"},\"author\":{\"name\":\"Redaktionen SvM\",\"@id\":\"https:\\\/\\\/lightweb.dev\\\/l\\\/svm-temp\\\/#\\\/schema\\\/person\\\/206a3bda5b607b0c25e1749191e4d837\"},\"headline\":\"Madrids golff\u00f6rbund lanserar handlingsplan mot sexuella trakasserier\",\"datePublished\":\"2020-02-10T23:00:00+00:00\",\"mainEntityOfPage\":{\"@id\":\"https:\\\/\\\/lightweb.dev\\\/l\\\/svm-temp\\\/nyheter\\\/madrids-golfforbund-lanserar-handlingsplan-mot-sexuella-trakasserier\\\/\"},\"wordCount\":166,\"commentCount\":0,\"publisher\":{\"@id\":\"https:\\\/\\\/lightweb.dev\\\/l\\\/svm-temp\\\/#organization\"},\"image\":{\"@id\":\"https:\\\/\\\/lightweb.dev\\\/l\\\/svm-temp\\\/nyheter\\\/madrids-golfforbund-lanserar-handlingsplan-mot-sexuella-trakasserier\\\/#primaryimage\"},\"thumbnailUrl\":\"https:\\\/\\\/lightweb.dev\\\/l\\\/svm-temp\\\/wp-content\\\/uploads\\\/2022\\\/06\\\/madrids-golfforbund-lanserar-handlingsplan-mot-sexuella-trakasserier.png\",\"articleSection\":[\"Arkiv\",\"Nyheter\"],\"inLanguage\":\"sv-SE\"},{\"@type\":\"WebPage\",\"@id\":\"https:\\\/\\\/lightweb.dev\\\/l\\\/svm-temp\\\/nyheter\\\/madrids-golfforbund-lanserar-handlingsplan-mot-sexuella-trakasserier\\\/\",\"url\":\"https:\\\/\\\/lightweb.dev\\\/l\\\/svm-temp\\\/nyheter\\\/madrids-golfforbund-lanserar-handlingsplan-mot-sexuella-trakasserier\\\/\",\"name\":\"Madrids golff\u00f6rbund lanserar handlingsplan mot sexuella trakasserier - Svenska Magasinet\",\"isPartOf\":{\"@id\":\"https:\\\/\\\/lightweb.dev\\\/l\\\/svm-temp\\\/#website\"},\"primaryImageOfPage\":{\"@id\":\"https:\\\/\\\/lightweb.dev\\\/l\\\/svm-temp\\\/nyheter\\\/madrids-golfforbund-lanserar-handlingsplan-mot-sexuella-trakasserier\\\/#primaryimage\"},\"image\":{\"@id\":\"https:\\\/\\\/lightweb.dev\\\/l\\\/svm-temp\\\/nyheter\\\/madrids-golfforbund-lanserar-handlingsplan-mot-sexuella-trakasserier\\\/#primaryimage\"},\"thumbnailUrl\":\"https:\\\/\\\/lightweb.dev\\\/l\\\/svm-temp\\\/wp-content\\\/uploads\\\/2022\\\/06\\\/madrids-golfforbund-lanserar-handlingsplan-mot-sexuella-trakasserier.png\",\"datePublished\":\"2020-02-10T23:00:00+00:00\",\"breadcrumb\":{\"@id\":\"https:\\\/\\\/lightweb.dev\\\/l\\\/svm-temp\\\/nyheter\\\/madrids-golfforbund-lanserar-handlingsplan-mot-sexuella-trakasserier\\\/#breadcrumb\"},\"inLanguage\":\"sv-SE\",\"potentialAction\":[{\"@type\":\"ReadAction\",\"target\":[\"https:\\\/\\\/lightweb.dev\\\/l\\\/svm-temp\\\/nyheter\\\/madrids-golfforbund-lanserar-handlingsplan-mot-sexuella-trakasserier\\\/\"]}]},{\"@type\":\"ImageObject\",\"inLanguage\":\"sv-SE\",\"@id\":\"https:\\\/\\\/lightweb.dev\\\/l\\\/svm-temp\\\/nyheter\\\/madrids-golfforbund-lanserar-handlingsplan-mot-sexuella-trakasserier\\\/#primaryimage\",\"url\":\"https:\\\/\\\/lightweb.dev\\\/l\\\/svm-temp\\\/wp-content\\\/uploads\\\/2022\\\/06\\\/madrids-golfforbund-lanserar-handlingsplan-mot-sexuella-trakasserier.png\",\"contentUrl\":\"https:\\\/\\\/lightweb.dev\\\/l\\\/svm-temp\\\/wp-content\\\/uploads\\\/2022\\\/06\\\/madrids-golfforbund-lanserar-handlingsplan-mot-sexuella-trakasserier.png\",\"width\":700,\"height\":420},{\"@type\":\"BreadcrumbList\",\"@id\":\"https:\\\/\\\/lightweb.dev\\\/l\\\/svm-temp\\\/nyheter\\\/madrids-golfforbund-lanserar-handlingsplan-mot-sexuella-trakasserier\\\/#breadcrumb\",\"itemListElement\":[{\"@type\":\"ListItem\",\"position\":1,\"name\":\"Hem\",\"item\":\"https:\\\/\\\/lightweb.dev\\\/l\\\/svm-temp\\\/\"},{\"@type\":\"ListItem\",\"position\":2,\"name\":\"Madrids golff\u00f6rbund lanserar handlingsplan mot sexuella trakasserier\"}]},{\"@type\":\"WebSite\",\"@id\":\"https:\\\/\\\/lightweb.dev\\\/l\\\/svm-temp\\\/#website\",\"url\":\"https:\\\/\\\/lightweb.dev\\\/l\\\/svm-temp\\\/\",\"name\":\"Svenska Magasinet\",\"description\":\"Dina Spanska nyheter p&aring; Svenska\",\"publisher\":{\"@id\":\"https:\\\/\\\/lightweb.dev\\\/l\\\/svm-temp\\\/#organization\"},\"potentialAction\":[{\"@type\":\"SearchAction\",\"target\":{\"@type\":\"EntryPoint\",\"urlTemplate\":\"https:\\\/\\\/lightweb.dev\\\/l\\\/svm-temp\\\/?s={search_term_string}\"},\"query-input\":{\"@type\":\"PropertyValueSpecification\",\"valueRequired\":true,\"valueName\":\"search_term_string\"}}],\"inLanguage\":\"sv-SE\"},{\"@type\":\"Organization\",\"@id\":\"https:\\\/\\\/lightweb.dev\\\/l\\\/svm-temp\\\/#organization\",\"name\":\"Melkerson y Nott SL\",\"alternateName\":\"Svenska Magasinet\",\"url\":\"https:\\\/\\\/lightweb.dev\\\/l\\\/svm-temp\\\/\",\"logo\":{\"@type\":\"ImageObject\",\"inLanguage\":\"sv-SE\",\"@id\":\"https:\\\/\\\/lightweb.dev\\\/l\\\/svm-temp\\\/#\\\/schema\\\/logo\\\/image\\\/\",\"url\":\"https:\\\/\\\/lightweb.dev\\\/l\\\/svm-temp\\\/wp-content\\\/uploads\\\/2025\\\/02\\\/SvM-logo-Xtra-Centrerad-SVART.png\",\"contentUrl\":\"https:\\\/\\\/lightweb.dev\\\/l\\\/svm-temp\\\/wp-content\\\/uploads\\\/2025\\\/02\\\/SvM-logo-Xtra-Centrerad-SVART.png\",\"width\":300,\"height\":99,\"caption\":\"Melkerson y Nott SL\"},\"image\":{\"@id\":\"https:\\\/\\\/lightweb.dev\\\/l\\\/svm-temp\\\/#\\\/schema\\\/logo\\\/image\\\/\"},\"sameAs\":[\"https:\\\/\\\/www.facebook.com\\\/svenskamagasinet\",\"https:\\\/\\\/x.com\\\/SvenskaMagasine\"]},{\"@type\":\"Person\",\"@id\":\"https:\\\/\\\/lightweb.dev\\\/l\\\/svm-temp\\\/#\\\/schema\\\/person\\\/206a3bda5b607b0c25e1749191e4d837\",\"name\":\"Redaktionen SvM\",\"description\":\"Redaktionen\",\"sameAs\":[\"https:\\\/\\\/lightweb.dev\\\/l\\\/svm-temp\"],\"url\":\"https:\\\/\\\/lightweb.dev\\\/l\\\/svm-temp\\\/reporter\\\/redaktionen\\\/\"}]}<\/script>\n<!-- \/ Yoast SEO Premium plugin. -->","yoast_head_json":{"title":"Madrids golff\u00f6rbund lanserar handlingsplan mot sexuella trakasserier - Svenska Magasinet","robots":{"index":"noindex","follow":"follow","max-snippet":"max-snippet:-1","max-image-preview":"max-image-preview:large","max-video-preview":"max-video-preview:-1"},"og_locale":"sv_SE","og_type":"article","og_title":"Madrids golff\u00f6rbund lanserar handlingsplan mot sexuella trakasserier","og_description":"Madrids regionala golff\u00f6rbund har lanserat en handlingsplan f\u00f6r att f\u00f6rebygga trakasserier, missbruk och sexuella \u00f6vergrepp p\u00e5 golfbanan. Man blir det f\u00f6rsta golff\u00f6rbundet i Spanien som lanserar en s\u00e5dan handlingsplan som har f\u00e5tt namnet #TresVecesNo. Trakasserier, missbruk och sexuella \u00f6vergrepp h\u00f6r inte hemma p\u00e5 golfbanan eller n\u00e5gon annanstans. Det \u00e4r budskapet i Madrids regionala golff\u00f6rbunds handlingsplan [&hellip;]","og_url":"https:\/\/lightweb.dev\/l\/svm-temp\/nyheter\/madrids-golfforbund-lanserar-handlingsplan-mot-sexuella-trakasserier\/","og_site_name":"Svenska Magasinet","article_publisher":"https:\/\/www.facebook.com\/svenskamagasinet","article_published_time":"2020-02-10T23:00:00+00:00","og_image":[{"width":700,"height":420,"url":"https:\/\/lightweb.dev\/l\/svm-temp\/wp-content\/uploads\/2022\/06\/madrids-golfforbund-lanserar-handlingsplan-mot-sexuella-trakasserier.png","type":"image\/png"}],"author":"Redaktionen SvM","twitter_card":"summary_large_image","twitter_creator":"@SvenskaMagasine","twitter_site":"@SvenskaMagasine","schema":{"@context":"https:\/\/schema.org","@graph":[{"@type":"Article","@id":"https:\/\/lightweb.dev\/l\/svm-temp\/nyheter\/madrids-golfforbund-lanserar-handlingsplan-mot-sexuella-trakasserier\/#article","isPartOf":{"@id":"https:\/\/lightweb.dev\/l\/svm-temp\/nyheter\/madrids-golfforbund-lanserar-handlingsplan-mot-sexuella-trakasserier\/"},"author":{"name":"Redaktionen SvM","@id":"https:\/\/lightweb.dev\/l\/svm-temp\/#\/schema\/person\/206a3bda5b607b0c25e1749191e4d837"},"headline":"Madrids golff\u00f6rbund lanserar handlingsplan mot sexuella trakasserier","datePublished":"2020-02-10T23:00:00+00:00","mainEntityOfPage":{"@id":"https:\/\/lightweb.dev\/l\/svm-temp\/nyheter\/madrids-golfforbund-lanserar-handlingsplan-mot-sexuella-trakasserier\/"},"wordCount":166,"commentCount":0,"publisher":{"@id":"https:\/\/lightweb.dev\/l\/svm-temp\/#organization"},"image":{"@id":"https:\/\/lightweb.dev\/l\/svm-temp\/nyheter\/madrids-golfforbund-lanserar-handlingsplan-mot-sexuella-trakasserier\/#primaryimage"},"thumbnailUrl":"https:\/\/lightweb.dev\/l\/svm-temp\/wp-content\/uploads\/2022\/06\/madrids-golfforbund-lanserar-handlingsplan-mot-sexuella-trakasserier.png","articleSection":["Arkiv","Nyheter"],"inLanguage":"sv-SE"},{"@type":"WebPage","@id":"https:\/\/lightweb.dev\/l\/svm-temp\/nyheter\/madrids-golfforbund-lanserar-handlingsplan-mot-sexuella-trakasserier\/","url":"https:\/\/lightweb.dev\/l\/svm-temp\/nyheter\/madrids-golfforbund-lanserar-handlingsplan-mot-sexuella-trakasserier\/","name":"Madrids golff\u00f6rbund lanserar handlingsplan mot sexuella trakasserier - Svenska Magasinet","isPartOf":{"@id":"https:\/\/lightweb.dev\/l\/svm-temp\/#website"},"primaryImageOfPage":{"@id":"https:\/\/lightweb.dev\/l\/svm-temp\/nyheter\/madrids-golfforbund-lanserar-handlingsplan-mot-sexuella-trakasserier\/#primaryimage"},"image":{"@id":"https:\/\/lightweb.dev\/l\/svm-temp\/nyheter\/madrids-golfforbund-lanserar-handlingsplan-mot-sexuella-trakasserier\/#primaryimage"},"thumbnailUrl":"https:\/\/lightweb.dev\/l\/svm-temp\/wp-content\/uploads\/2022\/06\/madrids-golfforbund-lanserar-handlingsplan-mot-sexuella-trakasserier.png","datePublished":"2020-02-10T23:00:00+00:00","breadcrumb":{"@id":"https:\/\/lightweb.dev\/l\/svm-temp\/nyheter\/madrids-golfforbund-lanserar-handlingsplan-mot-sexuella-trakasserier\/#breadcrumb"},"inLanguage":"sv-SE","potentialAction":[{"@type":"ReadAction","target":["https:\/\/lightweb.dev\/l\/svm-temp\/nyheter\/madrids-golfforbund-lanserar-handlingsplan-mot-sexuella-trakasserier\/"]}]},{"@type":"ImageObject","inLanguage":"sv-SE","@id":"https:\/\/lightweb.dev\/l\/svm-temp\/nyheter\/madrids-golfforbund-lanserar-handlingsplan-mot-sexuella-trakasserier\/#primaryimage","url":"https:\/\/lightweb.dev\/l\/svm-temp\/wp-content\/uploads\/2022\/06\/madrids-golfforbund-lanserar-handlingsplan-mot-sexuella-trakasserier.png","contentUrl":"https:\/\/lightweb.dev\/l\/svm-temp\/wp-content\/uploads\/2022\/06\/madrids-golfforbund-lanserar-handlingsplan-mot-sexuella-trakasserier.png","width":700,"height":420},{"@type":"BreadcrumbList","@id":"https:\/\/lightweb.dev\/l\/svm-temp\/nyheter\/madrids-golfforbund-lanserar-handlingsplan-mot-sexuella-trakasserier\/#breadcrumb","itemListElement":[{"@type":"ListItem","position":1,"name":"Hem","item":"https:\/\/lightweb.dev\/l\/svm-temp\/"},{"@type":"ListItem","position":2,"name":"Madrids golff\u00f6rbund lanserar handlingsplan mot sexuella trakasserier"}]},{"@type":"WebSite","@id":"https:\/\/lightweb.dev\/l\/svm-temp\/#website","url":"https:\/\/lightweb.dev\/l\/svm-temp\/","name":"Svenska Magasinet","description":"Dina Spanska nyheter p&aring; Svenska","publisher":{"@id":"https:\/\/lightweb.dev\/l\/svm-temp\/#organization"},"potentialAction":[{"@type":"SearchAction","target":{"@type":"EntryPoint","urlTemplate":"https:\/\/lightweb.dev\/l\/svm-temp\/?s={search_term_string}"},"query-input":{"@type":"PropertyValueSpecification","valueRequired":true,"valueName":"search_term_string"}}],"inLanguage":"sv-SE"},{"@type":"Organization","@id":"https:\/\/lightweb.dev\/l\/svm-temp\/#organization","name":"Melkerson y Nott SL","alternateName":"Svenska Magasinet","url":"https:\/\/lightweb.dev\/l\/svm-temp\/","logo":{"@type":"ImageObject","inLanguage":"sv-SE","@id":"https:\/\/lightweb.dev\/l\/svm-temp\/#\/schema\/logo\/image\/","url":"https:\/\/lightweb.dev\/l\/svm-temp\/wp-content\/uploads\/2025\/02\/SvM-logo-Xtra-Centrerad-SVART.png","contentUrl":"https:\/\/lightweb.dev\/l\/svm-temp\/wp-content\/uploads\/2025\/02\/SvM-logo-Xtra-Centrerad-SVART.png","width":300,"height":99,"caption":"Melkerson y Nott SL"},"image":{"@id":"https:\/\/lightweb.dev\/l\/svm-temp\/#\/schema\/logo\/image\/"},"sameAs":["https:\/\/www.facebook.com\/svenskamagasinet","https:\/\/x.com\/SvenskaMagasine"]},{"@type":"Person","@id":"https:\/\/lightweb.dev\/l\/svm-temp\/#\/schema\/person\/206a3bda5b607b0c25e1749191e4d837","name":"Redaktionen SvM","description":"Redaktionen","sameAs":["https:\/\/lightweb.dev\/l\/svm-temp"],"url":"https:\/\/lightweb.dev\/l\/svm-temp\/reporter\/redaktionen\/"}]}},"_links":{"self":[{"href":"https:\/\/lightweb.dev\/l\/svm-temp\/wp-json\/wp\/v2\/posts\/14798","targetHints":{"allow":["GET"]}}],"collection":[{"href":"https:\/\/lightweb.dev\/l\/svm-temp\/wp-json\/wp\/v2\/posts"}],"about":[{"href":"https:\/\/lightweb.dev\/l\/svm-temp\/wp-json\/wp\/v2\/types\/post"}],"author":[{"embeddable":true,"href":"https:\/\/lightweb.dev\/l\/svm-temp\/wp-json\/wp\/v2\/users\/8"}],"replies":[{"embeddable":true,"href":"https:\/\/lightweb.dev\/l\/svm-temp\/wp-json\/wp\/v2\/comments?post=14798"}],"version-history":[{"count":0,"href":"https:\/\/lightweb.dev\/l\/svm-temp\/wp-json\/wp\/v2\/posts\/14798\/revisions"}],"wp:featuredmedia":[{"embeddable":true,"href":"https:\/\/lightweb.dev\/l\/svm-temp\/wp-json\/wp\/v2\/media\/14799"}],"wp:attachment":[{"href":"https:\/\/lightweb.dev\/l\/svm-temp\/wp-json\/wp\/v2\/media?parent=14798"}],"wp:term":[{"taxonomy":"category","embeddable":true,"href":"https:\/\/lightweb.dev\/l\/svm-temp\/wp-json\/wp\/v2\/categories?post=14798"},{"taxonomy":"post_tag","embeddable":true,"href":"https:\/\/lightweb.dev\/l\/svm-temp\/wp-json\/wp\/v2\/tags?post=14798"}],"curies":[{"name":"wp","href":"https:\/\/api.w.org\/{rel}","templated":true}]}}