{"id":14800,"date":"2020-02-11T00:00:00","date_gmt":"2020-02-10T23:00:00","guid":{"rendered":"https:\/\/lightweb.dev\/l\/svm-temp\/nyheter\/flera-kustkommuner-nar-inte-upp-till-eus-mal-om-antalet-poliser\/"},"modified":"2020-02-11T00:00:00","modified_gmt":"2020-02-10T23:00:00","slug":"flera-kustkommuner-nar-inte-upp-till-eus-mal-om-antalet-poliser","status":"publish","type":"post","link":"https:\/\/lightweb.dev\/l\/svm-temp\/nyheter\/flera-kustkommuner-nar-inte-upp-till-eus-mal-om-antalet-poliser\/","title":{"rendered":"Flera kustkommuner n\u00e5r inte upp till EU:s m\u00e5l om antalet poliser"},"content":{"rendered":"<p> Antalet lokalpoliser p\u00e5 Costa del Sol och i provinsen M\u00e1laga har inte ersatts tillr\u00e4ckligt i samband med stora pensionsavg\u00e5ngar. Enligt europeiska unionens rekommendation b\u00f6r det finnas en polis p\u00e5 556 inv\u00e5nare. I M\u00e1laga stad har exempelvis antalet lokalpoliser totalt minskat fr\u00e5n 980 (2006) till 856 (2020).<\/p>\n<p>En lokalpolis kan g\u00e5 i pension vid 59 \u00e5rs \u00e5lder om denne har arbetar mellan 36 och 37 \u00e5r som polis. Det visar det kungliga dekretet, 1449\/2018, som kom den 2 januari 2019. I \u00f6vrigt g\u00e4ller 60 \u00e5r.<\/p>\n<p>Diario SUR \u00e4gnar idag det f\u00f6rsta uppslaget \u00e5t att uppm\u00e4rksamma att antalet lokalpoliser har sjunkit p\u00e5 kusten de senaste \u00e5ren. Pensionsavg\u00e5ngar och en \u00e5ldrande polisk\u00e5r g\u00f6r att antalet kommer att sjunka ytterligare. Det g\u00e4ller b\u00e5de lokal- och nationalpoliser liksom gendarmer vid Guardia Civil.<\/p>\n<p>I M\u00e1laga gick 73 lokalpoliser i pension ifjol och ytterligare 25 v\u00e4ntas g\u00f6ra det i \u00e5r. Resultatet idag med 856 lokalpoliser \u00e4r l\u00e5ngt fr\u00e5n de 980 som fanns 2006. 2017 kom 36 nya lokalpoliser och ifjol 20 stycken. Det kan till\u00e4ggas att \u00f6ver h\u00e4lften av de verksamma lokalpoliser som finns idag \u00e4r \u00f6ver 45 \u00e5r gamla.<\/p>\n<p>Studerar man siffrorna \u00f6ver antalet lokalpoliser i kustkommunerna p\u00e5 Costa del Sol s\u00e5 \u00e4r det bara Marbella (1\/393), Torremolinos (1\/458) och Benalm\u00e1dena (1\/532) som f\u00f6ljer EU:s rekommendation med en polis p\u00e5 556 inv\u00e5nare.<\/p>\n<p>\u00d6vriga kommuner som M\u00e1laga (1\/671), Estepona (1\/569), Fuengirola (1\/591), Mijas (1\/571), Rinc\u00f3n de la Victoria (1\/715), V\u00e9lez-M\u00e1laga (1\/897) och Torrox (1\/718) n\u00e5r inte upp till EU:s rekommendation p\u00e5 1\/556.<\/p>\n<p>Polisens fackf\u00f6reningar \u00e4r medvetna om problemet och kr\u00e4ver fler poliser.<br \/>\n KLICKA H\u00c4R och l\u00e4s mer om Spaniens olika polisk\u00e5rer<\/p>\n","protected":false},"excerpt":{"rendered":"<p>Antalet lokalpoliser p\u00e5 Costa del Sol och i provinsen M\u00e1laga har inte ersatts tillr\u00e4ckligt i samband med stora pensionsavg\u00e5ngar. Enligt europeiska unionens rekommendation b\u00f6r det finnas en polis p\u00e5 556 inv\u00e5nare. I M\u00e1laga stad har exempelvis antalet lokalpoliser totalt minskat fr\u00e5n 980 (2006) till 856 (2020). En lokalpolis kan g\u00e5 i pension vid 59 \u00e5rs [&hellip;]<\/p>\n","protected":false},"author":8,"featured_media":14802,"comment_status":"open","ping_status":"open","sticky":false,"template":"","format":"standard","meta":{"_et_pb_use_builder":"","_et_pb_old_content":"","_et_gb_content_width":"","footnotes":""},"categories":[395,3],"tags":[],"class_list":["post-14800","post","type-post","status-publish","format-standard","has-post-thumbnail","hentry","category-arkiv-nyheter","category-nyheter"],"yoast_head":"<!-- This site is optimized with the Yoast SEO Premium plugin v26.2 (Yoast SEO v27.4) - https:\/\/yoast.com\/product\/yoast-seo-premium-wordpress\/ -->\n<title>Flera kustkommuner n\u00e5r inte upp till EU:s m\u00e5l om antalet poliser - Svenska Magasinet<\/title>\n<meta name=\"robots\" content=\"noindex, follow, max-snippet:-1, max-image-preview:large, max-video-preview:-1\" \/>\n<meta property=\"og:locale\" content=\"sv_SE\" \/>\n<meta property=\"og:type\" content=\"article\" \/>\n<meta property=\"og:title\" content=\"Flera kustkommuner n\u00e5r inte upp till EU:s m\u00e5l om antalet poliser\" \/>\n<meta property=\"og:description\" content=\"Antalet lokalpoliser p\u00e5 Costa del Sol och i provinsen M\u00e1laga har inte ersatts tillr\u00e4ckligt i samband med stora pensionsavg\u00e5ngar. Enligt europeiska unionens rekommendation b\u00f6r det finnas en polis p\u00e5 556 inv\u00e5nare. I M\u00e1laga stad har exempelvis antalet lokalpoliser totalt minskat fr\u00e5n 980 (2006) till 856 (2020). En lokalpolis kan g\u00e5 i pension vid 59 \u00e5rs [&hellip;]\" \/>\n<meta property=\"og:url\" content=\"https:\/\/lightweb.dev\/l\/svm-temp\/nyheter\/flera-kustkommuner-nar-inte-upp-till-eus-mal-om-antalet-poliser\/\" \/>\n<meta property=\"og:site_name\" content=\"Svenska Magasinet\" \/>\n<meta property=\"article:publisher\" content=\"https:\/\/www.facebook.com\/svenskamagasinet\" \/>\n<meta property=\"article:published_time\" content=\"2020-02-10T23:00:00+00:00\" \/>\n<meta property=\"og:image\" content=\"https:\/\/lightweb.dev\/l\/svm-temp\/wp-content\/uploads\/2022\/06\/flera-kustkommuner-nar-inte-upp-till-eus-mal-om-antalet-poliser.png\" \/>\n\t<meta property=\"og:image:width\" content=\"700\" \/>\n\t<meta property=\"og:image:height\" content=\"420\" \/>\n\t<meta property=\"og:image:type\" content=\"image\/png\" \/>\n<meta name=\"author\" content=\"Redaktionen SvM\" \/>\n<meta name=\"twitter:card\" content=\"summary_large_image\" \/>\n<meta name=\"twitter:creator\" content=\"@SvenskaMagasine\" \/>\n<meta name=\"twitter:site\" content=\"@SvenskaMagasine\" \/>\n<script type=\"application\/ld+json\" class=\"yoast-schema-graph\">{\"@context\":\"https:\\\/\\\/schema.org\",\"@graph\":[{\"@type\":\"Article\",\"@id\":\"https:\\\/\\\/lightweb.dev\\\/l\\\/svm-temp\\\/nyheter\\\/flera-kustkommuner-nar-inte-upp-till-eus-mal-om-antalet-poliser\\\/#article\",\"isPartOf\":{\"@id\":\"https:\\\/\\\/lightweb.dev\\\/l\\\/svm-temp\\\/nyheter\\\/flera-kustkommuner-nar-inte-upp-till-eus-mal-om-antalet-poliser\\\/\"},\"author\":{\"name\":\"Redaktionen SvM\",\"@id\":\"https:\\\/\\\/lightweb.dev\\\/l\\\/svm-temp\\\/#\\\/schema\\\/person\\\/206a3bda5b607b0c25e1749191e4d837\"},\"headline\":\"Flera kustkommuner n\u00e5r inte upp till EU:s m\u00e5l om antalet poliser\",\"datePublished\":\"2020-02-10T23:00:00+00:00\",\"mainEntityOfPage\":{\"@id\":\"https:\\\/\\\/lightweb.dev\\\/l\\\/svm-temp\\\/nyheter\\\/flera-kustkommuner-nar-inte-upp-till-eus-mal-om-antalet-poliser\\\/\"},\"wordCount\":282,\"commentCount\":0,\"publisher\":{\"@id\":\"https:\\\/\\\/lightweb.dev\\\/l\\\/svm-temp\\\/#organization\"},\"image\":{\"@id\":\"https:\\\/\\\/lightweb.dev\\\/l\\\/svm-temp\\\/nyheter\\\/flera-kustkommuner-nar-inte-upp-till-eus-mal-om-antalet-poliser\\\/#primaryimage\"},\"thumbnailUrl\":\"https:\\\/\\\/lightweb.dev\\\/l\\\/svm-temp\\\/wp-content\\\/uploads\\\/2022\\\/06\\\/flera-kustkommuner-nar-inte-upp-till-eus-mal-om-antalet-poliser.png\",\"articleSection\":[\"Arkiv\",\"Nyheter\"],\"inLanguage\":\"sv-SE\"},{\"@type\":\"WebPage\",\"@id\":\"https:\\\/\\\/lightweb.dev\\\/l\\\/svm-temp\\\/nyheter\\\/flera-kustkommuner-nar-inte-upp-till-eus-mal-om-antalet-poliser\\\/\",\"url\":\"https:\\\/\\\/lightweb.dev\\\/l\\\/svm-temp\\\/nyheter\\\/flera-kustkommuner-nar-inte-upp-till-eus-mal-om-antalet-poliser\\\/\",\"name\":\"Flera kustkommuner n\u00e5r inte upp till EU:s m\u00e5l om antalet poliser - Svenska Magasinet\",\"isPartOf\":{\"@id\":\"https:\\\/\\\/lightweb.dev\\\/l\\\/svm-temp\\\/#website\"},\"primaryImageOfPage\":{\"@id\":\"https:\\\/\\\/lightweb.dev\\\/l\\\/svm-temp\\\/nyheter\\\/flera-kustkommuner-nar-inte-upp-till-eus-mal-om-antalet-poliser\\\/#primaryimage\"},\"image\":{\"@id\":\"https:\\\/\\\/lightweb.dev\\\/l\\\/svm-temp\\\/nyheter\\\/flera-kustkommuner-nar-inte-upp-till-eus-mal-om-antalet-poliser\\\/#primaryimage\"},\"thumbnailUrl\":\"https:\\\/\\\/lightweb.dev\\\/l\\\/svm-temp\\\/wp-content\\\/uploads\\\/2022\\\/06\\\/flera-kustkommuner-nar-inte-upp-till-eus-mal-om-antalet-poliser.png\",\"datePublished\":\"2020-02-10T23:00:00+00:00\",\"breadcrumb\":{\"@id\":\"https:\\\/\\\/lightweb.dev\\\/l\\\/svm-temp\\\/nyheter\\\/flera-kustkommuner-nar-inte-upp-till-eus-mal-om-antalet-poliser\\\/#breadcrumb\"},\"inLanguage\":\"sv-SE\",\"potentialAction\":[{\"@type\":\"ReadAction\",\"target\":[\"https:\\\/\\\/lightweb.dev\\\/l\\\/svm-temp\\\/nyheter\\\/flera-kustkommuner-nar-inte-upp-till-eus-mal-om-antalet-poliser\\\/\"]}]},{\"@type\":\"ImageObject\",\"inLanguage\":\"sv-SE\",\"@id\":\"https:\\\/\\\/lightweb.dev\\\/l\\\/svm-temp\\\/nyheter\\\/flera-kustkommuner-nar-inte-upp-till-eus-mal-om-antalet-poliser\\\/#primaryimage\",\"url\":\"https:\\\/\\\/lightweb.dev\\\/l\\\/svm-temp\\\/wp-content\\\/uploads\\\/2022\\\/06\\\/flera-kustkommuner-nar-inte-upp-till-eus-mal-om-antalet-poliser.png\",\"contentUrl\":\"https:\\\/\\\/lightweb.dev\\\/l\\\/svm-temp\\\/wp-content\\\/uploads\\\/2022\\\/06\\\/flera-kustkommuner-nar-inte-upp-till-eus-mal-om-antalet-poliser.png\",\"width\":700,\"height\":420},{\"@type\":\"BreadcrumbList\",\"@id\":\"https:\\\/\\\/lightweb.dev\\\/l\\\/svm-temp\\\/nyheter\\\/flera-kustkommuner-nar-inte-upp-till-eus-mal-om-antalet-poliser\\\/#breadcrumb\",\"itemListElement\":[{\"@type\":\"ListItem\",\"position\":1,\"name\":\"Hem\",\"item\":\"https:\\\/\\\/lightweb.dev\\\/l\\\/svm-temp\\\/\"},{\"@type\":\"ListItem\",\"position\":2,\"name\":\"Flera kustkommuner n\u00e5r inte upp till EU:s m\u00e5l om antalet poliser\"}]},{\"@type\":\"WebSite\",\"@id\":\"https:\\\/\\\/lightweb.dev\\\/l\\\/svm-temp\\\/#website\",\"url\":\"https:\\\/\\\/lightweb.dev\\\/l\\\/svm-temp\\\/\",\"name\":\"Svenska Magasinet\",\"description\":\"Dina Spanska nyheter p&aring; Svenska\",\"publisher\":{\"@id\":\"https:\\\/\\\/lightweb.dev\\\/l\\\/svm-temp\\\/#organization\"},\"potentialAction\":[{\"@type\":\"SearchAction\",\"target\":{\"@type\":\"EntryPoint\",\"urlTemplate\":\"https:\\\/\\\/lightweb.dev\\\/l\\\/svm-temp\\\/?s={search_term_string}\"},\"query-input\":{\"@type\":\"PropertyValueSpecification\",\"valueRequired\":true,\"valueName\":\"search_term_string\"}}],\"inLanguage\":\"sv-SE\"},{\"@type\":\"Organization\",\"@id\":\"https:\\\/\\\/lightweb.dev\\\/l\\\/svm-temp\\\/#organization\",\"name\":\"Melkerson y Nott SL\",\"alternateName\":\"Svenska Magasinet\",\"url\":\"https:\\\/\\\/lightweb.dev\\\/l\\\/svm-temp\\\/\",\"logo\":{\"@type\":\"ImageObject\",\"inLanguage\":\"sv-SE\",\"@id\":\"https:\\\/\\\/lightweb.dev\\\/l\\\/svm-temp\\\/#\\\/schema\\\/logo\\\/image\\\/\",\"url\":\"https:\\\/\\\/lightweb.dev\\\/l\\\/svm-temp\\\/wp-content\\\/uploads\\\/2025\\\/02\\\/SvM-logo-Xtra-Centrerad-SVART.png\",\"contentUrl\":\"https:\\\/\\\/lightweb.dev\\\/l\\\/svm-temp\\\/wp-content\\\/uploads\\\/2025\\\/02\\\/SvM-logo-Xtra-Centrerad-SVART.png\",\"width\":300,\"height\":99,\"caption\":\"Melkerson y Nott SL\"},\"image\":{\"@id\":\"https:\\\/\\\/lightweb.dev\\\/l\\\/svm-temp\\\/#\\\/schema\\\/logo\\\/image\\\/\"},\"sameAs\":[\"https:\\\/\\\/www.facebook.com\\\/svenskamagasinet\",\"https:\\\/\\\/x.com\\\/SvenskaMagasine\"]},{\"@type\":\"Person\",\"@id\":\"https:\\\/\\\/lightweb.dev\\\/l\\\/svm-temp\\\/#\\\/schema\\\/person\\\/206a3bda5b607b0c25e1749191e4d837\",\"name\":\"Redaktionen SvM\",\"description\":\"Redaktionen\",\"sameAs\":[\"https:\\\/\\\/lightweb.dev\\\/l\\\/svm-temp\"],\"url\":\"https:\\\/\\\/lightweb.dev\\\/l\\\/svm-temp\\\/reporter\\\/redaktionen\\\/\"}]}<\/script>\n<!-- \/ Yoast SEO Premium plugin. -->","yoast_head_json":{"title":"Flera kustkommuner n\u00e5r inte upp till EU:s m\u00e5l om antalet poliser - Svenska Magasinet","robots":{"index":"noindex","follow":"follow","max-snippet":"max-snippet:-1","max-image-preview":"max-image-preview:large","max-video-preview":"max-video-preview:-1"},"og_locale":"sv_SE","og_type":"article","og_title":"Flera kustkommuner n\u00e5r inte upp till EU:s m\u00e5l om antalet poliser","og_description":"Antalet lokalpoliser p\u00e5 Costa del Sol och i provinsen M\u00e1laga har inte ersatts tillr\u00e4ckligt i samband med stora pensionsavg\u00e5ngar. Enligt europeiska unionens rekommendation b\u00f6r det finnas en polis p\u00e5 556 inv\u00e5nare. I M\u00e1laga stad har exempelvis antalet lokalpoliser totalt minskat fr\u00e5n 980 (2006) till 856 (2020). En lokalpolis kan g\u00e5 i pension vid 59 \u00e5rs [&hellip;]","og_url":"https:\/\/lightweb.dev\/l\/svm-temp\/nyheter\/flera-kustkommuner-nar-inte-upp-till-eus-mal-om-antalet-poliser\/","og_site_name":"Svenska Magasinet","article_publisher":"https:\/\/www.facebook.com\/svenskamagasinet","article_published_time":"2020-02-10T23:00:00+00:00","og_image":[{"width":700,"height":420,"url":"https:\/\/lightweb.dev\/l\/svm-temp\/wp-content\/uploads\/2022\/06\/flera-kustkommuner-nar-inte-upp-till-eus-mal-om-antalet-poliser.png","type":"image\/png"}],"author":"Redaktionen SvM","twitter_card":"summary_large_image","twitter_creator":"@SvenskaMagasine","twitter_site":"@SvenskaMagasine","schema":{"@context":"https:\/\/schema.org","@graph":[{"@type":"Article","@id":"https:\/\/lightweb.dev\/l\/svm-temp\/nyheter\/flera-kustkommuner-nar-inte-upp-till-eus-mal-om-antalet-poliser\/#article","isPartOf":{"@id":"https:\/\/lightweb.dev\/l\/svm-temp\/nyheter\/flera-kustkommuner-nar-inte-upp-till-eus-mal-om-antalet-poliser\/"},"author":{"name":"Redaktionen SvM","@id":"https:\/\/lightweb.dev\/l\/svm-temp\/#\/schema\/person\/206a3bda5b607b0c25e1749191e4d837"},"headline":"Flera kustkommuner n\u00e5r inte upp till EU:s m\u00e5l om antalet poliser","datePublished":"2020-02-10T23:00:00+00:00","mainEntityOfPage":{"@id":"https:\/\/lightweb.dev\/l\/svm-temp\/nyheter\/flera-kustkommuner-nar-inte-upp-till-eus-mal-om-antalet-poliser\/"},"wordCount":282,"commentCount":0,"publisher":{"@id":"https:\/\/lightweb.dev\/l\/svm-temp\/#organization"},"image":{"@id":"https:\/\/lightweb.dev\/l\/svm-temp\/nyheter\/flera-kustkommuner-nar-inte-upp-till-eus-mal-om-antalet-poliser\/#primaryimage"},"thumbnailUrl":"https:\/\/lightweb.dev\/l\/svm-temp\/wp-content\/uploads\/2022\/06\/flera-kustkommuner-nar-inte-upp-till-eus-mal-om-antalet-poliser.png","articleSection":["Arkiv","Nyheter"],"inLanguage":"sv-SE"},{"@type":"WebPage","@id":"https:\/\/lightweb.dev\/l\/svm-temp\/nyheter\/flera-kustkommuner-nar-inte-upp-till-eus-mal-om-antalet-poliser\/","url":"https:\/\/lightweb.dev\/l\/svm-temp\/nyheter\/flera-kustkommuner-nar-inte-upp-till-eus-mal-om-antalet-poliser\/","name":"Flera kustkommuner n\u00e5r inte upp till EU:s m\u00e5l om antalet poliser - Svenska Magasinet","isPartOf":{"@id":"https:\/\/lightweb.dev\/l\/svm-temp\/#website"},"primaryImageOfPage":{"@id":"https:\/\/lightweb.dev\/l\/svm-temp\/nyheter\/flera-kustkommuner-nar-inte-upp-till-eus-mal-om-antalet-poliser\/#primaryimage"},"image":{"@id":"https:\/\/lightweb.dev\/l\/svm-temp\/nyheter\/flera-kustkommuner-nar-inte-upp-till-eus-mal-om-antalet-poliser\/#primaryimage"},"thumbnailUrl":"https:\/\/lightweb.dev\/l\/svm-temp\/wp-content\/uploads\/2022\/06\/flera-kustkommuner-nar-inte-upp-till-eus-mal-om-antalet-poliser.png","datePublished":"2020-02-10T23:00:00+00:00","breadcrumb":{"@id":"https:\/\/lightweb.dev\/l\/svm-temp\/nyheter\/flera-kustkommuner-nar-inte-upp-till-eus-mal-om-antalet-poliser\/#breadcrumb"},"inLanguage":"sv-SE","potentialAction":[{"@type":"ReadAction","target":["https:\/\/lightweb.dev\/l\/svm-temp\/nyheter\/flera-kustkommuner-nar-inte-upp-till-eus-mal-om-antalet-poliser\/"]}]},{"@type":"ImageObject","inLanguage":"sv-SE","@id":"https:\/\/lightweb.dev\/l\/svm-temp\/nyheter\/flera-kustkommuner-nar-inte-upp-till-eus-mal-om-antalet-poliser\/#primaryimage","url":"https:\/\/lightweb.dev\/l\/svm-temp\/wp-content\/uploads\/2022\/06\/flera-kustkommuner-nar-inte-upp-till-eus-mal-om-antalet-poliser.png","contentUrl":"https:\/\/lightweb.dev\/l\/svm-temp\/wp-content\/uploads\/2022\/06\/flera-kustkommuner-nar-inte-upp-till-eus-mal-om-antalet-poliser.png","width":700,"height":420},{"@type":"BreadcrumbList","@id":"https:\/\/lightweb.dev\/l\/svm-temp\/nyheter\/flera-kustkommuner-nar-inte-upp-till-eus-mal-om-antalet-poliser\/#breadcrumb","itemListElement":[{"@type":"ListItem","position":1,"name":"Hem","item":"https:\/\/lightweb.dev\/l\/svm-temp\/"},{"@type":"ListItem","position":2,"name":"Flera kustkommuner n\u00e5r inte upp till EU:s m\u00e5l om antalet poliser"}]},{"@type":"WebSite","@id":"https:\/\/lightweb.dev\/l\/svm-temp\/#website","url":"https:\/\/lightweb.dev\/l\/svm-temp\/","name":"Svenska Magasinet","description":"Dina Spanska nyheter p&aring; Svenska","publisher":{"@id":"https:\/\/lightweb.dev\/l\/svm-temp\/#organization"},"potentialAction":[{"@type":"SearchAction","target":{"@type":"EntryPoint","urlTemplate":"https:\/\/lightweb.dev\/l\/svm-temp\/?s={search_term_string}"},"query-input":{"@type":"PropertyValueSpecification","valueRequired":true,"valueName":"search_term_string"}}],"inLanguage":"sv-SE"},{"@type":"Organization","@id":"https:\/\/lightweb.dev\/l\/svm-temp\/#organization","name":"Melkerson y Nott SL","alternateName":"Svenska Magasinet","url":"https:\/\/lightweb.dev\/l\/svm-temp\/","logo":{"@type":"ImageObject","inLanguage":"sv-SE","@id":"https:\/\/lightweb.dev\/l\/svm-temp\/#\/schema\/logo\/image\/","url":"https:\/\/lightweb.dev\/l\/svm-temp\/wp-content\/uploads\/2025\/02\/SvM-logo-Xtra-Centrerad-SVART.png","contentUrl":"https:\/\/lightweb.dev\/l\/svm-temp\/wp-content\/uploads\/2025\/02\/SvM-logo-Xtra-Centrerad-SVART.png","width":300,"height":99,"caption":"Melkerson y Nott SL"},"image":{"@id":"https:\/\/lightweb.dev\/l\/svm-temp\/#\/schema\/logo\/image\/"},"sameAs":["https:\/\/www.facebook.com\/svenskamagasinet","https:\/\/x.com\/SvenskaMagasine"]},{"@type":"Person","@id":"https:\/\/lightweb.dev\/l\/svm-temp\/#\/schema\/person\/206a3bda5b607b0c25e1749191e4d837","name":"Redaktionen SvM","description":"Redaktionen","sameAs":["https:\/\/lightweb.dev\/l\/svm-temp"],"url":"https:\/\/lightweb.dev\/l\/svm-temp\/reporter\/redaktionen\/"}]}},"_links":{"self":[{"href":"https:\/\/lightweb.dev\/l\/svm-temp\/wp-json\/wp\/v2\/posts\/14800","targetHints":{"allow":["GET"]}}],"collection":[{"href":"https:\/\/lightweb.dev\/l\/svm-temp\/wp-json\/wp\/v2\/posts"}],"about":[{"href":"https:\/\/lightweb.dev\/l\/svm-temp\/wp-json\/wp\/v2\/types\/post"}],"author":[{"embeddable":true,"href":"https:\/\/lightweb.dev\/l\/svm-temp\/wp-json\/wp\/v2\/users\/8"}],"replies":[{"embeddable":true,"href":"https:\/\/lightweb.dev\/l\/svm-temp\/wp-json\/wp\/v2\/comments?post=14800"}],"version-history":[{"count":0,"href":"https:\/\/lightweb.dev\/l\/svm-temp\/wp-json\/wp\/v2\/posts\/14800\/revisions"}],"wp:featuredmedia":[{"embeddable":true,"href":"https:\/\/lightweb.dev\/l\/svm-temp\/wp-json\/wp\/v2\/media\/14802"}],"wp:attachment":[{"href":"https:\/\/lightweb.dev\/l\/svm-temp\/wp-json\/wp\/v2\/media?parent=14800"}],"wp:term":[{"taxonomy":"category","embeddable":true,"href":"https:\/\/lightweb.dev\/l\/svm-temp\/wp-json\/wp\/v2\/categories?post=14800"},{"taxonomy":"post_tag","embeddable":true,"href":"https:\/\/lightweb.dev\/l\/svm-temp\/wp-json\/wp\/v2\/tags?post=14800"}],"curies":[{"name":"wp","href":"https:\/\/api.w.org\/{rel}","templated":true}]}}