{"id":14809,"date":"2020-02-10T00:00:00","date_gmt":"2020-02-09T23:00:00","guid":{"rendered":"https:\/\/lightweb.dev\/l\/svm-temp\/nyheter\/gront-ljus-till-avskjutning-av-vildsvin-med-bagskyttar\/"},"modified":"2020-02-10T00:00:00","modified_gmt":"2020-02-09T23:00:00","slug":"gront-ljus-till-avskjutning-av-vildsvin-med-bagskyttar","status":"publish","type":"post","link":"https:\/\/lightweb.dev\/l\/svm-temp\/nyheter\/gront-ljus-till-avskjutning-av-vildsvin-med-bagskyttar\/","title":{"rendered":"Gr\u00f6nt ljus till avskjutning av vildsvin med b\u00e5gskyttar"},"content":{"rendered":"<p> Regionalregeringen Junta de Andalucia har gett gr\u00f6nt ljus till att ta in ett team b\u00e5gskyttar f\u00f6r att minska best\u00e5ndet av vildsvin i bostadsomr\u00e5den p\u00e5 Costa del Sol. Det r\u00f6r sig om medlemmar i en andalusisk b\u00e5gskyttf\u00f6rening (Servicio de Controladores con Arco de la Federaci\u00f3n Andaluza de Caza) som f\u00e5r uppdraget.<\/p>\n<p>Vildsvin samt tamgris och vietnamesiska svin som \u00e4r importerade som husdjur och som sl\u00e4pps ut som vuxna orsakar problem i m\u00e5nga urbaniseringar, parker och anl\u00e4ggningar p\u00e5 kusten. Det \u00e4r fr\u00e4mst i bostadsomr\u00e5den och i kustn\u00e4ra kommuner som ligger n\u00e4ra berg som har f\u00e5tt stora problem med vildsvin som \u00e4ven tar sig in i centrum p\u00e5 jakt efter f\u00f6da och vatten.<\/p>\n<p>Omr\u00e5det Xarblanca norr om Marbella \u00e4r extra utsatt men liknande problem rapporteras i Benahav\u00eds, Mijas och Benalm\u00e1dena. \u00c4ven i M\u00e1laga stad har vildsvin observerats i Parque Clavero och Ciudad Jard\u00edn. De har orsakat bilolyckor, f\u00f6rst\u00f6rda tr\u00e4dg\u00e5rdar och p\u00e5verkan vid golfbanor.<\/p>\n<p>De b\u00e5gskyttar som s\u00e4tts in f\u00f6r att minska best\u00e5ndet av vildsvin \u00e4r professionella och uppfyller samtliga s\u00e4kerhetsf\u00f6reskrifter. Totalt r\u00f6r det sig om 16 kvalificerade b\u00e5gskyttar skriver Diario SUR.<\/p>\n<p>B\u00e5gskytte anses att f\u00f6redra d\u00e5 den som skjuter alltid g\u00f6r det fr\u00e5n en upph\u00f6jd position och ned\u00e5t inom en r\u00e4ckvidd p\u00e5 10-12 meter fr\u00e5n djuret. B\u00e5gskytte har tidigare anv\u00e4nts i Madridregionen f\u00f6r att minska best\u00e5ndet av vildsvin.<\/p>\n","protected":false},"excerpt":{"rendered":"<p>Regionalregeringen Junta de Andalucia har gett gr\u00f6nt ljus till att ta in ett team b\u00e5gskyttar f\u00f6r att minska best\u00e5ndet av vildsvin i bostadsomr\u00e5den p\u00e5 Costa del Sol. Det r\u00f6r sig om medlemmar i en andalusisk b\u00e5gskyttf\u00f6rening (Servicio de Controladores con Arco de la Federaci\u00f3n Andaluza de Caza) som f\u00e5r uppdraget. Vildsvin samt tamgris och vietnamesiska [&hellip;]<\/p>\n","protected":false},"author":8,"featured_media":14810,"comment_status":"open","ping_status":"open","sticky":false,"template":"","format":"standard","meta":{"_et_pb_use_builder":"","_et_pb_old_content":"","_et_gb_content_width":"","footnotes":""},"categories":[395,3],"tags":[],"class_list":["post-14809","post","type-post","status-publish","format-standard","has-post-thumbnail","hentry","category-arkiv-nyheter","category-nyheter"],"yoast_head":"<!-- This site is optimized with the Yoast SEO Premium plugin v26.2 (Yoast SEO v27.4) - https:\/\/yoast.com\/product\/yoast-seo-premium-wordpress\/ -->\n<title>Gr\u00f6nt ljus till avskjutning av vildsvin med b\u00e5gskyttar - Svenska Magasinet<\/title>\n<meta name=\"robots\" content=\"noindex, follow, max-snippet:-1, max-image-preview:large, max-video-preview:-1\" \/>\n<meta property=\"og:locale\" content=\"sv_SE\" \/>\n<meta property=\"og:type\" content=\"article\" \/>\n<meta property=\"og:title\" content=\"Gr\u00f6nt ljus till avskjutning av vildsvin med b\u00e5gskyttar\" \/>\n<meta property=\"og:description\" content=\"Regionalregeringen Junta de Andalucia har gett gr\u00f6nt ljus till att ta in ett team b\u00e5gskyttar f\u00f6r att minska best\u00e5ndet av vildsvin i bostadsomr\u00e5den p\u00e5 Costa del Sol. Det r\u00f6r sig om medlemmar i en andalusisk b\u00e5gskyttf\u00f6rening (Servicio de Controladores con Arco de la Federaci\u00f3n Andaluza de Caza) som f\u00e5r uppdraget. Vildsvin samt tamgris och vietnamesiska [&hellip;]\" \/>\n<meta property=\"og:url\" content=\"https:\/\/lightweb.dev\/l\/svm-temp\/nyheter\/gront-ljus-till-avskjutning-av-vildsvin-med-bagskyttar\/\" \/>\n<meta property=\"og:site_name\" content=\"Svenska Magasinet\" \/>\n<meta property=\"article:publisher\" content=\"https:\/\/www.facebook.com\/svenskamagasinet\" \/>\n<meta property=\"article:published_time\" content=\"2020-02-09T23:00:00+00:00\" \/>\n<meta property=\"og:image\" content=\"https:\/\/lightweb.dev\/l\/svm-temp\/wp-content\/uploads\/2022\/06\/gront-ljus-till-avskjutning-av-vildsvin-med-bagskyttar.png\" \/>\n\t<meta property=\"og:image:width\" content=\"700\" \/>\n\t<meta property=\"og:image:height\" content=\"420\" \/>\n\t<meta property=\"og:image:type\" content=\"image\/png\" \/>\n<meta name=\"author\" content=\"Redaktionen SvM\" \/>\n<meta name=\"twitter:card\" content=\"summary_large_image\" \/>\n<meta name=\"twitter:creator\" content=\"@SvenskaMagasine\" \/>\n<meta name=\"twitter:site\" content=\"@SvenskaMagasine\" \/>\n<script type=\"application\/ld+json\" class=\"yoast-schema-graph\">{\"@context\":\"https:\\\/\\\/schema.org\",\"@graph\":[{\"@type\":\"Article\",\"@id\":\"https:\\\/\\\/lightweb.dev\\\/l\\\/svm-temp\\\/nyheter\\\/gront-ljus-till-avskjutning-av-vildsvin-med-bagskyttar\\\/#article\",\"isPartOf\":{\"@id\":\"https:\\\/\\\/lightweb.dev\\\/l\\\/svm-temp\\\/nyheter\\\/gront-ljus-till-avskjutning-av-vildsvin-med-bagskyttar\\\/\"},\"author\":{\"name\":\"Redaktionen SvM\",\"@id\":\"https:\\\/\\\/lightweb.dev\\\/l\\\/svm-temp\\\/#\\\/schema\\\/person\\\/206a3bda5b607b0c25e1749191e4d837\"},\"headline\":\"Gr\u00f6nt ljus till avskjutning av vildsvin med b\u00e5gskyttar\",\"datePublished\":\"2020-02-09T23:00:00+00:00\",\"mainEntityOfPage\":{\"@id\":\"https:\\\/\\\/lightweb.dev\\\/l\\\/svm-temp\\\/nyheter\\\/gront-ljus-till-avskjutning-av-vildsvin-med-bagskyttar\\\/\"},\"wordCount\":273,\"commentCount\":0,\"publisher\":{\"@id\":\"https:\\\/\\\/lightweb.dev\\\/l\\\/svm-temp\\\/#organization\"},\"image\":{\"@id\":\"https:\\\/\\\/lightweb.dev\\\/l\\\/svm-temp\\\/nyheter\\\/gront-ljus-till-avskjutning-av-vildsvin-med-bagskyttar\\\/#primaryimage\"},\"thumbnailUrl\":\"https:\\\/\\\/lightweb.dev\\\/l\\\/svm-temp\\\/wp-content\\\/uploads\\\/2022\\\/06\\\/gront-ljus-till-avskjutning-av-vildsvin-med-bagskyttar.png\",\"articleSection\":[\"Arkiv\",\"Nyheter\"],\"inLanguage\":\"sv-SE\"},{\"@type\":\"WebPage\",\"@id\":\"https:\\\/\\\/lightweb.dev\\\/l\\\/svm-temp\\\/nyheter\\\/gront-ljus-till-avskjutning-av-vildsvin-med-bagskyttar\\\/\",\"url\":\"https:\\\/\\\/lightweb.dev\\\/l\\\/svm-temp\\\/nyheter\\\/gront-ljus-till-avskjutning-av-vildsvin-med-bagskyttar\\\/\",\"name\":\"Gr\u00f6nt ljus till avskjutning av vildsvin med b\u00e5gskyttar - Svenska Magasinet\",\"isPartOf\":{\"@id\":\"https:\\\/\\\/lightweb.dev\\\/l\\\/svm-temp\\\/#website\"},\"primaryImageOfPage\":{\"@id\":\"https:\\\/\\\/lightweb.dev\\\/l\\\/svm-temp\\\/nyheter\\\/gront-ljus-till-avskjutning-av-vildsvin-med-bagskyttar\\\/#primaryimage\"},\"image\":{\"@id\":\"https:\\\/\\\/lightweb.dev\\\/l\\\/svm-temp\\\/nyheter\\\/gront-ljus-till-avskjutning-av-vildsvin-med-bagskyttar\\\/#primaryimage\"},\"thumbnailUrl\":\"https:\\\/\\\/lightweb.dev\\\/l\\\/svm-temp\\\/wp-content\\\/uploads\\\/2022\\\/06\\\/gront-ljus-till-avskjutning-av-vildsvin-med-bagskyttar.png\",\"datePublished\":\"2020-02-09T23:00:00+00:00\",\"breadcrumb\":{\"@id\":\"https:\\\/\\\/lightweb.dev\\\/l\\\/svm-temp\\\/nyheter\\\/gront-ljus-till-avskjutning-av-vildsvin-med-bagskyttar\\\/#breadcrumb\"},\"inLanguage\":\"sv-SE\",\"potentialAction\":[{\"@type\":\"ReadAction\",\"target\":[\"https:\\\/\\\/lightweb.dev\\\/l\\\/svm-temp\\\/nyheter\\\/gront-ljus-till-avskjutning-av-vildsvin-med-bagskyttar\\\/\"]}]},{\"@type\":\"ImageObject\",\"inLanguage\":\"sv-SE\",\"@id\":\"https:\\\/\\\/lightweb.dev\\\/l\\\/svm-temp\\\/nyheter\\\/gront-ljus-till-avskjutning-av-vildsvin-med-bagskyttar\\\/#primaryimage\",\"url\":\"https:\\\/\\\/lightweb.dev\\\/l\\\/svm-temp\\\/wp-content\\\/uploads\\\/2022\\\/06\\\/gront-ljus-till-avskjutning-av-vildsvin-med-bagskyttar.png\",\"contentUrl\":\"https:\\\/\\\/lightweb.dev\\\/l\\\/svm-temp\\\/wp-content\\\/uploads\\\/2022\\\/06\\\/gront-ljus-till-avskjutning-av-vildsvin-med-bagskyttar.png\",\"width\":700,\"height\":420},{\"@type\":\"BreadcrumbList\",\"@id\":\"https:\\\/\\\/lightweb.dev\\\/l\\\/svm-temp\\\/nyheter\\\/gront-ljus-till-avskjutning-av-vildsvin-med-bagskyttar\\\/#breadcrumb\",\"itemListElement\":[{\"@type\":\"ListItem\",\"position\":1,\"name\":\"Hem\",\"item\":\"https:\\\/\\\/lightweb.dev\\\/l\\\/svm-temp\\\/\"},{\"@type\":\"ListItem\",\"position\":2,\"name\":\"Gr\u00f6nt ljus till avskjutning av vildsvin med b\u00e5gskyttar\"}]},{\"@type\":\"WebSite\",\"@id\":\"https:\\\/\\\/lightweb.dev\\\/l\\\/svm-temp\\\/#website\",\"url\":\"https:\\\/\\\/lightweb.dev\\\/l\\\/svm-temp\\\/\",\"name\":\"Svenska Magasinet\",\"description\":\"Dina Spanska nyheter p&aring; Svenska\",\"publisher\":{\"@id\":\"https:\\\/\\\/lightweb.dev\\\/l\\\/svm-temp\\\/#organization\"},\"potentialAction\":[{\"@type\":\"SearchAction\",\"target\":{\"@type\":\"EntryPoint\",\"urlTemplate\":\"https:\\\/\\\/lightweb.dev\\\/l\\\/svm-temp\\\/?s={search_term_string}\"},\"query-input\":{\"@type\":\"PropertyValueSpecification\",\"valueRequired\":true,\"valueName\":\"search_term_string\"}}],\"inLanguage\":\"sv-SE\"},{\"@type\":\"Organization\",\"@id\":\"https:\\\/\\\/lightweb.dev\\\/l\\\/svm-temp\\\/#organization\",\"name\":\"Melkerson y Nott SL\",\"alternateName\":\"Svenska Magasinet\",\"url\":\"https:\\\/\\\/lightweb.dev\\\/l\\\/svm-temp\\\/\",\"logo\":{\"@type\":\"ImageObject\",\"inLanguage\":\"sv-SE\",\"@id\":\"https:\\\/\\\/lightweb.dev\\\/l\\\/svm-temp\\\/#\\\/schema\\\/logo\\\/image\\\/\",\"url\":\"https:\\\/\\\/lightweb.dev\\\/l\\\/svm-temp\\\/wp-content\\\/uploads\\\/2025\\\/02\\\/SvM-logo-Xtra-Centrerad-SVART.png\",\"contentUrl\":\"https:\\\/\\\/lightweb.dev\\\/l\\\/svm-temp\\\/wp-content\\\/uploads\\\/2025\\\/02\\\/SvM-logo-Xtra-Centrerad-SVART.png\",\"width\":300,\"height\":99,\"caption\":\"Melkerson y Nott SL\"},\"image\":{\"@id\":\"https:\\\/\\\/lightweb.dev\\\/l\\\/svm-temp\\\/#\\\/schema\\\/logo\\\/image\\\/\"},\"sameAs\":[\"https:\\\/\\\/www.facebook.com\\\/svenskamagasinet\",\"https:\\\/\\\/x.com\\\/SvenskaMagasine\"]},{\"@type\":\"Person\",\"@id\":\"https:\\\/\\\/lightweb.dev\\\/l\\\/svm-temp\\\/#\\\/schema\\\/person\\\/206a3bda5b607b0c25e1749191e4d837\",\"name\":\"Redaktionen SvM\",\"description\":\"Redaktionen\",\"sameAs\":[\"https:\\\/\\\/lightweb.dev\\\/l\\\/svm-temp\"],\"url\":\"https:\\\/\\\/lightweb.dev\\\/l\\\/svm-temp\\\/reporter\\\/redaktionen\\\/\"}]}<\/script>\n<!-- \/ Yoast SEO Premium plugin. -->","yoast_head_json":{"title":"Gr\u00f6nt ljus till avskjutning av vildsvin med b\u00e5gskyttar - Svenska Magasinet","robots":{"index":"noindex","follow":"follow","max-snippet":"max-snippet:-1","max-image-preview":"max-image-preview:large","max-video-preview":"max-video-preview:-1"},"og_locale":"sv_SE","og_type":"article","og_title":"Gr\u00f6nt ljus till avskjutning av vildsvin med b\u00e5gskyttar","og_description":"Regionalregeringen Junta de Andalucia har gett gr\u00f6nt ljus till att ta in ett team b\u00e5gskyttar f\u00f6r att minska best\u00e5ndet av vildsvin i bostadsomr\u00e5den p\u00e5 Costa del Sol. Det r\u00f6r sig om medlemmar i en andalusisk b\u00e5gskyttf\u00f6rening (Servicio de Controladores con Arco de la Federaci\u00f3n Andaluza de Caza) som f\u00e5r uppdraget. Vildsvin samt tamgris och vietnamesiska [&hellip;]","og_url":"https:\/\/lightweb.dev\/l\/svm-temp\/nyheter\/gront-ljus-till-avskjutning-av-vildsvin-med-bagskyttar\/","og_site_name":"Svenska Magasinet","article_publisher":"https:\/\/www.facebook.com\/svenskamagasinet","article_published_time":"2020-02-09T23:00:00+00:00","og_image":[{"width":700,"height":420,"url":"https:\/\/lightweb.dev\/l\/svm-temp\/wp-content\/uploads\/2022\/06\/gront-ljus-till-avskjutning-av-vildsvin-med-bagskyttar.png","type":"image\/png"}],"author":"Redaktionen SvM","twitter_card":"summary_large_image","twitter_creator":"@SvenskaMagasine","twitter_site":"@SvenskaMagasine","schema":{"@context":"https:\/\/schema.org","@graph":[{"@type":"Article","@id":"https:\/\/lightweb.dev\/l\/svm-temp\/nyheter\/gront-ljus-till-avskjutning-av-vildsvin-med-bagskyttar\/#article","isPartOf":{"@id":"https:\/\/lightweb.dev\/l\/svm-temp\/nyheter\/gront-ljus-till-avskjutning-av-vildsvin-med-bagskyttar\/"},"author":{"name":"Redaktionen SvM","@id":"https:\/\/lightweb.dev\/l\/svm-temp\/#\/schema\/person\/206a3bda5b607b0c25e1749191e4d837"},"headline":"Gr\u00f6nt ljus till avskjutning av vildsvin med b\u00e5gskyttar","datePublished":"2020-02-09T23:00:00+00:00","mainEntityOfPage":{"@id":"https:\/\/lightweb.dev\/l\/svm-temp\/nyheter\/gront-ljus-till-avskjutning-av-vildsvin-med-bagskyttar\/"},"wordCount":273,"commentCount":0,"publisher":{"@id":"https:\/\/lightweb.dev\/l\/svm-temp\/#organization"},"image":{"@id":"https:\/\/lightweb.dev\/l\/svm-temp\/nyheter\/gront-ljus-till-avskjutning-av-vildsvin-med-bagskyttar\/#primaryimage"},"thumbnailUrl":"https:\/\/lightweb.dev\/l\/svm-temp\/wp-content\/uploads\/2022\/06\/gront-ljus-till-avskjutning-av-vildsvin-med-bagskyttar.png","articleSection":["Arkiv","Nyheter"],"inLanguage":"sv-SE"},{"@type":"WebPage","@id":"https:\/\/lightweb.dev\/l\/svm-temp\/nyheter\/gront-ljus-till-avskjutning-av-vildsvin-med-bagskyttar\/","url":"https:\/\/lightweb.dev\/l\/svm-temp\/nyheter\/gront-ljus-till-avskjutning-av-vildsvin-med-bagskyttar\/","name":"Gr\u00f6nt ljus till avskjutning av vildsvin med b\u00e5gskyttar - Svenska Magasinet","isPartOf":{"@id":"https:\/\/lightweb.dev\/l\/svm-temp\/#website"},"primaryImageOfPage":{"@id":"https:\/\/lightweb.dev\/l\/svm-temp\/nyheter\/gront-ljus-till-avskjutning-av-vildsvin-med-bagskyttar\/#primaryimage"},"image":{"@id":"https:\/\/lightweb.dev\/l\/svm-temp\/nyheter\/gront-ljus-till-avskjutning-av-vildsvin-med-bagskyttar\/#primaryimage"},"thumbnailUrl":"https:\/\/lightweb.dev\/l\/svm-temp\/wp-content\/uploads\/2022\/06\/gront-ljus-till-avskjutning-av-vildsvin-med-bagskyttar.png","datePublished":"2020-02-09T23:00:00+00:00","breadcrumb":{"@id":"https:\/\/lightweb.dev\/l\/svm-temp\/nyheter\/gront-ljus-till-avskjutning-av-vildsvin-med-bagskyttar\/#breadcrumb"},"inLanguage":"sv-SE","potentialAction":[{"@type":"ReadAction","target":["https:\/\/lightweb.dev\/l\/svm-temp\/nyheter\/gront-ljus-till-avskjutning-av-vildsvin-med-bagskyttar\/"]}]},{"@type":"ImageObject","inLanguage":"sv-SE","@id":"https:\/\/lightweb.dev\/l\/svm-temp\/nyheter\/gront-ljus-till-avskjutning-av-vildsvin-med-bagskyttar\/#primaryimage","url":"https:\/\/lightweb.dev\/l\/svm-temp\/wp-content\/uploads\/2022\/06\/gront-ljus-till-avskjutning-av-vildsvin-med-bagskyttar.png","contentUrl":"https:\/\/lightweb.dev\/l\/svm-temp\/wp-content\/uploads\/2022\/06\/gront-ljus-till-avskjutning-av-vildsvin-med-bagskyttar.png","width":700,"height":420},{"@type":"BreadcrumbList","@id":"https:\/\/lightweb.dev\/l\/svm-temp\/nyheter\/gront-ljus-till-avskjutning-av-vildsvin-med-bagskyttar\/#breadcrumb","itemListElement":[{"@type":"ListItem","position":1,"name":"Hem","item":"https:\/\/lightweb.dev\/l\/svm-temp\/"},{"@type":"ListItem","position":2,"name":"Gr\u00f6nt ljus till avskjutning av vildsvin med b\u00e5gskyttar"}]},{"@type":"WebSite","@id":"https:\/\/lightweb.dev\/l\/svm-temp\/#website","url":"https:\/\/lightweb.dev\/l\/svm-temp\/","name":"Svenska Magasinet","description":"Dina Spanska nyheter p&aring; Svenska","publisher":{"@id":"https:\/\/lightweb.dev\/l\/svm-temp\/#organization"},"potentialAction":[{"@type":"SearchAction","target":{"@type":"EntryPoint","urlTemplate":"https:\/\/lightweb.dev\/l\/svm-temp\/?s={search_term_string}"},"query-input":{"@type":"PropertyValueSpecification","valueRequired":true,"valueName":"search_term_string"}}],"inLanguage":"sv-SE"},{"@type":"Organization","@id":"https:\/\/lightweb.dev\/l\/svm-temp\/#organization","name":"Melkerson y Nott SL","alternateName":"Svenska Magasinet","url":"https:\/\/lightweb.dev\/l\/svm-temp\/","logo":{"@type":"ImageObject","inLanguage":"sv-SE","@id":"https:\/\/lightweb.dev\/l\/svm-temp\/#\/schema\/logo\/image\/","url":"https:\/\/lightweb.dev\/l\/svm-temp\/wp-content\/uploads\/2025\/02\/SvM-logo-Xtra-Centrerad-SVART.png","contentUrl":"https:\/\/lightweb.dev\/l\/svm-temp\/wp-content\/uploads\/2025\/02\/SvM-logo-Xtra-Centrerad-SVART.png","width":300,"height":99,"caption":"Melkerson y Nott SL"},"image":{"@id":"https:\/\/lightweb.dev\/l\/svm-temp\/#\/schema\/logo\/image\/"},"sameAs":["https:\/\/www.facebook.com\/svenskamagasinet","https:\/\/x.com\/SvenskaMagasine"]},{"@type":"Person","@id":"https:\/\/lightweb.dev\/l\/svm-temp\/#\/schema\/person\/206a3bda5b607b0c25e1749191e4d837","name":"Redaktionen SvM","description":"Redaktionen","sameAs":["https:\/\/lightweb.dev\/l\/svm-temp"],"url":"https:\/\/lightweb.dev\/l\/svm-temp\/reporter\/redaktionen\/"}]}},"_links":{"self":[{"href":"https:\/\/lightweb.dev\/l\/svm-temp\/wp-json\/wp\/v2\/posts\/14809","targetHints":{"allow":["GET"]}}],"collection":[{"href":"https:\/\/lightweb.dev\/l\/svm-temp\/wp-json\/wp\/v2\/posts"}],"about":[{"href":"https:\/\/lightweb.dev\/l\/svm-temp\/wp-json\/wp\/v2\/types\/post"}],"author":[{"embeddable":true,"href":"https:\/\/lightweb.dev\/l\/svm-temp\/wp-json\/wp\/v2\/users\/8"}],"replies":[{"embeddable":true,"href":"https:\/\/lightweb.dev\/l\/svm-temp\/wp-json\/wp\/v2\/comments?post=14809"}],"version-history":[{"count":0,"href":"https:\/\/lightweb.dev\/l\/svm-temp\/wp-json\/wp\/v2\/posts\/14809\/revisions"}],"wp:featuredmedia":[{"embeddable":true,"href":"https:\/\/lightweb.dev\/l\/svm-temp\/wp-json\/wp\/v2\/media\/14810"}],"wp:attachment":[{"href":"https:\/\/lightweb.dev\/l\/svm-temp\/wp-json\/wp\/v2\/media?parent=14809"}],"wp:term":[{"taxonomy":"category","embeddable":true,"href":"https:\/\/lightweb.dev\/l\/svm-temp\/wp-json\/wp\/v2\/categories?post=14809"},{"taxonomy":"post_tag","embeddable":true,"href":"https:\/\/lightweb.dev\/l\/svm-temp\/wp-json\/wp\/v2\/tags?post=14809"}],"curies":[{"name":"wp","href":"https:\/\/api.w.org\/{rel}","templated":true}]}}