{"id":14819,"date":"2020-02-07T00:00:00","date_gmt":"2020-02-06T23:00:00","guid":{"rendered":"https:\/\/lightweb.dev\/l\/svm-temp\/nyheter\/populister-satter-dagordningen-for-traditionella-partier\/"},"modified":"2020-02-07T00:00:00","modified_gmt":"2020-02-06T23:00:00","slug":"populister-satter-dagordningen-for-traditionella-partier","status":"publish","type":"post","link":"https:\/\/lightweb.dev\/l\/svm-temp\/nyheter\/populister-satter-dagordningen-for-traditionella-partier\/","title":{"rendered":"Populister s\u00e4tter dagordningen f\u00f6r traditionella partier"},"content":{"rendered":"<p> Populism bygger p\u00e5 enkla svar p\u00e5 sv\u00e5ra fr\u00e5gor som samtidigt vattnar ur debatten. Populisten \u00e4r en som vill ha makten men vanligtvis inte vet s\u00e5 mycket om ekonomi eller politik, men som har en politisk strategi. Populistens syfte \u00e4r att bl\u00e4nda tillr\u00e4ckligt m\u00e5nga m\u00e4nniskor s\u00e5 att denne kan f\u00e5 tillg\u00e5ng till makten och blir d\u00e4r. Populisten anpassar sig ekonomiskt till de vindar som \u00e4r mest gynnsamma.<\/p>\n<p>Det s\u00e4ger Carlos Gran\u00e9s (Bogot\u00e1, 1975) med doktorsexamen i socialantropologi vid Complutense universitetet i Madrid numera vid Berkley universitetet. I tisdags f\u00f6rel\u00e4ste han p\u00e5 La T\u00e9rmica (bilden), centrum f\u00f6r samtida kultur, i M\u00e1laga. I en intervju p\u00e5 fredagen i Diario SUR analyserar han populismens inflytande p\u00e5 den aktuella politiken.<\/p>\n<p>Populister s\u00e4tter dagordningen f\u00f6r traditionella partier, menar Carlos Gran\u00e9s och n\u00e4mner den katalanska sj\u00e4lvst\u00e4ndighetsr\u00f6relsen som en tydlig kraft till populismens framfart.<\/p>\n<p>Populism \u00e4r inte en ideologi, mera en inst\u00e4llning till politik och inst\u00e4llningen att f\u00f6rf\u00f6ra v\u00e4ljarna. Populismen anv\u00e4nder sig av v\u00e4nsterns slagord vilket g\u00f6r populismen till en konstig blandning med tv\u00e5 ansikten, menar Gran\u00e9s.<\/p>\n<p>Spanien har tv\u00e5 populistiska partier enligt Gran\u00e9s. Det \u00e4r Podemos p\u00e5 ytterkantsv\u00e4nstern och Vox p\u00e5 ytterkantsh\u00f6gern.<\/p>\n<p>Populism uppmuntrar till en mer splittrad v\u00e4rd. De f\u00f6rklarar att folket st\u00e5r inf\u00f6r en ond yttre fiende. N\u00e4r det g\u00e4ller Latinamerika har den utl\u00e4ndska fienden alltid varit USA. Podemos ursprungliga syndabock var alltid Bryssel. Det v\u00e4nsterorienterade protestpartiet beskrev EU som den onda fienden som f\u00f6rhindrade ekonomiska \u00e5tg\u00e4rder till f\u00f6rm\u00e5n f\u00f6r folket.<\/p>\n<p>Carlos Gran\u00e9s s\u00e4ger i dagens intervju i Diario SUR att immigration och integration spelar en central roll f\u00f6r populister n\u00e4r det g\u00e4ller att mobilisera den tysta majoriteten. Immigranter har ingen r\u00f6st, de kan inte f\u00f6rsvara sig.<\/p>\n<p>Dessutom \u00e4r det ett mycket enkelt s\u00e4tt att v\u00e4cka r\u00e4dsla. Nordafrikaner med konstiga traditioner, med sl\u00f6ja och som v\u00e5ldtar v\u00e5ra d\u00f6ttrar. Paranoida vanf\u00f6rest\u00e4llningar som sprids. Sedan finns det en ekonomisk aspekt, att invandrare tar v\u00e5ra jobb.<\/p>\n<p>Det \u00e4r just invandringen som skiljer v\u00e4nster- och h\u00f6gerpopulism ifr\u00e5n varandra. Men logiskt s\u00e5 \u00e4r v\u00e4nster- och h\u00f6gerpopulism samma sak. De identifierar en extern fiende och bygger p\u00e5 r\u00e4dslan f\u00f6r att f\u00f6rena sina v\u00e4ljare.<\/p>\n<p>(Foto: Twitter @latermicamlg)<\/p>\n","protected":false},"excerpt":{"rendered":"<p>Populism bygger p\u00e5 enkla svar p\u00e5 sv\u00e5ra fr\u00e5gor som samtidigt vattnar ur debatten. Populisten \u00e4r en som vill ha makten men vanligtvis inte vet s\u00e5 mycket om ekonomi eller politik, men som har en politisk strategi. Populistens syfte \u00e4r att bl\u00e4nda tillr\u00e4ckligt m\u00e5nga m\u00e4nniskor s\u00e5 att denne kan f\u00e5 tillg\u00e5ng till makten och blir d\u00e4r. [&hellip;]<\/p>\n","protected":false},"author":8,"featured_media":14820,"comment_status":"open","ping_status":"open","sticky":false,"template":"","format":"standard","meta":{"_et_pb_use_builder":"","_et_pb_old_content":"","_et_gb_content_width":"","footnotes":""},"categories":[395,3],"tags":[],"class_list":["post-14819","post","type-post","status-publish","format-standard","has-post-thumbnail","hentry","category-arkiv-nyheter","category-nyheter"],"yoast_head":"<!-- This site is optimized with the Yoast SEO Premium plugin v26.2 (Yoast SEO v27.4) - https:\/\/yoast.com\/product\/yoast-seo-premium-wordpress\/ -->\n<title>Populister s\u00e4tter dagordningen f\u00f6r traditionella partier - Svenska Magasinet<\/title>\n<meta name=\"robots\" content=\"noindex, follow, max-snippet:-1, max-image-preview:large, max-video-preview:-1\" \/>\n<meta property=\"og:locale\" content=\"sv_SE\" \/>\n<meta property=\"og:type\" content=\"article\" \/>\n<meta property=\"og:title\" content=\"Populister s\u00e4tter dagordningen f\u00f6r traditionella partier\" \/>\n<meta property=\"og:description\" content=\"Populism bygger p\u00e5 enkla svar p\u00e5 sv\u00e5ra fr\u00e5gor som samtidigt vattnar ur debatten. Populisten \u00e4r en som vill ha makten men vanligtvis inte vet s\u00e5 mycket om ekonomi eller politik, men som har en politisk strategi. Populistens syfte \u00e4r att bl\u00e4nda tillr\u00e4ckligt m\u00e5nga m\u00e4nniskor s\u00e5 att denne kan f\u00e5 tillg\u00e5ng till makten och blir d\u00e4r. [&hellip;]\" \/>\n<meta property=\"og:url\" content=\"https:\/\/lightweb.dev\/l\/svm-temp\/nyheter\/populister-satter-dagordningen-for-traditionella-partier\/\" \/>\n<meta property=\"og:site_name\" content=\"Svenska Magasinet\" \/>\n<meta property=\"article:publisher\" content=\"https:\/\/www.facebook.com\/svenskamagasinet\" \/>\n<meta property=\"article:published_time\" content=\"2020-02-06T23:00:00+00:00\" \/>\n<meta property=\"og:image\" content=\"https:\/\/lightweb.dev\/l\/svm-temp\/wp-content\/uploads\/2022\/06\/populister-satter-dagordningen-for-traditionella-partier.png\" \/>\n\t<meta property=\"og:image:width\" content=\"700\" \/>\n\t<meta property=\"og:image:height\" content=\"420\" \/>\n\t<meta property=\"og:image:type\" content=\"image\/png\" \/>\n<meta name=\"author\" content=\"Redaktionen SvM\" \/>\n<meta name=\"twitter:card\" content=\"summary_large_image\" \/>\n<meta name=\"twitter:creator\" content=\"@SvenskaMagasine\" \/>\n<meta name=\"twitter:site\" content=\"@SvenskaMagasine\" \/>\n<script type=\"application\/ld+json\" class=\"yoast-schema-graph\">{\"@context\":\"https:\\\/\\\/schema.org\",\"@graph\":[{\"@type\":\"Article\",\"@id\":\"https:\\\/\\\/lightweb.dev\\\/l\\\/svm-temp\\\/nyheter\\\/populister-satter-dagordningen-for-traditionella-partier\\\/#article\",\"isPartOf\":{\"@id\":\"https:\\\/\\\/lightweb.dev\\\/l\\\/svm-temp\\\/nyheter\\\/populister-satter-dagordningen-for-traditionella-partier\\\/\"},\"author\":{\"name\":\"Redaktionen SvM\",\"@id\":\"https:\\\/\\\/lightweb.dev\\\/l\\\/svm-temp\\\/#\\\/schema\\\/person\\\/206a3bda5b607b0c25e1749191e4d837\"},\"headline\":\"Populister s\u00e4tter dagordningen f\u00f6r traditionella partier\",\"datePublished\":\"2020-02-06T23:00:00+00:00\",\"mainEntityOfPage\":{\"@id\":\"https:\\\/\\\/lightweb.dev\\\/l\\\/svm-temp\\\/nyheter\\\/populister-satter-dagordningen-for-traditionella-partier\\\/\"},\"wordCount\":425,\"commentCount\":0,\"publisher\":{\"@id\":\"https:\\\/\\\/lightweb.dev\\\/l\\\/svm-temp\\\/#organization\"},\"image\":{\"@id\":\"https:\\\/\\\/lightweb.dev\\\/l\\\/svm-temp\\\/nyheter\\\/populister-satter-dagordningen-for-traditionella-partier\\\/#primaryimage\"},\"thumbnailUrl\":\"https:\\\/\\\/lightweb.dev\\\/l\\\/svm-temp\\\/wp-content\\\/uploads\\\/2022\\\/06\\\/populister-satter-dagordningen-for-traditionella-partier.png\",\"articleSection\":[\"Arkiv\",\"Nyheter\"],\"inLanguage\":\"sv-SE\"},{\"@type\":\"WebPage\",\"@id\":\"https:\\\/\\\/lightweb.dev\\\/l\\\/svm-temp\\\/nyheter\\\/populister-satter-dagordningen-for-traditionella-partier\\\/\",\"url\":\"https:\\\/\\\/lightweb.dev\\\/l\\\/svm-temp\\\/nyheter\\\/populister-satter-dagordningen-for-traditionella-partier\\\/\",\"name\":\"Populister s\u00e4tter dagordningen f\u00f6r traditionella partier - Svenska Magasinet\",\"isPartOf\":{\"@id\":\"https:\\\/\\\/lightweb.dev\\\/l\\\/svm-temp\\\/#website\"},\"primaryImageOfPage\":{\"@id\":\"https:\\\/\\\/lightweb.dev\\\/l\\\/svm-temp\\\/nyheter\\\/populister-satter-dagordningen-for-traditionella-partier\\\/#primaryimage\"},\"image\":{\"@id\":\"https:\\\/\\\/lightweb.dev\\\/l\\\/svm-temp\\\/nyheter\\\/populister-satter-dagordningen-for-traditionella-partier\\\/#primaryimage\"},\"thumbnailUrl\":\"https:\\\/\\\/lightweb.dev\\\/l\\\/svm-temp\\\/wp-content\\\/uploads\\\/2022\\\/06\\\/populister-satter-dagordningen-for-traditionella-partier.png\",\"datePublished\":\"2020-02-06T23:00:00+00:00\",\"breadcrumb\":{\"@id\":\"https:\\\/\\\/lightweb.dev\\\/l\\\/svm-temp\\\/nyheter\\\/populister-satter-dagordningen-for-traditionella-partier\\\/#breadcrumb\"},\"inLanguage\":\"sv-SE\",\"potentialAction\":[{\"@type\":\"ReadAction\",\"target\":[\"https:\\\/\\\/lightweb.dev\\\/l\\\/svm-temp\\\/nyheter\\\/populister-satter-dagordningen-for-traditionella-partier\\\/\"]}]},{\"@type\":\"ImageObject\",\"inLanguage\":\"sv-SE\",\"@id\":\"https:\\\/\\\/lightweb.dev\\\/l\\\/svm-temp\\\/nyheter\\\/populister-satter-dagordningen-for-traditionella-partier\\\/#primaryimage\",\"url\":\"https:\\\/\\\/lightweb.dev\\\/l\\\/svm-temp\\\/wp-content\\\/uploads\\\/2022\\\/06\\\/populister-satter-dagordningen-for-traditionella-partier.png\",\"contentUrl\":\"https:\\\/\\\/lightweb.dev\\\/l\\\/svm-temp\\\/wp-content\\\/uploads\\\/2022\\\/06\\\/populister-satter-dagordningen-for-traditionella-partier.png\",\"width\":700,\"height\":420},{\"@type\":\"BreadcrumbList\",\"@id\":\"https:\\\/\\\/lightweb.dev\\\/l\\\/svm-temp\\\/nyheter\\\/populister-satter-dagordningen-for-traditionella-partier\\\/#breadcrumb\",\"itemListElement\":[{\"@type\":\"ListItem\",\"position\":1,\"name\":\"Hem\",\"item\":\"https:\\\/\\\/lightweb.dev\\\/l\\\/svm-temp\\\/\"},{\"@type\":\"ListItem\",\"position\":2,\"name\":\"Populister s\u00e4tter dagordningen f\u00f6r traditionella partier\"}]},{\"@type\":\"WebSite\",\"@id\":\"https:\\\/\\\/lightweb.dev\\\/l\\\/svm-temp\\\/#website\",\"url\":\"https:\\\/\\\/lightweb.dev\\\/l\\\/svm-temp\\\/\",\"name\":\"Svenska Magasinet\",\"description\":\"Dina Spanska nyheter p&aring; Svenska\",\"publisher\":{\"@id\":\"https:\\\/\\\/lightweb.dev\\\/l\\\/svm-temp\\\/#organization\"},\"potentialAction\":[{\"@type\":\"SearchAction\",\"target\":{\"@type\":\"EntryPoint\",\"urlTemplate\":\"https:\\\/\\\/lightweb.dev\\\/l\\\/svm-temp\\\/?s={search_term_string}\"},\"query-input\":{\"@type\":\"PropertyValueSpecification\",\"valueRequired\":true,\"valueName\":\"search_term_string\"}}],\"inLanguage\":\"sv-SE\"},{\"@type\":\"Organization\",\"@id\":\"https:\\\/\\\/lightweb.dev\\\/l\\\/svm-temp\\\/#organization\",\"name\":\"Melkerson y Nott SL\",\"alternateName\":\"Svenska Magasinet\",\"url\":\"https:\\\/\\\/lightweb.dev\\\/l\\\/svm-temp\\\/\",\"logo\":{\"@type\":\"ImageObject\",\"inLanguage\":\"sv-SE\",\"@id\":\"https:\\\/\\\/lightweb.dev\\\/l\\\/svm-temp\\\/#\\\/schema\\\/logo\\\/image\\\/\",\"url\":\"https:\\\/\\\/lightweb.dev\\\/l\\\/svm-temp\\\/wp-content\\\/uploads\\\/2025\\\/02\\\/SvM-logo-Xtra-Centrerad-SVART.png\",\"contentUrl\":\"https:\\\/\\\/lightweb.dev\\\/l\\\/svm-temp\\\/wp-content\\\/uploads\\\/2025\\\/02\\\/SvM-logo-Xtra-Centrerad-SVART.png\",\"width\":300,\"height\":99,\"caption\":\"Melkerson y Nott SL\"},\"image\":{\"@id\":\"https:\\\/\\\/lightweb.dev\\\/l\\\/svm-temp\\\/#\\\/schema\\\/logo\\\/image\\\/\"},\"sameAs\":[\"https:\\\/\\\/www.facebook.com\\\/svenskamagasinet\",\"https:\\\/\\\/x.com\\\/SvenskaMagasine\"]},{\"@type\":\"Person\",\"@id\":\"https:\\\/\\\/lightweb.dev\\\/l\\\/svm-temp\\\/#\\\/schema\\\/person\\\/206a3bda5b607b0c25e1749191e4d837\",\"name\":\"Redaktionen SvM\",\"description\":\"Redaktionen\",\"sameAs\":[\"https:\\\/\\\/lightweb.dev\\\/l\\\/svm-temp\"],\"url\":\"https:\\\/\\\/lightweb.dev\\\/l\\\/svm-temp\\\/reporter\\\/redaktionen\\\/\"}]}<\/script>\n<!-- \/ Yoast SEO Premium plugin. -->","yoast_head_json":{"title":"Populister s\u00e4tter dagordningen f\u00f6r traditionella partier - Svenska Magasinet","robots":{"index":"noindex","follow":"follow","max-snippet":"max-snippet:-1","max-image-preview":"max-image-preview:large","max-video-preview":"max-video-preview:-1"},"og_locale":"sv_SE","og_type":"article","og_title":"Populister s\u00e4tter dagordningen f\u00f6r traditionella partier","og_description":"Populism bygger p\u00e5 enkla svar p\u00e5 sv\u00e5ra fr\u00e5gor som samtidigt vattnar ur debatten. Populisten \u00e4r en som vill ha makten men vanligtvis inte vet s\u00e5 mycket om ekonomi eller politik, men som har en politisk strategi. Populistens syfte \u00e4r att bl\u00e4nda tillr\u00e4ckligt m\u00e5nga m\u00e4nniskor s\u00e5 att denne kan f\u00e5 tillg\u00e5ng till makten och blir d\u00e4r. [&hellip;]","og_url":"https:\/\/lightweb.dev\/l\/svm-temp\/nyheter\/populister-satter-dagordningen-for-traditionella-partier\/","og_site_name":"Svenska Magasinet","article_publisher":"https:\/\/www.facebook.com\/svenskamagasinet","article_published_time":"2020-02-06T23:00:00+00:00","og_image":[{"width":700,"height":420,"url":"https:\/\/lightweb.dev\/l\/svm-temp\/wp-content\/uploads\/2022\/06\/populister-satter-dagordningen-for-traditionella-partier.png","type":"image\/png"}],"author":"Redaktionen SvM","twitter_card":"summary_large_image","twitter_creator":"@SvenskaMagasine","twitter_site":"@SvenskaMagasine","schema":{"@context":"https:\/\/schema.org","@graph":[{"@type":"Article","@id":"https:\/\/lightweb.dev\/l\/svm-temp\/nyheter\/populister-satter-dagordningen-for-traditionella-partier\/#article","isPartOf":{"@id":"https:\/\/lightweb.dev\/l\/svm-temp\/nyheter\/populister-satter-dagordningen-for-traditionella-partier\/"},"author":{"name":"Redaktionen SvM","@id":"https:\/\/lightweb.dev\/l\/svm-temp\/#\/schema\/person\/206a3bda5b607b0c25e1749191e4d837"},"headline":"Populister s\u00e4tter dagordningen f\u00f6r traditionella partier","datePublished":"2020-02-06T23:00:00+00:00","mainEntityOfPage":{"@id":"https:\/\/lightweb.dev\/l\/svm-temp\/nyheter\/populister-satter-dagordningen-for-traditionella-partier\/"},"wordCount":425,"commentCount":0,"publisher":{"@id":"https:\/\/lightweb.dev\/l\/svm-temp\/#organization"},"image":{"@id":"https:\/\/lightweb.dev\/l\/svm-temp\/nyheter\/populister-satter-dagordningen-for-traditionella-partier\/#primaryimage"},"thumbnailUrl":"https:\/\/lightweb.dev\/l\/svm-temp\/wp-content\/uploads\/2022\/06\/populister-satter-dagordningen-for-traditionella-partier.png","articleSection":["Arkiv","Nyheter"],"inLanguage":"sv-SE"},{"@type":"WebPage","@id":"https:\/\/lightweb.dev\/l\/svm-temp\/nyheter\/populister-satter-dagordningen-for-traditionella-partier\/","url":"https:\/\/lightweb.dev\/l\/svm-temp\/nyheter\/populister-satter-dagordningen-for-traditionella-partier\/","name":"Populister s\u00e4tter dagordningen f\u00f6r traditionella partier - Svenska Magasinet","isPartOf":{"@id":"https:\/\/lightweb.dev\/l\/svm-temp\/#website"},"primaryImageOfPage":{"@id":"https:\/\/lightweb.dev\/l\/svm-temp\/nyheter\/populister-satter-dagordningen-for-traditionella-partier\/#primaryimage"},"image":{"@id":"https:\/\/lightweb.dev\/l\/svm-temp\/nyheter\/populister-satter-dagordningen-for-traditionella-partier\/#primaryimage"},"thumbnailUrl":"https:\/\/lightweb.dev\/l\/svm-temp\/wp-content\/uploads\/2022\/06\/populister-satter-dagordningen-for-traditionella-partier.png","datePublished":"2020-02-06T23:00:00+00:00","breadcrumb":{"@id":"https:\/\/lightweb.dev\/l\/svm-temp\/nyheter\/populister-satter-dagordningen-for-traditionella-partier\/#breadcrumb"},"inLanguage":"sv-SE","potentialAction":[{"@type":"ReadAction","target":["https:\/\/lightweb.dev\/l\/svm-temp\/nyheter\/populister-satter-dagordningen-for-traditionella-partier\/"]}]},{"@type":"ImageObject","inLanguage":"sv-SE","@id":"https:\/\/lightweb.dev\/l\/svm-temp\/nyheter\/populister-satter-dagordningen-for-traditionella-partier\/#primaryimage","url":"https:\/\/lightweb.dev\/l\/svm-temp\/wp-content\/uploads\/2022\/06\/populister-satter-dagordningen-for-traditionella-partier.png","contentUrl":"https:\/\/lightweb.dev\/l\/svm-temp\/wp-content\/uploads\/2022\/06\/populister-satter-dagordningen-for-traditionella-partier.png","width":700,"height":420},{"@type":"BreadcrumbList","@id":"https:\/\/lightweb.dev\/l\/svm-temp\/nyheter\/populister-satter-dagordningen-for-traditionella-partier\/#breadcrumb","itemListElement":[{"@type":"ListItem","position":1,"name":"Hem","item":"https:\/\/lightweb.dev\/l\/svm-temp\/"},{"@type":"ListItem","position":2,"name":"Populister s\u00e4tter dagordningen f\u00f6r traditionella partier"}]},{"@type":"WebSite","@id":"https:\/\/lightweb.dev\/l\/svm-temp\/#website","url":"https:\/\/lightweb.dev\/l\/svm-temp\/","name":"Svenska Magasinet","description":"Dina Spanska nyheter p&aring; Svenska","publisher":{"@id":"https:\/\/lightweb.dev\/l\/svm-temp\/#organization"},"potentialAction":[{"@type":"SearchAction","target":{"@type":"EntryPoint","urlTemplate":"https:\/\/lightweb.dev\/l\/svm-temp\/?s={search_term_string}"},"query-input":{"@type":"PropertyValueSpecification","valueRequired":true,"valueName":"search_term_string"}}],"inLanguage":"sv-SE"},{"@type":"Organization","@id":"https:\/\/lightweb.dev\/l\/svm-temp\/#organization","name":"Melkerson y Nott SL","alternateName":"Svenska Magasinet","url":"https:\/\/lightweb.dev\/l\/svm-temp\/","logo":{"@type":"ImageObject","inLanguage":"sv-SE","@id":"https:\/\/lightweb.dev\/l\/svm-temp\/#\/schema\/logo\/image\/","url":"https:\/\/lightweb.dev\/l\/svm-temp\/wp-content\/uploads\/2025\/02\/SvM-logo-Xtra-Centrerad-SVART.png","contentUrl":"https:\/\/lightweb.dev\/l\/svm-temp\/wp-content\/uploads\/2025\/02\/SvM-logo-Xtra-Centrerad-SVART.png","width":300,"height":99,"caption":"Melkerson y Nott SL"},"image":{"@id":"https:\/\/lightweb.dev\/l\/svm-temp\/#\/schema\/logo\/image\/"},"sameAs":["https:\/\/www.facebook.com\/svenskamagasinet","https:\/\/x.com\/SvenskaMagasine"]},{"@type":"Person","@id":"https:\/\/lightweb.dev\/l\/svm-temp\/#\/schema\/person\/206a3bda5b607b0c25e1749191e4d837","name":"Redaktionen SvM","description":"Redaktionen","sameAs":["https:\/\/lightweb.dev\/l\/svm-temp"],"url":"https:\/\/lightweb.dev\/l\/svm-temp\/reporter\/redaktionen\/"}]}},"_links":{"self":[{"href":"https:\/\/lightweb.dev\/l\/svm-temp\/wp-json\/wp\/v2\/posts\/14819","targetHints":{"allow":["GET"]}}],"collection":[{"href":"https:\/\/lightweb.dev\/l\/svm-temp\/wp-json\/wp\/v2\/posts"}],"about":[{"href":"https:\/\/lightweb.dev\/l\/svm-temp\/wp-json\/wp\/v2\/types\/post"}],"author":[{"embeddable":true,"href":"https:\/\/lightweb.dev\/l\/svm-temp\/wp-json\/wp\/v2\/users\/8"}],"replies":[{"embeddable":true,"href":"https:\/\/lightweb.dev\/l\/svm-temp\/wp-json\/wp\/v2\/comments?post=14819"}],"version-history":[{"count":0,"href":"https:\/\/lightweb.dev\/l\/svm-temp\/wp-json\/wp\/v2\/posts\/14819\/revisions"}],"wp:featuredmedia":[{"embeddable":true,"href":"https:\/\/lightweb.dev\/l\/svm-temp\/wp-json\/wp\/v2\/media\/14820"}],"wp:attachment":[{"href":"https:\/\/lightweb.dev\/l\/svm-temp\/wp-json\/wp\/v2\/media?parent=14819"}],"wp:term":[{"taxonomy":"category","embeddable":true,"href":"https:\/\/lightweb.dev\/l\/svm-temp\/wp-json\/wp\/v2\/categories?post=14819"},{"taxonomy":"post_tag","embeddable":true,"href":"https:\/\/lightweb.dev\/l\/svm-temp\/wp-json\/wp\/v2\/tags?post=14819"}],"curies":[{"name":"wp","href":"https:\/\/api.w.org\/{rel}","templated":true}]}}