{"id":14825,"date":"2020-02-06T00:00:00","date_gmt":"2020-02-05T23:00:00","guid":{"rendered":"https:\/\/lightweb.dev\/l\/svm-temp\/nyheter\/plaza-mayor-kopcentrum-i-malaga-utvidgas\/"},"modified":"2020-02-06T00:00:00","modified_gmt":"2020-02-05T23:00:00","slug":"plaza-mayor-kopcentrum-i-malaga-utvidgas","status":"publish","type":"post","link":"https:\/\/lightweb.dev\/l\/svm-temp\/nyheter\/plaza-mayor-kopcentrum-i-malaga-utvidgas\/","title":{"rendered":"Plaza Mayor k\u00f6pcentrum i M\u00e1laga utvidgas"},"content":{"rendered":"<p> Det popul\u00e4ra k\u00f6pcentret st\u00e5r nu inf\u00f6r sin tredje utvidgning, denna g\u00e5ngen tillkommer 17.750 kvadratmeter. D\u00e4r kommer nu att finnas cirka 100 butiker med rabatter p\u00e5 mellan 30-70% p\u00e5 k\u00e4nda varum\u00e4rken, samt ett stort utbud av restauranger och n\u00f6jesetablissemang.<\/p>\n<p>Den nya utvidgningen stod f\u00e4rdig i oktober f\u00f6rra \u00e5ret och skulle invigts den 22 oktober 2019. Men dagen f\u00f6re invigningen stoppade transportministeriet den kommunala \u00f6ppningslicensen f\u00f6r att de ans\u00e5g att tillfartsv\u00e4garna fr\u00e5n MA-20 var f\u00f6r d\u00e5liga. D\u00e4refter uppgavs det att \u00f6ppningen skulle kunna ske lagom till julhandeln, men av det blev det heller inget. <\/p>\n<p>Men nu \u00e4r tillfartsv\u00e4garna klara med tv\u00e5 nya k\u00f6rf\u00e4lt fr\u00e5n Leroy Merlin shoppingcenter och direkt access fr\u00e5n rondellen vid golfbanan. Det enda som \u00e5terst\u00e5r \u00e4r en bro, men d\u00e4r \u00e4r pelarna p\u00e5 plats och det kommer att \u00e5tg\u00e4rdas nattetid med prefabricerade element. D\u00e4rf\u00f6r har transportministeriet nu gett gr\u00f6nt ljus till kommunen f\u00f6r att utf\u00e4rda \u00f6ppningslicensen. Detta behandlas nu skyndsamt av M\u00e1laga kommun, ett arbete som tros g\u00e5 snabbt eftersom f\u00f6rarbetet redan gjordes i oktober. \u00c4garna till Plaza Mayor (McArthurGlen och Sonae Sierra) har arbetat h\u00e5rt f\u00f6r att \u00f6ppningen inte skall f\u00f6rsenas l\u00e4ngre och har nu deklarerat att: \u00d6ppningen skall bli torsdagen den den 13 februari. F\u00f6retagarna i omr\u00e5det litar uppenbarligen p\u00e5 att s\u00e5 blir fallet f\u00f6r de har redan b\u00f6rjat fylla de nya butikerna med varor. (Men osvuret \u00e4r b\u00e4st, kr\u00e5ngel med \u00f6ppningslicenser \u00e4r inte helt ovanligt i Spanien.)<\/p>\n<p>Det nya omr\u00e5det kommer bland annat att inneh\u00e5lla en McArthurGlen Designer Outlet som \u00e4r en enormt stor designbutik samt ett fashionabelt centraltorg, font\u00e4ner och en lekplats. D\u00e4r finns ocks\u00e5 en skulptur av den k\u00e4nde brittiske skulpt\u00f6ren Nic Fiddian-Green. Utvidgningen inneb\u00e4r dessutom att ytterligare 116 personer beh\u00f6ver anst\u00e4llas f\u00f6r att tillgodose kundernas behov.<\/p>\n<p>Varum\u00e4rken som sticker ut p\u00e5 Plaza Mayor \u00e4r bland andra: Adidas , Adolfo Dom\u00ednguez, Brooks Brothers, Calvin Klein, Diesel, Escada, Karl Lagerfeld, Lacoste, Levi&#39;s, Maje, New Balance, Polo Ralph Lauren, Puma, Sandro, Scalpers, Tommy Hilfiger, Trussardi, Tumi och Under Armour.<\/p>\n<p>K\u00f6pcentret \u00e4r designat f\u00f6r att betj\u00e4na den regionala kundkretsen samt de 10 miljoner turister som bes\u00f6ker M\u00e1laga varje \u00e5r. Anl\u00e4ggningen ligger bara 12 minuter med t\u00e5g fr\u00e5n stadens centrum och tre minuter fr\u00e5n flygplatsen, samt 20 minuter med bil fr\u00e5n hamnen i M\u00e1laga.<\/p>\n<p>Joan Jov\u00e9, chef f\u00f6r s\u00f6dra Europa och Kanada p\u00e5 McArthurGlen kommenterar: &#8221;Vi \u00e4r mycket glada \u00f6ver att f\u00f6ra McArthurGlen-shoppingupplevelsen till M\u00e1laga och vi ser fram emot att v\u00e4lkomna v\u00e5ra f\u00f6rsta kunder\u201d.<\/p>\n<p>Alexandre Fernandes, chef f\u00f6r f\u00f6rvaltningsbolaget \u201dAsset Management de Sonae Sierra en Europa\u201d, s\u00e4ger: &#8221;Vi \u00e4r mycket n\u00f6jda med \u00f6ppningen av McArthurGlen Designer Outlet M\u00e1laga. Den imponerande kvaliteten p\u00e5 utrymmet och dess kommersiella utbud av designm\u00e4rken. Tillsammans med det enast\u00e5ende erbjudandet fr\u00e5n Plaza Mayor, kommer detta att skapa en unik shoppingdestination i s\u00f6dra Spanien&#8221;.<\/p>\n<p>Uppdatering 13\/2:<br \/>\nP\u00e5 \u00f6ppningsdagen den 13\/2 \u00e4r det 38 butiker som sl\u00e5r upp sina portar, de \u00f6vriga \u00f6ppnar senare denna m\u00e5naden allteftersom de blir klara.<\/p>\n<p>Bildtext: Plaza Mayor, foto: plazamayor.es<br \/>\nArtikel: Jonny Erixon.<\/p>\n","protected":false},"excerpt":{"rendered":"<p>Det popul\u00e4ra k\u00f6pcentret st\u00e5r nu inf\u00f6r sin tredje utvidgning, denna g\u00e5ngen tillkommer 17.750 kvadratmeter. D\u00e4r kommer nu att finnas cirka 100 butiker med rabatter p\u00e5 mellan 30-70% p\u00e5 k\u00e4nda varum\u00e4rken, samt ett stort utbud av restauranger och n\u00f6jesetablissemang. Den nya utvidgningen stod f\u00e4rdig i oktober f\u00f6rra \u00e5ret och skulle invigts den 22 oktober 2019. Men [&hellip;]<\/p>\n","protected":false},"author":8,"featured_media":14826,"comment_status":"open","ping_status":"open","sticky":false,"template":"","format":"standard","meta":{"_et_pb_use_builder":"","_et_pb_old_content":"","_et_gb_content_width":"","footnotes":""},"categories":[395,3],"tags":[],"class_list":["post-14825","post","type-post","status-publish","format-standard","has-post-thumbnail","hentry","category-arkiv-nyheter","category-nyheter"],"yoast_head":"<!-- This site is optimized with the Yoast SEO Premium plugin v26.2 (Yoast SEO v27.4) - https:\/\/yoast.com\/product\/yoast-seo-premium-wordpress\/ -->\n<title>Plaza Mayor k\u00f6pcentrum i M\u00e1laga utvidgas - Svenska Magasinet<\/title>\n<meta name=\"robots\" content=\"noindex, follow, max-snippet:-1, max-image-preview:large, max-video-preview:-1\" \/>\n<meta property=\"og:locale\" content=\"sv_SE\" \/>\n<meta property=\"og:type\" content=\"article\" \/>\n<meta property=\"og:title\" content=\"Plaza Mayor k\u00f6pcentrum i M\u00e1laga utvidgas\" \/>\n<meta property=\"og:description\" content=\"Det popul\u00e4ra k\u00f6pcentret st\u00e5r nu inf\u00f6r sin tredje utvidgning, denna g\u00e5ngen tillkommer 17.750 kvadratmeter. D\u00e4r kommer nu att finnas cirka 100 butiker med rabatter p\u00e5 mellan 30-70% p\u00e5 k\u00e4nda varum\u00e4rken, samt ett stort utbud av restauranger och n\u00f6jesetablissemang. Den nya utvidgningen stod f\u00e4rdig i oktober f\u00f6rra \u00e5ret och skulle invigts den 22 oktober 2019. Men [&hellip;]\" \/>\n<meta property=\"og:url\" content=\"https:\/\/lightweb.dev\/l\/svm-temp\/nyheter\/plaza-mayor-kopcentrum-i-malaga-utvidgas\/\" \/>\n<meta property=\"og:site_name\" content=\"Svenska Magasinet\" \/>\n<meta property=\"article:publisher\" content=\"https:\/\/www.facebook.com\/svenskamagasinet\" \/>\n<meta property=\"article:published_time\" content=\"2020-02-05T23:00:00+00:00\" \/>\n<meta property=\"og:image\" content=\"https:\/\/lightweb.dev\/l\/svm-temp\/wp-content\/uploads\/2022\/06\/plaza-mayor-kopcentrum-i-malaga-utvidgas.png\" \/>\n\t<meta property=\"og:image:width\" content=\"700\" \/>\n\t<meta property=\"og:image:height\" content=\"420\" \/>\n\t<meta property=\"og:image:type\" content=\"image\/png\" \/>\n<meta name=\"author\" content=\"Redaktionen SvM\" \/>\n<meta name=\"twitter:card\" content=\"summary_large_image\" \/>\n<meta name=\"twitter:creator\" content=\"@SvenskaMagasine\" \/>\n<meta name=\"twitter:site\" content=\"@SvenskaMagasine\" \/>\n<script type=\"application\/ld+json\" class=\"yoast-schema-graph\">{\"@context\":\"https:\\\/\\\/schema.org\",\"@graph\":[{\"@type\":\"Article\",\"@id\":\"https:\\\/\\\/lightweb.dev\\\/l\\\/svm-temp\\\/nyheter\\\/plaza-mayor-kopcentrum-i-malaga-utvidgas\\\/#article\",\"isPartOf\":{\"@id\":\"https:\\\/\\\/lightweb.dev\\\/l\\\/svm-temp\\\/nyheter\\\/plaza-mayor-kopcentrum-i-malaga-utvidgas\\\/\"},\"author\":{\"name\":\"Redaktionen SvM\",\"@id\":\"https:\\\/\\\/lightweb.dev\\\/l\\\/svm-temp\\\/#\\\/schema\\\/person\\\/206a3bda5b607b0c25e1749191e4d837\"},\"headline\":\"Plaza Mayor k\u00f6pcentrum i M\u00e1laga utvidgas\",\"datePublished\":\"2020-02-05T23:00:00+00:00\",\"mainEntityOfPage\":{\"@id\":\"https:\\\/\\\/lightweb.dev\\\/l\\\/svm-temp\\\/nyheter\\\/plaza-mayor-kopcentrum-i-malaga-utvidgas\\\/\"},\"wordCount\":565,\"commentCount\":0,\"publisher\":{\"@id\":\"https:\\\/\\\/lightweb.dev\\\/l\\\/svm-temp\\\/#organization\"},\"image\":{\"@id\":\"https:\\\/\\\/lightweb.dev\\\/l\\\/svm-temp\\\/nyheter\\\/plaza-mayor-kopcentrum-i-malaga-utvidgas\\\/#primaryimage\"},\"thumbnailUrl\":\"https:\\\/\\\/lightweb.dev\\\/l\\\/svm-temp\\\/wp-content\\\/uploads\\\/2022\\\/06\\\/plaza-mayor-kopcentrum-i-malaga-utvidgas.png\",\"articleSection\":[\"Arkiv\",\"Nyheter\"],\"inLanguage\":\"sv-SE\"},{\"@type\":\"WebPage\",\"@id\":\"https:\\\/\\\/lightweb.dev\\\/l\\\/svm-temp\\\/nyheter\\\/plaza-mayor-kopcentrum-i-malaga-utvidgas\\\/\",\"url\":\"https:\\\/\\\/lightweb.dev\\\/l\\\/svm-temp\\\/nyheter\\\/plaza-mayor-kopcentrum-i-malaga-utvidgas\\\/\",\"name\":\"Plaza Mayor k\u00f6pcentrum i M\u00e1laga utvidgas - Svenska Magasinet\",\"isPartOf\":{\"@id\":\"https:\\\/\\\/lightweb.dev\\\/l\\\/svm-temp\\\/#website\"},\"primaryImageOfPage\":{\"@id\":\"https:\\\/\\\/lightweb.dev\\\/l\\\/svm-temp\\\/nyheter\\\/plaza-mayor-kopcentrum-i-malaga-utvidgas\\\/#primaryimage\"},\"image\":{\"@id\":\"https:\\\/\\\/lightweb.dev\\\/l\\\/svm-temp\\\/nyheter\\\/plaza-mayor-kopcentrum-i-malaga-utvidgas\\\/#primaryimage\"},\"thumbnailUrl\":\"https:\\\/\\\/lightweb.dev\\\/l\\\/svm-temp\\\/wp-content\\\/uploads\\\/2022\\\/06\\\/plaza-mayor-kopcentrum-i-malaga-utvidgas.png\",\"datePublished\":\"2020-02-05T23:00:00+00:00\",\"breadcrumb\":{\"@id\":\"https:\\\/\\\/lightweb.dev\\\/l\\\/svm-temp\\\/nyheter\\\/plaza-mayor-kopcentrum-i-malaga-utvidgas\\\/#breadcrumb\"},\"inLanguage\":\"sv-SE\",\"potentialAction\":[{\"@type\":\"ReadAction\",\"target\":[\"https:\\\/\\\/lightweb.dev\\\/l\\\/svm-temp\\\/nyheter\\\/plaza-mayor-kopcentrum-i-malaga-utvidgas\\\/\"]}]},{\"@type\":\"ImageObject\",\"inLanguage\":\"sv-SE\",\"@id\":\"https:\\\/\\\/lightweb.dev\\\/l\\\/svm-temp\\\/nyheter\\\/plaza-mayor-kopcentrum-i-malaga-utvidgas\\\/#primaryimage\",\"url\":\"https:\\\/\\\/lightweb.dev\\\/l\\\/svm-temp\\\/wp-content\\\/uploads\\\/2022\\\/06\\\/plaza-mayor-kopcentrum-i-malaga-utvidgas.png\",\"contentUrl\":\"https:\\\/\\\/lightweb.dev\\\/l\\\/svm-temp\\\/wp-content\\\/uploads\\\/2022\\\/06\\\/plaza-mayor-kopcentrum-i-malaga-utvidgas.png\",\"width\":700,\"height\":420},{\"@type\":\"BreadcrumbList\",\"@id\":\"https:\\\/\\\/lightweb.dev\\\/l\\\/svm-temp\\\/nyheter\\\/plaza-mayor-kopcentrum-i-malaga-utvidgas\\\/#breadcrumb\",\"itemListElement\":[{\"@type\":\"ListItem\",\"position\":1,\"name\":\"Hem\",\"item\":\"https:\\\/\\\/lightweb.dev\\\/l\\\/svm-temp\\\/\"},{\"@type\":\"ListItem\",\"position\":2,\"name\":\"Plaza Mayor k\u00f6pcentrum i M\u00e1laga utvidgas\"}]},{\"@type\":\"WebSite\",\"@id\":\"https:\\\/\\\/lightweb.dev\\\/l\\\/svm-temp\\\/#website\",\"url\":\"https:\\\/\\\/lightweb.dev\\\/l\\\/svm-temp\\\/\",\"name\":\"Svenska Magasinet\",\"description\":\"Dina Spanska nyheter p&aring; Svenska\",\"publisher\":{\"@id\":\"https:\\\/\\\/lightweb.dev\\\/l\\\/svm-temp\\\/#organization\"},\"potentialAction\":[{\"@type\":\"SearchAction\",\"target\":{\"@type\":\"EntryPoint\",\"urlTemplate\":\"https:\\\/\\\/lightweb.dev\\\/l\\\/svm-temp\\\/?s={search_term_string}\"},\"query-input\":{\"@type\":\"PropertyValueSpecification\",\"valueRequired\":true,\"valueName\":\"search_term_string\"}}],\"inLanguage\":\"sv-SE\"},{\"@type\":\"Organization\",\"@id\":\"https:\\\/\\\/lightweb.dev\\\/l\\\/svm-temp\\\/#organization\",\"name\":\"Melkerson y Nott SL\",\"alternateName\":\"Svenska Magasinet\",\"url\":\"https:\\\/\\\/lightweb.dev\\\/l\\\/svm-temp\\\/\",\"logo\":{\"@type\":\"ImageObject\",\"inLanguage\":\"sv-SE\",\"@id\":\"https:\\\/\\\/lightweb.dev\\\/l\\\/svm-temp\\\/#\\\/schema\\\/logo\\\/image\\\/\",\"url\":\"https:\\\/\\\/lightweb.dev\\\/l\\\/svm-temp\\\/wp-content\\\/uploads\\\/2025\\\/02\\\/SvM-logo-Xtra-Centrerad-SVART.png\",\"contentUrl\":\"https:\\\/\\\/lightweb.dev\\\/l\\\/svm-temp\\\/wp-content\\\/uploads\\\/2025\\\/02\\\/SvM-logo-Xtra-Centrerad-SVART.png\",\"width\":300,\"height\":99,\"caption\":\"Melkerson y Nott SL\"},\"image\":{\"@id\":\"https:\\\/\\\/lightweb.dev\\\/l\\\/svm-temp\\\/#\\\/schema\\\/logo\\\/image\\\/\"},\"sameAs\":[\"https:\\\/\\\/www.facebook.com\\\/svenskamagasinet\",\"https:\\\/\\\/x.com\\\/SvenskaMagasine\"]},{\"@type\":\"Person\",\"@id\":\"https:\\\/\\\/lightweb.dev\\\/l\\\/svm-temp\\\/#\\\/schema\\\/person\\\/206a3bda5b607b0c25e1749191e4d837\",\"name\":\"Redaktionen SvM\",\"description\":\"Redaktionen\",\"sameAs\":[\"https:\\\/\\\/lightweb.dev\\\/l\\\/svm-temp\"],\"url\":\"https:\\\/\\\/lightweb.dev\\\/l\\\/svm-temp\\\/reporter\\\/redaktionen\\\/\"}]}<\/script>\n<!-- \/ Yoast SEO Premium plugin. -->","yoast_head_json":{"title":"Plaza Mayor k\u00f6pcentrum i M\u00e1laga utvidgas - Svenska Magasinet","robots":{"index":"noindex","follow":"follow","max-snippet":"max-snippet:-1","max-image-preview":"max-image-preview:large","max-video-preview":"max-video-preview:-1"},"og_locale":"sv_SE","og_type":"article","og_title":"Plaza Mayor k\u00f6pcentrum i M\u00e1laga utvidgas","og_description":"Det popul\u00e4ra k\u00f6pcentret st\u00e5r nu inf\u00f6r sin tredje utvidgning, denna g\u00e5ngen tillkommer 17.750 kvadratmeter. D\u00e4r kommer nu att finnas cirka 100 butiker med rabatter p\u00e5 mellan 30-70% p\u00e5 k\u00e4nda varum\u00e4rken, samt ett stort utbud av restauranger och n\u00f6jesetablissemang. Den nya utvidgningen stod f\u00e4rdig i oktober f\u00f6rra \u00e5ret och skulle invigts den 22 oktober 2019. Men [&hellip;]","og_url":"https:\/\/lightweb.dev\/l\/svm-temp\/nyheter\/plaza-mayor-kopcentrum-i-malaga-utvidgas\/","og_site_name":"Svenska Magasinet","article_publisher":"https:\/\/www.facebook.com\/svenskamagasinet","article_published_time":"2020-02-05T23:00:00+00:00","og_image":[{"width":700,"height":420,"url":"https:\/\/lightweb.dev\/l\/svm-temp\/wp-content\/uploads\/2022\/06\/plaza-mayor-kopcentrum-i-malaga-utvidgas.png","type":"image\/png"}],"author":"Redaktionen SvM","twitter_card":"summary_large_image","twitter_creator":"@SvenskaMagasine","twitter_site":"@SvenskaMagasine","schema":{"@context":"https:\/\/schema.org","@graph":[{"@type":"Article","@id":"https:\/\/lightweb.dev\/l\/svm-temp\/nyheter\/plaza-mayor-kopcentrum-i-malaga-utvidgas\/#article","isPartOf":{"@id":"https:\/\/lightweb.dev\/l\/svm-temp\/nyheter\/plaza-mayor-kopcentrum-i-malaga-utvidgas\/"},"author":{"name":"Redaktionen SvM","@id":"https:\/\/lightweb.dev\/l\/svm-temp\/#\/schema\/person\/206a3bda5b607b0c25e1749191e4d837"},"headline":"Plaza Mayor k\u00f6pcentrum i M\u00e1laga utvidgas","datePublished":"2020-02-05T23:00:00+00:00","mainEntityOfPage":{"@id":"https:\/\/lightweb.dev\/l\/svm-temp\/nyheter\/plaza-mayor-kopcentrum-i-malaga-utvidgas\/"},"wordCount":565,"commentCount":0,"publisher":{"@id":"https:\/\/lightweb.dev\/l\/svm-temp\/#organization"},"image":{"@id":"https:\/\/lightweb.dev\/l\/svm-temp\/nyheter\/plaza-mayor-kopcentrum-i-malaga-utvidgas\/#primaryimage"},"thumbnailUrl":"https:\/\/lightweb.dev\/l\/svm-temp\/wp-content\/uploads\/2022\/06\/plaza-mayor-kopcentrum-i-malaga-utvidgas.png","articleSection":["Arkiv","Nyheter"],"inLanguage":"sv-SE"},{"@type":"WebPage","@id":"https:\/\/lightweb.dev\/l\/svm-temp\/nyheter\/plaza-mayor-kopcentrum-i-malaga-utvidgas\/","url":"https:\/\/lightweb.dev\/l\/svm-temp\/nyheter\/plaza-mayor-kopcentrum-i-malaga-utvidgas\/","name":"Plaza Mayor k\u00f6pcentrum i M\u00e1laga utvidgas - Svenska Magasinet","isPartOf":{"@id":"https:\/\/lightweb.dev\/l\/svm-temp\/#website"},"primaryImageOfPage":{"@id":"https:\/\/lightweb.dev\/l\/svm-temp\/nyheter\/plaza-mayor-kopcentrum-i-malaga-utvidgas\/#primaryimage"},"image":{"@id":"https:\/\/lightweb.dev\/l\/svm-temp\/nyheter\/plaza-mayor-kopcentrum-i-malaga-utvidgas\/#primaryimage"},"thumbnailUrl":"https:\/\/lightweb.dev\/l\/svm-temp\/wp-content\/uploads\/2022\/06\/plaza-mayor-kopcentrum-i-malaga-utvidgas.png","datePublished":"2020-02-05T23:00:00+00:00","breadcrumb":{"@id":"https:\/\/lightweb.dev\/l\/svm-temp\/nyheter\/plaza-mayor-kopcentrum-i-malaga-utvidgas\/#breadcrumb"},"inLanguage":"sv-SE","potentialAction":[{"@type":"ReadAction","target":["https:\/\/lightweb.dev\/l\/svm-temp\/nyheter\/plaza-mayor-kopcentrum-i-malaga-utvidgas\/"]}]},{"@type":"ImageObject","inLanguage":"sv-SE","@id":"https:\/\/lightweb.dev\/l\/svm-temp\/nyheter\/plaza-mayor-kopcentrum-i-malaga-utvidgas\/#primaryimage","url":"https:\/\/lightweb.dev\/l\/svm-temp\/wp-content\/uploads\/2022\/06\/plaza-mayor-kopcentrum-i-malaga-utvidgas.png","contentUrl":"https:\/\/lightweb.dev\/l\/svm-temp\/wp-content\/uploads\/2022\/06\/plaza-mayor-kopcentrum-i-malaga-utvidgas.png","width":700,"height":420},{"@type":"BreadcrumbList","@id":"https:\/\/lightweb.dev\/l\/svm-temp\/nyheter\/plaza-mayor-kopcentrum-i-malaga-utvidgas\/#breadcrumb","itemListElement":[{"@type":"ListItem","position":1,"name":"Hem","item":"https:\/\/lightweb.dev\/l\/svm-temp\/"},{"@type":"ListItem","position":2,"name":"Plaza Mayor k\u00f6pcentrum i M\u00e1laga utvidgas"}]},{"@type":"WebSite","@id":"https:\/\/lightweb.dev\/l\/svm-temp\/#website","url":"https:\/\/lightweb.dev\/l\/svm-temp\/","name":"Svenska Magasinet","description":"Dina Spanska nyheter p&aring; Svenska","publisher":{"@id":"https:\/\/lightweb.dev\/l\/svm-temp\/#organization"},"potentialAction":[{"@type":"SearchAction","target":{"@type":"EntryPoint","urlTemplate":"https:\/\/lightweb.dev\/l\/svm-temp\/?s={search_term_string}"},"query-input":{"@type":"PropertyValueSpecification","valueRequired":true,"valueName":"search_term_string"}}],"inLanguage":"sv-SE"},{"@type":"Organization","@id":"https:\/\/lightweb.dev\/l\/svm-temp\/#organization","name":"Melkerson y Nott SL","alternateName":"Svenska Magasinet","url":"https:\/\/lightweb.dev\/l\/svm-temp\/","logo":{"@type":"ImageObject","inLanguage":"sv-SE","@id":"https:\/\/lightweb.dev\/l\/svm-temp\/#\/schema\/logo\/image\/","url":"https:\/\/lightweb.dev\/l\/svm-temp\/wp-content\/uploads\/2025\/02\/SvM-logo-Xtra-Centrerad-SVART.png","contentUrl":"https:\/\/lightweb.dev\/l\/svm-temp\/wp-content\/uploads\/2025\/02\/SvM-logo-Xtra-Centrerad-SVART.png","width":300,"height":99,"caption":"Melkerson y Nott SL"},"image":{"@id":"https:\/\/lightweb.dev\/l\/svm-temp\/#\/schema\/logo\/image\/"},"sameAs":["https:\/\/www.facebook.com\/svenskamagasinet","https:\/\/x.com\/SvenskaMagasine"]},{"@type":"Person","@id":"https:\/\/lightweb.dev\/l\/svm-temp\/#\/schema\/person\/206a3bda5b607b0c25e1749191e4d837","name":"Redaktionen SvM","description":"Redaktionen","sameAs":["https:\/\/lightweb.dev\/l\/svm-temp"],"url":"https:\/\/lightweb.dev\/l\/svm-temp\/reporter\/redaktionen\/"}]}},"_links":{"self":[{"href":"https:\/\/lightweb.dev\/l\/svm-temp\/wp-json\/wp\/v2\/posts\/14825","targetHints":{"allow":["GET"]}}],"collection":[{"href":"https:\/\/lightweb.dev\/l\/svm-temp\/wp-json\/wp\/v2\/posts"}],"about":[{"href":"https:\/\/lightweb.dev\/l\/svm-temp\/wp-json\/wp\/v2\/types\/post"}],"author":[{"embeddable":true,"href":"https:\/\/lightweb.dev\/l\/svm-temp\/wp-json\/wp\/v2\/users\/8"}],"replies":[{"embeddable":true,"href":"https:\/\/lightweb.dev\/l\/svm-temp\/wp-json\/wp\/v2\/comments?post=14825"}],"version-history":[{"count":0,"href":"https:\/\/lightweb.dev\/l\/svm-temp\/wp-json\/wp\/v2\/posts\/14825\/revisions"}],"wp:featuredmedia":[{"embeddable":true,"href":"https:\/\/lightweb.dev\/l\/svm-temp\/wp-json\/wp\/v2\/media\/14826"}],"wp:attachment":[{"href":"https:\/\/lightweb.dev\/l\/svm-temp\/wp-json\/wp\/v2\/media?parent=14825"}],"wp:term":[{"taxonomy":"category","embeddable":true,"href":"https:\/\/lightweb.dev\/l\/svm-temp\/wp-json\/wp\/v2\/categories?post=14825"},{"taxonomy":"post_tag","embeddable":true,"href":"https:\/\/lightweb.dev\/l\/svm-temp\/wp-json\/wp\/v2\/tags?post=14825"}],"curies":[{"name":"wp","href":"https:\/\/api.w.org\/{rel}","templated":true}]}}