{"id":14829,"date":"2020-02-05T00:00:00","date_gmt":"2020-02-04T23:00:00","guid":{"rendered":"https:\/\/lightweb.dev\/l\/svm-temp\/nyheter\/guldbro-pa-vag-till-stockholm-passerar-solkusten\/"},"modified":"2020-02-05T00:00:00","modified_gmt":"2020-02-04T23:00:00","slug":"guldbro-pa-vag-till-stockholm-passerar-solkusten","status":"publish","type":"post","link":"https:\/\/lightweb.dev\/l\/svm-temp\/nyheter\/guldbro-pa-vag-till-stockholm-passerar-solkusten\/","title":{"rendered":"Guldbro p\u00e5 v\u00e4g till Stockholm passerar Solkusten"},"content":{"rendered":"<p> En ny gigantisk guldbro som ska f\u00f6rbinda Gamla stan med S\u00f6dermalm befinner sig i skrivande stund p\u00e5 Medelhavet s\u00f6der om Estepona. Den 140 meter l\u00e5nga bron \u00e4r tillverkad i Kina och \u00e4r nu p\u00e5 v\u00e4g med lastfartyg ZHEN HUA 33 till Stockholm n\u00e4r den passerar den spanska Solkusten.<\/p>\n<p>Om sikten \u00e4r god kanske du kan se frakten av bron ute till havs fr\u00e5n Solkusten. Det \u00e4r tidningen Mitt i S\u00f6dermalm som rapporterar om guldbrons resa mellan Kina och Sverige.<\/p>\n<p>Enligt Vesselfinder.com v\u00e4nde lastfartyget tidigare p\u00e5 onsdagen och \u00e4r p\u00e5 v\u00e4g in i Medelhavet igen. Vad som \u00e4r orsaken \u00e4r oklart, men sedan ig\u00e5r r\u00e5der det sv\u00e5r havsdimma i vissa omr\u00e5den och fartyget kan f\u00e5 inv\u00e4nta klartecken p\u00e5 att passera Gibraltar sund. V\u00e4derlekstj\u00e4nsten AEMET varnar ocks\u00e5 f\u00f6r h\u00f6g sj\u00f6 och kraftig vind.<\/p>\n<p>N\u00e4r lastfartyget v\u00e4l \u00e4r framme ska skeppet s\u00e4nkas ner i Saltsj\u00f6n, s\u00e5 att bron kan lossas och flyta p\u00e5 pontoner. D\u00e4refter kan den bogseras in till kajen, och fartyget kan t\u00f6mmas p\u00e5 vatten och \u00e5ka iv\u00e4g igen, skriver tidningen.<\/p>\n<p>Bron \u2013 som staden best\u00e4llt av Skanska \u2013 \u00e4r tillverkad i Kina av CRSBG (China Railway Shanhaiguan Bridge Group) som \u00e4r en av de st\u00f6rsta brotillverkarna i v\u00e4rlden.<\/p>\n<p>Men transporten har f\u00e5tt kritik. Enligt utr\u00e4kningar genererar transporten av bron lika mycket utsl\u00e4pp som att k\u00f6ra en medelstor bil genom Sverige 3.500 g\u00e5nger, eller flyga fr\u00e5n Stockholm till New York 3.000 g\u00e5nger.<\/p>\n<p>Bron ska \u00f6ppnas f\u00f6r trafik den 24 augusti. <\/p>\n<p>(Foto: Skanska)<br \/>\n KLICKA H\u00c4R s\u00e5 ser du var fraktfartyget befinner sig<\/p>\n","protected":false},"excerpt":{"rendered":"<p>En ny gigantisk guldbro som ska f\u00f6rbinda Gamla stan med S\u00f6dermalm befinner sig i skrivande stund p\u00e5 Medelhavet s\u00f6der om Estepona. Den 140 meter l\u00e5nga bron \u00e4r tillverkad i Kina och \u00e4r nu p\u00e5 v\u00e4g med lastfartyg ZHEN HUA 33 till Stockholm n\u00e4r den passerar den spanska Solkusten. Om sikten \u00e4r god kanske du kan [&hellip;]<\/p>\n","protected":false},"author":8,"featured_media":14830,"comment_status":"open","ping_status":"open","sticky":false,"template":"","format":"standard","meta":{"_et_pb_use_builder":"","_et_pb_old_content":"","_et_gb_content_width":"","footnotes":""},"categories":[395,3],"tags":[],"class_list":["post-14829","post","type-post","status-publish","format-standard","has-post-thumbnail","hentry","category-arkiv-nyheter","category-nyheter"],"yoast_head":"<!-- This site is optimized with the Yoast SEO Premium plugin v26.2 (Yoast SEO v27.4) - https:\/\/yoast.com\/product\/yoast-seo-premium-wordpress\/ -->\n<title>Guldbro p\u00e5 v\u00e4g till Stockholm passerar Solkusten - Svenska Magasinet<\/title>\n<meta name=\"robots\" content=\"noindex, follow, max-snippet:-1, max-image-preview:large, max-video-preview:-1\" \/>\n<meta property=\"og:locale\" content=\"sv_SE\" \/>\n<meta property=\"og:type\" content=\"article\" \/>\n<meta property=\"og:title\" content=\"Guldbro p\u00e5 v\u00e4g till Stockholm passerar Solkusten\" \/>\n<meta property=\"og:description\" content=\"En ny gigantisk guldbro som ska f\u00f6rbinda Gamla stan med S\u00f6dermalm befinner sig i skrivande stund p\u00e5 Medelhavet s\u00f6der om Estepona. Den 140 meter l\u00e5nga bron \u00e4r tillverkad i Kina och \u00e4r nu p\u00e5 v\u00e4g med lastfartyg ZHEN HUA 33 till Stockholm n\u00e4r den passerar den spanska Solkusten. Om sikten \u00e4r god kanske du kan [&hellip;]\" \/>\n<meta property=\"og:url\" content=\"https:\/\/lightweb.dev\/l\/svm-temp\/nyheter\/guldbro-pa-vag-till-stockholm-passerar-solkusten\/\" \/>\n<meta property=\"og:site_name\" content=\"Svenska Magasinet\" \/>\n<meta property=\"article:publisher\" content=\"https:\/\/www.facebook.com\/svenskamagasinet\" \/>\n<meta property=\"article:published_time\" content=\"2020-02-04T23:00:00+00:00\" \/>\n<meta property=\"og:image\" content=\"https:\/\/lightweb.dev\/l\/svm-temp\/wp-content\/uploads\/2022\/06\/guldbro-pa-vag-till-stockholm-passerar-solkusten.png\" \/>\n\t<meta property=\"og:image:width\" content=\"700\" \/>\n\t<meta property=\"og:image:height\" content=\"420\" \/>\n\t<meta property=\"og:image:type\" content=\"image\/png\" \/>\n<meta name=\"author\" content=\"Redaktionen SvM\" \/>\n<meta name=\"twitter:card\" content=\"summary_large_image\" \/>\n<meta name=\"twitter:creator\" content=\"@SvenskaMagasine\" \/>\n<meta name=\"twitter:site\" content=\"@SvenskaMagasine\" \/>\n<script type=\"application\/ld+json\" class=\"yoast-schema-graph\">{\"@context\":\"https:\\\/\\\/schema.org\",\"@graph\":[{\"@type\":\"Article\",\"@id\":\"https:\\\/\\\/lightweb.dev\\\/l\\\/svm-temp\\\/nyheter\\\/guldbro-pa-vag-till-stockholm-passerar-solkusten\\\/#article\",\"isPartOf\":{\"@id\":\"https:\\\/\\\/lightweb.dev\\\/l\\\/svm-temp\\\/nyheter\\\/guldbro-pa-vag-till-stockholm-passerar-solkusten\\\/\"},\"author\":{\"name\":\"Redaktionen SvM\",\"@id\":\"https:\\\/\\\/lightweb.dev\\\/l\\\/svm-temp\\\/#\\\/schema\\\/person\\\/206a3bda5b607b0c25e1749191e4d837\"},\"headline\":\"Guldbro p\u00e5 v\u00e4g till Stockholm passerar Solkusten\",\"datePublished\":\"2020-02-04T23:00:00+00:00\",\"mainEntityOfPage\":{\"@id\":\"https:\\\/\\\/lightweb.dev\\\/l\\\/svm-temp\\\/nyheter\\\/guldbro-pa-vag-till-stockholm-passerar-solkusten\\\/\"},\"wordCount\":290,\"commentCount\":0,\"publisher\":{\"@id\":\"https:\\\/\\\/lightweb.dev\\\/l\\\/svm-temp\\\/#organization\"},\"image\":{\"@id\":\"https:\\\/\\\/lightweb.dev\\\/l\\\/svm-temp\\\/nyheter\\\/guldbro-pa-vag-till-stockholm-passerar-solkusten\\\/#primaryimage\"},\"thumbnailUrl\":\"https:\\\/\\\/lightweb.dev\\\/l\\\/svm-temp\\\/wp-content\\\/uploads\\\/2022\\\/06\\\/guldbro-pa-vag-till-stockholm-passerar-solkusten.png\",\"articleSection\":[\"Arkiv\",\"Nyheter\"],\"inLanguage\":\"sv-SE\"},{\"@type\":\"WebPage\",\"@id\":\"https:\\\/\\\/lightweb.dev\\\/l\\\/svm-temp\\\/nyheter\\\/guldbro-pa-vag-till-stockholm-passerar-solkusten\\\/\",\"url\":\"https:\\\/\\\/lightweb.dev\\\/l\\\/svm-temp\\\/nyheter\\\/guldbro-pa-vag-till-stockholm-passerar-solkusten\\\/\",\"name\":\"Guldbro p\u00e5 v\u00e4g till Stockholm passerar Solkusten - Svenska Magasinet\",\"isPartOf\":{\"@id\":\"https:\\\/\\\/lightweb.dev\\\/l\\\/svm-temp\\\/#website\"},\"primaryImageOfPage\":{\"@id\":\"https:\\\/\\\/lightweb.dev\\\/l\\\/svm-temp\\\/nyheter\\\/guldbro-pa-vag-till-stockholm-passerar-solkusten\\\/#primaryimage\"},\"image\":{\"@id\":\"https:\\\/\\\/lightweb.dev\\\/l\\\/svm-temp\\\/nyheter\\\/guldbro-pa-vag-till-stockholm-passerar-solkusten\\\/#primaryimage\"},\"thumbnailUrl\":\"https:\\\/\\\/lightweb.dev\\\/l\\\/svm-temp\\\/wp-content\\\/uploads\\\/2022\\\/06\\\/guldbro-pa-vag-till-stockholm-passerar-solkusten.png\",\"datePublished\":\"2020-02-04T23:00:00+00:00\",\"breadcrumb\":{\"@id\":\"https:\\\/\\\/lightweb.dev\\\/l\\\/svm-temp\\\/nyheter\\\/guldbro-pa-vag-till-stockholm-passerar-solkusten\\\/#breadcrumb\"},\"inLanguage\":\"sv-SE\",\"potentialAction\":[{\"@type\":\"ReadAction\",\"target\":[\"https:\\\/\\\/lightweb.dev\\\/l\\\/svm-temp\\\/nyheter\\\/guldbro-pa-vag-till-stockholm-passerar-solkusten\\\/\"]}]},{\"@type\":\"ImageObject\",\"inLanguage\":\"sv-SE\",\"@id\":\"https:\\\/\\\/lightweb.dev\\\/l\\\/svm-temp\\\/nyheter\\\/guldbro-pa-vag-till-stockholm-passerar-solkusten\\\/#primaryimage\",\"url\":\"https:\\\/\\\/lightweb.dev\\\/l\\\/svm-temp\\\/wp-content\\\/uploads\\\/2022\\\/06\\\/guldbro-pa-vag-till-stockholm-passerar-solkusten.png\",\"contentUrl\":\"https:\\\/\\\/lightweb.dev\\\/l\\\/svm-temp\\\/wp-content\\\/uploads\\\/2022\\\/06\\\/guldbro-pa-vag-till-stockholm-passerar-solkusten.png\",\"width\":700,\"height\":420},{\"@type\":\"BreadcrumbList\",\"@id\":\"https:\\\/\\\/lightweb.dev\\\/l\\\/svm-temp\\\/nyheter\\\/guldbro-pa-vag-till-stockholm-passerar-solkusten\\\/#breadcrumb\",\"itemListElement\":[{\"@type\":\"ListItem\",\"position\":1,\"name\":\"Hem\",\"item\":\"https:\\\/\\\/lightweb.dev\\\/l\\\/svm-temp\\\/\"},{\"@type\":\"ListItem\",\"position\":2,\"name\":\"Guldbro p\u00e5 v\u00e4g till Stockholm passerar Solkusten\"}]},{\"@type\":\"WebSite\",\"@id\":\"https:\\\/\\\/lightweb.dev\\\/l\\\/svm-temp\\\/#website\",\"url\":\"https:\\\/\\\/lightweb.dev\\\/l\\\/svm-temp\\\/\",\"name\":\"Svenska Magasinet\",\"description\":\"Dina Spanska nyheter p&aring; Svenska\",\"publisher\":{\"@id\":\"https:\\\/\\\/lightweb.dev\\\/l\\\/svm-temp\\\/#organization\"},\"potentialAction\":[{\"@type\":\"SearchAction\",\"target\":{\"@type\":\"EntryPoint\",\"urlTemplate\":\"https:\\\/\\\/lightweb.dev\\\/l\\\/svm-temp\\\/?s={search_term_string}\"},\"query-input\":{\"@type\":\"PropertyValueSpecification\",\"valueRequired\":true,\"valueName\":\"search_term_string\"}}],\"inLanguage\":\"sv-SE\"},{\"@type\":\"Organization\",\"@id\":\"https:\\\/\\\/lightweb.dev\\\/l\\\/svm-temp\\\/#organization\",\"name\":\"Melkerson y Nott SL\",\"alternateName\":\"Svenska Magasinet\",\"url\":\"https:\\\/\\\/lightweb.dev\\\/l\\\/svm-temp\\\/\",\"logo\":{\"@type\":\"ImageObject\",\"inLanguage\":\"sv-SE\",\"@id\":\"https:\\\/\\\/lightweb.dev\\\/l\\\/svm-temp\\\/#\\\/schema\\\/logo\\\/image\\\/\",\"url\":\"https:\\\/\\\/lightweb.dev\\\/l\\\/svm-temp\\\/wp-content\\\/uploads\\\/2025\\\/02\\\/SvM-logo-Xtra-Centrerad-SVART.png\",\"contentUrl\":\"https:\\\/\\\/lightweb.dev\\\/l\\\/svm-temp\\\/wp-content\\\/uploads\\\/2025\\\/02\\\/SvM-logo-Xtra-Centrerad-SVART.png\",\"width\":300,\"height\":99,\"caption\":\"Melkerson y Nott SL\"},\"image\":{\"@id\":\"https:\\\/\\\/lightweb.dev\\\/l\\\/svm-temp\\\/#\\\/schema\\\/logo\\\/image\\\/\"},\"sameAs\":[\"https:\\\/\\\/www.facebook.com\\\/svenskamagasinet\",\"https:\\\/\\\/x.com\\\/SvenskaMagasine\"]},{\"@type\":\"Person\",\"@id\":\"https:\\\/\\\/lightweb.dev\\\/l\\\/svm-temp\\\/#\\\/schema\\\/person\\\/206a3bda5b607b0c25e1749191e4d837\",\"name\":\"Redaktionen SvM\",\"description\":\"Redaktionen\",\"sameAs\":[\"https:\\\/\\\/lightweb.dev\\\/l\\\/svm-temp\"],\"url\":\"https:\\\/\\\/lightweb.dev\\\/l\\\/svm-temp\\\/reporter\\\/redaktionen\\\/\"}]}<\/script>\n<!-- \/ Yoast SEO Premium plugin. -->","yoast_head_json":{"title":"Guldbro p\u00e5 v\u00e4g till Stockholm passerar Solkusten - Svenska Magasinet","robots":{"index":"noindex","follow":"follow","max-snippet":"max-snippet:-1","max-image-preview":"max-image-preview:large","max-video-preview":"max-video-preview:-1"},"og_locale":"sv_SE","og_type":"article","og_title":"Guldbro p\u00e5 v\u00e4g till Stockholm passerar Solkusten","og_description":"En ny gigantisk guldbro som ska f\u00f6rbinda Gamla stan med S\u00f6dermalm befinner sig i skrivande stund p\u00e5 Medelhavet s\u00f6der om Estepona. Den 140 meter l\u00e5nga bron \u00e4r tillverkad i Kina och \u00e4r nu p\u00e5 v\u00e4g med lastfartyg ZHEN HUA 33 till Stockholm n\u00e4r den passerar den spanska Solkusten. Om sikten \u00e4r god kanske du kan [&hellip;]","og_url":"https:\/\/lightweb.dev\/l\/svm-temp\/nyheter\/guldbro-pa-vag-till-stockholm-passerar-solkusten\/","og_site_name":"Svenska Magasinet","article_publisher":"https:\/\/www.facebook.com\/svenskamagasinet","article_published_time":"2020-02-04T23:00:00+00:00","og_image":[{"width":700,"height":420,"url":"https:\/\/lightweb.dev\/l\/svm-temp\/wp-content\/uploads\/2022\/06\/guldbro-pa-vag-till-stockholm-passerar-solkusten.png","type":"image\/png"}],"author":"Redaktionen SvM","twitter_card":"summary_large_image","twitter_creator":"@SvenskaMagasine","twitter_site":"@SvenskaMagasine","schema":{"@context":"https:\/\/schema.org","@graph":[{"@type":"Article","@id":"https:\/\/lightweb.dev\/l\/svm-temp\/nyheter\/guldbro-pa-vag-till-stockholm-passerar-solkusten\/#article","isPartOf":{"@id":"https:\/\/lightweb.dev\/l\/svm-temp\/nyheter\/guldbro-pa-vag-till-stockholm-passerar-solkusten\/"},"author":{"name":"Redaktionen SvM","@id":"https:\/\/lightweb.dev\/l\/svm-temp\/#\/schema\/person\/206a3bda5b607b0c25e1749191e4d837"},"headline":"Guldbro p\u00e5 v\u00e4g till Stockholm passerar Solkusten","datePublished":"2020-02-04T23:00:00+00:00","mainEntityOfPage":{"@id":"https:\/\/lightweb.dev\/l\/svm-temp\/nyheter\/guldbro-pa-vag-till-stockholm-passerar-solkusten\/"},"wordCount":290,"commentCount":0,"publisher":{"@id":"https:\/\/lightweb.dev\/l\/svm-temp\/#organization"},"image":{"@id":"https:\/\/lightweb.dev\/l\/svm-temp\/nyheter\/guldbro-pa-vag-till-stockholm-passerar-solkusten\/#primaryimage"},"thumbnailUrl":"https:\/\/lightweb.dev\/l\/svm-temp\/wp-content\/uploads\/2022\/06\/guldbro-pa-vag-till-stockholm-passerar-solkusten.png","articleSection":["Arkiv","Nyheter"],"inLanguage":"sv-SE"},{"@type":"WebPage","@id":"https:\/\/lightweb.dev\/l\/svm-temp\/nyheter\/guldbro-pa-vag-till-stockholm-passerar-solkusten\/","url":"https:\/\/lightweb.dev\/l\/svm-temp\/nyheter\/guldbro-pa-vag-till-stockholm-passerar-solkusten\/","name":"Guldbro p\u00e5 v\u00e4g till Stockholm passerar Solkusten - Svenska Magasinet","isPartOf":{"@id":"https:\/\/lightweb.dev\/l\/svm-temp\/#website"},"primaryImageOfPage":{"@id":"https:\/\/lightweb.dev\/l\/svm-temp\/nyheter\/guldbro-pa-vag-till-stockholm-passerar-solkusten\/#primaryimage"},"image":{"@id":"https:\/\/lightweb.dev\/l\/svm-temp\/nyheter\/guldbro-pa-vag-till-stockholm-passerar-solkusten\/#primaryimage"},"thumbnailUrl":"https:\/\/lightweb.dev\/l\/svm-temp\/wp-content\/uploads\/2022\/06\/guldbro-pa-vag-till-stockholm-passerar-solkusten.png","datePublished":"2020-02-04T23:00:00+00:00","breadcrumb":{"@id":"https:\/\/lightweb.dev\/l\/svm-temp\/nyheter\/guldbro-pa-vag-till-stockholm-passerar-solkusten\/#breadcrumb"},"inLanguage":"sv-SE","potentialAction":[{"@type":"ReadAction","target":["https:\/\/lightweb.dev\/l\/svm-temp\/nyheter\/guldbro-pa-vag-till-stockholm-passerar-solkusten\/"]}]},{"@type":"ImageObject","inLanguage":"sv-SE","@id":"https:\/\/lightweb.dev\/l\/svm-temp\/nyheter\/guldbro-pa-vag-till-stockholm-passerar-solkusten\/#primaryimage","url":"https:\/\/lightweb.dev\/l\/svm-temp\/wp-content\/uploads\/2022\/06\/guldbro-pa-vag-till-stockholm-passerar-solkusten.png","contentUrl":"https:\/\/lightweb.dev\/l\/svm-temp\/wp-content\/uploads\/2022\/06\/guldbro-pa-vag-till-stockholm-passerar-solkusten.png","width":700,"height":420},{"@type":"BreadcrumbList","@id":"https:\/\/lightweb.dev\/l\/svm-temp\/nyheter\/guldbro-pa-vag-till-stockholm-passerar-solkusten\/#breadcrumb","itemListElement":[{"@type":"ListItem","position":1,"name":"Hem","item":"https:\/\/lightweb.dev\/l\/svm-temp\/"},{"@type":"ListItem","position":2,"name":"Guldbro p\u00e5 v\u00e4g till Stockholm passerar Solkusten"}]},{"@type":"WebSite","@id":"https:\/\/lightweb.dev\/l\/svm-temp\/#website","url":"https:\/\/lightweb.dev\/l\/svm-temp\/","name":"Svenska Magasinet","description":"Dina Spanska nyheter p&aring; Svenska","publisher":{"@id":"https:\/\/lightweb.dev\/l\/svm-temp\/#organization"},"potentialAction":[{"@type":"SearchAction","target":{"@type":"EntryPoint","urlTemplate":"https:\/\/lightweb.dev\/l\/svm-temp\/?s={search_term_string}"},"query-input":{"@type":"PropertyValueSpecification","valueRequired":true,"valueName":"search_term_string"}}],"inLanguage":"sv-SE"},{"@type":"Organization","@id":"https:\/\/lightweb.dev\/l\/svm-temp\/#organization","name":"Melkerson y Nott SL","alternateName":"Svenska Magasinet","url":"https:\/\/lightweb.dev\/l\/svm-temp\/","logo":{"@type":"ImageObject","inLanguage":"sv-SE","@id":"https:\/\/lightweb.dev\/l\/svm-temp\/#\/schema\/logo\/image\/","url":"https:\/\/lightweb.dev\/l\/svm-temp\/wp-content\/uploads\/2025\/02\/SvM-logo-Xtra-Centrerad-SVART.png","contentUrl":"https:\/\/lightweb.dev\/l\/svm-temp\/wp-content\/uploads\/2025\/02\/SvM-logo-Xtra-Centrerad-SVART.png","width":300,"height":99,"caption":"Melkerson y Nott SL"},"image":{"@id":"https:\/\/lightweb.dev\/l\/svm-temp\/#\/schema\/logo\/image\/"},"sameAs":["https:\/\/www.facebook.com\/svenskamagasinet","https:\/\/x.com\/SvenskaMagasine"]},{"@type":"Person","@id":"https:\/\/lightweb.dev\/l\/svm-temp\/#\/schema\/person\/206a3bda5b607b0c25e1749191e4d837","name":"Redaktionen SvM","description":"Redaktionen","sameAs":["https:\/\/lightweb.dev\/l\/svm-temp"],"url":"https:\/\/lightweb.dev\/l\/svm-temp\/reporter\/redaktionen\/"}]}},"_links":{"self":[{"href":"https:\/\/lightweb.dev\/l\/svm-temp\/wp-json\/wp\/v2\/posts\/14829","targetHints":{"allow":["GET"]}}],"collection":[{"href":"https:\/\/lightweb.dev\/l\/svm-temp\/wp-json\/wp\/v2\/posts"}],"about":[{"href":"https:\/\/lightweb.dev\/l\/svm-temp\/wp-json\/wp\/v2\/types\/post"}],"author":[{"embeddable":true,"href":"https:\/\/lightweb.dev\/l\/svm-temp\/wp-json\/wp\/v2\/users\/8"}],"replies":[{"embeddable":true,"href":"https:\/\/lightweb.dev\/l\/svm-temp\/wp-json\/wp\/v2\/comments?post=14829"}],"version-history":[{"count":0,"href":"https:\/\/lightweb.dev\/l\/svm-temp\/wp-json\/wp\/v2\/posts\/14829\/revisions"}],"wp:featuredmedia":[{"embeddable":true,"href":"https:\/\/lightweb.dev\/l\/svm-temp\/wp-json\/wp\/v2\/media\/14830"}],"wp:attachment":[{"href":"https:\/\/lightweb.dev\/l\/svm-temp\/wp-json\/wp\/v2\/media?parent=14829"}],"wp:term":[{"taxonomy":"category","embeddable":true,"href":"https:\/\/lightweb.dev\/l\/svm-temp\/wp-json\/wp\/v2\/categories?post=14829"},{"taxonomy":"post_tag","embeddable":true,"href":"https:\/\/lightweb.dev\/l\/svm-temp\/wp-json\/wp\/v2\/tags?post=14829"}],"curies":[{"name":"wp","href":"https:\/\/api.w.org\/{rel}","templated":true}]}}