{"id":14833,"date":"2020-02-05T00:00:00","date_gmt":"2020-02-04T23:00:00","guid":{"rendered":"https:\/\/lightweb.dev\/l\/svm-temp\/nyheter\/europas-mest-avancerade-5g-fordonslaboratorie-finns-i-malaga\/"},"modified":"2020-02-05T00:00:00","modified_gmt":"2020-02-04T23:00:00","slug":"europas-mest-avancerade-5g-fordonslaboratorie-finns-i-malaga","status":"publish","type":"post","link":"https:\/\/lightweb.dev\/l\/svm-temp\/nyheter\/europas-mest-avancerade-5g-fordonslaboratorie-finns-i-malaga\/","title":{"rendered":"Europas mest avancerade 5G-fordonslaboratorie finns i M\u00e1laga"},"content":{"rendered":"<p> Laboratoriet \u00e4r ett samarbetsprojekt mellan den spanska telekomgiganten Telef\u00f3nica S.A. och den stora tyska koncernen Dekra AG. Projektet involverar ocks\u00e5 regionalregeringen (Junta de Andaluc\u00eda),  M\u00e1laga kommun samt Seat.<\/p>\n<p>Det stora test och certifieringscentret bel\u00e4get i teknologiparken i M\u00e1laga \u201dParque Tecnol\u00f3gico de Andaluc\u00eda\u201d startade sin verksamhet i m\u00e5ndags. Centret har 15 anst\u00e4llda och har inneburit en investering p\u00e5 \u00f6ver fem miljoner euro. H\u00e4r finns ett utomhus-testomr\u00e5de p\u00e5 \u00f6ver 50.000 kvadratmeter med korsningar, raka gator, kurvor, belagda och obelagda v\u00e4gar, trafikljus, rondeller och tunnlar med sensorer. Det finns dessutom verkstadshallar, kontorsutrymme och garage f\u00f6r verksamheten. P\u00e5 omr\u00e5det kan fordonen testas betr\u00e4ffande positionsdata f\u00f6r m\u00f6jliga hinder och andra fordons r\u00f6relser. F\u00f6rutom verkliga fordon kan simulerade fordon k\u00f6ras genom testanl\u00e4ggningen och allt kan \u00f6vervakas via sk\u00e4rmar. Infrastrukturen g\u00f6r det m\u00f6jligt att simulera verkliga trafikf\u00f6rh\u00e5llanden och situationer p\u00e5 ett begr\u00e4nsat omr\u00e5de utan att det f\u00f6religger n\u00e5gon risk f\u00f6r olyckor. P\u00e5 omr\u00e5det finns ocks\u00e5 en unik sk\u00e4rmad kammare, utvecklad av Ericsson som g\u00f6r det m\u00f6jligt att kontrollera internationella frekvenser, det \u00e4r den enda i sitt slag som \u00e4r tillg\u00e4nglig i Europa.<\/p>\n<p>F\u00f6retag som anv\u00e4nder sig av laboratoriet kan h\u00e4r testa anslutningar och tj\u00e4nster ombord p\u00e5 fordon, navigationssystem, fordonsunderh\u00e5ll, automatiska betalningar, s\u00e4kerhet och f\u00f6rebyggande av olyckor, samt assisterad och autonom k\u00f6rning. H\u00e4r finns tekniken V2X som enligt \u201dNational Highway Traffic Safety Administration\u201d kan f\u00f6rhindra mer \u00e4n 600.000 trafikolyckor per \u00e5r.<\/p>\n<p>&#8221;Vi har en testbana med den b\u00e4sta tekniken f\u00f6r att kunna testa och skapa riktiga milj\u00f6er med avseende p\u00e5 det anslutna fordonet,&#8221; sa VD f\u00f6r Telef\u00f3nica Spanien, Mar\u00eda Jes\u00fas Almazor, under presentationen. Autonom och kopplad k\u00f6rning &#8221;\u00e4r framtidens r\u00f6rlighet&#8221; och att dess utveckling kommer att bero p\u00e5 de tekniska, sociala och juridiska utmaningarna de st\u00e5r inf\u00f6r. &#8221;Vi m\u00e5ste kunna skapa en r\u00e4ttslig ram f\u00f6r att forts\u00e4tta utveckla dessa typer av fordon,&#8221; betonade hon.<\/p>\n<p>\u201cF\u00f6r att uppn\u00e5 autonom r\u00f6rlighet m\u00e5ste vi testa fordonen. Och testa dem m\u00e5nga g\u00e5nger, f\u00f6r att vara trygga med att systemen fungerar och \u00e4r s\u00e4kra\u201d, sa chefen f\u00f6r kommunikationsteknik vid Seat, C\u00e9sar de Marco. Seat deltog i presentationen i m\u00e5ndags med ett av sina fordon, d\u00e4r en demo av sp\u00e5rning av Wi-Fi-anslutning har testats.<\/p>\n<p>Telef\u00f3nica har i ett gemensamt initiativ med Junta de Andaluc\u00eda tagit fram ett femstegsprogram d\u00e4r de under ett \u00e5r har tillg\u00e5ng till anl\u00e4ggningen. \u201dDigital Medical Services\u201d \u00e4r ett av de stegen, detta tillv\u00e4xtf\u00f6retaget har utvecklat en ansluten ambulans d\u00e4r patienten \u00e4r helt uppkopplad under f\u00e4rden mot sjukhuset, p\u00e5 s\u00e5 s\u00e4tt minskar reaktionstiderna och akutv\u00e5rden f\u00f6rb\u00e4ttras.<\/p>\n<p>Bildtexter: Exteri\u00f6rbild fr\u00e5n del av testbanan samt 5G-ansluten Seat, foto: Telef\u00f3nica.<br \/>\nArtikel Jonny Erixon.<\/p>\n","protected":false},"excerpt":{"rendered":"<p>Laboratoriet \u00e4r ett samarbetsprojekt mellan den spanska telekomgiganten Telef\u00f3nica S.A. och den stora tyska koncernen Dekra AG. Projektet involverar ocks\u00e5 regionalregeringen (Junta de Andaluc\u00eda), M\u00e1laga kommun samt Seat. Det stora test och certifieringscentret bel\u00e4get i teknologiparken i M\u00e1laga \u201dParque Tecnol\u00f3gico de Andaluc\u00eda\u201d startade sin verksamhet i m\u00e5ndags. Centret har 15 anst\u00e4llda och har inneburit en [&hellip;]<\/p>\n","protected":false},"author":8,"featured_media":14834,"comment_status":"open","ping_status":"open","sticky":false,"template":"","format":"standard","meta":{"_et_pb_use_builder":"","_et_pb_old_content":"","_et_gb_content_width":"","footnotes":""},"categories":[395,3],"tags":[],"class_list":["post-14833","post","type-post","status-publish","format-standard","has-post-thumbnail","hentry","category-arkiv-nyheter","category-nyheter"],"yoast_head":"<!-- This site is optimized with the Yoast SEO Premium plugin v26.2 (Yoast SEO v27.4) - https:\/\/yoast.com\/product\/yoast-seo-premium-wordpress\/ -->\n<title>Europas mest avancerade 5G-fordonslaboratorie finns i M\u00e1laga - Svenska Magasinet<\/title>\n<meta name=\"robots\" content=\"noindex, follow, max-snippet:-1, max-image-preview:large, max-video-preview:-1\" \/>\n<meta property=\"og:locale\" content=\"sv_SE\" \/>\n<meta property=\"og:type\" content=\"article\" \/>\n<meta property=\"og:title\" content=\"Europas mest avancerade 5G-fordonslaboratorie finns i M\u00e1laga\" \/>\n<meta property=\"og:description\" content=\"Laboratoriet \u00e4r ett samarbetsprojekt mellan den spanska telekomgiganten Telef\u00f3nica S.A. och den stora tyska koncernen Dekra AG. Projektet involverar ocks\u00e5 regionalregeringen (Junta de Andaluc\u00eda), M\u00e1laga kommun samt Seat. Det stora test och certifieringscentret bel\u00e4get i teknologiparken i M\u00e1laga \u201dParque Tecnol\u00f3gico de Andaluc\u00eda\u201d startade sin verksamhet i m\u00e5ndags. Centret har 15 anst\u00e4llda och har inneburit en [&hellip;]\" \/>\n<meta property=\"og:url\" content=\"https:\/\/lightweb.dev\/l\/svm-temp\/nyheter\/europas-mest-avancerade-5g-fordonslaboratorie-finns-i-malaga\/\" \/>\n<meta property=\"og:site_name\" content=\"Svenska Magasinet\" \/>\n<meta property=\"article:publisher\" content=\"https:\/\/www.facebook.com\/svenskamagasinet\" \/>\n<meta property=\"article:published_time\" content=\"2020-02-04T23:00:00+00:00\" \/>\n<meta property=\"og:image\" content=\"https:\/\/lightweb.dev\/l\/svm-temp\/wp-content\/uploads\/2022\/06\/europas-mest-avancerade-5gfordonslaboratorie-finns-i-malaga.png\" \/>\n\t<meta property=\"og:image:width\" content=\"700\" \/>\n\t<meta property=\"og:image:height\" content=\"420\" \/>\n\t<meta property=\"og:image:type\" content=\"image\/png\" \/>\n<meta name=\"author\" content=\"Redaktionen SvM\" \/>\n<meta name=\"twitter:card\" content=\"summary_large_image\" \/>\n<meta name=\"twitter:creator\" content=\"@SvenskaMagasine\" \/>\n<meta name=\"twitter:site\" content=\"@SvenskaMagasine\" \/>\n<script type=\"application\/ld+json\" class=\"yoast-schema-graph\">{\"@context\":\"https:\\\/\\\/schema.org\",\"@graph\":[{\"@type\":\"Article\",\"@id\":\"https:\\\/\\\/lightweb.dev\\\/l\\\/svm-temp\\\/nyheter\\\/europas-mest-avancerade-5g-fordonslaboratorie-finns-i-malaga\\\/#article\",\"isPartOf\":{\"@id\":\"https:\\\/\\\/lightweb.dev\\\/l\\\/svm-temp\\\/nyheter\\\/europas-mest-avancerade-5g-fordonslaboratorie-finns-i-malaga\\\/\"},\"author\":{\"name\":\"Redaktionen SvM\",\"@id\":\"https:\\\/\\\/lightweb.dev\\\/l\\\/svm-temp\\\/#\\\/schema\\\/person\\\/206a3bda5b607b0c25e1749191e4d837\"},\"headline\":\"Europas mest avancerade 5G-fordonslaboratorie finns i M\u00e1laga\",\"datePublished\":\"2020-02-04T23:00:00+00:00\",\"mainEntityOfPage\":{\"@id\":\"https:\\\/\\\/lightweb.dev\\\/l\\\/svm-temp\\\/nyheter\\\/europas-mest-avancerade-5g-fordonslaboratorie-finns-i-malaga\\\/\"},\"wordCount\":515,\"commentCount\":0,\"publisher\":{\"@id\":\"https:\\\/\\\/lightweb.dev\\\/l\\\/svm-temp\\\/#organization\"},\"image\":{\"@id\":\"https:\\\/\\\/lightweb.dev\\\/l\\\/svm-temp\\\/nyheter\\\/europas-mest-avancerade-5g-fordonslaboratorie-finns-i-malaga\\\/#primaryimage\"},\"thumbnailUrl\":\"https:\\\/\\\/lightweb.dev\\\/l\\\/svm-temp\\\/wp-content\\\/uploads\\\/2022\\\/06\\\/europas-mest-avancerade-5gfordonslaboratorie-finns-i-malaga.png\",\"articleSection\":[\"Arkiv\",\"Nyheter\"],\"inLanguage\":\"sv-SE\"},{\"@type\":\"WebPage\",\"@id\":\"https:\\\/\\\/lightweb.dev\\\/l\\\/svm-temp\\\/nyheter\\\/europas-mest-avancerade-5g-fordonslaboratorie-finns-i-malaga\\\/\",\"url\":\"https:\\\/\\\/lightweb.dev\\\/l\\\/svm-temp\\\/nyheter\\\/europas-mest-avancerade-5g-fordonslaboratorie-finns-i-malaga\\\/\",\"name\":\"Europas mest avancerade 5G-fordonslaboratorie finns i M\u00e1laga - Svenska Magasinet\",\"isPartOf\":{\"@id\":\"https:\\\/\\\/lightweb.dev\\\/l\\\/svm-temp\\\/#website\"},\"primaryImageOfPage\":{\"@id\":\"https:\\\/\\\/lightweb.dev\\\/l\\\/svm-temp\\\/nyheter\\\/europas-mest-avancerade-5g-fordonslaboratorie-finns-i-malaga\\\/#primaryimage\"},\"image\":{\"@id\":\"https:\\\/\\\/lightweb.dev\\\/l\\\/svm-temp\\\/nyheter\\\/europas-mest-avancerade-5g-fordonslaboratorie-finns-i-malaga\\\/#primaryimage\"},\"thumbnailUrl\":\"https:\\\/\\\/lightweb.dev\\\/l\\\/svm-temp\\\/wp-content\\\/uploads\\\/2022\\\/06\\\/europas-mest-avancerade-5gfordonslaboratorie-finns-i-malaga.png\",\"datePublished\":\"2020-02-04T23:00:00+00:00\",\"breadcrumb\":{\"@id\":\"https:\\\/\\\/lightweb.dev\\\/l\\\/svm-temp\\\/nyheter\\\/europas-mest-avancerade-5g-fordonslaboratorie-finns-i-malaga\\\/#breadcrumb\"},\"inLanguage\":\"sv-SE\",\"potentialAction\":[{\"@type\":\"ReadAction\",\"target\":[\"https:\\\/\\\/lightweb.dev\\\/l\\\/svm-temp\\\/nyheter\\\/europas-mest-avancerade-5g-fordonslaboratorie-finns-i-malaga\\\/\"]}]},{\"@type\":\"ImageObject\",\"inLanguage\":\"sv-SE\",\"@id\":\"https:\\\/\\\/lightweb.dev\\\/l\\\/svm-temp\\\/nyheter\\\/europas-mest-avancerade-5g-fordonslaboratorie-finns-i-malaga\\\/#primaryimage\",\"url\":\"https:\\\/\\\/lightweb.dev\\\/l\\\/svm-temp\\\/wp-content\\\/uploads\\\/2022\\\/06\\\/europas-mest-avancerade-5gfordonslaboratorie-finns-i-malaga.png\",\"contentUrl\":\"https:\\\/\\\/lightweb.dev\\\/l\\\/svm-temp\\\/wp-content\\\/uploads\\\/2022\\\/06\\\/europas-mest-avancerade-5gfordonslaboratorie-finns-i-malaga.png\",\"width\":700,\"height\":420},{\"@type\":\"BreadcrumbList\",\"@id\":\"https:\\\/\\\/lightweb.dev\\\/l\\\/svm-temp\\\/nyheter\\\/europas-mest-avancerade-5g-fordonslaboratorie-finns-i-malaga\\\/#breadcrumb\",\"itemListElement\":[{\"@type\":\"ListItem\",\"position\":1,\"name\":\"Hem\",\"item\":\"https:\\\/\\\/lightweb.dev\\\/l\\\/svm-temp\\\/\"},{\"@type\":\"ListItem\",\"position\":2,\"name\":\"Europas mest avancerade 5G-fordonslaboratorie finns i M\u00e1laga\"}]},{\"@type\":\"WebSite\",\"@id\":\"https:\\\/\\\/lightweb.dev\\\/l\\\/svm-temp\\\/#website\",\"url\":\"https:\\\/\\\/lightweb.dev\\\/l\\\/svm-temp\\\/\",\"name\":\"Svenska Magasinet\",\"description\":\"Dina Spanska nyheter p&aring; Svenska\",\"publisher\":{\"@id\":\"https:\\\/\\\/lightweb.dev\\\/l\\\/svm-temp\\\/#organization\"},\"potentialAction\":[{\"@type\":\"SearchAction\",\"target\":{\"@type\":\"EntryPoint\",\"urlTemplate\":\"https:\\\/\\\/lightweb.dev\\\/l\\\/svm-temp\\\/?s={search_term_string}\"},\"query-input\":{\"@type\":\"PropertyValueSpecification\",\"valueRequired\":true,\"valueName\":\"search_term_string\"}}],\"inLanguage\":\"sv-SE\"},{\"@type\":\"Organization\",\"@id\":\"https:\\\/\\\/lightweb.dev\\\/l\\\/svm-temp\\\/#organization\",\"name\":\"Melkerson y Nott SL\",\"alternateName\":\"Svenska Magasinet\",\"url\":\"https:\\\/\\\/lightweb.dev\\\/l\\\/svm-temp\\\/\",\"logo\":{\"@type\":\"ImageObject\",\"inLanguage\":\"sv-SE\",\"@id\":\"https:\\\/\\\/lightweb.dev\\\/l\\\/svm-temp\\\/#\\\/schema\\\/logo\\\/image\\\/\",\"url\":\"https:\\\/\\\/lightweb.dev\\\/l\\\/svm-temp\\\/wp-content\\\/uploads\\\/2025\\\/02\\\/SvM-logo-Xtra-Centrerad-SVART.png\",\"contentUrl\":\"https:\\\/\\\/lightweb.dev\\\/l\\\/svm-temp\\\/wp-content\\\/uploads\\\/2025\\\/02\\\/SvM-logo-Xtra-Centrerad-SVART.png\",\"width\":300,\"height\":99,\"caption\":\"Melkerson y Nott SL\"},\"image\":{\"@id\":\"https:\\\/\\\/lightweb.dev\\\/l\\\/svm-temp\\\/#\\\/schema\\\/logo\\\/image\\\/\"},\"sameAs\":[\"https:\\\/\\\/www.facebook.com\\\/svenskamagasinet\",\"https:\\\/\\\/x.com\\\/SvenskaMagasine\"]},{\"@type\":\"Person\",\"@id\":\"https:\\\/\\\/lightweb.dev\\\/l\\\/svm-temp\\\/#\\\/schema\\\/person\\\/206a3bda5b607b0c25e1749191e4d837\",\"name\":\"Redaktionen SvM\",\"description\":\"Redaktionen\",\"sameAs\":[\"https:\\\/\\\/lightweb.dev\\\/l\\\/svm-temp\"],\"url\":\"https:\\\/\\\/lightweb.dev\\\/l\\\/svm-temp\\\/reporter\\\/redaktionen\\\/\"}]}<\/script>\n<!-- \/ Yoast SEO Premium plugin. -->","yoast_head_json":{"title":"Europas mest avancerade 5G-fordonslaboratorie finns i M\u00e1laga - Svenska Magasinet","robots":{"index":"noindex","follow":"follow","max-snippet":"max-snippet:-1","max-image-preview":"max-image-preview:large","max-video-preview":"max-video-preview:-1"},"og_locale":"sv_SE","og_type":"article","og_title":"Europas mest avancerade 5G-fordonslaboratorie finns i M\u00e1laga","og_description":"Laboratoriet \u00e4r ett samarbetsprojekt mellan den spanska telekomgiganten Telef\u00f3nica S.A. och den stora tyska koncernen Dekra AG. Projektet involverar ocks\u00e5 regionalregeringen (Junta de Andaluc\u00eda), M\u00e1laga kommun samt Seat. Det stora test och certifieringscentret bel\u00e4get i teknologiparken i M\u00e1laga \u201dParque Tecnol\u00f3gico de Andaluc\u00eda\u201d startade sin verksamhet i m\u00e5ndags. Centret har 15 anst\u00e4llda och har inneburit en [&hellip;]","og_url":"https:\/\/lightweb.dev\/l\/svm-temp\/nyheter\/europas-mest-avancerade-5g-fordonslaboratorie-finns-i-malaga\/","og_site_name":"Svenska Magasinet","article_publisher":"https:\/\/www.facebook.com\/svenskamagasinet","article_published_time":"2020-02-04T23:00:00+00:00","og_image":[{"width":700,"height":420,"url":"https:\/\/lightweb.dev\/l\/svm-temp\/wp-content\/uploads\/2022\/06\/europas-mest-avancerade-5gfordonslaboratorie-finns-i-malaga.png","type":"image\/png"}],"author":"Redaktionen SvM","twitter_card":"summary_large_image","twitter_creator":"@SvenskaMagasine","twitter_site":"@SvenskaMagasine","schema":{"@context":"https:\/\/schema.org","@graph":[{"@type":"Article","@id":"https:\/\/lightweb.dev\/l\/svm-temp\/nyheter\/europas-mest-avancerade-5g-fordonslaboratorie-finns-i-malaga\/#article","isPartOf":{"@id":"https:\/\/lightweb.dev\/l\/svm-temp\/nyheter\/europas-mest-avancerade-5g-fordonslaboratorie-finns-i-malaga\/"},"author":{"name":"Redaktionen SvM","@id":"https:\/\/lightweb.dev\/l\/svm-temp\/#\/schema\/person\/206a3bda5b607b0c25e1749191e4d837"},"headline":"Europas mest avancerade 5G-fordonslaboratorie finns i M\u00e1laga","datePublished":"2020-02-04T23:00:00+00:00","mainEntityOfPage":{"@id":"https:\/\/lightweb.dev\/l\/svm-temp\/nyheter\/europas-mest-avancerade-5g-fordonslaboratorie-finns-i-malaga\/"},"wordCount":515,"commentCount":0,"publisher":{"@id":"https:\/\/lightweb.dev\/l\/svm-temp\/#organization"},"image":{"@id":"https:\/\/lightweb.dev\/l\/svm-temp\/nyheter\/europas-mest-avancerade-5g-fordonslaboratorie-finns-i-malaga\/#primaryimage"},"thumbnailUrl":"https:\/\/lightweb.dev\/l\/svm-temp\/wp-content\/uploads\/2022\/06\/europas-mest-avancerade-5gfordonslaboratorie-finns-i-malaga.png","articleSection":["Arkiv","Nyheter"],"inLanguage":"sv-SE"},{"@type":"WebPage","@id":"https:\/\/lightweb.dev\/l\/svm-temp\/nyheter\/europas-mest-avancerade-5g-fordonslaboratorie-finns-i-malaga\/","url":"https:\/\/lightweb.dev\/l\/svm-temp\/nyheter\/europas-mest-avancerade-5g-fordonslaboratorie-finns-i-malaga\/","name":"Europas mest avancerade 5G-fordonslaboratorie finns i M\u00e1laga - Svenska Magasinet","isPartOf":{"@id":"https:\/\/lightweb.dev\/l\/svm-temp\/#website"},"primaryImageOfPage":{"@id":"https:\/\/lightweb.dev\/l\/svm-temp\/nyheter\/europas-mest-avancerade-5g-fordonslaboratorie-finns-i-malaga\/#primaryimage"},"image":{"@id":"https:\/\/lightweb.dev\/l\/svm-temp\/nyheter\/europas-mest-avancerade-5g-fordonslaboratorie-finns-i-malaga\/#primaryimage"},"thumbnailUrl":"https:\/\/lightweb.dev\/l\/svm-temp\/wp-content\/uploads\/2022\/06\/europas-mest-avancerade-5gfordonslaboratorie-finns-i-malaga.png","datePublished":"2020-02-04T23:00:00+00:00","breadcrumb":{"@id":"https:\/\/lightweb.dev\/l\/svm-temp\/nyheter\/europas-mest-avancerade-5g-fordonslaboratorie-finns-i-malaga\/#breadcrumb"},"inLanguage":"sv-SE","potentialAction":[{"@type":"ReadAction","target":["https:\/\/lightweb.dev\/l\/svm-temp\/nyheter\/europas-mest-avancerade-5g-fordonslaboratorie-finns-i-malaga\/"]}]},{"@type":"ImageObject","inLanguage":"sv-SE","@id":"https:\/\/lightweb.dev\/l\/svm-temp\/nyheter\/europas-mest-avancerade-5g-fordonslaboratorie-finns-i-malaga\/#primaryimage","url":"https:\/\/lightweb.dev\/l\/svm-temp\/wp-content\/uploads\/2022\/06\/europas-mest-avancerade-5gfordonslaboratorie-finns-i-malaga.png","contentUrl":"https:\/\/lightweb.dev\/l\/svm-temp\/wp-content\/uploads\/2022\/06\/europas-mest-avancerade-5gfordonslaboratorie-finns-i-malaga.png","width":700,"height":420},{"@type":"BreadcrumbList","@id":"https:\/\/lightweb.dev\/l\/svm-temp\/nyheter\/europas-mest-avancerade-5g-fordonslaboratorie-finns-i-malaga\/#breadcrumb","itemListElement":[{"@type":"ListItem","position":1,"name":"Hem","item":"https:\/\/lightweb.dev\/l\/svm-temp\/"},{"@type":"ListItem","position":2,"name":"Europas mest avancerade 5G-fordonslaboratorie finns i M\u00e1laga"}]},{"@type":"WebSite","@id":"https:\/\/lightweb.dev\/l\/svm-temp\/#website","url":"https:\/\/lightweb.dev\/l\/svm-temp\/","name":"Svenska Magasinet","description":"Dina Spanska nyheter p&aring; Svenska","publisher":{"@id":"https:\/\/lightweb.dev\/l\/svm-temp\/#organization"},"potentialAction":[{"@type":"SearchAction","target":{"@type":"EntryPoint","urlTemplate":"https:\/\/lightweb.dev\/l\/svm-temp\/?s={search_term_string}"},"query-input":{"@type":"PropertyValueSpecification","valueRequired":true,"valueName":"search_term_string"}}],"inLanguage":"sv-SE"},{"@type":"Organization","@id":"https:\/\/lightweb.dev\/l\/svm-temp\/#organization","name":"Melkerson y Nott SL","alternateName":"Svenska Magasinet","url":"https:\/\/lightweb.dev\/l\/svm-temp\/","logo":{"@type":"ImageObject","inLanguage":"sv-SE","@id":"https:\/\/lightweb.dev\/l\/svm-temp\/#\/schema\/logo\/image\/","url":"https:\/\/lightweb.dev\/l\/svm-temp\/wp-content\/uploads\/2025\/02\/SvM-logo-Xtra-Centrerad-SVART.png","contentUrl":"https:\/\/lightweb.dev\/l\/svm-temp\/wp-content\/uploads\/2025\/02\/SvM-logo-Xtra-Centrerad-SVART.png","width":300,"height":99,"caption":"Melkerson y Nott SL"},"image":{"@id":"https:\/\/lightweb.dev\/l\/svm-temp\/#\/schema\/logo\/image\/"},"sameAs":["https:\/\/www.facebook.com\/svenskamagasinet","https:\/\/x.com\/SvenskaMagasine"]},{"@type":"Person","@id":"https:\/\/lightweb.dev\/l\/svm-temp\/#\/schema\/person\/206a3bda5b607b0c25e1749191e4d837","name":"Redaktionen SvM","description":"Redaktionen","sameAs":["https:\/\/lightweb.dev\/l\/svm-temp"],"url":"https:\/\/lightweb.dev\/l\/svm-temp\/reporter\/redaktionen\/"}]}},"_links":{"self":[{"href":"https:\/\/lightweb.dev\/l\/svm-temp\/wp-json\/wp\/v2\/posts\/14833","targetHints":{"allow":["GET"]}}],"collection":[{"href":"https:\/\/lightweb.dev\/l\/svm-temp\/wp-json\/wp\/v2\/posts"}],"about":[{"href":"https:\/\/lightweb.dev\/l\/svm-temp\/wp-json\/wp\/v2\/types\/post"}],"author":[{"embeddable":true,"href":"https:\/\/lightweb.dev\/l\/svm-temp\/wp-json\/wp\/v2\/users\/8"}],"replies":[{"embeddable":true,"href":"https:\/\/lightweb.dev\/l\/svm-temp\/wp-json\/wp\/v2\/comments?post=14833"}],"version-history":[{"count":0,"href":"https:\/\/lightweb.dev\/l\/svm-temp\/wp-json\/wp\/v2\/posts\/14833\/revisions"}],"wp:featuredmedia":[{"embeddable":true,"href":"https:\/\/lightweb.dev\/l\/svm-temp\/wp-json\/wp\/v2\/media\/14834"}],"wp:attachment":[{"href":"https:\/\/lightweb.dev\/l\/svm-temp\/wp-json\/wp\/v2\/media?parent=14833"}],"wp:term":[{"taxonomy":"category","embeddable":true,"href":"https:\/\/lightweb.dev\/l\/svm-temp\/wp-json\/wp\/v2\/categories?post=14833"},{"taxonomy":"post_tag","embeddable":true,"href":"https:\/\/lightweb.dev\/l\/svm-temp\/wp-json\/wp\/v2\/tags?post=14833"}],"curies":[{"name":"wp","href":"https:\/\/api.w.org\/{rel}","templated":true}]}}