{"id":14839,"date":"2020-02-04T00:00:00","date_gmt":"2020-02-03T23:00:00","guid":{"rendered":"https:\/\/lightweb.dev\/l\/svm-temp\/nyheter\/94-arig-svenska-soker-sitt-barn-som-forsvann-1948-i-spanien\/"},"modified":"2020-02-04T00:00:00","modified_gmt":"2020-02-03T23:00:00","slug":"94-arig-svenska-soker-sitt-barn-som-forsvann-1948-i-spanien","status":"publish","type":"post","link":"https:\/\/lightweb.dev\/l\/svm-temp\/nyheter\/94-arig-svenska-soker-sitt-barn-som-forsvann-1948-i-spanien\/","title":{"rendered":"94-\u00e5rig svenska s\u00f6ker sitt barn som f\u00f6rsvann 1948 i Spanien"},"content":{"rendered":"<p> Irmgard Lundberg, 94, bosatt p\u00e5 Liding\u00f6 i Sverige forts\u00e4tter s\u00f6kandet efter sin son Fred som f\u00f6rsvann i Chipiona (C\u00e1diz) 1948. Pojken var bara femton m\u00e5nader gammal n\u00e4r mamman l\u00e4mnade pojken till en l\u00e4kare som senare visade sig ha ett f\u00f6rflutet som l\u00e4kare under nazitiden i Tyskland. Pojken var vid tillf\u00e4llet sjuk och beh\u00f6vde en l\u00e4kare.<\/p>\n<p>Det \u00e4r den spanska nyhetsbyr\u00e5n EFE som ber\u00e4ttar om den 94-\u00e5riga svenska kvinnan som fortsatt s\u00f6ker efter sin son. Nyligen h\u00f6lls en presskonferens i C\u00e1diz och Irmgard Lundberg var med via video\u00f6verf\u00f6ring tillsammans med ett barnbarn. Hon ber om samarbete och hj\u00e4lp i att hitta sin f\u00f6rsvunne son som hon misst\u00e4nker stals av en doktor Luis Gurruchaga, mer k\u00e4nd under smeknamnet \u201ddoctor Pirata\u201d.<\/p>\n<p>Historien g\u00e5r tillbaka till 3 februari 1947 d\u00e5 Irmgard och hennes man Sven Lundberg f\u00e5r en son som f\u00f6ds i tyska Duisburg. De reste senare till Sverige innan de fick ett erbjudande om arbete i Tanger i Marocko dit de kom i februari 1948. Det var h\u00e4r de l\u00e4rde k\u00e4nna doktor Gurruchaga som arbetade som l\u00e4kare i Chipiona i provinsen C\u00e1diz.<\/p>\n<p>Fram till dess hade sonen Fred genomg\u00e5tt flera kirurgiska ingrepp eftersom han f\u00f6ddes med ett ryggproblem.<\/p>\n<p>Det \u00e4r journalisten Wayne Jamison som nu hj\u00e4lper den 94-\u00e5riga svenska mamman med att hitta sin son. Jamison skriver p\u00e5 en bok d\u00e4r doktor Gurruchaga f\u00f6rekommer och som arbetade p\u00e5 en klinik i Chipiona.<\/p>\n<p>Gurruchaga erbj\u00f6d f\u00f6r\u00e4ldrarna att ta Fred till sin klinik i Spanien n\u00e5got som f\u00f6r\u00e4ldrarna sa ja till. D\u00e4refter s\u00e5g de aldrig sin son mer.<\/p>\n<p>\u201dDet var ett litet s\u00f6tt barn, och mycket speciellt\u201d sa Liana Romero, 72, som l\u00e4rde k\u00e4nna Gurruchaga och Fred n\u00e4r hon bara var 14 \u00e5r gammal. Romero medverkade vid presskonferensen som h\u00f6lls i C\u00e1diz f\u00f6r ett par dagar sedan.<\/p>\n<p>\u201dVi fick h\u00f6ra att barnet skulle ha d\u00f6tt av v\u00e4rmeslag\u201d sa Liana Romero.<\/p>\n<p>Det tog dock flera m\u00e5nader innan Gurruchaga tog kontakt med barnets f\u00f6r\u00e4ldrar och bekr\u00e4ftade pojkens d\u00f6d. Han s\u00e4nde bilder av barnets kropp men enligt mamman var det inte Fred som f\u00f6rekom p\u00e5 bilden. Irmgard Lundberg menar att l\u00e4karen manipulerade d\u00f6dsattesten.<\/p>\n<p>Irmgard forts\u00e4tter vid 94 \u00e5rs \u00e5lder att s\u00f6ka efter sin son tillsammans med anh\u00f6riga och f\u00f6reningen Asociaci\u00f3n SOS Beb\u00e9s Robados de Jerez som har l\u00e5tit publicera en efterlysning p\u00e5 sociala n\u00e4tverk (Buscando a Fred Lundberg), p\u00e5 Twitter: @BuscandoFred och via en e-postadress (buscandoafredlundberg@yahoo.com) d\u00e4r allm\u00e4nheten kan l\u00e4mna tips.<\/p>\n<p>Fred skulle vara 73 \u00e5r idag om han lever. Som liten pojke genomgick han en ryggoperation d\u00e4r ett silverr\u00f6r opererades in.<\/p>\n","protected":false},"excerpt":{"rendered":"<p>Irmgard Lundberg, 94, bosatt p\u00e5 Liding\u00f6 i Sverige forts\u00e4tter s\u00f6kandet efter sin son Fred som f\u00f6rsvann i Chipiona (C\u00e1diz) 1948. Pojken var bara femton m\u00e5nader gammal n\u00e4r mamman l\u00e4mnade pojken till en l\u00e4kare som senare visade sig ha ett f\u00f6rflutet som l\u00e4kare under nazitiden i Tyskland. Pojken var vid tillf\u00e4llet sjuk och beh\u00f6vde en l\u00e4kare. [&hellip;]<\/p>\n","protected":false},"author":8,"featured_media":14840,"comment_status":"open","ping_status":"open","sticky":false,"template":"","format":"standard","meta":{"_et_pb_use_builder":"","_et_pb_old_content":"","_et_gb_content_width":"","footnotes":""},"categories":[395,3],"tags":[],"class_list":["post-14839","post","type-post","status-publish","format-standard","has-post-thumbnail","hentry","category-arkiv-nyheter","category-nyheter"],"yoast_head":"<!-- This site is optimized with the Yoast SEO Premium plugin v26.2 (Yoast SEO v27.4) - https:\/\/yoast.com\/product\/yoast-seo-premium-wordpress\/ -->\n<title>94-\u00e5rig svenska s\u00f6ker sitt barn som f\u00f6rsvann 1948 i Spanien - Svenska Magasinet<\/title>\n<meta name=\"robots\" content=\"noindex, follow, max-snippet:-1, max-image-preview:large, max-video-preview:-1\" \/>\n<meta property=\"og:locale\" content=\"sv_SE\" \/>\n<meta property=\"og:type\" content=\"article\" \/>\n<meta property=\"og:title\" content=\"94-\u00e5rig svenska s\u00f6ker sitt barn som f\u00f6rsvann 1948 i Spanien\" \/>\n<meta property=\"og:description\" content=\"Irmgard Lundberg, 94, bosatt p\u00e5 Liding\u00f6 i Sverige forts\u00e4tter s\u00f6kandet efter sin son Fred som f\u00f6rsvann i Chipiona (C\u00e1diz) 1948. Pojken var bara femton m\u00e5nader gammal n\u00e4r mamman l\u00e4mnade pojken till en l\u00e4kare som senare visade sig ha ett f\u00f6rflutet som l\u00e4kare under nazitiden i Tyskland. Pojken var vid tillf\u00e4llet sjuk och beh\u00f6vde en l\u00e4kare. [&hellip;]\" \/>\n<meta property=\"og:url\" content=\"https:\/\/lightweb.dev\/l\/svm-temp\/nyheter\/94-arig-svenska-soker-sitt-barn-som-forsvann-1948-i-spanien\/\" \/>\n<meta property=\"og:site_name\" content=\"Svenska Magasinet\" \/>\n<meta property=\"article:publisher\" content=\"https:\/\/www.facebook.com\/svenskamagasinet\" \/>\n<meta property=\"article:published_time\" content=\"2020-02-03T23:00:00+00:00\" \/>\n<meta property=\"og:image\" content=\"https:\/\/lightweb.dev\/l\/svm-temp\/wp-content\/uploads\/2022\/06\/94arig-svenska-soker-sitt-barn-som-forsvann-1948-i-spanien.png\" \/>\n\t<meta property=\"og:image:width\" content=\"700\" \/>\n\t<meta property=\"og:image:height\" content=\"420\" \/>\n\t<meta property=\"og:image:type\" content=\"image\/png\" \/>\n<meta name=\"author\" content=\"Redaktionen SvM\" \/>\n<meta name=\"twitter:card\" content=\"summary_large_image\" \/>\n<meta name=\"twitter:creator\" content=\"@SvenskaMagasine\" \/>\n<meta name=\"twitter:site\" content=\"@SvenskaMagasine\" \/>\n<script type=\"application\/ld+json\" class=\"yoast-schema-graph\">{\"@context\":\"https:\\\/\\\/schema.org\",\"@graph\":[{\"@type\":\"Article\",\"@id\":\"https:\\\/\\\/lightweb.dev\\\/l\\\/svm-temp\\\/nyheter\\\/94-arig-svenska-soker-sitt-barn-som-forsvann-1948-i-spanien\\\/#article\",\"isPartOf\":{\"@id\":\"https:\\\/\\\/lightweb.dev\\\/l\\\/svm-temp\\\/nyheter\\\/94-arig-svenska-soker-sitt-barn-som-forsvann-1948-i-spanien\\\/\"},\"author\":{\"name\":\"Redaktionen SvM\",\"@id\":\"https:\\\/\\\/lightweb.dev\\\/l\\\/svm-temp\\\/#\\\/schema\\\/person\\\/206a3bda5b607b0c25e1749191e4d837\"},\"headline\":\"94-\u00e5rig svenska s\u00f6ker sitt barn som f\u00f6rsvann 1948 i Spanien\",\"datePublished\":\"2020-02-03T23:00:00+00:00\",\"mainEntityOfPage\":{\"@id\":\"https:\\\/\\\/lightweb.dev\\\/l\\\/svm-temp\\\/nyheter\\\/94-arig-svenska-soker-sitt-barn-som-forsvann-1948-i-spanien\\\/\"},\"wordCount\":498,\"commentCount\":0,\"publisher\":{\"@id\":\"https:\\\/\\\/lightweb.dev\\\/l\\\/svm-temp\\\/#organization\"},\"image\":{\"@id\":\"https:\\\/\\\/lightweb.dev\\\/l\\\/svm-temp\\\/nyheter\\\/94-arig-svenska-soker-sitt-barn-som-forsvann-1948-i-spanien\\\/#primaryimage\"},\"thumbnailUrl\":\"https:\\\/\\\/lightweb.dev\\\/l\\\/svm-temp\\\/wp-content\\\/uploads\\\/2022\\\/06\\\/94arig-svenska-soker-sitt-barn-som-forsvann-1948-i-spanien.png\",\"articleSection\":[\"Arkiv\",\"Nyheter\"],\"inLanguage\":\"sv-SE\"},{\"@type\":\"WebPage\",\"@id\":\"https:\\\/\\\/lightweb.dev\\\/l\\\/svm-temp\\\/nyheter\\\/94-arig-svenska-soker-sitt-barn-som-forsvann-1948-i-spanien\\\/\",\"url\":\"https:\\\/\\\/lightweb.dev\\\/l\\\/svm-temp\\\/nyheter\\\/94-arig-svenska-soker-sitt-barn-som-forsvann-1948-i-spanien\\\/\",\"name\":\"94-\u00e5rig svenska s\u00f6ker sitt barn som f\u00f6rsvann 1948 i Spanien - Svenska Magasinet\",\"isPartOf\":{\"@id\":\"https:\\\/\\\/lightweb.dev\\\/l\\\/svm-temp\\\/#website\"},\"primaryImageOfPage\":{\"@id\":\"https:\\\/\\\/lightweb.dev\\\/l\\\/svm-temp\\\/nyheter\\\/94-arig-svenska-soker-sitt-barn-som-forsvann-1948-i-spanien\\\/#primaryimage\"},\"image\":{\"@id\":\"https:\\\/\\\/lightweb.dev\\\/l\\\/svm-temp\\\/nyheter\\\/94-arig-svenska-soker-sitt-barn-som-forsvann-1948-i-spanien\\\/#primaryimage\"},\"thumbnailUrl\":\"https:\\\/\\\/lightweb.dev\\\/l\\\/svm-temp\\\/wp-content\\\/uploads\\\/2022\\\/06\\\/94arig-svenska-soker-sitt-barn-som-forsvann-1948-i-spanien.png\",\"datePublished\":\"2020-02-03T23:00:00+00:00\",\"breadcrumb\":{\"@id\":\"https:\\\/\\\/lightweb.dev\\\/l\\\/svm-temp\\\/nyheter\\\/94-arig-svenska-soker-sitt-barn-som-forsvann-1948-i-spanien\\\/#breadcrumb\"},\"inLanguage\":\"sv-SE\",\"potentialAction\":[{\"@type\":\"ReadAction\",\"target\":[\"https:\\\/\\\/lightweb.dev\\\/l\\\/svm-temp\\\/nyheter\\\/94-arig-svenska-soker-sitt-barn-som-forsvann-1948-i-spanien\\\/\"]}]},{\"@type\":\"ImageObject\",\"inLanguage\":\"sv-SE\",\"@id\":\"https:\\\/\\\/lightweb.dev\\\/l\\\/svm-temp\\\/nyheter\\\/94-arig-svenska-soker-sitt-barn-som-forsvann-1948-i-spanien\\\/#primaryimage\",\"url\":\"https:\\\/\\\/lightweb.dev\\\/l\\\/svm-temp\\\/wp-content\\\/uploads\\\/2022\\\/06\\\/94arig-svenska-soker-sitt-barn-som-forsvann-1948-i-spanien.png\",\"contentUrl\":\"https:\\\/\\\/lightweb.dev\\\/l\\\/svm-temp\\\/wp-content\\\/uploads\\\/2022\\\/06\\\/94arig-svenska-soker-sitt-barn-som-forsvann-1948-i-spanien.png\",\"width\":700,\"height\":420},{\"@type\":\"BreadcrumbList\",\"@id\":\"https:\\\/\\\/lightweb.dev\\\/l\\\/svm-temp\\\/nyheter\\\/94-arig-svenska-soker-sitt-barn-som-forsvann-1948-i-spanien\\\/#breadcrumb\",\"itemListElement\":[{\"@type\":\"ListItem\",\"position\":1,\"name\":\"Hem\",\"item\":\"https:\\\/\\\/lightweb.dev\\\/l\\\/svm-temp\\\/\"},{\"@type\":\"ListItem\",\"position\":2,\"name\":\"94-\u00e5rig svenska s\u00f6ker sitt barn som f\u00f6rsvann 1948 i Spanien\"}]},{\"@type\":\"WebSite\",\"@id\":\"https:\\\/\\\/lightweb.dev\\\/l\\\/svm-temp\\\/#website\",\"url\":\"https:\\\/\\\/lightweb.dev\\\/l\\\/svm-temp\\\/\",\"name\":\"Svenska Magasinet\",\"description\":\"Dina Spanska nyheter p&aring; Svenska\",\"publisher\":{\"@id\":\"https:\\\/\\\/lightweb.dev\\\/l\\\/svm-temp\\\/#organization\"},\"potentialAction\":[{\"@type\":\"SearchAction\",\"target\":{\"@type\":\"EntryPoint\",\"urlTemplate\":\"https:\\\/\\\/lightweb.dev\\\/l\\\/svm-temp\\\/?s={search_term_string}\"},\"query-input\":{\"@type\":\"PropertyValueSpecification\",\"valueRequired\":true,\"valueName\":\"search_term_string\"}}],\"inLanguage\":\"sv-SE\"},{\"@type\":\"Organization\",\"@id\":\"https:\\\/\\\/lightweb.dev\\\/l\\\/svm-temp\\\/#organization\",\"name\":\"Melkerson y Nott SL\",\"alternateName\":\"Svenska Magasinet\",\"url\":\"https:\\\/\\\/lightweb.dev\\\/l\\\/svm-temp\\\/\",\"logo\":{\"@type\":\"ImageObject\",\"inLanguage\":\"sv-SE\",\"@id\":\"https:\\\/\\\/lightweb.dev\\\/l\\\/svm-temp\\\/#\\\/schema\\\/logo\\\/image\\\/\",\"url\":\"https:\\\/\\\/lightweb.dev\\\/l\\\/svm-temp\\\/wp-content\\\/uploads\\\/2025\\\/02\\\/SvM-logo-Xtra-Centrerad-SVART.png\",\"contentUrl\":\"https:\\\/\\\/lightweb.dev\\\/l\\\/svm-temp\\\/wp-content\\\/uploads\\\/2025\\\/02\\\/SvM-logo-Xtra-Centrerad-SVART.png\",\"width\":300,\"height\":99,\"caption\":\"Melkerson y Nott SL\"},\"image\":{\"@id\":\"https:\\\/\\\/lightweb.dev\\\/l\\\/svm-temp\\\/#\\\/schema\\\/logo\\\/image\\\/\"},\"sameAs\":[\"https:\\\/\\\/www.facebook.com\\\/svenskamagasinet\",\"https:\\\/\\\/x.com\\\/SvenskaMagasine\"]},{\"@type\":\"Person\",\"@id\":\"https:\\\/\\\/lightweb.dev\\\/l\\\/svm-temp\\\/#\\\/schema\\\/person\\\/206a3bda5b607b0c25e1749191e4d837\",\"name\":\"Redaktionen SvM\",\"description\":\"Redaktionen\",\"sameAs\":[\"https:\\\/\\\/lightweb.dev\\\/l\\\/svm-temp\"],\"url\":\"https:\\\/\\\/lightweb.dev\\\/l\\\/svm-temp\\\/reporter\\\/redaktionen\\\/\"}]}<\/script>\n<!-- \/ Yoast SEO Premium plugin. -->","yoast_head_json":{"title":"94-\u00e5rig svenska s\u00f6ker sitt barn som f\u00f6rsvann 1948 i Spanien - Svenska Magasinet","robots":{"index":"noindex","follow":"follow","max-snippet":"max-snippet:-1","max-image-preview":"max-image-preview:large","max-video-preview":"max-video-preview:-1"},"og_locale":"sv_SE","og_type":"article","og_title":"94-\u00e5rig svenska s\u00f6ker sitt barn som f\u00f6rsvann 1948 i Spanien","og_description":"Irmgard Lundberg, 94, bosatt p\u00e5 Liding\u00f6 i Sverige forts\u00e4tter s\u00f6kandet efter sin son Fred som f\u00f6rsvann i Chipiona (C\u00e1diz) 1948. Pojken var bara femton m\u00e5nader gammal n\u00e4r mamman l\u00e4mnade pojken till en l\u00e4kare som senare visade sig ha ett f\u00f6rflutet som l\u00e4kare under nazitiden i Tyskland. Pojken var vid tillf\u00e4llet sjuk och beh\u00f6vde en l\u00e4kare. [&hellip;]","og_url":"https:\/\/lightweb.dev\/l\/svm-temp\/nyheter\/94-arig-svenska-soker-sitt-barn-som-forsvann-1948-i-spanien\/","og_site_name":"Svenska Magasinet","article_publisher":"https:\/\/www.facebook.com\/svenskamagasinet","article_published_time":"2020-02-03T23:00:00+00:00","og_image":[{"width":700,"height":420,"url":"https:\/\/lightweb.dev\/l\/svm-temp\/wp-content\/uploads\/2022\/06\/94arig-svenska-soker-sitt-barn-som-forsvann-1948-i-spanien.png","type":"image\/png"}],"author":"Redaktionen SvM","twitter_card":"summary_large_image","twitter_creator":"@SvenskaMagasine","twitter_site":"@SvenskaMagasine","schema":{"@context":"https:\/\/schema.org","@graph":[{"@type":"Article","@id":"https:\/\/lightweb.dev\/l\/svm-temp\/nyheter\/94-arig-svenska-soker-sitt-barn-som-forsvann-1948-i-spanien\/#article","isPartOf":{"@id":"https:\/\/lightweb.dev\/l\/svm-temp\/nyheter\/94-arig-svenska-soker-sitt-barn-som-forsvann-1948-i-spanien\/"},"author":{"name":"Redaktionen SvM","@id":"https:\/\/lightweb.dev\/l\/svm-temp\/#\/schema\/person\/206a3bda5b607b0c25e1749191e4d837"},"headline":"94-\u00e5rig svenska s\u00f6ker sitt barn som f\u00f6rsvann 1948 i Spanien","datePublished":"2020-02-03T23:00:00+00:00","mainEntityOfPage":{"@id":"https:\/\/lightweb.dev\/l\/svm-temp\/nyheter\/94-arig-svenska-soker-sitt-barn-som-forsvann-1948-i-spanien\/"},"wordCount":498,"commentCount":0,"publisher":{"@id":"https:\/\/lightweb.dev\/l\/svm-temp\/#organization"},"image":{"@id":"https:\/\/lightweb.dev\/l\/svm-temp\/nyheter\/94-arig-svenska-soker-sitt-barn-som-forsvann-1948-i-spanien\/#primaryimage"},"thumbnailUrl":"https:\/\/lightweb.dev\/l\/svm-temp\/wp-content\/uploads\/2022\/06\/94arig-svenska-soker-sitt-barn-som-forsvann-1948-i-spanien.png","articleSection":["Arkiv","Nyheter"],"inLanguage":"sv-SE"},{"@type":"WebPage","@id":"https:\/\/lightweb.dev\/l\/svm-temp\/nyheter\/94-arig-svenska-soker-sitt-barn-som-forsvann-1948-i-spanien\/","url":"https:\/\/lightweb.dev\/l\/svm-temp\/nyheter\/94-arig-svenska-soker-sitt-barn-som-forsvann-1948-i-spanien\/","name":"94-\u00e5rig svenska s\u00f6ker sitt barn som f\u00f6rsvann 1948 i Spanien - Svenska Magasinet","isPartOf":{"@id":"https:\/\/lightweb.dev\/l\/svm-temp\/#website"},"primaryImageOfPage":{"@id":"https:\/\/lightweb.dev\/l\/svm-temp\/nyheter\/94-arig-svenska-soker-sitt-barn-som-forsvann-1948-i-spanien\/#primaryimage"},"image":{"@id":"https:\/\/lightweb.dev\/l\/svm-temp\/nyheter\/94-arig-svenska-soker-sitt-barn-som-forsvann-1948-i-spanien\/#primaryimage"},"thumbnailUrl":"https:\/\/lightweb.dev\/l\/svm-temp\/wp-content\/uploads\/2022\/06\/94arig-svenska-soker-sitt-barn-som-forsvann-1948-i-spanien.png","datePublished":"2020-02-03T23:00:00+00:00","breadcrumb":{"@id":"https:\/\/lightweb.dev\/l\/svm-temp\/nyheter\/94-arig-svenska-soker-sitt-barn-som-forsvann-1948-i-spanien\/#breadcrumb"},"inLanguage":"sv-SE","potentialAction":[{"@type":"ReadAction","target":["https:\/\/lightweb.dev\/l\/svm-temp\/nyheter\/94-arig-svenska-soker-sitt-barn-som-forsvann-1948-i-spanien\/"]}]},{"@type":"ImageObject","inLanguage":"sv-SE","@id":"https:\/\/lightweb.dev\/l\/svm-temp\/nyheter\/94-arig-svenska-soker-sitt-barn-som-forsvann-1948-i-spanien\/#primaryimage","url":"https:\/\/lightweb.dev\/l\/svm-temp\/wp-content\/uploads\/2022\/06\/94arig-svenska-soker-sitt-barn-som-forsvann-1948-i-spanien.png","contentUrl":"https:\/\/lightweb.dev\/l\/svm-temp\/wp-content\/uploads\/2022\/06\/94arig-svenska-soker-sitt-barn-som-forsvann-1948-i-spanien.png","width":700,"height":420},{"@type":"BreadcrumbList","@id":"https:\/\/lightweb.dev\/l\/svm-temp\/nyheter\/94-arig-svenska-soker-sitt-barn-som-forsvann-1948-i-spanien\/#breadcrumb","itemListElement":[{"@type":"ListItem","position":1,"name":"Hem","item":"https:\/\/lightweb.dev\/l\/svm-temp\/"},{"@type":"ListItem","position":2,"name":"94-\u00e5rig svenska s\u00f6ker sitt barn som f\u00f6rsvann 1948 i Spanien"}]},{"@type":"WebSite","@id":"https:\/\/lightweb.dev\/l\/svm-temp\/#website","url":"https:\/\/lightweb.dev\/l\/svm-temp\/","name":"Svenska Magasinet","description":"Dina Spanska nyheter p&aring; Svenska","publisher":{"@id":"https:\/\/lightweb.dev\/l\/svm-temp\/#organization"},"potentialAction":[{"@type":"SearchAction","target":{"@type":"EntryPoint","urlTemplate":"https:\/\/lightweb.dev\/l\/svm-temp\/?s={search_term_string}"},"query-input":{"@type":"PropertyValueSpecification","valueRequired":true,"valueName":"search_term_string"}}],"inLanguage":"sv-SE"},{"@type":"Organization","@id":"https:\/\/lightweb.dev\/l\/svm-temp\/#organization","name":"Melkerson y Nott SL","alternateName":"Svenska Magasinet","url":"https:\/\/lightweb.dev\/l\/svm-temp\/","logo":{"@type":"ImageObject","inLanguage":"sv-SE","@id":"https:\/\/lightweb.dev\/l\/svm-temp\/#\/schema\/logo\/image\/","url":"https:\/\/lightweb.dev\/l\/svm-temp\/wp-content\/uploads\/2025\/02\/SvM-logo-Xtra-Centrerad-SVART.png","contentUrl":"https:\/\/lightweb.dev\/l\/svm-temp\/wp-content\/uploads\/2025\/02\/SvM-logo-Xtra-Centrerad-SVART.png","width":300,"height":99,"caption":"Melkerson y Nott SL"},"image":{"@id":"https:\/\/lightweb.dev\/l\/svm-temp\/#\/schema\/logo\/image\/"},"sameAs":["https:\/\/www.facebook.com\/svenskamagasinet","https:\/\/x.com\/SvenskaMagasine"]},{"@type":"Person","@id":"https:\/\/lightweb.dev\/l\/svm-temp\/#\/schema\/person\/206a3bda5b607b0c25e1749191e4d837","name":"Redaktionen SvM","description":"Redaktionen","sameAs":["https:\/\/lightweb.dev\/l\/svm-temp"],"url":"https:\/\/lightweb.dev\/l\/svm-temp\/reporter\/redaktionen\/"}]}},"_links":{"self":[{"href":"https:\/\/lightweb.dev\/l\/svm-temp\/wp-json\/wp\/v2\/posts\/14839","targetHints":{"allow":["GET"]}}],"collection":[{"href":"https:\/\/lightweb.dev\/l\/svm-temp\/wp-json\/wp\/v2\/posts"}],"about":[{"href":"https:\/\/lightweb.dev\/l\/svm-temp\/wp-json\/wp\/v2\/types\/post"}],"author":[{"embeddable":true,"href":"https:\/\/lightweb.dev\/l\/svm-temp\/wp-json\/wp\/v2\/users\/8"}],"replies":[{"embeddable":true,"href":"https:\/\/lightweb.dev\/l\/svm-temp\/wp-json\/wp\/v2\/comments?post=14839"}],"version-history":[{"count":0,"href":"https:\/\/lightweb.dev\/l\/svm-temp\/wp-json\/wp\/v2\/posts\/14839\/revisions"}],"wp:featuredmedia":[{"embeddable":true,"href":"https:\/\/lightweb.dev\/l\/svm-temp\/wp-json\/wp\/v2\/media\/14840"}],"wp:attachment":[{"href":"https:\/\/lightweb.dev\/l\/svm-temp\/wp-json\/wp\/v2\/media?parent=14839"}],"wp:term":[{"taxonomy":"category","embeddable":true,"href":"https:\/\/lightweb.dev\/l\/svm-temp\/wp-json\/wp\/v2\/categories?post=14839"},{"taxonomy":"post_tag","embeddable":true,"href":"https:\/\/lightweb.dev\/l\/svm-temp\/wp-json\/wp\/v2\/tags?post=14839"}],"curies":[{"name":"wp","href":"https:\/\/api.w.org\/{rel}","templated":true}]}}