{"id":14841,"date":"2020-02-04T00:00:00","date_gmt":"2020-02-03T23:00:00","guid":{"rendered":"https:\/\/lightweb.dev\/l\/svm-temp\/nyheter\/usa-varnar-sina-medborgare-for-sexbrott-i-spanien\/"},"modified":"2020-02-04T00:00:00","modified_gmt":"2020-02-03T23:00:00","slug":"usa-varnar-sina-medborgare-for-sexbrott-i-spanien","status":"publish","type":"post","link":"https:\/\/lightweb.dev\/l\/svm-temp\/nyheter\/usa-varnar-sina-medborgare-for-sexbrott-i-spanien\/","title":{"rendered":"USA varnar sina medborgare f\u00f6r sexbrott i Spanien"},"content":{"rendered":"<p> USA har under veckan g\u00e5tt ut med en s\u00e4kerhetsvarning (alerta de seguridad) och rekommendation till sina medborgare f\u00f6r att antalet fall v\u00e5ldt\u00e4kt eller andra sexuella \u00f6vergrepp \u00f6kar i Spanien. USA:s ambassad kr\u00e4ver att den spanska myndigheten tar tag i antalet anm\u00e4lningar och att offren f\u00e5r b\u00e4ttre medicinsk och juridisk uppm\u00e4rksamhet. S\u00e4kerhetsvarningen publicerades p\u00e5 m\u00e5ndagen och beskriver ett \u201dv\u00e4xande problem\u201d i Spanien. Det g\u00e4ller fr\u00e4mst antalet fall av v\u00e5ldt\u00e4kt eller andra sexuella \u00f6vergrepp d\u00e4r fr\u00e4mst kvinnor \u00e4r offer. \u201dDet ber\u00f6r inte bara amerikanska kvinnor utan kvinnor i allm\u00e4nhet\u201d enligt USA:s ambassad i Spanien.<\/p>\n<p>Enligt Ben Ziff vid den amerikanska ambassaden p\u00e5 Calle Serrano i Madrid kom det under 2019 in 34 anm\u00e4lningar om sexbrott mot kvinnor. Under \u00e5rets f\u00f6rsta m\u00e5nad har det inkommit sex anm\u00e4lningar, s\u00e4ger Ben Ziff till dagstidningen ABC.<\/p>\n<p>USA:s ambassad ifr\u00e5gas\u00e4tter ocks\u00e5 de fr\u00e5gor som st\u00e4lls till offret som \u201dhar du druckit, var du berusad, hade du tagit n\u00e5gon drog, har det verkligen h\u00e4nt dig eller \u00e4r det n\u00e5got som intr\u00e4ffat i det f\u00f6rflutna? Det \u00e4r som att skylla h\u00e4ndelsen p\u00e5 offret, menar personal vid ambassaden.<\/p>\n<p>Eller fr\u00e5gan om \u201ddu har en v\u00e5ldt\u00e4ktsf\u00f6rs\u00e4kring\u201d som de tre amerikanska flickor hade som blev utsatta f\u00f6r en v\u00e5ldt\u00e4kt av tre afghaner i Murcia p\u00e5 ny\u00e5rsafton. De hade en kompensationsf\u00f6rs\u00e4kring p\u00e5 50.000 euro i h\u00e4ndelse av v\u00e5ldt\u00e4kt.<\/p>\n<p>Statistik som dagstidningen ABC h\u00e4nvisar till idag visar att Spanien har f\u00e5 fall av v\u00e5ldt\u00e4kt eller andra sexuella \u00f6vergrepp. P\u00e5 100.000 inv\u00e5nare har Spanien tre v\u00e5ldt\u00e4kter och 17 andra fall av sexuella \u00f6vergrepp.<\/p>\n<p>H\u00e4r ligger Storbritannien i topp och Sverige p\u00e5 plats tre efter USA. P\u00e5 100.00 inv\u00e5nare har Sverige 69,7 fall av v\u00e5ldt\u00e4kt samt 115 andra fall av sexuella \u00f6vergrepp.<\/p>\n<p>Siffrorna \u00e4r f\u00f6r 2017 och kommer fr\u00e5n EU:s statistikbyr\u00e5 Eurostat.<\/p>\n","protected":false},"excerpt":{"rendered":"<p>USA har under veckan g\u00e5tt ut med en s\u00e4kerhetsvarning (alerta de seguridad) och rekommendation till sina medborgare f\u00f6r att antalet fall v\u00e5ldt\u00e4kt eller andra sexuella \u00f6vergrepp \u00f6kar i Spanien. USA:s ambassad kr\u00e4ver att den spanska myndigheten tar tag i antalet anm\u00e4lningar och att offren f\u00e5r b\u00e4ttre medicinsk och juridisk uppm\u00e4rksamhet. S\u00e4kerhetsvarningen publicerades p\u00e5 m\u00e5ndagen och [&hellip;]<\/p>\n","protected":false},"author":8,"featured_media":14842,"comment_status":"open","ping_status":"open","sticky":false,"template":"","format":"standard","meta":{"_et_pb_use_builder":"","_et_pb_old_content":"","_et_gb_content_width":"","footnotes":""},"categories":[395,3],"tags":[],"class_list":["post-14841","post","type-post","status-publish","format-standard","has-post-thumbnail","hentry","category-arkiv-nyheter","category-nyheter"],"yoast_head":"<!-- This site is optimized with the Yoast SEO Premium plugin v26.2 (Yoast SEO v27.4) - https:\/\/yoast.com\/product\/yoast-seo-premium-wordpress\/ -->\n<title>USA varnar sina medborgare f\u00f6r sexbrott i Spanien - Svenska Magasinet<\/title>\n<meta name=\"robots\" content=\"noindex, follow, max-snippet:-1, max-image-preview:large, max-video-preview:-1\" \/>\n<meta property=\"og:locale\" content=\"sv_SE\" \/>\n<meta property=\"og:type\" content=\"article\" \/>\n<meta property=\"og:title\" content=\"USA varnar sina medborgare f\u00f6r sexbrott i Spanien\" \/>\n<meta property=\"og:description\" content=\"USA har under veckan g\u00e5tt ut med en s\u00e4kerhetsvarning (alerta de seguridad) och rekommendation till sina medborgare f\u00f6r att antalet fall v\u00e5ldt\u00e4kt eller andra sexuella \u00f6vergrepp \u00f6kar i Spanien. USA:s ambassad kr\u00e4ver att den spanska myndigheten tar tag i antalet anm\u00e4lningar och att offren f\u00e5r b\u00e4ttre medicinsk och juridisk uppm\u00e4rksamhet. S\u00e4kerhetsvarningen publicerades p\u00e5 m\u00e5ndagen och [&hellip;]\" \/>\n<meta property=\"og:url\" content=\"https:\/\/lightweb.dev\/l\/svm-temp\/nyheter\/usa-varnar-sina-medborgare-for-sexbrott-i-spanien\/\" \/>\n<meta property=\"og:site_name\" content=\"Svenska Magasinet\" \/>\n<meta property=\"article:publisher\" content=\"https:\/\/www.facebook.com\/svenskamagasinet\" \/>\n<meta property=\"article:published_time\" content=\"2020-02-03T23:00:00+00:00\" \/>\n<meta property=\"og:image\" content=\"https:\/\/lightweb.dev\/l\/svm-temp\/wp-content\/uploads\/2022\/06\/usa-varnar-sina-medborgare-for-sexbrott-i-spanien.png\" \/>\n\t<meta property=\"og:image:width\" content=\"700\" \/>\n\t<meta property=\"og:image:height\" content=\"421\" \/>\n\t<meta property=\"og:image:type\" content=\"image\/png\" \/>\n<meta name=\"author\" content=\"Redaktionen SvM\" \/>\n<meta name=\"twitter:card\" content=\"summary_large_image\" \/>\n<meta name=\"twitter:creator\" content=\"@SvenskaMagasine\" \/>\n<meta name=\"twitter:site\" content=\"@SvenskaMagasine\" \/>\n<script type=\"application\/ld+json\" class=\"yoast-schema-graph\">{\"@context\":\"https:\\\/\\\/schema.org\",\"@graph\":[{\"@type\":\"Article\",\"@id\":\"https:\\\/\\\/lightweb.dev\\\/l\\\/svm-temp\\\/nyheter\\\/usa-varnar-sina-medborgare-for-sexbrott-i-spanien\\\/#article\",\"isPartOf\":{\"@id\":\"https:\\\/\\\/lightweb.dev\\\/l\\\/svm-temp\\\/nyheter\\\/usa-varnar-sina-medborgare-for-sexbrott-i-spanien\\\/\"},\"author\":{\"name\":\"Redaktionen SvM\",\"@id\":\"https:\\\/\\\/lightweb.dev\\\/l\\\/svm-temp\\\/#\\\/schema\\\/person\\\/206a3bda5b607b0c25e1749191e4d837\"},\"headline\":\"USA varnar sina medborgare f\u00f6r sexbrott i Spanien\",\"datePublished\":\"2020-02-03T23:00:00+00:00\",\"mainEntityOfPage\":{\"@id\":\"https:\\\/\\\/lightweb.dev\\\/l\\\/svm-temp\\\/nyheter\\\/usa-varnar-sina-medborgare-for-sexbrott-i-spanien\\\/\"},\"wordCount\":352,\"commentCount\":0,\"publisher\":{\"@id\":\"https:\\\/\\\/lightweb.dev\\\/l\\\/svm-temp\\\/#organization\"},\"image\":{\"@id\":\"https:\\\/\\\/lightweb.dev\\\/l\\\/svm-temp\\\/nyheter\\\/usa-varnar-sina-medborgare-for-sexbrott-i-spanien\\\/#primaryimage\"},\"thumbnailUrl\":\"https:\\\/\\\/lightweb.dev\\\/l\\\/svm-temp\\\/wp-content\\\/uploads\\\/2022\\\/06\\\/usa-varnar-sina-medborgare-for-sexbrott-i-spanien.png\",\"articleSection\":[\"Arkiv\",\"Nyheter\"],\"inLanguage\":\"sv-SE\"},{\"@type\":\"WebPage\",\"@id\":\"https:\\\/\\\/lightweb.dev\\\/l\\\/svm-temp\\\/nyheter\\\/usa-varnar-sina-medborgare-for-sexbrott-i-spanien\\\/\",\"url\":\"https:\\\/\\\/lightweb.dev\\\/l\\\/svm-temp\\\/nyheter\\\/usa-varnar-sina-medborgare-for-sexbrott-i-spanien\\\/\",\"name\":\"USA varnar sina medborgare f\u00f6r sexbrott i Spanien - Svenska Magasinet\",\"isPartOf\":{\"@id\":\"https:\\\/\\\/lightweb.dev\\\/l\\\/svm-temp\\\/#website\"},\"primaryImageOfPage\":{\"@id\":\"https:\\\/\\\/lightweb.dev\\\/l\\\/svm-temp\\\/nyheter\\\/usa-varnar-sina-medborgare-for-sexbrott-i-spanien\\\/#primaryimage\"},\"image\":{\"@id\":\"https:\\\/\\\/lightweb.dev\\\/l\\\/svm-temp\\\/nyheter\\\/usa-varnar-sina-medborgare-for-sexbrott-i-spanien\\\/#primaryimage\"},\"thumbnailUrl\":\"https:\\\/\\\/lightweb.dev\\\/l\\\/svm-temp\\\/wp-content\\\/uploads\\\/2022\\\/06\\\/usa-varnar-sina-medborgare-for-sexbrott-i-spanien.png\",\"datePublished\":\"2020-02-03T23:00:00+00:00\",\"breadcrumb\":{\"@id\":\"https:\\\/\\\/lightweb.dev\\\/l\\\/svm-temp\\\/nyheter\\\/usa-varnar-sina-medborgare-for-sexbrott-i-spanien\\\/#breadcrumb\"},\"inLanguage\":\"sv-SE\",\"potentialAction\":[{\"@type\":\"ReadAction\",\"target\":[\"https:\\\/\\\/lightweb.dev\\\/l\\\/svm-temp\\\/nyheter\\\/usa-varnar-sina-medborgare-for-sexbrott-i-spanien\\\/\"]}]},{\"@type\":\"ImageObject\",\"inLanguage\":\"sv-SE\",\"@id\":\"https:\\\/\\\/lightweb.dev\\\/l\\\/svm-temp\\\/nyheter\\\/usa-varnar-sina-medborgare-for-sexbrott-i-spanien\\\/#primaryimage\",\"url\":\"https:\\\/\\\/lightweb.dev\\\/l\\\/svm-temp\\\/wp-content\\\/uploads\\\/2022\\\/06\\\/usa-varnar-sina-medborgare-for-sexbrott-i-spanien.png\",\"contentUrl\":\"https:\\\/\\\/lightweb.dev\\\/l\\\/svm-temp\\\/wp-content\\\/uploads\\\/2022\\\/06\\\/usa-varnar-sina-medborgare-for-sexbrott-i-spanien.png\",\"width\":700,\"height\":421},{\"@type\":\"BreadcrumbList\",\"@id\":\"https:\\\/\\\/lightweb.dev\\\/l\\\/svm-temp\\\/nyheter\\\/usa-varnar-sina-medborgare-for-sexbrott-i-spanien\\\/#breadcrumb\",\"itemListElement\":[{\"@type\":\"ListItem\",\"position\":1,\"name\":\"Hem\",\"item\":\"https:\\\/\\\/lightweb.dev\\\/l\\\/svm-temp\\\/\"},{\"@type\":\"ListItem\",\"position\":2,\"name\":\"USA varnar sina medborgare f\u00f6r sexbrott i Spanien\"}]},{\"@type\":\"WebSite\",\"@id\":\"https:\\\/\\\/lightweb.dev\\\/l\\\/svm-temp\\\/#website\",\"url\":\"https:\\\/\\\/lightweb.dev\\\/l\\\/svm-temp\\\/\",\"name\":\"Svenska Magasinet\",\"description\":\"Dina Spanska nyheter p&aring; Svenska\",\"publisher\":{\"@id\":\"https:\\\/\\\/lightweb.dev\\\/l\\\/svm-temp\\\/#organization\"},\"potentialAction\":[{\"@type\":\"SearchAction\",\"target\":{\"@type\":\"EntryPoint\",\"urlTemplate\":\"https:\\\/\\\/lightweb.dev\\\/l\\\/svm-temp\\\/?s={search_term_string}\"},\"query-input\":{\"@type\":\"PropertyValueSpecification\",\"valueRequired\":true,\"valueName\":\"search_term_string\"}}],\"inLanguage\":\"sv-SE\"},{\"@type\":\"Organization\",\"@id\":\"https:\\\/\\\/lightweb.dev\\\/l\\\/svm-temp\\\/#organization\",\"name\":\"Melkerson y Nott SL\",\"alternateName\":\"Svenska Magasinet\",\"url\":\"https:\\\/\\\/lightweb.dev\\\/l\\\/svm-temp\\\/\",\"logo\":{\"@type\":\"ImageObject\",\"inLanguage\":\"sv-SE\",\"@id\":\"https:\\\/\\\/lightweb.dev\\\/l\\\/svm-temp\\\/#\\\/schema\\\/logo\\\/image\\\/\",\"url\":\"https:\\\/\\\/lightweb.dev\\\/l\\\/svm-temp\\\/wp-content\\\/uploads\\\/2025\\\/02\\\/SvM-logo-Xtra-Centrerad-SVART.png\",\"contentUrl\":\"https:\\\/\\\/lightweb.dev\\\/l\\\/svm-temp\\\/wp-content\\\/uploads\\\/2025\\\/02\\\/SvM-logo-Xtra-Centrerad-SVART.png\",\"width\":300,\"height\":99,\"caption\":\"Melkerson y Nott SL\"},\"image\":{\"@id\":\"https:\\\/\\\/lightweb.dev\\\/l\\\/svm-temp\\\/#\\\/schema\\\/logo\\\/image\\\/\"},\"sameAs\":[\"https:\\\/\\\/www.facebook.com\\\/svenskamagasinet\",\"https:\\\/\\\/x.com\\\/SvenskaMagasine\"]},{\"@type\":\"Person\",\"@id\":\"https:\\\/\\\/lightweb.dev\\\/l\\\/svm-temp\\\/#\\\/schema\\\/person\\\/206a3bda5b607b0c25e1749191e4d837\",\"name\":\"Redaktionen SvM\",\"description\":\"Redaktionen\",\"sameAs\":[\"https:\\\/\\\/lightweb.dev\\\/l\\\/svm-temp\"],\"url\":\"https:\\\/\\\/lightweb.dev\\\/l\\\/svm-temp\\\/reporter\\\/redaktionen\\\/\"}]}<\/script>\n<!-- \/ Yoast SEO Premium plugin. -->","yoast_head_json":{"title":"USA varnar sina medborgare f\u00f6r sexbrott i Spanien - Svenska Magasinet","robots":{"index":"noindex","follow":"follow","max-snippet":"max-snippet:-1","max-image-preview":"max-image-preview:large","max-video-preview":"max-video-preview:-1"},"og_locale":"sv_SE","og_type":"article","og_title":"USA varnar sina medborgare f\u00f6r sexbrott i Spanien","og_description":"USA har under veckan g\u00e5tt ut med en s\u00e4kerhetsvarning (alerta de seguridad) och rekommendation till sina medborgare f\u00f6r att antalet fall v\u00e5ldt\u00e4kt eller andra sexuella \u00f6vergrepp \u00f6kar i Spanien. USA:s ambassad kr\u00e4ver att den spanska myndigheten tar tag i antalet anm\u00e4lningar och att offren f\u00e5r b\u00e4ttre medicinsk och juridisk uppm\u00e4rksamhet. S\u00e4kerhetsvarningen publicerades p\u00e5 m\u00e5ndagen och [&hellip;]","og_url":"https:\/\/lightweb.dev\/l\/svm-temp\/nyheter\/usa-varnar-sina-medborgare-for-sexbrott-i-spanien\/","og_site_name":"Svenska Magasinet","article_publisher":"https:\/\/www.facebook.com\/svenskamagasinet","article_published_time":"2020-02-03T23:00:00+00:00","og_image":[{"width":700,"height":421,"url":"https:\/\/lightweb.dev\/l\/svm-temp\/wp-content\/uploads\/2022\/06\/usa-varnar-sina-medborgare-for-sexbrott-i-spanien.png","type":"image\/png"}],"author":"Redaktionen SvM","twitter_card":"summary_large_image","twitter_creator":"@SvenskaMagasine","twitter_site":"@SvenskaMagasine","schema":{"@context":"https:\/\/schema.org","@graph":[{"@type":"Article","@id":"https:\/\/lightweb.dev\/l\/svm-temp\/nyheter\/usa-varnar-sina-medborgare-for-sexbrott-i-spanien\/#article","isPartOf":{"@id":"https:\/\/lightweb.dev\/l\/svm-temp\/nyheter\/usa-varnar-sina-medborgare-for-sexbrott-i-spanien\/"},"author":{"name":"Redaktionen SvM","@id":"https:\/\/lightweb.dev\/l\/svm-temp\/#\/schema\/person\/206a3bda5b607b0c25e1749191e4d837"},"headline":"USA varnar sina medborgare f\u00f6r sexbrott i Spanien","datePublished":"2020-02-03T23:00:00+00:00","mainEntityOfPage":{"@id":"https:\/\/lightweb.dev\/l\/svm-temp\/nyheter\/usa-varnar-sina-medborgare-for-sexbrott-i-spanien\/"},"wordCount":352,"commentCount":0,"publisher":{"@id":"https:\/\/lightweb.dev\/l\/svm-temp\/#organization"},"image":{"@id":"https:\/\/lightweb.dev\/l\/svm-temp\/nyheter\/usa-varnar-sina-medborgare-for-sexbrott-i-spanien\/#primaryimage"},"thumbnailUrl":"https:\/\/lightweb.dev\/l\/svm-temp\/wp-content\/uploads\/2022\/06\/usa-varnar-sina-medborgare-for-sexbrott-i-spanien.png","articleSection":["Arkiv","Nyheter"],"inLanguage":"sv-SE"},{"@type":"WebPage","@id":"https:\/\/lightweb.dev\/l\/svm-temp\/nyheter\/usa-varnar-sina-medborgare-for-sexbrott-i-spanien\/","url":"https:\/\/lightweb.dev\/l\/svm-temp\/nyheter\/usa-varnar-sina-medborgare-for-sexbrott-i-spanien\/","name":"USA varnar sina medborgare f\u00f6r sexbrott i Spanien - Svenska Magasinet","isPartOf":{"@id":"https:\/\/lightweb.dev\/l\/svm-temp\/#website"},"primaryImageOfPage":{"@id":"https:\/\/lightweb.dev\/l\/svm-temp\/nyheter\/usa-varnar-sina-medborgare-for-sexbrott-i-spanien\/#primaryimage"},"image":{"@id":"https:\/\/lightweb.dev\/l\/svm-temp\/nyheter\/usa-varnar-sina-medborgare-for-sexbrott-i-spanien\/#primaryimage"},"thumbnailUrl":"https:\/\/lightweb.dev\/l\/svm-temp\/wp-content\/uploads\/2022\/06\/usa-varnar-sina-medborgare-for-sexbrott-i-spanien.png","datePublished":"2020-02-03T23:00:00+00:00","breadcrumb":{"@id":"https:\/\/lightweb.dev\/l\/svm-temp\/nyheter\/usa-varnar-sina-medborgare-for-sexbrott-i-spanien\/#breadcrumb"},"inLanguage":"sv-SE","potentialAction":[{"@type":"ReadAction","target":["https:\/\/lightweb.dev\/l\/svm-temp\/nyheter\/usa-varnar-sina-medborgare-for-sexbrott-i-spanien\/"]}]},{"@type":"ImageObject","inLanguage":"sv-SE","@id":"https:\/\/lightweb.dev\/l\/svm-temp\/nyheter\/usa-varnar-sina-medborgare-for-sexbrott-i-spanien\/#primaryimage","url":"https:\/\/lightweb.dev\/l\/svm-temp\/wp-content\/uploads\/2022\/06\/usa-varnar-sina-medborgare-for-sexbrott-i-spanien.png","contentUrl":"https:\/\/lightweb.dev\/l\/svm-temp\/wp-content\/uploads\/2022\/06\/usa-varnar-sina-medborgare-for-sexbrott-i-spanien.png","width":700,"height":421},{"@type":"BreadcrumbList","@id":"https:\/\/lightweb.dev\/l\/svm-temp\/nyheter\/usa-varnar-sina-medborgare-for-sexbrott-i-spanien\/#breadcrumb","itemListElement":[{"@type":"ListItem","position":1,"name":"Hem","item":"https:\/\/lightweb.dev\/l\/svm-temp\/"},{"@type":"ListItem","position":2,"name":"USA varnar sina medborgare f\u00f6r sexbrott i Spanien"}]},{"@type":"WebSite","@id":"https:\/\/lightweb.dev\/l\/svm-temp\/#website","url":"https:\/\/lightweb.dev\/l\/svm-temp\/","name":"Svenska Magasinet","description":"Dina Spanska nyheter p&aring; Svenska","publisher":{"@id":"https:\/\/lightweb.dev\/l\/svm-temp\/#organization"},"potentialAction":[{"@type":"SearchAction","target":{"@type":"EntryPoint","urlTemplate":"https:\/\/lightweb.dev\/l\/svm-temp\/?s={search_term_string}"},"query-input":{"@type":"PropertyValueSpecification","valueRequired":true,"valueName":"search_term_string"}}],"inLanguage":"sv-SE"},{"@type":"Organization","@id":"https:\/\/lightweb.dev\/l\/svm-temp\/#organization","name":"Melkerson y Nott SL","alternateName":"Svenska Magasinet","url":"https:\/\/lightweb.dev\/l\/svm-temp\/","logo":{"@type":"ImageObject","inLanguage":"sv-SE","@id":"https:\/\/lightweb.dev\/l\/svm-temp\/#\/schema\/logo\/image\/","url":"https:\/\/lightweb.dev\/l\/svm-temp\/wp-content\/uploads\/2025\/02\/SvM-logo-Xtra-Centrerad-SVART.png","contentUrl":"https:\/\/lightweb.dev\/l\/svm-temp\/wp-content\/uploads\/2025\/02\/SvM-logo-Xtra-Centrerad-SVART.png","width":300,"height":99,"caption":"Melkerson y Nott SL"},"image":{"@id":"https:\/\/lightweb.dev\/l\/svm-temp\/#\/schema\/logo\/image\/"},"sameAs":["https:\/\/www.facebook.com\/svenskamagasinet","https:\/\/x.com\/SvenskaMagasine"]},{"@type":"Person","@id":"https:\/\/lightweb.dev\/l\/svm-temp\/#\/schema\/person\/206a3bda5b607b0c25e1749191e4d837","name":"Redaktionen SvM","description":"Redaktionen","sameAs":["https:\/\/lightweb.dev\/l\/svm-temp"],"url":"https:\/\/lightweb.dev\/l\/svm-temp\/reporter\/redaktionen\/"}]}},"_links":{"self":[{"href":"https:\/\/lightweb.dev\/l\/svm-temp\/wp-json\/wp\/v2\/posts\/14841","targetHints":{"allow":["GET"]}}],"collection":[{"href":"https:\/\/lightweb.dev\/l\/svm-temp\/wp-json\/wp\/v2\/posts"}],"about":[{"href":"https:\/\/lightweb.dev\/l\/svm-temp\/wp-json\/wp\/v2\/types\/post"}],"author":[{"embeddable":true,"href":"https:\/\/lightweb.dev\/l\/svm-temp\/wp-json\/wp\/v2\/users\/8"}],"replies":[{"embeddable":true,"href":"https:\/\/lightweb.dev\/l\/svm-temp\/wp-json\/wp\/v2\/comments?post=14841"}],"version-history":[{"count":0,"href":"https:\/\/lightweb.dev\/l\/svm-temp\/wp-json\/wp\/v2\/posts\/14841\/revisions"}],"wp:featuredmedia":[{"embeddable":true,"href":"https:\/\/lightweb.dev\/l\/svm-temp\/wp-json\/wp\/v2\/media\/14842"}],"wp:attachment":[{"href":"https:\/\/lightweb.dev\/l\/svm-temp\/wp-json\/wp\/v2\/media?parent=14841"}],"wp:term":[{"taxonomy":"category","embeddable":true,"href":"https:\/\/lightweb.dev\/l\/svm-temp\/wp-json\/wp\/v2\/categories?post=14841"},{"taxonomy":"post_tag","embeddable":true,"href":"https:\/\/lightweb.dev\/l\/svm-temp\/wp-json\/wp\/v2\/tags?post=14841"}],"curies":[{"name":"wp","href":"https:\/\/api.w.org\/{rel}","templated":true}]}}