{"id":14847,"date":"2020-02-03T00:00:00","date_gmt":"2020-02-02T23:00:00","guid":{"rendered":"https:\/\/lightweb.dev\/l\/svm-temp\/nyheter\/over-tre-miljoner-sek-till-prastparet-jonsson-ottosson\/"},"modified":"2020-02-03T00:00:00","modified_gmt":"2020-02-02T23:00:00","slug":"over-tre-miljoner-sek-till-prastparet-jonsson-ottosson","status":"publish","type":"post","link":"https:\/\/lightweb.dev\/l\/svm-temp\/nyheter\/over-tre-miljoner-sek-till-prastparet-jonsson-ottosson\/","title":{"rendered":"\u00d6ver tre miljoner SEK till pr\u00e4stparet J\u00f6nsson\/Ottosson"},"content":{"rendered":"<p> Det tidigare pr\u00e4stparet p\u00e5 Costa del Sol, Mikael J\u00f6nsson och Lena Ottosson, har kommit \u00f6verens med Svenska kyrkan och l\u00e4mnar f\u00f6rsamlingen p\u00e5 Costa del Sol, mot ekonomisk kompensation p\u00e5 42 m\u00e5naders avg\u00e5ngsvederlag plus ers\u00e4ttning f\u00f6r tj\u00e4nstebostaden. Samtidigt drar de tillbaka sina st\u00e4mningar mot Svenska kyrkan. Av Ola Josefsson<\/p>\n<p>Totalt f\u00e5r det tidigare pr\u00e4stparet Mikael J\u00f6nsson\/Lena Ottosson \u00f6ver tre miljoner SEK mot att de l\u00e4mnar f\u00f6rsamlingen p\u00e5 den spanska Solkusten. Mikael J\u00f6nsson, tidigare kyrkoherde, f\u00e5r ett avg\u00e5ngsvederlag p\u00e5 knappt 1,9 miljoner SEK, motsvarande 42 m\u00e5nadsl\u00f6ner.<br \/>\nLena Ottosson, tidigare assistent med diakonal inriktning, f\u00e5r ett avg\u00e5ngsvederlag p\u00e5 knappt 1,2 miljoner SEK, motsvarande 42 m\u00e5nadsl\u00f6ner.<\/p>\n<p>Ut\u00f6ver avg\u00e5ngsvederlaget betalar Skut \u00e4ven 840.000 SEK till Mikael J\u00f6nsson f\u00f6r ers\u00e4ttning av tj\u00e4nstebostaden.<\/p>\n<p>Mikael J\u00f6nsson vill inte kommentera om de fick ut det som de kr\u00e4vde och om de \u00e4r n\u00f6ja med avg\u00e5ngsvederlaget. I ett textmeddelande till Svenska Magasinet skriver Mikael J\u00f6nsson:<br \/>\n&#8211; Vi har inga kommentarer.<\/p>\n<p>Till Kyrkans Tidning som i fredags var f\u00f6rst med att publicera uppgifterna om avg\u00e5ngsvederlaget s\u00e4ger J\u00f6nsson:<br \/>\n\u201dDet h\u00e4r \u00e4r inte det vi ville. Jag vill inte kommentera summorna. L\u00e5ter den allm\u00e4nna opinionen sj\u00e4lv dra sina slutsatser\u201d.<\/p>\n<p>N\u00e4r Svenska Magasinet p\u00e5 m\u00e5ndagen fr\u00e5gar Mikael J\u00f6nsson vad han menar med uttalandet om \u201dden allm\u00e4nna opinionen\u201d f\u00e5r vi inget svar.<\/p>\n<p>Som Svenska Magasinet ber\u00e4ttade den 21 januari har den infekterade r\u00e4ttsprocessen med st\u00e4mningen som den tidigare kyrkoherden Mikael J\u00f6nsson har haft med Svenska kyrkan i Utlandet (Skut) f\u00f6r kontraktsbrott och skadest\u00e5nd, f\u00e5tt ett slut. Det g\u00e4ller \u00e4ven Lena Ottosson som i somras ocks\u00e5 st\u00e4mde Skut d\u00e5 hon ans\u00e5g sig ha blivit lovade f\u00f6rl\u00e4ngning av sin tj\u00e4nst som assistent med diakonal inriktning.<\/p>\n<p>De b\u00e5da sidorna tog kontakt n\u00e4r det b\u00f6rjade n\u00e4rma sig muntliga f\u00f6rberedelser i tvistem\u00e5let den 31 januari i Uppsala tingsr\u00e4tt f\u00f6r att f\u00f6rs\u00f6ka hitta en l\u00f6sning.<\/p>\n<p>Till Kyrkans Tidning s\u00e4ger Skuts avdelningschef Rickard J\u00f6nsson \u201datt Skut-avdelningen i Uppsala \u00e4r n\u00f6jd \u00f6ver att man till slut kom \u00f6verens, eftersom tvisten inneburit en jobbig process f\u00f6r alla inblandade. Det \u00e4r mycket pengar, men i en f\u00f6rhandling \u00e4r det tv\u00e5 parter som ska komma \u00f6verens. Vi ville inte ha den h\u00e4r konflikten men vi kan inte heller f\u00f6rl\u00e4nga kontrakten. Vi valde att fokusera p\u00e5 en l\u00f6sning som b\u00e5da parter kunde acceptera\u201d.<\/p>\n<p>Att det inte blev n\u00e5gon f\u00f6rl\u00e4ngning f\u00f6r pr\u00e4stparet J\u00f6nsson\/Ottosson i Spanien beror att det finns juridiska sv\u00e5righeter med anst\u00e4llningar i Spanien.<\/p>\n<p>Rickard J\u00f6nsson s\u00e4ger ocks\u00e5 till Kyrkans Tidning att Skut-avdelningen som arbetsgivare har brustit i att de erbjudit f\u00f6rl\u00e4ngning av tj\u00e4nsten innan de kontrollerade m\u00f6jligheten till fortsatt anst\u00e4llning i Spanien.<br \/>\n\u201dVi har nu sett \u00f6ver rutinerna n\u00e4r vi anst\u00e4ller personal och g\u00f6r en utredning av f\u00f6ruts\u00e4ttningarna innan anst\u00e4llning erbjuds eller n\u00e4r vi erbjuder f\u00f6rl\u00e4ngning.\u201d<\/p>\n<p>I forts\u00e4ttningen kommer utlandsanst\u00e4llningarna att tidsbegr\u00e4nsas till max fem \u00e5r, f\u00f6r att h\u00e5lla n\u00e4rheten till Svenska kyrkans verksamhet i Sverige.<\/p>\n<p>Som vi tidigare har ber\u00e4ttat leds f\u00f6rsamlingen p\u00e5 Costa del Sol till sommaren av vikarierande kyrkoherde biskop emeritus Tuulikki Koivunen Bylund. Rekrytering av ny kyrkoherde och diakon p\u00e5g\u00e5r.<\/p>\n<p>Kyrkor\u00e5det har meddelat att de vill vara med i rekryteringen av den nye kyrkoherden fr\u00e5n h\u00f6sten 2020. F\u00f6rsamlingen vill \u00e4ven diskutera den nya profilen f\u00f6r den som ska s\u00f6kas till kyrkoherdetj\u00e4nsten.<\/p>\n<p>De pengar som samlats in f\u00f6r att bekosta J\u00f6nsson-Ottossons advokaters arvoden ska redovisas och eventuellt \u00f6verskott g\u00e5r till kyrkans hj\u00e4lpverksamhet i Fuengirola.<\/p>\n","protected":false},"excerpt":{"rendered":"<p>Det tidigare pr\u00e4stparet p\u00e5 Costa del Sol, Mikael J\u00f6nsson och Lena Ottosson, har kommit \u00f6verens med Svenska kyrkan och l\u00e4mnar f\u00f6rsamlingen p\u00e5 Costa del Sol, mot ekonomisk kompensation p\u00e5 42 m\u00e5naders avg\u00e5ngsvederlag plus ers\u00e4ttning f\u00f6r tj\u00e4nstebostaden. Samtidigt drar de tillbaka sina st\u00e4mningar mot Svenska kyrkan. Av Ola Josefsson Totalt f\u00e5r det tidigare pr\u00e4stparet Mikael J\u00f6nsson\/Lena [&hellip;]<\/p>\n","protected":false},"author":8,"featured_media":14848,"comment_status":"open","ping_status":"open","sticky":false,"template":"","format":"standard","meta":{"_et_pb_use_builder":"","_et_pb_old_content":"","_et_gb_content_width":"","footnotes":""},"categories":[395,3],"tags":[],"class_list":["post-14847","post","type-post","status-publish","format-standard","has-post-thumbnail","hentry","category-arkiv-nyheter","category-nyheter"],"yoast_head":"<!-- This site is optimized with the Yoast SEO Premium plugin v26.2 (Yoast SEO v27.4) - https:\/\/yoast.com\/product\/yoast-seo-premium-wordpress\/ -->\n<title>\u00d6ver tre miljoner SEK till pr\u00e4stparet J\u00f6nsson\/Ottosson - Svenska Magasinet<\/title>\n<meta name=\"robots\" content=\"noindex, follow, max-snippet:-1, max-image-preview:large, max-video-preview:-1\" \/>\n<meta property=\"og:locale\" content=\"sv_SE\" \/>\n<meta property=\"og:type\" content=\"article\" \/>\n<meta property=\"og:title\" content=\"\u00d6ver tre miljoner SEK till pr\u00e4stparet J\u00f6nsson\/Ottosson\" \/>\n<meta property=\"og:description\" content=\"Det tidigare pr\u00e4stparet p\u00e5 Costa del Sol, Mikael J\u00f6nsson och Lena Ottosson, har kommit \u00f6verens med Svenska kyrkan och l\u00e4mnar f\u00f6rsamlingen p\u00e5 Costa del Sol, mot ekonomisk kompensation p\u00e5 42 m\u00e5naders avg\u00e5ngsvederlag plus ers\u00e4ttning f\u00f6r tj\u00e4nstebostaden. Samtidigt drar de tillbaka sina st\u00e4mningar mot Svenska kyrkan. Av Ola Josefsson Totalt f\u00e5r det tidigare pr\u00e4stparet Mikael J\u00f6nsson\/Lena [&hellip;]\" \/>\n<meta property=\"og:url\" content=\"https:\/\/lightweb.dev\/l\/svm-temp\/nyheter\/over-tre-miljoner-sek-till-prastparet-jonsson-ottosson\/\" \/>\n<meta property=\"og:site_name\" content=\"Svenska Magasinet\" \/>\n<meta property=\"article:publisher\" content=\"https:\/\/www.facebook.com\/svenskamagasinet\" \/>\n<meta property=\"article:published_time\" content=\"2020-02-02T23:00:00+00:00\" \/>\n<meta property=\"og:image\" content=\"https:\/\/lightweb.dev\/l\/svm-temp\/wp-content\/uploads\/2022\/06\/over-tre-miljoner-sek-till-prastparet-jonssonottosson.png\" \/>\n\t<meta property=\"og:image:width\" content=\"700\" \/>\n\t<meta property=\"og:image:height\" content=\"420\" \/>\n\t<meta property=\"og:image:type\" content=\"image\/png\" \/>\n<meta name=\"author\" content=\"Redaktionen SvM\" \/>\n<meta name=\"twitter:card\" content=\"summary_large_image\" \/>\n<meta name=\"twitter:creator\" content=\"@SvenskaMagasine\" \/>\n<meta name=\"twitter:site\" content=\"@SvenskaMagasine\" \/>\n<script type=\"application\/ld+json\" class=\"yoast-schema-graph\">{\"@context\":\"https:\\\/\\\/schema.org\",\"@graph\":[{\"@type\":\"Article\",\"@id\":\"https:\\\/\\\/lightweb.dev\\\/l\\\/svm-temp\\\/nyheter\\\/over-tre-miljoner-sek-till-prastparet-jonsson-ottosson\\\/#article\",\"isPartOf\":{\"@id\":\"https:\\\/\\\/lightweb.dev\\\/l\\\/svm-temp\\\/nyheter\\\/over-tre-miljoner-sek-till-prastparet-jonsson-ottosson\\\/\"},\"author\":{\"name\":\"Redaktionen SvM\",\"@id\":\"https:\\\/\\\/lightweb.dev\\\/l\\\/svm-temp\\\/#\\\/schema\\\/person\\\/206a3bda5b607b0c25e1749191e4d837\"},\"headline\":\"\u00d6ver tre miljoner SEK till pr\u00e4stparet J\u00f6nsson\\\/Ottosson\",\"datePublished\":\"2020-02-02T23:00:00+00:00\",\"mainEntityOfPage\":{\"@id\":\"https:\\\/\\\/lightweb.dev\\\/l\\\/svm-temp\\\/nyheter\\\/over-tre-miljoner-sek-till-prastparet-jonsson-ottosson\\\/\"},\"wordCount\":672,\"commentCount\":0,\"publisher\":{\"@id\":\"https:\\\/\\\/lightweb.dev\\\/l\\\/svm-temp\\\/#organization\"},\"image\":{\"@id\":\"https:\\\/\\\/lightweb.dev\\\/l\\\/svm-temp\\\/nyheter\\\/over-tre-miljoner-sek-till-prastparet-jonsson-ottosson\\\/#primaryimage\"},\"thumbnailUrl\":\"https:\\\/\\\/lightweb.dev\\\/l\\\/svm-temp\\\/wp-content\\\/uploads\\\/2022\\\/06\\\/over-tre-miljoner-sek-till-prastparet-jonssonottosson.png\",\"articleSection\":[\"Arkiv\",\"Nyheter\"],\"inLanguage\":\"sv-SE\"},{\"@type\":\"WebPage\",\"@id\":\"https:\\\/\\\/lightweb.dev\\\/l\\\/svm-temp\\\/nyheter\\\/over-tre-miljoner-sek-till-prastparet-jonsson-ottosson\\\/\",\"url\":\"https:\\\/\\\/lightweb.dev\\\/l\\\/svm-temp\\\/nyheter\\\/over-tre-miljoner-sek-till-prastparet-jonsson-ottosson\\\/\",\"name\":\"\u00d6ver tre miljoner SEK till pr\u00e4stparet J\u00f6nsson\\\/Ottosson - Svenska Magasinet\",\"isPartOf\":{\"@id\":\"https:\\\/\\\/lightweb.dev\\\/l\\\/svm-temp\\\/#website\"},\"primaryImageOfPage\":{\"@id\":\"https:\\\/\\\/lightweb.dev\\\/l\\\/svm-temp\\\/nyheter\\\/over-tre-miljoner-sek-till-prastparet-jonsson-ottosson\\\/#primaryimage\"},\"image\":{\"@id\":\"https:\\\/\\\/lightweb.dev\\\/l\\\/svm-temp\\\/nyheter\\\/over-tre-miljoner-sek-till-prastparet-jonsson-ottosson\\\/#primaryimage\"},\"thumbnailUrl\":\"https:\\\/\\\/lightweb.dev\\\/l\\\/svm-temp\\\/wp-content\\\/uploads\\\/2022\\\/06\\\/over-tre-miljoner-sek-till-prastparet-jonssonottosson.png\",\"datePublished\":\"2020-02-02T23:00:00+00:00\",\"breadcrumb\":{\"@id\":\"https:\\\/\\\/lightweb.dev\\\/l\\\/svm-temp\\\/nyheter\\\/over-tre-miljoner-sek-till-prastparet-jonsson-ottosson\\\/#breadcrumb\"},\"inLanguage\":\"sv-SE\",\"potentialAction\":[{\"@type\":\"ReadAction\",\"target\":[\"https:\\\/\\\/lightweb.dev\\\/l\\\/svm-temp\\\/nyheter\\\/over-tre-miljoner-sek-till-prastparet-jonsson-ottosson\\\/\"]}]},{\"@type\":\"ImageObject\",\"inLanguage\":\"sv-SE\",\"@id\":\"https:\\\/\\\/lightweb.dev\\\/l\\\/svm-temp\\\/nyheter\\\/over-tre-miljoner-sek-till-prastparet-jonsson-ottosson\\\/#primaryimage\",\"url\":\"https:\\\/\\\/lightweb.dev\\\/l\\\/svm-temp\\\/wp-content\\\/uploads\\\/2022\\\/06\\\/over-tre-miljoner-sek-till-prastparet-jonssonottosson.png\",\"contentUrl\":\"https:\\\/\\\/lightweb.dev\\\/l\\\/svm-temp\\\/wp-content\\\/uploads\\\/2022\\\/06\\\/over-tre-miljoner-sek-till-prastparet-jonssonottosson.png\",\"width\":700,\"height\":420},{\"@type\":\"BreadcrumbList\",\"@id\":\"https:\\\/\\\/lightweb.dev\\\/l\\\/svm-temp\\\/nyheter\\\/over-tre-miljoner-sek-till-prastparet-jonsson-ottosson\\\/#breadcrumb\",\"itemListElement\":[{\"@type\":\"ListItem\",\"position\":1,\"name\":\"Hem\",\"item\":\"https:\\\/\\\/lightweb.dev\\\/l\\\/svm-temp\\\/\"},{\"@type\":\"ListItem\",\"position\":2,\"name\":\"\u00d6ver tre miljoner SEK till pr\u00e4stparet J\u00f6nsson\\\/Ottosson\"}]},{\"@type\":\"WebSite\",\"@id\":\"https:\\\/\\\/lightweb.dev\\\/l\\\/svm-temp\\\/#website\",\"url\":\"https:\\\/\\\/lightweb.dev\\\/l\\\/svm-temp\\\/\",\"name\":\"Svenska Magasinet\",\"description\":\"Dina Spanska nyheter p&aring; Svenska\",\"publisher\":{\"@id\":\"https:\\\/\\\/lightweb.dev\\\/l\\\/svm-temp\\\/#organization\"},\"potentialAction\":[{\"@type\":\"SearchAction\",\"target\":{\"@type\":\"EntryPoint\",\"urlTemplate\":\"https:\\\/\\\/lightweb.dev\\\/l\\\/svm-temp\\\/?s={search_term_string}\"},\"query-input\":{\"@type\":\"PropertyValueSpecification\",\"valueRequired\":true,\"valueName\":\"search_term_string\"}}],\"inLanguage\":\"sv-SE\"},{\"@type\":\"Organization\",\"@id\":\"https:\\\/\\\/lightweb.dev\\\/l\\\/svm-temp\\\/#organization\",\"name\":\"Melkerson y Nott SL\",\"alternateName\":\"Svenska Magasinet\",\"url\":\"https:\\\/\\\/lightweb.dev\\\/l\\\/svm-temp\\\/\",\"logo\":{\"@type\":\"ImageObject\",\"inLanguage\":\"sv-SE\",\"@id\":\"https:\\\/\\\/lightweb.dev\\\/l\\\/svm-temp\\\/#\\\/schema\\\/logo\\\/image\\\/\",\"url\":\"https:\\\/\\\/lightweb.dev\\\/l\\\/svm-temp\\\/wp-content\\\/uploads\\\/2025\\\/02\\\/SvM-logo-Xtra-Centrerad-SVART.png\",\"contentUrl\":\"https:\\\/\\\/lightweb.dev\\\/l\\\/svm-temp\\\/wp-content\\\/uploads\\\/2025\\\/02\\\/SvM-logo-Xtra-Centrerad-SVART.png\",\"width\":300,\"height\":99,\"caption\":\"Melkerson y Nott SL\"},\"image\":{\"@id\":\"https:\\\/\\\/lightweb.dev\\\/l\\\/svm-temp\\\/#\\\/schema\\\/logo\\\/image\\\/\"},\"sameAs\":[\"https:\\\/\\\/www.facebook.com\\\/svenskamagasinet\",\"https:\\\/\\\/x.com\\\/SvenskaMagasine\"]},{\"@type\":\"Person\",\"@id\":\"https:\\\/\\\/lightweb.dev\\\/l\\\/svm-temp\\\/#\\\/schema\\\/person\\\/206a3bda5b607b0c25e1749191e4d837\",\"name\":\"Redaktionen SvM\",\"description\":\"Redaktionen\",\"sameAs\":[\"https:\\\/\\\/lightweb.dev\\\/l\\\/svm-temp\"],\"url\":\"https:\\\/\\\/lightweb.dev\\\/l\\\/svm-temp\\\/reporter\\\/redaktionen\\\/\"}]}<\/script>\n<!-- \/ Yoast SEO Premium plugin. -->","yoast_head_json":{"title":"\u00d6ver tre miljoner SEK till pr\u00e4stparet J\u00f6nsson\/Ottosson - Svenska Magasinet","robots":{"index":"noindex","follow":"follow","max-snippet":"max-snippet:-1","max-image-preview":"max-image-preview:large","max-video-preview":"max-video-preview:-1"},"og_locale":"sv_SE","og_type":"article","og_title":"\u00d6ver tre miljoner SEK till pr\u00e4stparet J\u00f6nsson\/Ottosson","og_description":"Det tidigare pr\u00e4stparet p\u00e5 Costa del Sol, Mikael J\u00f6nsson och Lena Ottosson, har kommit \u00f6verens med Svenska kyrkan och l\u00e4mnar f\u00f6rsamlingen p\u00e5 Costa del Sol, mot ekonomisk kompensation p\u00e5 42 m\u00e5naders avg\u00e5ngsvederlag plus ers\u00e4ttning f\u00f6r tj\u00e4nstebostaden. Samtidigt drar de tillbaka sina st\u00e4mningar mot Svenska kyrkan. Av Ola Josefsson Totalt f\u00e5r det tidigare pr\u00e4stparet Mikael J\u00f6nsson\/Lena [&hellip;]","og_url":"https:\/\/lightweb.dev\/l\/svm-temp\/nyheter\/over-tre-miljoner-sek-till-prastparet-jonsson-ottosson\/","og_site_name":"Svenska Magasinet","article_publisher":"https:\/\/www.facebook.com\/svenskamagasinet","article_published_time":"2020-02-02T23:00:00+00:00","og_image":[{"width":700,"height":420,"url":"https:\/\/lightweb.dev\/l\/svm-temp\/wp-content\/uploads\/2022\/06\/over-tre-miljoner-sek-till-prastparet-jonssonottosson.png","type":"image\/png"}],"author":"Redaktionen SvM","twitter_card":"summary_large_image","twitter_creator":"@SvenskaMagasine","twitter_site":"@SvenskaMagasine","schema":{"@context":"https:\/\/schema.org","@graph":[{"@type":"Article","@id":"https:\/\/lightweb.dev\/l\/svm-temp\/nyheter\/over-tre-miljoner-sek-till-prastparet-jonsson-ottosson\/#article","isPartOf":{"@id":"https:\/\/lightweb.dev\/l\/svm-temp\/nyheter\/over-tre-miljoner-sek-till-prastparet-jonsson-ottosson\/"},"author":{"name":"Redaktionen SvM","@id":"https:\/\/lightweb.dev\/l\/svm-temp\/#\/schema\/person\/206a3bda5b607b0c25e1749191e4d837"},"headline":"\u00d6ver tre miljoner SEK till pr\u00e4stparet J\u00f6nsson\/Ottosson","datePublished":"2020-02-02T23:00:00+00:00","mainEntityOfPage":{"@id":"https:\/\/lightweb.dev\/l\/svm-temp\/nyheter\/over-tre-miljoner-sek-till-prastparet-jonsson-ottosson\/"},"wordCount":672,"commentCount":0,"publisher":{"@id":"https:\/\/lightweb.dev\/l\/svm-temp\/#organization"},"image":{"@id":"https:\/\/lightweb.dev\/l\/svm-temp\/nyheter\/over-tre-miljoner-sek-till-prastparet-jonsson-ottosson\/#primaryimage"},"thumbnailUrl":"https:\/\/lightweb.dev\/l\/svm-temp\/wp-content\/uploads\/2022\/06\/over-tre-miljoner-sek-till-prastparet-jonssonottosson.png","articleSection":["Arkiv","Nyheter"],"inLanguage":"sv-SE"},{"@type":"WebPage","@id":"https:\/\/lightweb.dev\/l\/svm-temp\/nyheter\/over-tre-miljoner-sek-till-prastparet-jonsson-ottosson\/","url":"https:\/\/lightweb.dev\/l\/svm-temp\/nyheter\/over-tre-miljoner-sek-till-prastparet-jonsson-ottosson\/","name":"\u00d6ver tre miljoner SEK till pr\u00e4stparet J\u00f6nsson\/Ottosson - Svenska Magasinet","isPartOf":{"@id":"https:\/\/lightweb.dev\/l\/svm-temp\/#website"},"primaryImageOfPage":{"@id":"https:\/\/lightweb.dev\/l\/svm-temp\/nyheter\/over-tre-miljoner-sek-till-prastparet-jonsson-ottosson\/#primaryimage"},"image":{"@id":"https:\/\/lightweb.dev\/l\/svm-temp\/nyheter\/over-tre-miljoner-sek-till-prastparet-jonsson-ottosson\/#primaryimage"},"thumbnailUrl":"https:\/\/lightweb.dev\/l\/svm-temp\/wp-content\/uploads\/2022\/06\/over-tre-miljoner-sek-till-prastparet-jonssonottosson.png","datePublished":"2020-02-02T23:00:00+00:00","breadcrumb":{"@id":"https:\/\/lightweb.dev\/l\/svm-temp\/nyheter\/over-tre-miljoner-sek-till-prastparet-jonsson-ottosson\/#breadcrumb"},"inLanguage":"sv-SE","potentialAction":[{"@type":"ReadAction","target":["https:\/\/lightweb.dev\/l\/svm-temp\/nyheter\/over-tre-miljoner-sek-till-prastparet-jonsson-ottosson\/"]}]},{"@type":"ImageObject","inLanguage":"sv-SE","@id":"https:\/\/lightweb.dev\/l\/svm-temp\/nyheter\/over-tre-miljoner-sek-till-prastparet-jonsson-ottosson\/#primaryimage","url":"https:\/\/lightweb.dev\/l\/svm-temp\/wp-content\/uploads\/2022\/06\/over-tre-miljoner-sek-till-prastparet-jonssonottosson.png","contentUrl":"https:\/\/lightweb.dev\/l\/svm-temp\/wp-content\/uploads\/2022\/06\/over-tre-miljoner-sek-till-prastparet-jonssonottosson.png","width":700,"height":420},{"@type":"BreadcrumbList","@id":"https:\/\/lightweb.dev\/l\/svm-temp\/nyheter\/over-tre-miljoner-sek-till-prastparet-jonsson-ottosson\/#breadcrumb","itemListElement":[{"@type":"ListItem","position":1,"name":"Hem","item":"https:\/\/lightweb.dev\/l\/svm-temp\/"},{"@type":"ListItem","position":2,"name":"\u00d6ver tre miljoner SEK till pr\u00e4stparet J\u00f6nsson\/Ottosson"}]},{"@type":"WebSite","@id":"https:\/\/lightweb.dev\/l\/svm-temp\/#website","url":"https:\/\/lightweb.dev\/l\/svm-temp\/","name":"Svenska Magasinet","description":"Dina Spanska nyheter p&aring; Svenska","publisher":{"@id":"https:\/\/lightweb.dev\/l\/svm-temp\/#organization"},"potentialAction":[{"@type":"SearchAction","target":{"@type":"EntryPoint","urlTemplate":"https:\/\/lightweb.dev\/l\/svm-temp\/?s={search_term_string}"},"query-input":{"@type":"PropertyValueSpecification","valueRequired":true,"valueName":"search_term_string"}}],"inLanguage":"sv-SE"},{"@type":"Organization","@id":"https:\/\/lightweb.dev\/l\/svm-temp\/#organization","name":"Melkerson y Nott SL","alternateName":"Svenska Magasinet","url":"https:\/\/lightweb.dev\/l\/svm-temp\/","logo":{"@type":"ImageObject","inLanguage":"sv-SE","@id":"https:\/\/lightweb.dev\/l\/svm-temp\/#\/schema\/logo\/image\/","url":"https:\/\/lightweb.dev\/l\/svm-temp\/wp-content\/uploads\/2025\/02\/SvM-logo-Xtra-Centrerad-SVART.png","contentUrl":"https:\/\/lightweb.dev\/l\/svm-temp\/wp-content\/uploads\/2025\/02\/SvM-logo-Xtra-Centrerad-SVART.png","width":300,"height":99,"caption":"Melkerson y Nott SL"},"image":{"@id":"https:\/\/lightweb.dev\/l\/svm-temp\/#\/schema\/logo\/image\/"},"sameAs":["https:\/\/www.facebook.com\/svenskamagasinet","https:\/\/x.com\/SvenskaMagasine"]},{"@type":"Person","@id":"https:\/\/lightweb.dev\/l\/svm-temp\/#\/schema\/person\/206a3bda5b607b0c25e1749191e4d837","name":"Redaktionen SvM","description":"Redaktionen","sameAs":["https:\/\/lightweb.dev\/l\/svm-temp"],"url":"https:\/\/lightweb.dev\/l\/svm-temp\/reporter\/redaktionen\/"}]}},"_links":{"self":[{"href":"https:\/\/lightweb.dev\/l\/svm-temp\/wp-json\/wp\/v2\/posts\/14847","targetHints":{"allow":["GET"]}}],"collection":[{"href":"https:\/\/lightweb.dev\/l\/svm-temp\/wp-json\/wp\/v2\/posts"}],"about":[{"href":"https:\/\/lightweb.dev\/l\/svm-temp\/wp-json\/wp\/v2\/types\/post"}],"author":[{"embeddable":true,"href":"https:\/\/lightweb.dev\/l\/svm-temp\/wp-json\/wp\/v2\/users\/8"}],"replies":[{"embeddable":true,"href":"https:\/\/lightweb.dev\/l\/svm-temp\/wp-json\/wp\/v2\/comments?post=14847"}],"version-history":[{"count":0,"href":"https:\/\/lightweb.dev\/l\/svm-temp\/wp-json\/wp\/v2\/posts\/14847\/revisions"}],"wp:featuredmedia":[{"embeddable":true,"href":"https:\/\/lightweb.dev\/l\/svm-temp\/wp-json\/wp\/v2\/media\/14848"}],"wp:attachment":[{"href":"https:\/\/lightweb.dev\/l\/svm-temp\/wp-json\/wp\/v2\/media?parent=14847"}],"wp:term":[{"taxonomy":"category","embeddable":true,"href":"https:\/\/lightweb.dev\/l\/svm-temp\/wp-json\/wp\/v2\/categories?post=14847"},{"taxonomy":"post_tag","embeddable":true,"href":"https:\/\/lightweb.dev\/l\/svm-temp\/wp-json\/wp\/v2\/tags?post=14847"}],"curies":[{"name":"wp","href":"https:\/\/api.w.org\/{rel}","templated":true}]}}