{"id":14849,"date":"2020-02-03T00:00:00","date_gmt":"2020-02-02T23:00:00","guid":{"rendered":"https:\/\/lightweb.dev\/l\/svm-temp\/nyheter\/unidas-podemos-och-vox-skulle-tjana-pa-sankt-rostrattsalder\/"},"modified":"2020-02-03T00:00:00","modified_gmt":"2020-02-02T23:00:00","slug":"unidas-podemos-och-vox-skulle-tjana-pa-sankt-rostrattsalder","status":"publish","type":"post","link":"https:\/\/lightweb.dev\/l\/svm-temp\/nyheter\/unidas-podemos-och-vox-skulle-tjana-pa-sankt-rostrattsalder\/","title":{"rendered":"Unidas Podemos och Vox skulle tj\u00e4na p\u00e5 s\u00e4nkt r\u00f6str\u00e4tts\u00e5lder"},"content":{"rendered":"<p> Den spanska kongressen debatterar p\u00e5 m\u00e5ndagen ett f\u00f6rslag om att s\u00e4nka r\u00f6str\u00e4tts\u00e5ldern fr\u00e5n 18 till 16 \u00e5r. Det \u00e4r det socialistiska katalanska republikanska partiet ERC (Esquerra Republicana de Catalunya) som har lagt fram f\u00f6rslaget till reform som kan ber\u00f6ra 900.000 ungdomar.<\/p>\n<p>R\u00f6str\u00e4tts\u00e5lder \u00e4r den \u00e5lder man ska ha uppn\u00e5tt senast p\u00e5 valdagen f\u00f6r att f\u00e5 ut\u00f6va sin r\u00f6str\u00e4tt. Under m\u00e5ndagen debatteras ett f\u00f6rslag fr\u00e5n ERC om att s\u00e4nka \u00e5ldern fr\u00e5n 18 till 16 \u00e5r. Tidigare har v\u00e4nsterpartier som M\u00e1s Pa\u00eds och Unidas Podemos haft med f\u00f6rslaget i sina partiprogram.<\/p>\n<p>Enligt bed\u00f6mare som h\u00e4nvisar till unders\u00f6kningar skulle ytterkantspartier som Unidas Podemos och Vox tj\u00e4na p\u00e5 att \u00e5ldern f\u00f6r att ut\u00f6va sin r\u00f6str\u00e4tt s\u00e4nks.<\/p>\n<p>Senast \u00e5ldersgr\u00e4nsen s\u00e4nktes f\u00f6r att delta i allm\u00e4nna val i Spanien var vid grundlagsf\u00f6r\u00e4ndringen 1978 d\u00e5 \u00e5ldersgr\u00e4nsen s\u00e4nktes fr\u00e5n 21 till 18 \u00e5r.<\/p>\n<p>De som vill se en f\u00f6r\u00e4ndring f\u00f6r fram argumentet att det skulle betyda att man tar ifr\u00e5n ungdomar en demokratisk r\u00e4ttighet om inte \u00e5ldersgr\u00e4nsen s\u00e4nks.<\/p>\n<p>I EU-l\u00e4nder som \u00d6sterrike och Slovenien \u00e4r det 16-\u00e5rsgr\u00e4ns. I dagsl\u00e4get \u00e4r 926.323 personer i Spanien 16 eller 17 \u00e5r.<\/p>\n","protected":false},"excerpt":{"rendered":"<p>Den spanska kongressen debatterar p\u00e5 m\u00e5ndagen ett f\u00f6rslag om att s\u00e4nka r\u00f6str\u00e4tts\u00e5ldern fr\u00e5n 18 till 16 \u00e5r. Det \u00e4r det socialistiska katalanska republikanska partiet ERC (Esquerra Republicana de Catalunya) som har lagt fram f\u00f6rslaget till reform som kan ber\u00f6ra 900.000 ungdomar. R\u00f6str\u00e4tts\u00e5lder \u00e4r den \u00e5lder man ska ha uppn\u00e5tt senast p\u00e5 valdagen f\u00f6r att f\u00e5 [&hellip;]<\/p>\n","protected":false},"author":8,"featured_media":14850,"comment_status":"open","ping_status":"open","sticky":false,"template":"","format":"standard","meta":{"_et_pb_use_builder":"","_et_pb_old_content":"","_et_gb_content_width":"","footnotes":""},"categories":[395,3],"tags":[],"class_list":["post-14849","post","type-post","status-publish","format-standard","has-post-thumbnail","hentry","category-arkiv-nyheter","category-nyheter"],"yoast_head":"<!-- This site is optimized with the Yoast SEO Premium plugin v26.2 (Yoast SEO v27.4) - https:\/\/yoast.com\/product\/yoast-seo-premium-wordpress\/ -->\n<title>Unidas Podemos och Vox skulle tj\u00e4na p\u00e5 s\u00e4nkt r\u00f6str\u00e4tts\u00e5lder - Svenska Magasinet<\/title>\n<meta name=\"robots\" content=\"noindex, follow, max-snippet:-1, max-image-preview:large, max-video-preview:-1\" \/>\n<meta property=\"og:locale\" content=\"sv_SE\" \/>\n<meta property=\"og:type\" content=\"article\" \/>\n<meta property=\"og:title\" content=\"Unidas Podemos och Vox skulle tj\u00e4na p\u00e5 s\u00e4nkt r\u00f6str\u00e4tts\u00e5lder\" \/>\n<meta property=\"og:description\" content=\"Den spanska kongressen debatterar p\u00e5 m\u00e5ndagen ett f\u00f6rslag om att s\u00e4nka r\u00f6str\u00e4tts\u00e5ldern fr\u00e5n 18 till 16 \u00e5r. Det \u00e4r det socialistiska katalanska republikanska partiet ERC (Esquerra Republicana de Catalunya) som har lagt fram f\u00f6rslaget till reform som kan ber\u00f6ra 900.000 ungdomar. R\u00f6str\u00e4tts\u00e5lder \u00e4r den \u00e5lder man ska ha uppn\u00e5tt senast p\u00e5 valdagen f\u00f6r att f\u00e5 [&hellip;]\" \/>\n<meta property=\"og:url\" content=\"https:\/\/lightweb.dev\/l\/svm-temp\/nyheter\/unidas-podemos-och-vox-skulle-tjana-pa-sankt-rostrattsalder\/\" \/>\n<meta property=\"og:site_name\" content=\"Svenska Magasinet\" \/>\n<meta property=\"article:publisher\" content=\"https:\/\/www.facebook.com\/svenskamagasinet\" \/>\n<meta property=\"article:published_time\" content=\"2020-02-02T23:00:00+00:00\" \/>\n<meta property=\"og:image\" content=\"https:\/\/lightweb.dev\/l\/svm-temp\/wp-content\/uploads\/2022\/06\/unidas-podemos-och-vox-skulle-tjana-pa-sankt-rostrattsalder.png\" \/>\n\t<meta property=\"og:image:width\" content=\"700\" \/>\n\t<meta property=\"og:image:height\" content=\"420\" \/>\n\t<meta property=\"og:image:type\" content=\"image\/png\" \/>\n<meta name=\"author\" content=\"Redaktionen SvM\" \/>\n<meta name=\"twitter:card\" content=\"summary_large_image\" \/>\n<meta name=\"twitter:creator\" content=\"@SvenskaMagasine\" \/>\n<meta name=\"twitter:site\" content=\"@SvenskaMagasine\" \/>\n<script type=\"application\/ld+json\" class=\"yoast-schema-graph\">{\"@context\":\"https:\\\/\\\/schema.org\",\"@graph\":[{\"@type\":\"Article\",\"@id\":\"https:\\\/\\\/lightweb.dev\\\/l\\\/svm-temp\\\/nyheter\\\/unidas-podemos-och-vox-skulle-tjana-pa-sankt-rostrattsalder\\\/#article\",\"isPartOf\":{\"@id\":\"https:\\\/\\\/lightweb.dev\\\/l\\\/svm-temp\\\/nyheter\\\/unidas-podemos-och-vox-skulle-tjana-pa-sankt-rostrattsalder\\\/\"},\"author\":{\"name\":\"Redaktionen SvM\",\"@id\":\"https:\\\/\\\/lightweb.dev\\\/l\\\/svm-temp\\\/#\\\/schema\\\/person\\\/206a3bda5b607b0c25e1749191e4d837\"},\"headline\":\"Unidas Podemos och Vox skulle tj\u00e4na p\u00e5 s\u00e4nkt r\u00f6str\u00e4tts\u00e5lder\",\"datePublished\":\"2020-02-02T23:00:00+00:00\",\"mainEntityOfPage\":{\"@id\":\"https:\\\/\\\/lightweb.dev\\\/l\\\/svm-temp\\\/nyheter\\\/unidas-podemos-och-vox-skulle-tjana-pa-sankt-rostrattsalder\\\/\"},\"wordCount\":238,\"commentCount\":0,\"publisher\":{\"@id\":\"https:\\\/\\\/lightweb.dev\\\/l\\\/svm-temp\\\/#organization\"},\"image\":{\"@id\":\"https:\\\/\\\/lightweb.dev\\\/l\\\/svm-temp\\\/nyheter\\\/unidas-podemos-och-vox-skulle-tjana-pa-sankt-rostrattsalder\\\/#primaryimage\"},\"thumbnailUrl\":\"https:\\\/\\\/lightweb.dev\\\/l\\\/svm-temp\\\/wp-content\\\/uploads\\\/2022\\\/06\\\/unidas-podemos-och-vox-skulle-tjana-pa-sankt-rostrattsalder.png\",\"articleSection\":[\"Arkiv\",\"Nyheter\"],\"inLanguage\":\"sv-SE\"},{\"@type\":\"WebPage\",\"@id\":\"https:\\\/\\\/lightweb.dev\\\/l\\\/svm-temp\\\/nyheter\\\/unidas-podemos-och-vox-skulle-tjana-pa-sankt-rostrattsalder\\\/\",\"url\":\"https:\\\/\\\/lightweb.dev\\\/l\\\/svm-temp\\\/nyheter\\\/unidas-podemos-och-vox-skulle-tjana-pa-sankt-rostrattsalder\\\/\",\"name\":\"Unidas Podemos och Vox skulle tj\u00e4na p\u00e5 s\u00e4nkt r\u00f6str\u00e4tts\u00e5lder - Svenska Magasinet\",\"isPartOf\":{\"@id\":\"https:\\\/\\\/lightweb.dev\\\/l\\\/svm-temp\\\/#website\"},\"primaryImageOfPage\":{\"@id\":\"https:\\\/\\\/lightweb.dev\\\/l\\\/svm-temp\\\/nyheter\\\/unidas-podemos-och-vox-skulle-tjana-pa-sankt-rostrattsalder\\\/#primaryimage\"},\"image\":{\"@id\":\"https:\\\/\\\/lightweb.dev\\\/l\\\/svm-temp\\\/nyheter\\\/unidas-podemos-och-vox-skulle-tjana-pa-sankt-rostrattsalder\\\/#primaryimage\"},\"thumbnailUrl\":\"https:\\\/\\\/lightweb.dev\\\/l\\\/svm-temp\\\/wp-content\\\/uploads\\\/2022\\\/06\\\/unidas-podemos-och-vox-skulle-tjana-pa-sankt-rostrattsalder.png\",\"datePublished\":\"2020-02-02T23:00:00+00:00\",\"breadcrumb\":{\"@id\":\"https:\\\/\\\/lightweb.dev\\\/l\\\/svm-temp\\\/nyheter\\\/unidas-podemos-och-vox-skulle-tjana-pa-sankt-rostrattsalder\\\/#breadcrumb\"},\"inLanguage\":\"sv-SE\",\"potentialAction\":[{\"@type\":\"ReadAction\",\"target\":[\"https:\\\/\\\/lightweb.dev\\\/l\\\/svm-temp\\\/nyheter\\\/unidas-podemos-och-vox-skulle-tjana-pa-sankt-rostrattsalder\\\/\"]}]},{\"@type\":\"ImageObject\",\"inLanguage\":\"sv-SE\",\"@id\":\"https:\\\/\\\/lightweb.dev\\\/l\\\/svm-temp\\\/nyheter\\\/unidas-podemos-och-vox-skulle-tjana-pa-sankt-rostrattsalder\\\/#primaryimage\",\"url\":\"https:\\\/\\\/lightweb.dev\\\/l\\\/svm-temp\\\/wp-content\\\/uploads\\\/2022\\\/06\\\/unidas-podemos-och-vox-skulle-tjana-pa-sankt-rostrattsalder.png\",\"contentUrl\":\"https:\\\/\\\/lightweb.dev\\\/l\\\/svm-temp\\\/wp-content\\\/uploads\\\/2022\\\/06\\\/unidas-podemos-och-vox-skulle-tjana-pa-sankt-rostrattsalder.png\",\"width\":700,\"height\":420},{\"@type\":\"BreadcrumbList\",\"@id\":\"https:\\\/\\\/lightweb.dev\\\/l\\\/svm-temp\\\/nyheter\\\/unidas-podemos-och-vox-skulle-tjana-pa-sankt-rostrattsalder\\\/#breadcrumb\",\"itemListElement\":[{\"@type\":\"ListItem\",\"position\":1,\"name\":\"Hem\",\"item\":\"https:\\\/\\\/lightweb.dev\\\/l\\\/svm-temp\\\/\"},{\"@type\":\"ListItem\",\"position\":2,\"name\":\"Unidas Podemos och Vox skulle tj\u00e4na p\u00e5 s\u00e4nkt r\u00f6str\u00e4tts\u00e5lder\"}]},{\"@type\":\"WebSite\",\"@id\":\"https:\\\/\\\/lightweb.dev\\\/l\\\/svm-temp\\\/#website\",\"url\":\"https:\\\/\\\/lightweb.dev\\\/l\\\/svm-temp\\\/\",\"name\":\"Svenska Magasinet\",\"description\":\"Dina Spanska nyheter p&aring; Svenska\",\"publisher\":{\"@id\":\"https:\\\/\\\/lightweb.dev\\\/l\\\/svm-temp\\\/#organization\"},\"potentialAction\":[{\"@type\":\"SearchAction\",\"target\":{\"@type\":\"EntryPoint\",\"urlTemplate\":\"https:\\\/\\\/lightweb.dev\\\/l\\\/svm-temp\\\/?s={search_term_string}\"},\"query-input\":{\"@type\":\"PropertyValueSpecification\",\"valueRequired\":true,\"valueName\":\"search_term_string\"}}],\"inLanguage\":\"sv-SE\"},{\"@type\":\"Organization\",\"@id\":\"https:\\\/\\\/lightweb.dev\\\/l\\\/svm-temp\\\/#organization\",\"name\":\"Melkerson y Nott SL\",\"alternateName\":\"Svenska Magasinet\",\"url\":\"https:\\\/\\\/lightweb.dev\\\/l\\\/svm-temp\\\/\",\"logo\":{\"@type\":\"ImageObject\",\"inLanguage\":\"sv-SE\",\"@id\":\"https:\\\/\\\/lightweb.dev\\\/l\\\/svm-temp\\\/#\\\/schema\\\/logo\\\/image\\\/\",\"url\":\"https:\\\/\\\/lightweb.dev\\\/l\\\/svm-temp\\\/wp-content\\\/uploads\\\/2025\\\/02\\\/SvM-logo-Xtra-Centrerad-SVART.png\",\"contentUrl\":\"https:\\\/\\\/lightweb.dev\\\/l\\\/svm-temp\\\/wp-content\\\/uploads\\\/2025\\\/02\\\/SvM-logo-Xtra-Centrerad-SVART.png\",\"width\":300,\"height\":99,\"caption\":\"Melkerson y Nott SL\"},\"image\":{\"@id\":\"https:\\\/\\\/lightweb.dev\\\/l\\\/svm-temp\\\/#\\\/schema\\\/logo\\\/image\\\/\"},\"sameAs\":[\"https:\\\/\\\/www.facebook.com\\\/svenskamagasinet\",\"https:\\\/\\\/x.com\\\/SvenskaMagasine\"]},{\"@type\":\"Person\",\"@id\":\"https:\\\/\\\/lightweb.dev\\\/l\\\/svm-temp\\\/#\\\/schema\\\/person\\\/206a3bda5b607b0c25e1749191e4d837\",\"name\":\"Redaktionen SvM\",\"description\":\"Redaktionen\",\"sameAs\":[\"https:\\\/\\\/lightweb.dev\\\/l\\\/svm-temp\"],\"url\":\"https:\\\/\\\/lightweb.dev\\\/l\\\/svm-temp\\\/reporter\\\/redaktionen\\\/\"}]}<\/script>\n<!-- \/ Yoast SEO Premium plugin. -->","yoast_head_json":{"title":"Unidas Podemos och Vox skulle tj\u00e4na p\u00e5 s\u00e4nkt r\u00f6str\u00e4tts\u00e5lder - Svenska Magasinet","robots":{"index":"noindex","follow":"follow","max-snippet":"max-snippet:-1","max-image-preview":"max-image-preview:large","max-video-preview":"max-video-preview:-1"},"og_locale":"sv_SE","og_type":"article","og_title":"Unidas Podemos och Vox skulle tj\u00e4na p\u00e5 s\u00e4nkt r\u00f6str\u00e4tts\u00e5lder","og_description":"Den spanska kongressen debatterar p\u00e5 m\u00e5ndagen ett f\u00f6rslag om att s\u00e4nka r\u00f6str\u00e4tts\u00e5ldern fr\u00e5n 18 till 16 \u00e5r. Det \u00e4r det socialistiska katalanska republikanska partiet ERC (Esquerra Republicana de Catalunya) som har lagt fram f\u00f6rslaget till reform som kan ber\u00f6ra 900.000 ungdomar. R\u00f6str\u00e4tts\u00e5lder \u00e4r den \u00e5lder man ska ha uppn\u00e5tt senast p\u00e5 valdagen f\u00f6r att f\u00e5 [&hellip;]","og_url":"https:\/\/lightweb.dev\/l\/svm-temp\/nyheter\/unidas-podemos-och-vox-skulle-tjana-pa-sankt-rostrattsalder\/","og_site_name":"Svenska Magasinet","article_publisher":"https:\/\/www.facebook.com\/svenskamagasinet","article_published_time":"2020-02-02T23:00:00+00:00","og_image":[{"width":700,"height":420,"url":"https:\/\/lightweb.dev\/l\/svm-temp\/wp-content\/uploads\/2022\/06\/unidas-podemos-och-vox-skulle-tjana-pa-sankt-rostrattsalder.png","type":"image\/png"}],"author":"Redaktionen SvM","twitter_card":"summary_large_image","twitter_creator":"@SvenskaMagasine","twitter_site":"@SvenskaMagasine","schema":{"@context":"https:\/\/schema.org","@graph":[{"@type":"Article","@id":"https:\/\/lightweb.dev\/l\/svm-temp\/nyheter\/unidas-podemos-och-vox-skulle-tjana-pa-sankt-rostrattsalder\/#article","isPartOf":{"@id":"https:\/\/lightweb.dev\/l\/svm-temp\/nyheter\/unidas-podemos-och-vox-skulle-tjana-pa-sankt-rostrattsalder\/"},"author":{"name":"Redaktionen SvM","@id":"https:\/\/lightweb.dev\/l\/svm-temp\/#\/schema\/person\/206a3bda5b607b0c25e1749191e4d837"},"headline":"Unidas Podemos och Vox skulle tj\u00e4na p\u00e5 s\u00e4nkt r\u00f6str\u00e4tts\u00e5lder","datePublished":"2020-02-02T23:00:00+00:00","mainEntityOfPage":{"@id":"https:\/\/lightweb.dev\/l\/svm-temp\/nyheter\/unidas-podemos-och-vox-skulle-tjana-pa-sankt-rostrattsalder\/"},"wordCount":238,"commentCount":0,"publisher":{"@id":"https:\/\/lightweb.dev\/l\/svm-temp\/#organization"},"image":{"@id":"https:\/\/lightweb.dev\/l\/svm-temp\/nyheter\/unidas-podemos-och-vox-skulle-tjana-pa-sankt-rostrattsalder\/#primaryimage"},"thumbnailUrl":"https:\/\/lightweb.dev\/l\/svm-temp\/wp-content\/uploads\/2022\/06\/unidas-podemos-och-vox-skulle-tjana-pa-sankt-rostrattsalder.png","articleSection":["Arkiv","Nyheter"],"inLanguage":"sv-SE"},{"@type":"WebPage","@id":"https:\/\/lightweb.dev\/l\/svm-temp\/nyheter\/unidas-podemos-och-vox-skulle-tjana-pa-sankt-rostrattsalder\/","url":"https:\/\/lightweb.dev\/l\/svm-temp\/nyheter\/unidas-podemos-och-vox-skulle-tjana-pa-sankt-rostrattsalder\/","name":"Unidas Podemos och Vox skulle tj\u00e4na p\u00e5 s\u00e4nkt r\u00f6str\u00e4tts\u00e5lder - Svenska Magasinet","isPartOf":{"@id":"https:\/\/lightweb.dev\/l\/svm-temp\/#website"},"primaryImageOfPage":{"@id":"https:\/\/lightweb.dev\/l\/svm-temp\/nyheter\/unidas-podemos-och-vox-skulle-tjana-pa-sankt-rostrattsalder\/#primaryimage"},"image":{"@id":"https:\/\/lightweb.dev\/l\/svm-temp\/nyheter\/unidas-podemos-och-vox-skulle-tjana-pa-sankt-rostrattsalder\/#primaryimage"},"thumbnailUrl":"https:\/\/lightweb.dev\/l\/svm-temp\/wp-content\/uploads\/2022\/06\/unidas-podemos-och-vox-skulle-tjana-pa-sankt-rostrattsalder.png","datePublished":"2020-02-02T23:00:00+00:00","breadcrumb":{"@id":"https:\/\/lightweb.dev\/l\/svm-temp\/nyheter\/unidas-podemos-och-vox-skulle-tjana-pa-sankt-rostrattsalder\/#breadcrumb"},"inLanguage":"sv-SE","potentialAction":[{"@type":"ReadAction","target":["https:\/\/lightweb.dev\/l\/svm-temp\/nyheter\/unidas-podemos-och-vox-skulle-tjana-pa-sankt-rostrattsalder\/"]}]},{"@type":"ImageObject","inLanguage":"sv-SE","@id":"https:\/\/lightweb.dev\/l\/svm-temp\/nyheter\/unidas-podemos-och-vox-skulle-tjana-pa-sankt-rostrattsalder\/#primaryimage","url":"https:\/\/lightweb.dev\/l\/svm-temp\/wp-content\/uploads\/2022\/06\/unidas-podemos-och-vox-skulle-tjana-pa-sankt-rostrattsalder.png","contentUrl":"https:\/\/lightweb.dev\/l\/svm-temp\/wp-content\/uploads\/2022\/06\/unidas-podemos-och-vox-skulle-tjana-pa-sankt-rostrattsalder.png","width":700,"height":420},{"@type":"BreadcrumbList","@id":"https:\/\/lightweb.dev\/l\/svm-temp\/nyheter\/unidas-podemos-och-vox-skulle-tjana-pa-sankt-rostrattsalder\/#breadcrumb","itemListElement":[{"@type":"ListItem","position":1,"name":"Hem","item":"https:\/\/lightweb.dev\/l\/svm-temp\/"},{"@type":"ListItem","position":2,"name":"Unidas Podemos och Vox skulle tj\u00e4na p\u00e5 s\u00e4nkt r\u00f6str\u00e4tts\u00e5lder"}]},{"@type":"WebSite","@id":"https:\/\/lightweb.dev\/l\/svm-temp\/#website","url":"https:\/\/lightweb.dev\/l\/svm-temp\/","name":"Svenska Magasinet","description":"Dina Spanska nyheter p&aring; Svenska","publisher":{"@id":"https:\/\/lightweb.dev\/l\/svm-temp\/#organization"},"potentialAction":[{"@type":"SearchAction","target":{"@type":"EntryPoint","urlTemplate":"https:\/\/lightweb.dev\/l\/svm-temp\/?s={search_term_string}"},"query-input":{"@type":"PropertyValueSpecification","valueRequired":true,"valueName":"search_term_string"}}],"inLanguage":"sv-SE"},{"@type":"Organization","@id":"https:\/\/lightweb.dev\/l\/svm-temp\/#organization","name":"Melkerson y Nott SL","alternateName":"Svenska Magasinet","url":"https:\/\/lightweb.dev\/l\/svm-temp\/","logo":{"@type":"ImageObject","inLanguage":"sv-SE","@id":"https:\/\/lightweb.dev\/l\/svm-temp\/#\/schema\/logo\/image\/","url":"https:\/\/lightweb.dev\/l\/svm-temp\/wp-content\/uploads\/2025\/02\/SvM-logo-Xtra-Centrerad-SVART.png","contentUrl":"https:\/\/lightweb.dev\/l\/svm-temp\/wp-content\/uploads\/2025\/02\/SvM-logo-Xtra-Centrerad-SVART.png","width":300,"height":99,"caption":"Melkerson y Nott SL"},"image":{"@id":"https:\/\/lightweb.dev\/l\/svm-temp\/#\/schema\/logo\/image\/"},"sameAs":["https:\/\/www.facebook.com\/svenskamagasinet","https:\/\/x.com\/SvenskaMagasine"]},{"@type":"Person","@id":"https:\/\/lightweb.dev\/l\/svm-temp\/#\/schema\/person\/206a3bda5b607b0c25e1749191e4d837","name":"Redaktionen SvM","description":"Redaktionen","sameAs":["https:\/\/lightweb.dev\/l\/svm-temp"],"url":"https:\/\/lightweb.dev\/l\/svm-temp\/reporter\/redaktionen\/"}]}},"_links":{"self":[{"href":"https:\/\/lightweb.dev\/l\/svm-temp\/wp-json\/wp\/v2\/posts\/14849","targetHints":{"allow":["GET"]}}],"collection":[{"href":"https:\/\/lightweb.dev\/l\/svm-temp\/wp-json\/wp\/v2\/posts"}],"about":[{"href":"https:\/\/lightweb.dev\/l\/svm-temp\/wp-json\/wp\/v2\/types\/post"}],"author":[{"embeddable":true,"href":"https:\/\/lightweb.dev\/l\/svm-temp\/wp-json\/wp\/v2\/users\/8"}],"replies":[{"embeddable":true,"href":"https:\/\/lightweb.dev\/l\/svm-temp\/wp-json\/wp\/v2\/comments?post=14849"}],"version-history":[{"count":0,"href":"https:\/\/lightweb.dev\/l\/svm-temp\/wp-json\/wp\/v2\/posts\/14849\/revisions"}],"wp:featuredmedia":[{"embeddable":true,"href":"https:\/\/lightweb.dev\/l\/svm-temp\/wp-json\/wp\/v2\/media\/14850"}],"wp:attachment":[{"href":"https:\/\/lightweb.dev\/l\/svm-temp\/wp-json\/wp\/v2\/media?parent=14849"}],"wp:term":[{"taxonomy":"category","embeddable":true,"href":"https:\/\/lightweb.dev\/l\/svm-temp\/wp-json\/wp\/v2\/categories?post=14849"},{"taxonomy":"post_tag","embeddable":true,"href":"https:\/\/lightweb.dev\/l\/svm-temp\/wp-json\/wp\/v2\/tags?post=14849"}],"curies":[{"name":"wp","href":"https:\/\/api.w.org\/{rel}","templated":true}]}}