{"id":14853,"date":"2020-02-03T00:00:00","date_gmt":"2020-02-02T23:00:00","guid":{"rendered":"https:\/\/lightweb.dev\/l\/svm-temp\/nyheter\/regionala-nationalister-bojkottade-kungens-oppningstal\/"},"modified":"2020-02-03T00:00:00","modified_gmt":"2020-02-02T23:00:00","slug":"regionala-nationalister-bojkottade-kungens-oppningstal","status":"publish","type":"post","link":"https:\/\/lightweb.dev\/l\/svm-temp\/nyheter\/regionala-nationalister-bojkottade-kungens-oppningstal\/","title":{"rendered":"Regionala nationalister bojkottade kungens \u00f6ppningstal"},"content":{"rendered":"<p> N\u00e4r det nyvalda parlamentet \u00f6ppnade p\u00e5 m\u00e5ndagen uppmanade kung Felipe VI parlamentarikerna att inte f\u00f6rvandla Spanien till ett land d\u00e4r alla st\u00e4lls mot varandra. \u201dSpanien \u00e4r allas land, och ett land f\u00f6r alla\u201d sa den spanske monarken och tillade att \u201dnu handlar det om att \u00e5terst\u00e4lla inv\u00e5narnas f\u00f6rtroende f\u00f6r sina institutioner\u201d.<\/p>\n<p>Kungens budskap tolkas av bed\u00f6mare att det ska minska tonen i ett sp\u00e4nt l\u00e4ge i den spanska kongressen. F\u00f6r f\u00f6rsta g\u00e5ngen i modern tid har Spanien en koalitionsregering d\u00e4r ett ytterkantsv\u00e4nsterparti ing\u00e5r. F\u00f6r att vinna tillr\u00e4ckligt med st\u00f6d har regeringschefen Pedro S\u00e1nchez (PSOE) tagit hj\u00e4lp av katalanska separatister i v\u00e4nsterrepublikanska partiet ERC.<\/p>\n<p>De flesta av parlamentarikerna gav kungen en n\u00e4stan fyra minuter l\u00e5ng ovation och ropade: \u201dViva el Rey, viva la Constituci\u00f3n y viva Espa\u00f1a\u201d. Men dock inte alla. Det g\u00e4llde parlamentarikerna fr\u00e5n Unidas Podemos och PNV som l\u00e4t bli att appl\u00e5dera kungens tal n\u00e4r parlamentet \u00f6ppnade. Bara de ministrar fr\u00e5n Unidas Podemos som fanns p\u00e5 plats appl\u00e5derade.<\/p>\n<p>Flera parlamentariker fr\u00e5n regionala nationalistiska partier som Esquerra, JxCat, EH Bildu, CUP och BNG hade p\u00e5 f\u00f6rhand meddelat att de t\u00e4nkte bojkotta kungens tal eftersom \u201dhan inte representerar oss\u201d.<\/p>\n<p>Felipe VI \u00f6nskade regeringschefen Pedro S\u00e1nchez lycka till och betonade m\u00e5let att landet ska styras med \u00f6msesidig respekt f\u00f6r alla spanjorer. Ledam\u00f6terna representerar 47 miljoner spanjorers intressen och inte bara deras v\u00e4ljares intressen. Orden f\u00f6r 40 \u00e5r sedan \u00e4r lika viktiga nu, f\u00f6rsoning, f\u00f6rst\u00e5else, respekt och frihet hj\u00e4lper till att \u00f6vervinna klyftor och konflikter, sa kungen.<\/p>\n<p>Pablo Iglesias, partiledare f\u00f6r Unidas Podemos, och numera vice regeringschef har tidigare g\u00e5tt s\u00e5 l\u00e5ngt att han v\u00e4grat h\u00e4lsa p\u00e5 den spanske monarken och den kungliga familjen. Sedan han blev minister har han svurit sin trohet till kronan och \u00e4ven \u00e4gnat uppm\u00e4rksamhet \u00e5t sitt yttre och har numera en mer representativ kl\u00e4dstil.<\/p>\n<p>(Foto: Twitter Kungahuset @casareal)<\/p>\n","protected":false},"excerpt":{"rendered":"<p>N\u00e4r det nyvalda parlamentet \u00f6ppnade p\u00e5 m\u00e5ndagen uppmanade kung Felipe VI parlamentarikerna att inte f\u00f6rvandla Spanien till ett land d\u00e4r alla st\u00e4lls mot varandra. \u201dSpanien \u00e4r allas land, och ett land f\u00f6r alla\u201d sa den spanske monarken och tillade att \u201dnu handlar det om att \u00e5terst\u00e4lla inv\u00e5narnas f\u00f6rtroende f\u00f6r sina institutioner\u201d. Kungens budskap tolkas av [&hellip;]<\/p>\n","protected":false},"author":8,"featured_media":14854,"comment_status":"open","ping_status":"open","sticky":false,"template":"","format":"standard","meta":{"_et_pb_use_builder":"","_et_pb_old_content":"","_et_gb_content_width":"","footnotes":""},"categories":[395,3],"tags":[],"class_list":["post-14853","post","type-post","status-publish","format-standard","has-post-thumbnail","hentry","category-arkiv-nyheter","category-nyheter"],"yoast_head":"<!-- This site is optimized with the Yoast SEO Premium plugin v26.2 (Yoast SEO v27.4) - https:\/\/yoast.com\/product\/yoast-seo-premium-wordpress\/ -->\n<title>Regionala nationalister bojkottade kungens \u00f6ppningstal - Svenska Magasinet<\/title>\n<meta name=\"robots\" content=\"noindex, follow, max-snippet:-1, max-image-preview:large, max-video-preview:-1\" \/>\n<meta property=\"og:locale\" content=\"sv_SE\" \/>\n<meta property=\"og:type\" content=\"article\" \/>\n<meta property=\"og:title\" content=\"Regionala nationalister bojkottade kungens \u00f6ppningstal\" \/>\n<meta property=\"og:description\" content=\"N\u00e4r det nyvalda parlamentet \u00f6ppnade p\u00e5 m\u00e5ndagen uppmanade kung Felipe VI parlamentarikerna att inte f\u00f6rvandla Spanien till ett land d\u00e4r alla st\u00e4lls mot varandra. \u201dSpanien \u00e4r allas land, och ett land f\u00f6r alla\u201d sa den spanske monarken och tillade att \u201dnu handlar det om att \u00e5terst\u00e4lla inv\u00e5narnas f\u00f6rtroende f\u00f6r sina institutioner\u201d. Kungens budskap tolkas av [&hellip;]\" \/>\n<meta property=\"og:url\" content=\"https:\/\/lightweb.dev\/l\/svm-temp\/nyheter\/regionala-nationalister-bojkottade-kungens-oppningstal\/\" \/>\n<meta property=\"og:site_name\" content=\"Svenska Magasinet\" \/>\n<meta property=\"article:publisher\" content=\"https:\/\/www.facebook.com\/svenskamagasinet\" \/>\n<meta property=\"article:published_time\" content=\"2020-02-02T23:00:00+00:00\" \/>\n<meta property=\"og:image\" content=\"https:\/\/lightweb.dev\/l\/svm-temp\/wp-content\/uploads\/2022\/06\/regionala-nationalister-bojkottade-kungens-oppningstal.png\" \/>\n\t<meta property=\"og:image:width\" content=\"700\" \/>\n\t<meta property=\"og:image:height\" content=\"420\" \/>\n\t<meta property=\"og:image:type\" content=\"image\/png\" \/>\n<meta name=\"author\" content=\"Redaktionen SvM\" \/>\n<meta name=\"twitter:card\" content=\"summary_large_image\" \/>\n<meta name=\"twitter:creator\" content=\"@SvenskaMagasine\" \/>\n<meta name=\"twitter:site\" content=\"@SvenskaMagasine\" \/>\n<script type=\"application\/ld+json\" class=\"yoast-schema-graph\">{\"@context\":\"https:\\\/\\\/schema.org\",\"@graph\":[{\"@type\":\"Article\",\"@id\":\"https:\\\/\\\/lightweb.dev\\\/l\\\/svm-temp\\\/nyheter\\\/regionala-nationalister-bojkottade-kungens-oppningstal\\\/#article\",\"isPartOf\":{\"@id\":\"https:\\\/\\\/lightweb.dev\\\/l\\\/svm-temp\\\/nyheter\\\/regionala-nationalister-bojkottade-kungens-oppningstal\\\/\"},\"author\":{\"name\":\"Redaktionen SvM\",\"@id\":\"https:\\\/\\\/lightweb.dev\\\/l\\\/svm-temp\\\/#\\\/schema\\\/person\\\/206a3bda5b607b0c25e1749191e4d837\"},\"headline\":\"Regionala nationalister bojkottade kungens \u00f6ppningstal\",\"datePublished\":\"2020-02-02T23:00:00+00:00\",\"mainEntityOfPage\":{\"@id\":\"https:\\\/\\\/lightweb.dev\\\/l\\\/svm-temp\\\/nyheter\\\/regionala-nationalister-bojkottade-kungens-oppningstal\\\/\"},\"wordCount\":359,\"commentCount\":0,\"publisher\":{\"@id\":\"https:\\\/\\\/lightweb.dev\\\/l\\\/svm-temp\\\/#organization\"},\"image\":{\"@id\":\"https:\\\/\\\/lightweb.dev\\\/l\\\/svm-temp\\\/nyheter\\\/regionala-nationalister-bojkottade-kungens-oppningstal\\\/#primaryimage\"},\"thumbnailUrl\":\"https:\\\/\\\/lightweb.dev\\\/l\\\/svm-temp\\\/wp-content\\\/uploads\\\/2022\\\/06\\\/regionala-nationalister-bojkottade-kungens-oppningstal.png\",\"articleSection\":[\"Arkiv\",\"Nyheter\"],\"inLanguage\":\"sv-SE\"},{\"@type\":\"WebPage\",\"@id\":\"https:\\\/\\\/lightweb.dev\\\/l\\\/svm-temp\\\/nyheter\\\/regionala-nationalister-bojkottade-kungens-oppningstal\\\/\",\"url\":\"https:\\\/\\\/lightweb.dev\\\/l\\\/svm-temp\\\/nyheter\\\/regionala-nationalister-bojkottade-kungens-oppningstal\\\/\",\"name\":\"Regionala nationalister bojkottade kungens \u00f6ppningstal - Svenska Magasinet\",\"isPartOf\":{\"@id\":\"https:\\\/\\\/lightweb.dev\\\/l\\\/svm-temp\\\/#website\"},\"primaryImageOfPage\":{\"@id\":\"https:\\\/\\\/lightweb.dev\\\/l\\\/svm-temp\\\/nyheter\\\/regionala-nationalister-bojkottade-kungens-oppningstal\\\/#primaryimage\"},\"image\":{\"@id\":\"https:\\\/\\\/lightweb.dev\\\/l\\\/svm-temp\\\/nyheter\\\/regionala-nationalister-bojkottade-kungens-oppningstal\\\/#primaryimage\"},\"thumbnailUrl\":\"https:\\\/\\\/lightweb.dev\\\/l\\\/svm-temp\\\/wp-content\\\/uploads\\\/2022\\\/06\\\/regionala-nationalister-bojkottade-kungens-oppningstal.png\",\"datePublished\":\"2020-02-02T23:00:00+00:00\",\"breadcrumb\":{\"@id\":\"https:\\\/\\\/lightweb.dev\\\/l\\\/svm-temp\\\/nyheter\\\/regionala-nationalister-bojkottade-kungens-oppningstal\\\/#breadcrumb\"},\"inLanguage\":\"sv-SE\",\"potentialAction\":[{\"@type\":\"ReadAction\",\"target\":[\"https:\\\/\\\/lightweb.dev\\\/l\\\/svm-temp\\\/nyheter\\\/regionala-nationalister-bojkottade-kungens-oppningstal\\\/\"]}]},{\"@type\":\"ImageObject\",\"inLanguage\":\"sv-SE\",\"@id\":\"https:\\\/\\\/lightweb.dev\\\/l\\\/svm-temp\\\/nyheter\\\/regionala-nationalister-bojkottade-kungens-oppningstal\\\/#primaryimage\",\"url\":\"https:\\\/\\\/lightweb.dev\\\/l\\\/svm-temp\\\/wp-content\\\/uploads\\\/2022\\\/06\\\/regionala-nationalister-bojkottade-kungens-oppningstal.png\",\"contentUrl\":\"https:\\\/\\\/lightweb.dev\\\/l\\\/svm-temp\\\/wp-content\\\/uploads\\\/2022\\\/06\\\/regionala-nationalister-bojkottade-kungens-oppningstal.png\",\"width\":700,\"height\":420},{\"@type\":\"BreadcrumbList\",\"@id\":\"https:\\\/\\\/lightweb.dev\\\/l\\\/svm-temp\\\/nyheter\\\/regionala-nationalister-bojkottade-kungens-oppningstal\\\/#breadcrumb\",\"itemListElement\":[{\"@type\":\"ListItem\",\"position\":1,\"name\":\"Hem\",\"item\":\"https:\\\/\\\/lightweb.dev\\\/l\\\/svm-temp\\\/\"},{\"@type\":\"ListItem\",\"position\":2,\"name\":\"Regionala nationalister bojkottade kungens \u00f6ppningstal\"}]},{\"@type\":\"WebSite\",\"@id\":\"https:\\\/\\\/lightweb.dev\\\/l\\\/svm-temp\\\/#website\",\"url\":\"https:\\\/\\\/lightweb.dev\\\/l\\\/svm-temp\\\/\",\"name\":\"Svenska Magasinet\",\"description\":\"Dina Spanska nyheter p&aring; Svenska\",\"publisher\":{\"@id\":\"https:\\\/\\\/lightweb.dev\\\/l\\\/svm-temp\\\/#organization\"},\"potentialAction\":[{\"@type\":\"SearchAction\",\"target\":{\"@type\":\"EntryPoint\",\"urlTemplate\":\"https:\\\/\\\/lightweb.dev\\\/l\\\/svm-temp\\\/?s={search_term_string}\"},\"query-input\":{\"@type\":\"PropertyValueSpecification\",\"valueRequired\":true,\"valueName\":\"search_term_string\"}}],\"inLanguage\":\"sv-SE\"},{\"@type\":\"Organization\",\"@id\":\"https:\\\/\\\/lightweb.dev\\\/l\\\/svm-temp\\\/#organization\",\"name\":\"Melkerson y Nott SL\",\"alternateName\":\"Svenska Magasinet\",\"url\":\"https:\\\/\\\/lightweb.dev\\\/l\\\/svm-temp\\\/\",\"logo\":{\"@type\":\"ImageObject\",\"inLanguage\":\"sv-SE\",\"@id\":\"https:\\\/\\\/lightweb.dev\\\/l\\\/svm-temp\\\/#\\\/schema\\\/logo\\\/image\\\/\",\"url\":\"https:\\\/\\\/lightweb.dev\\\/l\\\/svm-temp\\\/wp-content\\\/uploads\\\/2025\\\/02\\\/SvM-logo-Xtra-Centrerad-SVART.png\",\"contentUrl\":\"https:\\\/\\\/lightweb.dev\\\/l\\\/svm-temp\\\/wp-content\\\/uploads\\\/2025\\\/02\\\/SvM-logo-Xtra-Centrerad-SVART.png\",\"width\":300,\"height\":99,\"caption\":\"Melkerson y Nott SL\"},\"image\":{\"@id\":\"https:\\\/\\\/lightweb.dev\\\/l\\\/svm-temp\\\/#\\\/schema\\\/logo\\\/image\\\/\"},\"sameAs\":[\"https:\\\/\\\/www.facebook.com\\\/svenskamagasinet\",\"https:\\\/\\\/x.com\\\/SvenskaMagasine\"]},{\"@type\":\"Person\",\"@id\":\"https:\\\/\\\/lightweb.dev\\\/l\\\/svm-temp\\\/#\\\/schema\\\/person\\\/206a3bda5b607b0c25e1749191e4d837\",\"name\":\"Redaktionen SvM\",\"description\":\"Redaktionen\",\"sameAs\":[\"https:\\\/\\\/lightweb.dev\\\/l\\\/svm-temp\"],\"url\":\"https:\\\/\\\/lightweb.dev\\\/l\\\/svm-temp\\\/reporter\\\/redaktionen\\\/\"}]}<\/script>\n<!-- \/ Yoast SEO Premium plugin. -->","yoast_head_json":{"title":"Regionala nationalister bojkottade kungens \u00f6ppningstal - Svenska Magasinet","robots":{"index":"noindex","follow":"follow","max-snippet":"max-snippet:-1","max-image-preview":"max-image-preview:large","max-video-preview":"max-video-preview:-1"},"og_locale":"sv_SE","og_type":"article","og_title":"Regionala nationalister bojkottade kungens \u00f6ppningstal","og_description":"N\u00e4r det nyvalda parlamentet \u00f6ppnade p\u00e5 m\u00e5ndagen uppmanade kung Felipe VI parlamentarikerna att inte f\u00f6rvandla Spanien till ett land d\u00e4r alla st\u00e4lls mot varandra. \u201dSpanien \u00e4r allas land, och ett land f\u00f6r alla\u201d sa den spanske monarken och tillade att \u201dnu handlar det om att \u00e5terst\u00e4lla inv\u00e5narnas f\u00f6rtroende f\u00f6r sina institutioner\u201d. Kungens budskap tolkas av [&hellip;]","og_url":"https:\/\/lightweb.dev\/l\/svm-temp\/nyheter\/regionala-nationalister-bojkottade-kungens-oppningstal\/","og_site_name":"Svenska Magasinet","article_publisher":"https:\/\/www.facebook.com\/svenskamagasinet","article_published_time":"2020-02-02T23:00:00+00:00","og_image":[{"width":700,"height":420,"url":"https:\/\/lightweb.dev\/l\/svm-temp\/wp-content\/uploads\/2022\/06\/regionala-nationalister-bojkottade-kungens-oppningstal.png","type":"image\/png"}],"author":"Redaktionen SvM","twitter_card":"summary_large_image","twitter_creator":"@SvenskaMagasine","twitter_site":"@SvenskaMagasine","schema":{"@context":"https:\/\/schema.org","@graph":[{"@type":"Article","@id":"https:\/\/lightweb.dev\/l\/svm-temp\/nyheter\/regionala-nationalister-bojkottade-kungens-oppningstal\/#article","isPartOf":{"@id":"https:\/\/lightweb.dev\/l\/svm-temp\/nyheter\/regionala-nationalister-bojkottade-kungens-oppningstal\/"},"author":{"name":"Redaktionen SvM","@id":"https:\/\/lightweb.dev\/l\/svm-temp\/#\/schema\/person\/206a3bda5b607b0c25e1749191e4d837"},"headline":"Regionala nationalister bojkottade kungens \u00f6ppningstal","datePublished":"2020-02-02T23:00:00+00:00","mainEntityOfPage":{"@id":"https:\/\/lightweb.dev\/l\/svm-temp\/nyheter\/regionala-nationalister-bojkottade-kungens-oppningstal\/"},"wordCount":359,"commentCount":0,"publisher":{"@id":"https:\/\/lightweb.dev\/l\/svm-temp\/#organization"},"image":{"@id":"https:\/\/lightweb.dev\/l\/svm-temp\/nyheter\/regionala-nationalister-bojkottade-kungens-oppningstal\/#primaryimage"},"thumbnailUrl":"https:\/\/lightweb.dev\/l\/svm-temp\/wp-content\/uploads\/2022\/06\/regionala-nationalister-bojkottade-kungens-oppningstal.png","articleSection":["Arkiv","Nyheter"],"inLanguage":"sv-SE"},{"@type":"WebPage","@id":"https:\/\/lightweb.dev\/l\/svm-temp\/nyheter\/regionala-nationalister-bojkottade-kungens-oppningstal\/","url":"https:\/\/lightweb.dev\/l\/svm-temp\/nyheter\/regionala-nationalister-bojkottade-kungens-oppningstal\/","name":"Regionala nationalister bojkottade kungens \u00f6ppningstal - Svenska Magasinet","isPartOf":{"@id":"https:\/\/lightweb.dev\/l\/svm-temp\/#website"},"primaryImageOfPage":{"@id":"https:\/\/lightweb.dev\/l\/svm-temp\/nyheter\/regionala-nationalister-bojkottade-kungens-oppningstal\/#primaryimage"},"image":{"@id":"https:\/\/lightweb.dev\/l\/svm-temp\/nyheter\/regionala-nationalister-bojkottade-kungens-oppningstal\/#primaryimage"},"thumbnailUrl":"https:\/\/lightweb.dev\/l\/svm-temp\/wp-content\/uploads\/2022\/06\/regionala-nationalister-bojkottade-kungens-oppningstal.png","datePublished":"2020-02-02T23:00:00+00:00","breadcrumb":{"@id":"https:\/\/lightweb.dev\/l\/svm-temp\/nyheter\/regionala-nationalister-bojkottade-kungens-oppningstal\/#breadcrumb"},"inLanguage":"sv-SE","potentialAction":[{"@type":"ReadAction","target":["https:\/\/lightweb.dev\/l\/svm-temp\/nyheter\/regionala-nationalister-bojkottade-kungens-oppningstal\/"]}]},{"@type":"ImageObject","inLanguage":"sv-SE","@id":"https:\/\/lightweb.dev\/l\/svm-temp\/nyheter\/regionala-nationalister-bojkottade-kungens-oppningstal\/#primaryimage","url":"https:\/\/lightweb.dev\/l\/svm-temp\/wp-content\/uploads\/2022\/06\/regionala-nationalister-bojkottade-kungens-oppningstal.png","contentUrl":"https:\/\/lightweb.dev\/l\/svm-temp\/wp-content\/uploads\/2022\/06\/regionala-nationalister-bojkottade-kungens-oppningstal.png","width":700,"height":420},{"@type":"BreadcrumbList","@id":"https:\/\/lightweb.dev\/l\/svm-temp\/nyheter\/regionala-nationalister-bojkottade-kungens-oppningstal\/#breadcrumb","itemListElement":[{"@type":"ListItem","position":1,"name":"Hem","item":"https:\/\/lightweb.dev\/l\/svm-temp\/"},{"@type":"ListItem","position":2,"name":"Regionala nationalister bojkottade kungens \u00f6ppningstal"}]},{"@type":"WebSite","@id":"https:\/\/lightweb.dev\/l\/svm-temp\/#website","url":"https:\/\/lightweb.dev\/l\/svm-temp\/","name":"Svenska Magasinet","description":"Dina Spanska nyheter p&aring; Svenska","publisher":{"@id":"https:\/\/lightweb.dev\/l\/svm-temp\/#organization"},"potentialAction":[{"@type":"SearchAction","target":{"@type":"EntryPoint","urlTemplate":"https:\/\/lightweb.dev\/l\/svm-temp\/?s={search_term_string}"},"query-input":{"@type":"PropertyValueSpecification","valueRequired":true,"valueName":"search_term_string"}}],"inLanguage":"sv-SE"},{"@type":"Organization","@id":"https:\/\/lightweb.dev\/l\/svm-temp\/#organization","name":"Melkerson y Nott SL","alternateName":"Svenska Magasinet","url":"https:\/\/lightweb.dev\/l\/svm-temp\/","logo":{"@type":"ImageObject","inLanguage":"sv-SE","@id":"https:\/\/lightweb.dev\/l\/svm-temp\/#\/schema\/logo\/image\/","url":"https:\/\/lightweb.dev\/l\/svm-temp\/wp-content\/uploads\/2025\/02\/SvM-logo-Xtra-Centrerad-SVART.png","contentUrl":"https:\/\/lightweb.dev\/l\/svm-temp\/wp-content\/uploads\/2025\/02\/SvM-logo-Xtra-Centrerad-SVART.png","width":300,"height":99,"caption":"Melkerson y Nott SL"},"image":{"@id":"https:\/\/lightweb.dev\/l\/svm-temp\/#\/schema\/logo\/image\/"},"sameAs":["https:\/\/www.facebook.com\/svenskamagasinet","https:\/\/x.com\/SvenskaMagasine"]},{"@type":"Person","@id":"https:\/\/lightweb.dev\/l\/svm-temp\/#\/schema\/person\/206a3bda5b607b0c25e1749191e4d837","name":"Redaktionen SvM","description":"Redaktionen","sameAs":["https:\/\/lightweb.dev\/l\/svm-temp"],"url":"https:\/\/lightweb.dev\/l\/svm-temp\/reporter\/redaktionen\/"}]}},"_links":{"self":[{"href":"https:\/\/lightweb.dev\/l\/svm-temp\/wp-json\/wp\/v2\/posts\/14853","targetHints":{"allow":["GET"]}}],"collection":[{"href":"https:\/\/lightweb.dev\/l\/svm-temp\/wp-json\/wp\/v2\/posts"}],"about":[{"href":"https:\/\/lightweb.dev\/l\/svm-temp\/wp-json\/wp\/v2\/types\/post"}],"author":[{"embeddable":true,"href":"https:\/\/lightweb.dev\/l\/svm-temp\/wp-json\/wp\/v2\/users\/8"}],"replies":[{"embeddable":true,"href":"https:\/\/lightweb.dev\/l\/svm-temp\/wp-json\/wp\/v2\/comments?post=14853"}],"version-history":[{"count":0,"href":"https:\/\/lightweb.dev\/l\/svm-temp\/wp-json\/wp\/v2\/posts\/14853\/revisions"}],"wp:featuredmedia":[{"embeddable":true,"href":"https:\/\/lightweb.dev\/l\/svm-temp\/wp-json\/wp\/v2\/media\/14854"}],"wp:attachment":[{"href":"https:\/\/lightweb.dev\/l\/svm-temp\/wp-json\/wp\/v2\/media?parent=14853"}],"wp:term":[{"taxonomy":"category","embeddable":true,"href":"https:\/\/lightweb.dev\/l\/svm-temp\/wp-json\/wp\/v2\/categories?post=14853"},{"taxonomy":"post_tag","embeddable":true,"href":"https:\/\/lightweb.dev\/l\/svm-temp\/wp-json\/wp\/v2\/tags?post=14853"}],"curies":[{"name":"wp","href":"https:\/\/api.w.org\/{rel}","templated":true}]}}