{"id":14855,"date":"2020-01-31T00:00:00","date_gmt":"2020-01-30T23:00:00","guid":{"rendered":"https:\/\/lightweb.dev\/l\/svm-temp\/nyheter\/doms-till-sex-ars-fangelse-efter-valdtakt-pa-ung-svenska\/"},"modified":"2020-01-31T00:00:00","modified_gmt":"2020-01-30T23:00:00","slug":"doms-till-sex-ars-fangelse-efter-valdtakt-pa-ung-svenska","status":"publish","type":"post","link":"https:\/\/lightweb.dev\/l\/svm-temp\/nyheter\/doms-till-sex-ars-fangelse-efter-valdtakt-pa-ung-svenska\/","title":{"rendered":"D\u00f6ms till sex \u00e5rs f\u00e4ngelse efter v\u00e5ldt\u00e4kt p\u00e5 ung svenska"},"content":{"rendered":"<p> Den marockanske medborgaren Bilal Allouss har d\u00f6mts till sex \u00e5rs f\u00e4ngelse efter att ha v\u00e5ldtagit en 18-\u00e5rig svensk kvinna i Puerto Rico p\u00e5 den spanska semester\u00f6n Gran Canaria i januari 2018. \u00c5klagaren hade beg\u00e4rt att mannen skulle d\u00f6mas till 11 \u00e5rs f\u00e4ngelse. Mannen ska \u00e4ven betala 25.000 euro i skadest\u00e5nd till kvinnan. I onsdags d\u00f6mdes den marockanske medborgaren Bilal Alloouss som \u00e4r f\u00f6dd i den spanska enklaven Melilla till sex \u00e5rs f\u00e4ngelse. Den 18-\u00e5riga svenskan jobbade vid tillf\u00e4llet p\u00e5 ett hotell.<\/p>\n<p>En f\u00f6r henne ok\u00e4nd man kom fram och visade intresse n\u00e4r kvinnan tillsammans med n\u00e5gra andra v\u00e4nner bes\u00f6kte ett utest\u00e4lle. Hon avvisade mannen som inte gav sig utan f\u00f6ljde efter henne genom temaparken Angry Birds i Puerto Rico efter midnatt mellan klockan 00.30 och 01.30.<\/p>\n<p>I en trappa b\u00f6rjade mannen att antasta kvinnan som inte lyckades slita sig fr\u00e5n honom. Han tog fram sitt k\u00f6n och b\u00f6rjade onanera framf\u00f6r den unga kvinnan f\u00f6r att d\u00e4refter ge sig p\u00e5 henne med v\u00e5ld.<\/p>\n<p>Kvinnan hamnade i chocktillst\u00e5nd och efter att ha fullbordat v\u00e5ldt\u00e4kten l\u00e4mnade mannen platsen.<\/p>\n<p>Han kunde senare gripas och har suttit frihetsber\u00f6vad sedan den 21 februari 2018. Enligt artikel 178 och 179 i brottsbalken C\u00f3digo Penal kunde mannen ha blivit d\u00f6md till 11 \u00e5rs f\u00e4ngelse.<\/p>\n<p>Efter att ha erk\u00e4nt brotten och efter att \u00e5klagarsidan och f\u00f6rsvaret n\u00e5tt en uppg\u00f6relse s\u00e4nktes straffet till sex \u00e5rs f\u00e4ngelse. Bilal Allouss d\u00f6ms \u00e4ven till n\u00e4rmandef\u00f6rbud p\u00e5 500 meter de n\u00e4rmaste tio \u00e5ren skriver dagstidningen La Provincia.<\/p>\n","protected":false},"excerpt":{"rendered":"<p>Den marockanske medborgaren Bilal Allouss har d\u00f6mts till sex \u00e5rs f\u00e4ngelse efter att ha v\u00e5ldtagit en 18-\u00e5rig svensk kvinna i Puerto Rico p\u00e5 den spanska semester\u00f6n Gran Canaria i januari 2018. \u00c5klagaren hade beg\u00e4rt att mannen skulle d\u00f6mas till 11 \u00e5rs f\u00e4ngelse. Mannen ska \u00e4ven betala 25.000 euro i skadest\u00e5nd till kvinnan. I onsdags d\u00f6mdes [&hellip;]<\/p>\n","protected":false},"author":8,"featured_media":14856,"comment_status":"open","ping_status":"open","sticky":false,"template":"","format":"standard","meta":{"_et_pb_use_builder":"","_et_pb_old_content":"","_et_gb_content_width":"","footnotes":""},"categories":[395,3],"tags":[],"class_list":["post-14855","post","type-post","status-publish","format-standard","has-post-thumbnail","hentry","category-arkiv-nyheter","category-nyheter"],"yoast_head":"<!-- This site is optimized with the Yoast SEO Premium plugin v26.2 (Yoast SEO v27.4) - https:\/\/yoast.com\/product\/yoast-seo-premium-wordpress\/ -->\n<title>D\u00f6ms till sex \u00e5rs f\u00e4ngelse efter v\u00e5ldt\u00e4kt p\u00e5 ung svenska - Svenska Magasinet<\/title>\n<meta name=\"robots\" content=\"noindex, follow, max-snippet:-1, max-image-preview:large, max-video-preview:-1\" \/>\n<meta property=\"og:locale\" content=\"sv_SE\" \/>\n<meta property=\"og:type\" content=\"article\" \/>\n<meta property=\"og:title\" content=\"D\u00f6ms till sex \u00e5rs f\u00e4ngelse efter v\u00e5ldt\u00e4kt p\u00e5 ung svenska\" \/>\n<meta property=\"og:description\" content=\"Den marockanske medborgaren Bilal Allouss har d\u00f6mts till sex \u00e5rs f\u00e4ngelse efter att ha v\u00e5ldtagit en 18-\u00e5rig svensk kvinna i Puerto Rico p\u00e5 den spanska semester\u00f6n Gran Canaria i januari 2018. \u00c5klagaren hade beg\u00e4rt att mannen skulle d\u00f6mas till 11 \u00e5rs f\u00e4ngelse. Mannen ska \u00e4ven betala 25.000 euro i skadest\u00e5nd till kvinnan. I onsdags d\u00f6mdes [&hellip;]\" \/>\n<meta property=\"og:url\" content=\"https:\/\/lightweb.dev\/l\/svm-temp\/nyheter\/doms-till-sex-ars-fangelse-efter-valdtakt-pa-ung-svenska\/\" \/>\n<meta property=\"og:site_name\" content=\"Svenska Magasinet\" \/>\n<meta property=\"article:publisher\" content=\"https:\/\/www.facebook.com\/svenskamagasinet\" \/>\n<meta property=\"article:published_time\" content=\"2020-01-30T23:00:00+00:00\" \/>\n<meta property=\"og:image\" content=\"https:\/\/lightweb.dev\/l\/svm-temp\/wp-content\/uploads\/2022\/06\/doms-till-sex-ars-fangelse-efter-valdtakt-pa-ung-svenska.png\" \/>\n\t<meta property=\"og:image:width\" content=\"700\" \/>\n\t<meta property=\"og:image:height\" content=\"420\" \/>\n\t<meta property=\"og:image:type\" content=\"image\/png\" \/>\n<meta name=\"author\" content=\"Redaktionen SvM\" \/>\n<meta name=\"twitter:card\" content=\"summary_large_image\" \/>\n<meta name=\"twitter:creator\" content=\"@SvenskaMagasine\" \/>\n<meta name=\"twitter:site\" content=\"@SvenskaMagasine\" \/>\n<script type=\"application\/ld+json\" class=\"yoast-schema-graph\">{\"@context\":\"https:\\\/\\\/schema.org\",\"@graph\":[{\"@type\":\"Article\",\"@id\":\"https:\\\/\\\/lightweb.dev\\\/l\\\/svm-temp\\\/nyheter\\\/doms-till-sex-ars-fangelse-efter-valdtakt-pa-ung-svenska\\\/#article\",\"isPartOf\":{\"@id\":\"https:\\\/\\\/lightweb.dev\\\/l\\\/svm-temp\\\/nyheter\\\/doms-till-sex-ars-fangelse-efter-valdtakt-pa-ung-svenska\\\/\"},\"author\":{\"name\":\"Redaktionen SvM\",\"@id\":\"https:\\\/\\\/lightweb.dev\\\/l\\\/svm-temp\\\/#\\\/schema\\\/person\\\/206a3bda5b607b0c25e1749191e4d837\"},\"headline\":\"D\u00f6ms till sex \u00e5rs f\u00e4ngelse efter v\u00e5ldt\u00e4kt p\u00e5 ung svenska\",\"datePublished\":\"2020-01-30T23:00:00+00:00\",\"mainEntityOfPage\":{\"@id\":\"https:\\\/\\\/lightweb.dev\\\/l\\\/svm-temp\\\/nyheter\\\/doms-till-sex-ars-fangelse-efter-valdtakt-pa-ung-svenska\\\/\"},\"wordCount\":294,\"commentCount\":0,\"publisher\":{\"@id\":\"https:\\\/\\\/lightweb.dev\\\/l\\\/svm-temp\\\/#organization\"},\"image\":{\"@id\":\"https:\\\/\\\/lightweb.dev\\\/l\\\/svm-temp\\\/nyheter\\\/doms-till-sex-ars-fangelse-efter-valdtakt-pa-ung-svenska\\\/#primaryimage\"},\"thumbnailUrl\":\"https:\\\/\\\/lightweb.dev\\\/l\\\/svm-temp\\\/wp-content\\\/uploads\\\/2022\\\/06\\\/doms-till-sex-ars-fangelse-efter-valdtakt-pa-ung-svenska.png\",\"articleSection\":[\"Arkiv\",\"Nyheter\"],\"inLanguage\":\"sv-SE\"},{\"@type\":\"WebPage\",\"@id\":\"https:\\\/\\\/lightweb.dev\\\/l\\\/svm-temp\\\/nyheter\\\/doms-till-sex-ars-fangelse-efter-valdtakt-pa-ung-svenska\\\/\",\"url\":\"https:\\\/\\\/lightweb.dev\\\/l\\\/svm-temp\\\/nyheter\\\/doms-till-sex-ars-fangelse-efter-valdtakt-pa-ung-svenska\\\/\",\"name\":\"D\u00f6ms till sex \u00e5rs f\u00e4ngelse efter v\u00e5ldt\u00e4kt p\u00e5 ung svenska - Svenska Magasinet\",\"isPartOf\":{\"@id\":\"https:\\\/\\\/lightweb.dev\\\/l\\\/svm-temp\\\/#website\"},\"primaryImageOfPage\":{\"@id\":\"https:\\\/\\\/lightweb.dev\\\/l\\\/svm-temp\\\/nyheter\\\/doms-till-sex-ars-fangelse-efter-valdtakt-pa-ung-svenska\\\/#primaryimage\"},\"image\":{\"@id\":\"https:\\\/\\\/lightweb.dev\\\/l\\\/svm-temp\\\/nyheter\\\/doms-till-sex-ars-fangelse-efter-valdtakt-pa-ung-svenska\\\/#primaryimage\"},\"thumbnailUrl\":\"https:\\\/\\\/lightweb.dev\\\/l\\\/svm-temp\\\/wp-content\\\/uploads\\\/2022\\\/06\\\/doms-till-sex-ars-fangelse-efter-valdtakt-pa-ung-svenska.png\",\"datePublished\":\"2020-01-30T23:00:00+00:00\",\"breadcrumb\":{\"@id\":\"https:\\\/\\\/lightweb.dev\\\/l\\\/svm-temp\\\/nyheter\\\/doms-till-sex-ars-fangelse-efter-valdtakt-pa-ung-svenska\\\/#breadcrumb\"},\"inLanguage\":\"sv-SE\",\"potentialAction\":[{\"@type\":\"ReadAction\",\"target\":[\"https:\\\/\\\/lightweb.dev\\\/l\\\/svm-temp\\\/nyheter\\\/doms-till-sex-ars-fangelse-efter-valdtakt-pa-ung-svenska\\\/\"]}]},{\"@type\":\"ImageObject\",\"inLanguage\":\"sv-SE\",\"@id\":\"https:\\\/\\\/lightweb.dev\\\/l\\\/svm-temp\\\/nyheter\\\/doms-till-sex-ars-fangelse-efter-valdtakt-pa-ung-svenska\\\/#primaryimage\",\"url\":\"https:\\\/\\\/lightweb.dev\\\/l\\\/svm-temp\\\/wp-content\\\/uploads\\\/2022\\\/06\\\/doms-till-sex-ars-fangelse-efter-valdtakt-pa-ung-svenska.png\",\"contentUrl\":\"https:\\\/\\\/lightweb.dev\\\/l\\\/svm-temp\\\/wp-content\\\/uploads\\\/2022\\\/06\\\/doms-till-sex-ars-fangelse-efter-valdtakt-pa-ung-svenska.png\",\"width\":700,\"height\":420},{\"@type\":\"BreadcrumbList\",\"@id\":\"https:\\\/\\\/lightweb.dev\\\/l\\\/svm-temp\\\/nyheter\\\/doms-till-sex-ars-fangelse-efter-valdtakt-pa-ung-svenska\\\/#breadcrumb\",\"itemListElement\":[{\"@type\":\"ListItem\",\"position\":1,\"name\":\"Hem\",\"item\":\"https:\\\/\\\/lightweb.dev\\\/l\\\/svm-temp\\\/\"},{\"@type\":\"ListItem\",\"position\":2,\"name\":\"D\u00f6ms till sex \u00e5rs f\u00e4ngelse efter v\u00e5ldt\u00e4kt p\u00e5 ung svenska\"}]},{\"@type\":\"WebSite\",\"@id\":\"https:\\\/\\\/lightweb.dev\\\/l\\\/svm-temp\\\/#website\",\"url\":\"https:\\\/\\\/lightweb.dev\\\/l\\\/svm-temp\\\/\",\"name\":\"Svenska Magasinet\",\"description\":\"Dina Spanska nyheter p&aring; Svenska\",\"publisher\":{\"@id\":\"https:\\\/\\\/lightweb.dev\\\/l\\\/svm-temp\\\/#organization\"},\"potentialAction\":[{\"@type\":\"SearchAction\",\"target\":{\"@type\":\"EntryPoint\",\"urlTemplate\":\"https:\\\/\\\/lightweb.dev\\\/l\\\/svm-temp\\\/?s={search_term_string}\"},\"query-input\":{\"@type\":\"PropertyValueSpecification\",\"valueRequired\":true,\"valueName\":\"search_term_string\"}}],\"inLanguage\":\"sv-SE\"},{\"@type\":\"Organization\",\"@id\":\"https:\\\/\\\/lightweb.dev\\\/l\\\/svm-temp\\\/#organization\",\"name\":\"Melkerson y Nott SL\",\"alternateName\":\"Svenska Magasinet\",\"url\":\"https:\\\/\\\/lightweb.dev\\\/l\\\/svm-temp\\\/\",\"logo\":{\"@type\":\"ImageObject\",\"inLanguage\":\"sv-SE\",\"@id\":\"https:\\\/\\\/lightweb.dev\\\/l\\\/svm-temp\\\/#\\\/schema\\\/logo\\\/image\\\/\",\"url\":\"https:\\\/\\\/lightweb.dev\\\/l\\\/svm-temp\\\/wp-content\\\/uploads\\\/2025\\\/02\\\/SvM-logo-Xtra-Centrerad-SVART.png\",\"contentUrl\":\"https:\\\/\\\/lightweb.dev\\\/l\\\/svm-temp\\\/wp-content\\\/uploads\\\/2025\\\/02\\\/SvM-logo-Xtra-Centrerad-SVART.png\",\"width\":300,\"height\":99,\"caption\":\"Melkerson y Nott SL\"},\"image\":{\"@id\":\"https:\\\/\\\/lightweb.dev\\\/l\\\/svm-temp\\\/#\\\/schema\\\/logo\\\/image\\\/\"},\"sameAs\":[\"https:\\\/\\\/www.facebook.com\\\/svenskamagasinet\",\"https:\\\/\\\/x.com\\\/SvenskaMagasine\"]},{\"@type\":\"Person\",\"@id\":\"https:\\\/\\\/lightweb.dev\\\/l\\\/svm-temp\\\/#\\\/schema\\\/person\\\/206a3bda5b607b0c25e1749191e4d837\",\"name\":\"Redaktionen SvM\",\"description\":\"Redaktionen\",\"sameAs\":[\"https:\\\/\\\/lightweb.dev\\\/l\\\/svm-temp\"],\"url\":\"https:\\\/\\\/lightweb.dev\\\/l\\\/svm-temp\\\/reporter\\\/redaktionen\\\/\"}]}<\/script>\n<!-- \/ Yoast SEO Premium plugin. -->","yoast_head_json":{"title":"D\u00f6ms till sex \u00e5rs f\u00e4ngelse efter v\u00e5ldt\u00e4kt p\u00e5 ung svenska - Svenska Magasinet","robots":{"index":"noindex","follow":"follow","max-snippet":"max-snippet:-1","max-image-preview":"max-image-preview:large","max-video-preview":"max-video-preview:-1"},"og_locale":"sv_SE","og_type":"article","og_title":"D\u00f6ms till sex \u00e5rs f\u00e4ngelse efter v\u00e5ldt\u00e4kt p\u00e5 ung svenska","og_description":"Den marockanske medborgaren Bilal Allouss har d\u00f6mts till sex \u00e5rs f\u00e4ngelse efter att ha v\u00e5ldtagit en 18-\u00e5rig svensk kvinna i Puerto Rico p\u00e5 den spanska semester\u00f6n Gran Canaria i januari 2018. \u00c5klagaren hade beg\u00e4rt att mannen skulle d\u00f6mas till 11 \u00e5rs f\u00e4ngelse. Mannen ska \u00e4ven betala 25.000 euro i skadest\u00e5nd till kvinnan. I onsdags d\u00f6mdes [&hellip;]","og_url":"https:\/\/lightweb.dev\/l\/svm-temp\/nyheter\/doms-till-sex-ars-fangelse-efter-valdtakt-pa-ung-svenska\/","og_site_name":"Svenska Magasinet","article_publisher":"https:\/\/www.facebook.com\/svenskamagasinet","article_published_time":"2020-01-30T23:00:00+00:00","og_image":[{"width":700,"height":420,"url":"https:\/\/lightweb.dev\/l\/svm-temp\/wp-content\/uploads\/2022\/06\/doms-till-sex-ars-fangelse-efter-valdtakt-pa-ung-svenska.png","type":"image\/png"}],"author":"Redaktionen SvM","twitter_card":"summary_large_image","twitter_creator":"@SvenskaMagasine","twitter_site":"@SvenskaMagasine","schema":{"@context":"https:\/\/schema.org","@graph":[{"@type":"Article","@id":"https:\/\/lightweb.dev\/l\/svm-temp\/nyheter\/doms-till-sex-ars-fangelse-efter-valdtakt-pa-ung-svenska\/#article","isPartOf":{"@id":"https:\/\/lightweb.dev\/l\/svm-temp\/nyheter\/doms-till-sex-ars-fangelse-efter-valdtakt-pa-ung-svenska\/"},"author":{"name":"Redaktionen SvM","@id":"https:\/\/lightweb.dev\/l\/svm-temp\/#\/schema\/person\/206a3bda5b607b0c25e1749191e4d837"},"headline":"D\u00f6ms till sex \u00e5rs f\u00e4ngelse efter v\u00e5ldt\u00e4kt p\u00e5 ung svenska","datePublished":"2020-01-30T23:00:00+00:00","mainEntityOfPage":{"@id":"https:\/\/lightweb.dev\/l\/svm-temp\/nyheter\/doms-till-sex-ars-fangelse-efter-valdtakt-pa-ung-svenska\/"},"wordCount":294,"commentCount":0,"publisher":{"@id":"https:\/\/lightweb.dev\/l\/svm-temp\/#organization"},"image":{"@id":"https:\/\/lightweb.dev\/l\/svm-temp\/nyheter\/doms-till-sex-ars-fangelse-efter-valdtakt-pa-ung-svenska\/#primaryimage"},"thumbnailUrl":"https:\/\/lightweb.dev\/l\/svm-temp\/wp-content\/uploads\/2022\/06\/doms-till-sex-ars-fangelse-efter-valdtakt-pa-ung-svenska.png","articleSection":["Arkiv","Nyheter"],"inLanguage":"sv-SE"},{"@type":"WebPage","@id":"https:\/\/lightweb.dev\/l\/svm-temp\/nyheter\/doms-till-sex-ars-fangelse-efter-valdtakt-pa-ung-svenska\/","url":"https:\/\/lightweb.dev\/l\/svm-temp\/nyheter\/doms-till-sex-ars-fangelse-efter-valdtakt-pa-ung-svenska\/","name":"D\u00f6ms till sex \u00e5rs f\u00e4ngelse efter v\u00e5ldt\u00e4kt p\u00e5 ung svenska - Svenska Magasinet","isPartOf":{"@id":"https:\/\/lightweb.dev\/l\/svm-temp\/#website"},"primaryImageOfPage":{"@id":"https:\/\/lightweb.dev\/l\/svm-temp\/nyheter\/doms-till-sex-ars-fangelse-efter-valdtakt-pa-ung-svenska\/#primaryimage"},"image":{"@id":"https:\/\/lightweb.dev\/l\/svm-temp\/nyheter\/doms-till-sex-ars-fangelse-efter-valdtakt-pa-ung-svenska\/#primaryimage"},"thumbnailUrl":"https:\/\/lightweb.dev\/l\/svm-temp\/wp-content\/uploads\/2022\/06\/doms-till-sex-ars-fangelse-efter-valdtakt-pa-ung-svenska.png","datePublished":"2020-01-30T23:00:00+00:00","breadcrumb":{"@id":"https:\/\/lightweb.dev\/l\/svm-temp\/nyheter\/doms-till-sex-ars-fangelse-efter-valdtakt-pa-ung-svenska\/#breadcrumb"},"inLanguage":"sv-SE","potentialAction":[{"@type":"ReadAction","target":["https:\/\/lightweb.dev\/l\/svm-temp\/nyheter\/doms-till-sex-ars-fangelse-efter-valdtakt-pa-ung-svenska\/"]}]},{"@type":"ImageObject","inLanguage":"sv-SE","@id":"https:\/\/lightweb.dev\/l\/svm-temp\/nyheter\/doms-till-sex-ars-fangelse-efter-valdtakt-pa-ung-svenska\/#primaryimage","url":"https:\/\/lightweb.dev\/l\/svm-temp\/wp-content\/uploads\/2022\/06\/doms-till-sex-ars-fangelse-efter-valdtakt-pa-ung-svenska.png","contentUrl":"https:\/\/lightweb.dev\/l\/svm-temp\/wp-content\/uploads\/2022\/06\/doms-till-sex-ars-fangelse-efter-valdtakt-pa-ung-svenska.png","width":700,"height":420},{"@type":"BreadcrumbList","@id":"https:\/\/lightweb.dev\/l\/svm-temp\/nyheter\/doms-till-sex-ars-fangelse-efter-valdtakt-pa-ung-svenska\/#breadcrumb","itemListElement":[{"@type":"ListItem","position":1,"name":"Hem","item":"https:\/\/lightweb.dev\/l\/svm-temp\/"},{"@type":"ListItem","position":2,"name":"D\u00f6ms till sex \u00e5rs f\u00e4ngelse efter v\u00e5ldt\u00e4kt p\u00e5 ung svenska"}]},{"@type":"WebSite","@id":"https:\/\/lightweb.dev\/l\/svm-temp\/#website","url":"https:\/\/lightweb.dev\/l\/svm-temp\/","name":"Svenska Magasinet","description":"Dina Spanska nyheter p&aring; Svenska","publisher":{"@id":"https:\/\/lightweb.dev\/l\/svm-temp\/#organization"},"potentialAction":[{"@type":"SearchAction","target":{"@type":"EntryPoint","urlTemplate":"https:\/\/lightweb.dev\/l\/svm-temp\/?s={search_term_string}"},"query-input":{"@type":"PropertyValueSpecification","valueRequired":true,"valueName":"search_term_string"}}],"inLanguage":"sv-SE"},{"@type":"Organization","@id":"https:\/\/lightweb.dev\/l\/svm-temp\/#organization","name":"Melkerson y Nott SL","alternateName":"Svenska Magasinet","url":"https:\/\/lightweb.dev\/l\/svm-temp\/","logo":{"@type":"ImageObject","inLanguage":"sv-SE","@id":"https:\/\/lightweb.dev\/l\/svm-temp\/#\/schema\/logo\/image\/","url":"https:\/\/lightweb.dev\/l\/svm-temp\/wp-content\/uploads\/2025\/02\/SvM-logo-Xtra-Centrerad-SVART.png","contentUrl":"https:\/\/lightweb.dev\/l\/svm-temp\/wp-content\/uploads\/2025\/02\/SvM-logo-Xtra-Centrerad-SVART.png","width":300,"height":99,"caption":"Melkerson y Nott SL"},"image":{"@id":"https:\/\/lightweb.dev\/l\/svm-temp\/#\/schema\/logo\/image\/"},"sameAs":["https:\/\/www.facebook.com\/svenskamagasinet","https:\/\/x.com\/SvenskaMagasine"]},{"@type":"Person","@id":"https:\/\/lightweb.dev\/l\/svm-temp\/#\/schema\/person\/206a3bda5b607b0c25e1749191e4d837","name":"Redaktionen SvM","description":"Redaktionen","sameAs":["https:\/\/lightweb.dev\/l\/svm-temp"],"url":"https:\/\/lightweb.dev\/l\/svm-temp\/reporter\/redaktionen\/"}]}},"_links":{"self":[{"href":"https:\/\/lightweb.dev\/l\/svm-temp\/wp-json\/wp\/v2\/posts\/14855","targetHints":{"allow":["GET"]}}],"collection":[{"href":"https:\/\/lightweb.dev\/l\/svm-temp\/wp-json\/wp\/v2\/posts"}],"about":[{"href":"https:\/\/lightweb.dev\/l\/svm-temp\/wp-json\/wp\/v2\/types\/post"}],"author":[{"embeddable":true,"href":"https:\/\/lightweb.dev\/l\/svm-temp\/wp-json\/wp\/v2\/users\/8"}],"replies":[{"embeddable":true,"href":"https:\/\/lightweb.dev\/l\/svm-temp\/wp-json\/wp\/v2\/comments?post=14855"}],"version-history":[{"count":0,"href":"https:\/\/lightweb.dev\/l\/svm-temp\/wp-json\/wp\/v2\/posts\/14855\/revisions"}],"wp:featuredmedia":[{"embeddable":true,"href":"https:\/\/lightweb.dev\/l\/svm-temp\/wp-json\/wp\/v2\/media\/14856"}],"wp:attachment":[{"href":"https:\/\/lightweb.dev\/l\/svm-temp\/wp-json\/wp\/v2\/media?parent=14855"}],"wp:term":[{"taxonomy":"category","embeddable":true,"href":"https:\/\/lightweb.dev\/l\/svm-temp\/wp-json\/wp\/v2\/categories?post=14855"},{"taxonomy":"post_tag","embeddable":true,"href":"https:\/\/lightweb.dev\/l\/svm-temp\/wp-json\/wp\/v2\/tags?post=14855"}],"curies":[{"name":"wp","href":"https:\/\/api.w.org\/{rel}","templated":true}]}}