{"id":14859,"date":"2020-01-31T00:00:00","date_gmt":"2020-01-30T23:00:00","guid":{"rendered":"https:\/\/lightweb.dev\/l\/svm-temp\/nyheter\/skandinaver-riskerar-forlora-andelslagenheter\/"},"modified":"2020-01-31T00:00:00","modified_gmt":"2020-01-30T23:00:00","slug":"skandinaver-riskerar-forlora-andelslagenheter","status":"publish","type":"post","link":"https:\/\/lightweb.dev\/l\/svm-temp\/nyheter\/skandinaver-riskerar-forlora-andelslagenheter\/","title":{"rendered":"Skandinaver riskerar f\u00f6rlora andelsl\u00e4genheter"},"content":{"rendered":"<p> Skandinaver d\u00e4ribland svenskar riskerar att f\u00f6rlora sina andelsl\u00e4genheter p\u00e5 grund av att bolaget Silverpoint Vacations p\u00e5 Teneriffa har ans\u00f6kt om konkurs. Silverpoint Vacations \u00e4r k\u00e4nt f\u00f6r sina hotell Beverly Hills, Beverly Hills Heights, Hollywood Mirage, Palm Beach Tenerife och Club Paradiso.<\/p>\n<p>&#8211; Det \u00e4r ett stort timesharebolag p\u00e5 Teneriffa som har ans\u00f6kt om konkurs och detta kommer att drabba tusentals skandinaver varav ett stort antal svenskar, s\u00e4ger Robert Lindgren vid LR Advokater till Svenska Magasinet.<\/p>\n<p>I h\u00f6stas lades det f\u00f6rsta embargot mot timeshareanl\u00e4ggningen i Arona p\u00e5 Teneriffa som \u00e4gs av Silverpoint Vacations, SL efter en skuld p\u00e5 totalt 62.590,98 euro. N\u00e5got som dagstidningen El D\u00eda rapporterade om i oktober.<\/p>\n<p>Skulden h\u00e4rr\u00f6r fr\u00e5n fordran som klienter har st\u00e4llt efter att ha f\u00f6rv\u00e4rvat andelsl\u00e4genheter d\u00e4r Silverpoint Vacations inte uppfyllt sina \u00e5taganden.<\/p>\n<p>Nu har Silverpoint Vacations ans\u00f6kt om konkurs vilket g\u00f6r att m\u00e5nga som har k\u00f6pt timeshareandelar (\u00e4ven k\u00e4nt som andelsl\u00e4genheter) kan drabbas.<\/p>\n<p>&#8211; S\u00e4ljbolaget har \u00e4ven s\u00e5lt andra typer av boendevarianter i ett f\u00f6rs\u00f6k att befria sig fr\u00e5n den lagstiftning som trots allt reglerar timesharemarknaden, s\u00e4ger Robert Lindgren som arbetar vid den spanska advokatbyr\u00e5n Abogados LR Advokater som regelbundet hanterar krav fr\u00e5n timeshare\u00e4gare.<\/p>\n<p>&#8211; En del av de nya metoderna att s\u00e4lja semesterboenden liknar mer bedr\u00e4geri.<\/p>\n<p>Robert Lindgren ger ett exempel av en ny typ av metod d\u00e4r kunden k\u00f6per en l\u00e4genhet i ett av Silverpoint Vacations hotellbyggnader, betalar hela beloppet p\u00e5 en g\u00e5ng, omkring tv\u00e5 miljoner kronor med l\u00f6fte om att erh\u00e5lla lagfart inom tre \u00e5r.<\/p>\n<p>Sanningen \u00e4r att Silverpoint Vacations inte stod som \u00e4gare till l\u00e4genheterna som bolaget s\u00e5lde och d\u00e4rf\u00f6r \u00e4r det ytterst tveksamt till om k\u00f6parna n\u00e5gonsin kommer att f\u00e5 se n\u00e5gra lagfarter. <\/p>\n<p>Robert Lindgren har ett stort antal kunder som investerat i just detta uppl\u00e4gg men nu n\u00e4r konkursans\u00f6kan l\u00e4mnats in har det komplicerat kundernas situation.<\/p>\n<p>Andra kunder har k\u00f6pt samma typ av uppl\u00e4gg men via annat bolag som \u00e4nnu inte ans\u00f6kt om konkurs.<\/p>\n<p>Det finns \u00e4ven andra typer av semestererbjudanden att se upp med. Ett av dessa \u00e4r d\u00e4r man erbjuder kunder att k\u00f6pa aktier i spanska bolag som \u00e4ger semestercertifikat, utgivna av Silverpoint Vacations.<\/p>\n<p>Dessa certifikat och aktierna \u00e4r nu i princip v\u00e4rdel\u00f6sa.<\/p>\n<p>Som l\u00f6k p\u00e5 laxen har bolagsf\u00f6retr\u00e4dare i Silverpoint Vacations flyttat \u00f6ver till andra bolag d\u00e4r man erbjuder liknande aff\u00e4rer till en ny v\u00e5g av kunder.<\/p>\n<p>I Sverige finns ett stort antal \u00e4gare till semesterandelar i spanska semesterklubbar och m\u00e5nga \u00e4r tyngda av \u00e5rliga h\u00f6ga underh\u00e5llsavgifter. M\u00e5nga saknar kunskap om att m\u00e5nga av semesterklubbarnas avtal har f\u00f6rklarats ogiltiga av domstolar och att det finns goda m\u00f6jligheter i m\u00e5nga fall att f\u00e5 tillbaka sina investeringar.<\/p>\n<p>&#8211; Emellertid g\u00e4ller det att vara f\u00f6rsiktig. Skrupelfria timeshares\u00e4ljare har varit snabba. Samma s\u00e4ljare som en g\u00e5ng s\u00e5lt semesterprodukter till kunder anv\u00e4nder nu sina kontaktuppgifter till gamla kunder genom att s\u00e4lja p\u00e5 dem juridiska l\u00f6sningar utan att ha n\u00e5gon juridisk kunskap eller bakgrund vilket har satt m\u00e5nga kunder i en \u00e4n besv\u00e4rligare sits, f\u00f6rklarar Robert Lindgren.<\/p>\n<p>I m\u00e5nga fall har dessa s\u00e4ljare tagit betalt f\u00f6r juridiska \u00e5tg\u00e4rder men sedan inte utf\u00f6rt n\u00e5got juridiskt arbete alls.<\/p>\n<p>Robert Lindgren ger r\u00e5det att om du blir uppringd av n\u00e5gon gammal s\u00e4ljare eller n\u00e5gon som inte borde ha kunskap om att du \u00e4ger en timeshareandel s\u00e5 ing\u00e5 inget avtal med denna s\u00e4ljare. Troligtvis har du inte kontaktats av en kvalificerad jurist eller advokat.<\/p>\n","protected":false},"excerpt":{"rendered":"<p>Skandinaver d\u00e4ribland svenskar riskerar att f\u00f6rlora sina andelsl\u00e4genheter p\u00e5 grund av att bolaget Silverpoint Vacations p\u00e5 Teneriffa har ans\u00f6kt om konkurs. Silverpoint Vacations \u00e4r k\u00e4nt f\u00f6r sina hotell Beverly Hills, Beverly Hills Heights, Hollywood Mirage, Palm Beach Tenerife och Club Paradiso. &#8211; Det \u00e4r ett stort timesharebolag p\u00e5 Teneriffa som har ans\u00f6kt om konkurs och [&hellip;]<\/p>\n","protected":false},"author":8,"featured_media":14860,"comment_status":"open","ping_status":"open","sticky":false,"template":"","format":"standard","meta":{"_et_pb_use_builder":"","_et_pb_old_content":"","_et_gb_content_width":"","footnotes":""},"categories":[395,3],"tags":[],"class_list":["post-14859","post","type-post","status-publish","format-standard","has-post-thumbnail","hentry","category-arkiv-nyheter","category-nyheter"],"yoast_head":"<!-- This site is optimized with the Yoast SEO Premium plugin v26.2 (Yoast SEO v28.2) - https:\/\/yoast.com\/product\/yoast-seo-premium-wordpress\/ -->\n<title>Skandinaver riskerar f\u00f6rlora andelsl\u00e4genheter - Svenska Magasinet<\/title>\n<meta name=\"robots\" content=\"noindex, follow, max-snippet:-1, max-image-preview:large, max-video-preview:-1\" \/>\n<meta property=\"og:locale\" content=\"sv_SE\" \/>\n<meta property=\"og:type\" content=\"article\" \/>\n<meta property=\"og:title\" content=\"Skandinaver riskerar f\u00f6rlora andelsl\u00e4genheter\" \/>\n<meta property=\"og:description\" content=\"Skandinaver d\u00e4ribland svenskar riskerar att f\u00f6rlora sina andelsl\u00e4genheter p\u00e5 grund av att bolaget Silverpoint Vacations p\u00e5 Teneriffa har ans\u00f6kt om konkurs. Silverpoint Vacations \u00e4r k\u00e4nt f\u00f6r sina hotell Beverly Hills, Beverly Hills Heights, Hollywood Mirage, Palm Beach Tenerife och Club Paradiso. &#8211; Det \u00e4r ett stort timesharebolag p\u00e5 Teneriffa som har ans\u00f6kt om konkurs och [&hellip;]\" \/>\n<meta property=\"og:url\" content=\"https:\/\/lightweb.dev\/l\/svm-temp\/nyheter\/skandinaver-riskerar-forlora-andelslagenheter\/\" \/>\n<meta property=\"og:site_name\" content=\"Svenska Magasinet\" \/>\n<meta property=\"article:publisher\" content=\"https:\/\/www.facebook.com\/svenskamagasinet\" \/>\n<meta property=\"article:published_time\" content=\"2020-01-30T23:00:00+00:00\" \/>\n<meta property=\"og:image\" content=\"https:\/\/lightweb.dev\/l\/svm-temp\/wp-content\/uploads\/2022\/06\/skandinaver-riskerar-forlora-andelslagenheter.png\" \/>\n\t<meta property=\"og:image:width\" content=\"700\" \/>\n\t<meta property=\"og:image:height\" content=\"420\" \/>\n\t<meta property=\"og:image:type\" content=\"image\/png\" \/>\n<meta name=\"author\" content=\"Redaktionen SvM\" \/>\n<meta name=\"twitter:card\" content=\"summary_large_image\" \/>\n<meta name=\"twitter:creator\" content=\"@SvenskaMagasine\" \/>\n<meta name=\"twitter:site\" content=\"@SvenskaMagasine\" \/>\n<script type=\"application\/ld+json\" class=\"yoast-schema-graph\">{\"@context\":\"https:\\\/\\\/schema.org\",\"@graph\":[{\"@type\":\"Article\",\"@id\":\"https:\\\/\\\/lightweb.dev\\\/l\\\/svm-temp\\\/nyheter\\\/skandinaver-riskerar-forlora-andelslagenheter\\\/#article\",\"isPartOf\":{\"@id\":\"https:\\\/\\\/lightweb.dev\\\/l\\\/svm-temp\\\/nyheter\\\/skandinaver-riskerar-forlora-andelslagenheter\\\/\"},\"author\":{\"name\":\"Redaktionen SvM\",\"@id\":\"https:\\\/\\\/lightweb.dev\\\/l\\\/svm-temp\\\/#\\\/schema\\\/person\\\/206a3bda5b607b0c25e1749191e4d837\"},\"headline\":\"Skandinaver riskerar f\u00f6rlora andelsl\u00e4genheter\",\"datePublished\":\"2020-01-30T23:00:00+00:00\",\"mainEntityOfPage\":{\"@id\":\"https:\\\/\\\/lightweb.dev\\\/l\\\/svm-temp\\\/nyheter\\\/skandinaver-riskerar-forlora-andelslagenheter\\\/\"},\"wordCount\":655,\"commentCount\":0,\"publisher\":{\"@id\":\"https:\\\/\\\/lightweb.dev\\\/l\\\/svm-temp\\\/#organization\"},\"image\":{\"@id\":\"https:\\\/\\\/lightweb.dev\\\/l\\\/svm-temp\\\/nyheter\\\/skandinaver-riskerar-forlora-andelslagenheter\\\/#primaryimage\"},\"thumbnailUrl\":\"https:\\\/\\\/lightweb.dev\\\/l\\\/svm-temp\\\/wp-content\\\/uploads\\\/2022\\\/06\\\/skandinaver-riskerar-forlora-andelslagenheter.png\",\"articleSection\":[\"Arkiv\",\"Nyheter\"],\"inLanguage\":\"sv-SE\"},{\"@type\":\"WebPage\",\"@id\":\"https:\\\/\\\/lightweb.dev\\\/l\\\/svm-temp\\\/nyheter\\\/skandinaver-riskerar-forlora-andelslagenheter\\\/\",\"url\":\"https:\\\/\\\/lightweb.dev\\\/l\\\/svm-temp\\\/nyheter\\\/skandinaver-riskerar-forlora-andelslagenheter\\\/\",\"name\":\"Skandinaver riskerar f\u00f6rlora andelsl\u00e4genheter - Svenska Magasinet\",\"isPartOf\":{\"@id\":\"https:\\\/\\\/lightweb.dev\\\/l\\\/svm-temp\\\/#website\"},\"primaryImageOfPage\":{\"@id\":\"https:\\\/\\\/lightweb.dev\\\/l\\\/svm-temp\\\/nyheter\\\/skandinaver-riskerar-forlora-andelslagenheter\\\/#primaryimage\"},\"image\":{\"@id\":\"https:\\\/\\\/lightweb.dev\\\/l\\\/svm-temp\\\/nyheter\\\/skandinaver-riskerar-forlora-andelslagenheter\\\/#primaryimage\"},\"thumbnailUrl\":\"https:\\\/\\\/lightweb.dev\\\/l\\\/svm-temp\\\/wp-content\\\/uploads\\\/2022\\\/06\\\/skandinaver-riskerar-forlora-andelslagenheter.png\",\"datePublished\":\"2020-01-30T23:00:00+00:00\",\"breadcrumb\":{\"@id\":\"https:\\\/\\\/lightweb.dev\\\/l\\\/svm-temp\\\/nyheter\\\/skandinaver-riskerar-forlora-andelslagenheter\\\/#breadcrumb\"},\"inLanguage\":\"sv-SE\",\"potentialAction\":[{\"@type\":\"ReadAction\",\"target\":[\"https:\\\/\\\/lightweb.dev\\\/l\\\/svm-temp\\\/nyheter\\\/skandinaver-riskerar-forlora-andelslagenheter\\\/\"]}]},{\"@type\":\"ImageObject\",\"inLanguage\":\"sv-SE\",\"@id\":\"https:\\\/\\\/lightweb.dev\\\/l\\\/svm-temp\\\/nyheter\\\/skandinaver-riskerar-forlora-andelslagenheter\\\/#primaryimage\",\"url\":\"https:\\\/\\\/lightweb.dev\\\/l\\\/svm-temp\\\/wp-content\\\/uploads\\\/2022\\\/06\\\/skandinaver-riskerar-forlora-andelslagenheter.png\",\"contentUrl\":\"https:\\\/\\\/lightweb.dev\\\/l\\\/svm-temp\\\/wp-content\\\/uploads\\\/2022\\\/06\\\/skandinaver-riskerar-forlora-andelslagenheter.png\",\"width\":700,\"height\":420},{\"@type\":\"BreadcrumbList\",\"@id\":\"https:\\\/\\\/lightweb.dev\\\/l\\\/svm-temp\\\/nyheter\\\/skandinaver-riskerar-forlora-andelslagenheter\\\/#breadcrumb\",\"itemListElement\":[{\"@type\":\"ListItem\",\"position\":1,\"name\":\"Hem\",\"item\":\"https:\\\/\\\/lightweb.dev\\\/l\\\/svm-temp\\\/\"},{\"@type\":\"ListItem\",\"position\":2,\"name\":\"Skandinaver riskerar f\u00f6rlora andelsl\u00e4genheter\"}]},{\"@type\":\"WebSite\",\"@id\":\"https:\\\/\\\/lightweb.dev\\\/l\\\/svm-temp\\\/#website\",\"url\":\"https:\\\/\\\/lightweb.dev\\\/l\\\/svm-temp\\\/\",\"name\":\"Svenska Magasinet\",\"description\":\"Dina Spanska nyheter p&aring; Svenska\",\"publisher\":{\"@id\":\"https:\\\/\\\/lightweb.dev\\\/l\\\/svm-temp\\\/#organization\"},\"potentialAction\":[{\"@type\":\"SearchAction\",\"target\":{\"@type\":\"EntryPoint\",\"urlTemplate\":\"https:\\\/\\\/lightweb.dev\\\/l\\\/svm-temp\\\/?s={search_term_string}\"},\"query-input\":{\"@type\":\"PropertyValueSpecification\",\"valueRequired\":true,\"valueName\":\"search_term_string\"}}],\"inLanguage\":\"sv-SE\"},{\"@type\":\"Organization\",\"@id\":\"https:\\\/\\\/lightweb.dev\\\/l\\\/svm-temp\\\/#organization\",\"name\":\"Melkerson y Nott SL\",\"alternateName\":\"Svenska Magasinet\",\"url\":\"https:\\\/\\\/lightweb.dev\\\/l\\\/svm-temp\\\/\",\"logo\":{\"@type\":\"ImageObject\",\"inLanguage\":\"sv-SE\",\"@id\":\"https:\\\/\\\/lightweb.dev\\\/l\\\/svm-temp\\\/#\\\/schema\\\/logo\\\/image\\\/\",\"url\":\"https:\\\/\\\/lightweb.dev\\\/l\\\/svm-temp\\\/wp-content\\\/uploads\\\/2025\\\/02\\\/SvM-logo-Xtra-Centrerad-SVART.png\",\"contentUrl\":\"https:\\\/\\\/lightweb.dev\\\/l\\\/svm-temp\\\/wp-content\\\/uploads\\\/2025\\\/02\\\/SvM-logo-Xtra-Centrerad-SVART.png\",\"width\":300,\"height\":99,\"caption\":\"Melkerson y Nott SL\"},\"image\":{\"@id\":\"https:\\\/\\\/lightweb.dev\\\/l\\\/svm-temp\\\/#\\\/schema\\\/logo\\\/image\\\/\"},\"sameAs\":[\"https:\\\/\\\/www.facebook.com\\\/svenskamagasinet\",\"https:\\\/\\\/x.com\\\/SvenskaMagasine\"]},{\"@type\":\"Person\",\"@id\":\"https:\\\/\\\/lightweb.dev\\\/l\\\/svm-temp\\\/#\\\/schema\\\/person\\\/206a3bda5b607b0c25e1749191e4d837\",\"name\":\"Redaktionen SvM\",\"description\":\"Redaktionen\",\"sameAs\":[\"https:\\\/\\\/lightweb.dev\\\/l\\\/svm-temp\"],\"url\":\"https:\\\/\\\/lightweb.dev\\\/l\\\/svm-temp\\\/reporter\\\/redaktionen\\\/\"}]}<\/script>\n<!-- \/ Yoast SEO Premium plugin. -->","yoast_head_json":{"title":"Skandinaver riskerar f\u00f6rlora andelsl\u00e4genheter - Svenska Magasinet","robots":{"index":"noindex","follow":"follow","max-snippet":"max-snippet:-1","max-image-preview":"max-image-preview:large","max-video-preview":"max-video-preview:-1"},"og_locale":"sv_SE","og_type":"article","og_title":"Skandinaver riskerar f\u00f6rlora andelsl\u00e4genheter","og_description":"Skandinaver d\u00e4ribland svenskar riskerar att f\u00f6rlora sina andelsl\u00e4genheter p\u00e5 grund av att bolaget Silverpoint Vacations p\u00e5 Teneriffa har ans\u00f6kt om konkurs. Silverpoint Vacations \u00e4r k\u00e4nt f\u00f6r sina hotell Beverly Hills, Beverly Hills Heights, Hollywood Mirage, Palm Beach Tenerife och Club Paradiso. &#8211; Det \u00e4r ett stort timesharebolag p\u00e5 Teneriffa som har ans\u00f6kt om konkurs och [&hellip;]","og_url":"https:\/\/lightweb.dev\/l\/svm-temp\/nyheter\/skandinaver-riskerar-forlora-andelslagenheter\/","og_site_name":"Svenska Magasinet","article_publisher":"https:\/\/www.facebook.com\/svenskamagasinet","article_published_time":"2020-01-30T23:00:00+00:00","og_image":[{"width":700,"height":420,"url":"https:\/\/lightweb.dev\/l\/svm-temp\/wp-content\/uploads\/2022\/06\/skandinaver-riskerar-forlora-andelslagenheter.png","type":"image\/png"}],"author":"Redaktionen SvM","twitter_card":"summary_large_image","twitter_creator":"@SvenskaMagasine","twitter_site":"@SvenskaMagasine","schema":{"@context":"https:\/\/schema.org","@graph":[{"@type":"Article","@id":"https:\/\/lightweb.dev\/l\/svm-temp\/nyheter\/skandinaver-riskerar-forlora-andelslagenheter\/#article","isPartOf":{"@id":"https:\/\/lightweb.dev\/l\/svm-temp\/nyheter\/skandinaver-riskerar-forlora-andelslagenheter\/"},"author":{"name":"Redaktionen SvM","@id":"https:\/\/lightweb.dev\/l\/svm-temp\/#\/schema\/person\/206a3bda5b607b0c25e1749191e4d837"},"headline":"Skandinaver riskerar f\u00f6rlora andelsl\u00e4genheter","datePublished":"2020-01-30T23:00:00+00:00","mainEntityOfPage":{"@id":"https:\/\/lightweb.dev\/l\/svm-temp\/nyheter\/skandinaver-riskerar-forlora-andelslagenheter\/"},"wordCount":655,"commentCount":0,"publisher":{"@id":"https:\/\/lightweb.dev\/l\/svm-temp\/#organization"},"image":{"@id":"https:\/\/lightweb.dev\/l\/svm-temp\/nyheter\/skandinaver-riskerar-forlora-andelslagenheter\/#primaryimage"},"thumbnailUrl":"https:\/\/lightweb.dev\/l\/svm-temp\/wp-content\/uploads\/2022\/06\/skandinaver-riskerar-forlora-andelslagenheter.png","articleSection":["Arkiv","Nyheter"],"inLanguage":"sv-SE"},{"@type":"WebPage","@id":"https:\/\/lightweb.dev\/l\/svm-temp\/nyheter\/skandinaver-riskerar-forlora-andelslagenheter\/","url":"https:\/\/lightweb.dev\/l\/svm-temp\/nyheter\/skandinaver-riskerar-forlora-andelslagenheter\/","name":"Skandinaver riskerar f\u00f6rlora andelsl\u00e4genheter - Svenska Magasinet","isPartOf":{"@id":"https:\/\/lightweb.dev\/l\/svm-temp\/#website"},"primaryImageOfPage":{"@id":"https:\/\/lightweb.dev\/l\/svm-temp\/nyheter\/skandinaver-riskerar-forlora-andelslagenheter\/#primaryimage"},"image":{"@id":"https:\/\/lightweb.dev\/l\/svm-temp\/nyheter\/skandinaver-riskerar-forlora-andelslagenheter\/#primaryimage"},"thumbnailUrl":"https:\/\/lightweb.dev\/l\/svm-temp\/wp-content\/uploads\/2022\/06\/skandinaver-riskerar-forlora-andelslagenheter.png","datePublished":"2020-01-30T23:00:00+00:00","breadcrumb":{"@id":"https:\/\/lightweb.dev\/l\/svm-temp\/nyheter\/skandinaver-riskerar-forlora-andelslagenheter\/#breadcrumb"},"inLanguage":"sv-SE","potentialAction":[{"@type":"ReadAction","target":["https:\/\/lightweb.dev\/l\/svm-temp\/nyheter\/skandinaver-riskerar-forlora-andelslagenheter\/"]}]},{"@type":"ImageObject","inLanguage":"sv-SE","@id":"https:\/\/lightweb.dev\/l\/svm-temp\/nyheter\/skandinaver-riskerar-forlora-andelslagenheter\/#primaryimage","url":"https:\/\/lightweb.dev\/l\/svm-temp\/wp-content\/uploads\/2022\/06\/skandinaver-riskerar-forlora-andelslagenheter.png","contentUrl":"https:\/\/lightweb.dev\/l\/svm-temp\/wp-content\/uploads\/2022\/06\/skandinaver-riskerar-forlora-andelslagenheter.png","width":700,"height":420},{"@type":"BreadcrumbList","@id":"https:\/\/lightweb.dev\/l\/svm-temp\/nyheter\/skandinaver-riskerar-forlora-andelslagenheter\/#breadcrumb","itemListElement":[{"@type":"ListItem","position":1,"name":"Hem","item":"https:\/\/lightweb.dev\/l\/svm-temp\/"},{"@type":"ListItem","position":2,"name":"Skandinaver riskerar f\u00f6rlora andelsl\u00e4genheter"}]},{"@type":"WebSite","@id":"https:\/\/lightweb.dev\/l\/svm-temp\/#website","url":"https:\/\/lightweb.dev\/l\/svm-temp\/","name":"Svenska Magasinet","description":"Dina Spanska nyheter p&aring; Svenska","publisher":{"@id":"https:\/\/lightweb.dev\/l\/svm-temp\/#organization"},"potentialAction":[{"@type":"SearchAction","target":{"@type":"EntryPoint","urlTemplate":"https:\/\/lightweb.dev\/l\/svm-temp\/?s={search_term_string}"},"query-input":{"@type":"PropertyValueSpecification","valueRequired":true,"valueName":"search_term_string"}}],"inLanguage":"sv-SE"},{"@type":"Organization","@id":"https:\/\/lightweb.dev\/l\/svm-temp\/#organization","name":"Melkerson y Nott SL","alternateName":"Svenska Magasinet","url":"https:\/\/lightweb.dev\/l\/svm-temp\/","logo":{"@type":"ImageObject","inLanguage":"sv-SE","@id":"https:\/\/lightweb.dev\/l\/svm-temp\/#\/schema\/logo\/image\/","url":"https:\/\/lightweb.dev\/l\/svm-temp\/wp-content\/uploads\/2025\/02\/SvM-logo-Xtra-Centrerad-SVART.png","contentUrl":"https:\/\/lightweb.dev\/l\/svm-temp\/wp-content\/uploads\/2025\/02\/SvM-logo-Xtra-Centrerad-SVART.png","width":300,"height":99,"caption":"Melkerson y Nott SL"},"image":{"@id":"https:\/\/lightweb.dev\/l\/svm-temp\/#\/schema\/logo\/image\/"},"sameAs":["https:\/\/www.facebook.com\/svenskamagasinet","https:\/\/x.com\/SvenskaMagasine"]},{"@type":"Person","@id":"https:\/\/lightweb.dev\/l\/svm-temp\/#\/schema\/person\/206a3bda5b607b0c25e1749191e4d837","name":"Redaktionen SvM","description":"Redaktionen","sameAs":["https:\/\/lightweb.dev\/l\/svm-temp"],"url":"https:\/\/lightweb.dev\/l\/svm-temp\/reporter\/redaktionen\/"}]}},"_links":{"self":[{"href":"https:\/\/lightweb.dev\/l\/svm-temp\/wp-json\/wp\/v2\/posts\/14859","targetHints":{"allow":["GET"]}}],"collection":[{"href":"https:\/\/lightweb.dev\/l\/svm-temp\/wp-json\/wp\/v2\/posts"}],"about":[{"href":"https:\/\/lightweb.dev\/l\/svm-temp\/wp-json\/wp\/v2\/types\/post"}],"author":[{"embeddable":true,"href":"https:\/\/lightweb.dev\/l\/svm-temp\/wp-json\/wp\/v2\/users\/8"}],"replies":[{"embeddable":true,"href":"https:\/\/lightweb.dev\/l\/svm-temp\/wp-json\/wp\/v2\/comments?post=14859"}],"version-history":[{"count":0,"href":"https:\/\/lightweb.dev\/l\/svm-temp\/wp-json\/wp\/v2\/posts\/14859\/revisions"}],"wp:featuredmedia":[{"embeddable":true,"href":"https:\/\/lightweb.dev\/l\/svm-temp\/wp-json\/wp\/v2\/media\/14860"}],"wp:attachment":[{"href":"https:\/\/lightweb.dev\/l\/svm-temp\/wp-json\/wp\/v2\/media?parent=14859"}],"wp:term":[{"taxonomy":"category","embeddable":true,"href":"https:\/\/lightweb.dev\/l\/svm-temp\/wp-json\/wp\/v2\/categories?post=14859"},{"taxonomy":"post_tag","embeddable":true,"href":"https:\/\/lightweb.dev\/l\/svm-temp\/wp-json\/wp\/v2\/tags?post=14859"}],"curies":[{"name":"wp","href":"https:\/\/api.w.org\/{rel}","templated":true}]}}