{"id":14869,"date":"2020-01-30T00:00:00","date_gmt":"2020-01-29T23:00:00","guid":{"rendered":"https:\/\/lightweb.dev\/l\/svm-temp\/nyheter\/se-svensk-fotboll-gratis-pa-costa-del-sol\/"},"modified":"2020-01-30T00:00:00","modified_gmt":"2020-01-29T23:00:00","slug":"se-svensk-fotboll-gratis-pa-costa-del-sol","status":"publish","type":"post","link":"https:\/\/lightweb.dev\/l\/svm-temp\/nyheter\/se-svensk-fotboll-gratis-pa-costa-del-sol\/","title":{"rendered":"Se svensk fotboll gratis p\u00e5 Costa del Sol"},"content":{"rendered":"<p> Det brukar alltid vara ett antal svenska fotbollslag som f\u00f6rl\u00e4gger sina tr\u00e4ningsl\u00e4ger till s\u00f6dra Spanien och s\u00e5 \u00e4r det givetvis i \u00e5r ocks\u00e5.<\/p>\n<p>I \u00e5r \u00e4r det tre allsvenska lag som g\u00e4star oss i februari och de spelar flera v\u00e4nskapsmatcher p\u00e5 Costa del Sol. Samtliga matcher \u00e4r \u00f6ppna f\u00f6r allm\u00e4nheten och det \u00e4r gratis entr\u00e9. Malm\u00f6 FF har ett tr\u00e4ningsl\u00e4ger i Marbella fr\u00e5n den 27 januari till den 6 februari och de spelar tv\u00e5 matcher, den ena i Marbellas fotbollsstadium d\u00e4r de m\u00f6ter FC Krasnodar. Den andra spelas i Marbella Football Center som ligger i Nueva Andaluc\u00eda, d\u00e4r de m\u00f6ter AC Sparta Prag.<\/p>\n<p>\u00d6rebro SK h\u00e5ller ocks\u00e5 till i Marbella mellan den 31 januari och den 7 februari och de m\u00f6ter FC Victoria Plzen p\u00e5 fotbollsarenan i Estepona och RB Linense i La L\u00ednea de la Concepci\u00f3n.<\/p>\n<p>AIK finns i Marbella mellan 7 och 16 februari, de har en tr\u00e4ningsmatch mot FK Rostov inbokad, men spelplatsen \u00e4r \u00e4nnu inte k\u00e4nd. F\u00f6rra \u00e5ret var de i Dubai vilket de fick mycket kritik f\u00f6r s\u00e5 d\u00e4rf\u00f6r har de \u00e4ndrat uppl\u00e4gget i \u00e5r till Spaniens f\u00f6rm\u00e5n.<\/p>\n<p>S\u00f6ndagen den 2 februari kl 16:00<br \/>\nMalm\u00f6 FF \u2013 FC Krasnodar (Ryssland)<br \/>\nEstadio Municipal de Marbella<\/p>\n<p>M\u00e5ndagen den 3 februari kl 15:00<br \/>\n\u00d6rebro SK \u2013 FC Viktoria Plzen (Tjeckien)<br \/>\nComplejo Deportivo Arroyo Enmedio, Estepona<\/p>\n<p>Torsdagen den 6 februari kl 16:00<br \/>\nMalm\u00f6 FF \u2013 AC Sparta Prag (Tjeckien)<br \/>\nMarbella Football Center<\/p>\n<p>Torsdagen den 6 februari kl. 16:00<br \/>\n\u00d6rebro SK \u2013 RB Linense (Spanien)<br \/>\nEstadio Municipal de La L\u00ednea<\/p>\n<p>L\u00f6rdagen den 15 februari kl. 16:00<br \/>\nAIK \u2013 FK Rostov (Ryssland)<\/p>\n<p>Bildtext: Marbella Fotball Center.<br \/>\nArtikel: Jonny Erixon<\/p>\n","protected":false},"excerpt":{"rendered":"<p>Det brukar alltid vara ett antal svenska fotbollslag som f\u00f6rl\u00e4gger sina tr\u00e4ningsl\u00e4ger till s\u00f6dra Spanien och s\u00e5 \u00e4r det givetvis i \u00e5r ocks\u00e5. I \u00e5r \u00e4r det tre allsvenska lag som g\u00e4star oss i februari och de spelar flera v\u00e4nskapsmatcher p\u00e5 Costa del Sol. Samtliga matcher \u00e4r \u00f6ppna f\u00f6r allm\u00e4nheten och det \u00e4r gratis entr\u00e9. [&hellip;]<\/p>\n","protected":false},"author":8,"featured_media":14870,"comment_status":"open","ping_status":"open","sticky":false,"template":"","format":"standard","meta":{"_et_pb_use_builder":"","_et_pb_old_content":"","_et_gb_content_width":"","footnotes":""},"categories":[395,3],"tags":[],"class_list":["post-14869","post","type-post","status-publish","format-standard","has-post-thumbnail","hentry","category-arkiv-nyheter","category-nyheter"],"yoast_head":"<!-- This site is optimized with the Yoast SEO Premium plugin v26.2 (Yoast SEO v27.4) - https:\/\/yoast.com\/product\/yoast-seo-premium-wordpress\/ -->\n<title>Se svensk fotboll gratis p\u00e5 Costa del Sol - Svenska Magasinet<\/title>\n<meta name=\"robots\" content=\"noindex, follow, max-snippet:-1, max-image-preview:large, max-video-preview:-1\" \/>\n<meta property=\"og:locale\" content=\"sv_SE\" \/>\n<meta property=\"og:type\" content=\"article\" \/>\n<meta property=\"og:title\" content=\"Se svensk fotboll gratis p\u00e5 Costa del Sol\" \/>\n<meta property=\"og:description\" content=\"Det brukar alltid vara ett antal svenska fotbollslag som f\u00f6rl\u00e4gger sina tr\u00e4ningsl\u00e4ger till s\u00f6dra Spanien och s\u00e5 \u00e4r det givetvis i \u00e5r ocks\u00e5. I \u00e5r \u00e4r det tre allsvenska lag som g\u00e4star oss i februari och de spelar flera v\u00e4nskapsmatcher p\u00e5 Costa del Sol. Samtliga matcher \u00e4r \u00f6ppna f\u00f6r allm\u00e4nheten och det \u00e4r gratis entr\u00e9. [&hellip;]\" \/>\n<meta property=\"og:url\" content=\"https:\/\/lightweb.dev\/l\/svm-temp\/nyheter\/se-svensk-fotboll-gratis-pa-costa-del-sol\/\" \/>\n<meta property=\"og:site_name\" content=\"Svenska Magasinet\" \/>\n<meta property=\"article:publisher\" content=\"https:\/\/www.facebook.com\/svenskamagasinet\" \/>\n<meta property=\"article:published_time\" content=\"2020-01-29T23:00:00+00:00\" \/>\n<meta property=\"og:image\" content=\"https:\/\/lightweb.dev\/l\/svm-temp\/wp-content\/uploads\/2022\/06\/se-svensk-fotboll-gratis-pa-costa-del-sol.png\" \/>\n\t<meta property=\"og:image:width\" content=\"700\" \/>\n\t<meta property=\"og:image:height\" content=\"420\" \/>\n\t<meta property=\"og:image:type\" content=\"image\/png\" \/>\n<meta name=\"author\" content=\"Redaktionen SvM\" \/>\n<meta name=\"twitter:card\" content=\"summary_large_image\" \/>\n<meta name=\"twitter:creator\" content=\"@SvenskaMagasine\" \/>\n<meta name=\"twitter:site\" content=\"@SvenskaMagasine\" \/>\n<script type=\"application\/ld+json\" class=\"yoast-schema-graph\">{\"@context\":\"https:\\\/\\\/schema.org\",\"@graph\":[{\"@type\":\"Article\",\"@id\":\"https:\\\/\\\/lightweb.dev\\\/l\\\/svm-temp\\\/nyheter\\\/se-svensk-fotboll-gratis-pa-costa-del-sol\\\/#article\",\"isPartOf\":{\"@id\":\"https:\\\/\\\/lightweb.dev\\\/l\\\/svm-temp\\\/nyheter\\\/se-svensk-fotboll-gratis-pa-costa-del-sol\\\/\"},\"author\":{\"name\":\"Redaktionen SvM\",\"@id\":\"https:\\\/\\\/lightweb.dev\\\/l\\\/svm-temp\\\/#\\\/schema\\\/person\\\/206a3bda5b607b0c25e1749191e4d837\"},\"headline\":\"Se svensk fotboll gratis p\u00e5 Costa del Sol\",\"datePublished\":\"2020-01-29T23:00:00+00:00\",\"mainEntityOfPage\":{\"@id\":\"https:\\\/\\\/lightweb.dev\\\/l\\\/svm-temp\\\/nyheter\\\/se-svensk-fotboll-gratis-pa-costa-del-sol\\\/\"},\"wordCount\":289,\"commentCount\":0,\"publisher\":{\"@id\":\"https:\\\/\\\/lightweb.dev\\\/l\\\/svm-temp\\\/#organization\"},\"image\":{\"@id\":\"https:\\\/\\\/lightweb.dev\\\/l\\\/svm-temp\\\/nyheter\\\/se-svensk-fotboll-gratis-pa-costa-del-sol\\\/#primaryimage\"},\"thumbnailUrl\":\"https:\\\/\\\/lightweb.dev\\\/l\\\/svm-temp\\\/wp-content\\\/uploads\\\/2022\\\/06\\\/se-svensk-fotboll-gratis-pa-costa-del-sol.png\",\"articleSection\":[\"Arkiv\",\"Nyheter\"],\"inLanguage\":\"sv-SE\"},{\"@type\":\"WebPage\",\"@id\":\"https:\\\/\\\/lightweb.dev\\\/l\\\/svm-temp\\\/nyheter\\\/se-svensk-fotboll-gratis-pa-costa-del-sol\\\/\",\"url\":\"https:\\\/\\\/lightweb.dev\\\/l\\\/svm-temp\\\/nyheter\\\/se-svensk-fotboll-gratis-pa-costa-del-sol\\\/\",\"name\":\"Se svensk fotboll gratis p\u00e5 Costa del Sol - Svenska Magasinet\",\"isPartOf\":{\"@id\":\"https:\\\/\\\/lightweb.dev\\\/l\\\/svm-temp\\\/#website\"},\"primaryImageOfPage\":{\"@id\":\"https:\\\/\\\/lightweb.dev\\\/l\\\/svm-temp\\\/nyheter\\\/se-svensk-fotboll-gratis-pa-costa-del-sol\\\/#primaryimage\"},\"image\":{\"@id\":\"https:\\\/\\\/lightweb.dev\\\/l\\\/svm-temp\\\/nyheter\\\/se-svensk-fotboll-gratis-pa-costa-del-sol\\\/#primaryimage\"},\"thumbnailUrl\":\"https:\\\/\\\/lightweb.dev\\\/l\\\/svm-temp\\\/wp-content\\\/uploads\\\/2022\\\/06\\\/se-svensk-fotboll-gratis-pa-costa-del-sol.png\",\"datePublished\":\"2020-01-29T23:00:00+00:00\",\"breadcrumb\":{\"@id\":\"https:\\\/\\\/lightweb.dev\\\/l\\\/svm-temp\\\/nyheter\\\/se-svensk-fotboll-gratis-pa-costa-del-sol\\\/#breadcrumb\"},\"inLanguage\":\"sv-SE\",\"potentialAction\":[{\"@type\":\"ReadAction\",\"target\":[\"https:\\\/\\\/lightweb.dev\\\/l\\\/svm-temp\\\/nyheter\\\/se-svensk-fotboll-gratis-pa-costa-del-sol\\\/\"]}]},{\"@type\":\"ImageObject\",\"inLanguage\":\"sv-SE\",\"@id\":\"https:\\\/\\\/lightweb.dev\\\/l\\\/svm-temp\\\/nyheter\\\/se-svensk-fotboll-gratis-pa-costa-del-sol\\\/#primaryimage\",\"url\":\"https:\\\/\\\/lightweb.dev\\\/l\\\/svm-temp\\\/wp-content\\\/uploads\\\/2022\\\/06\\\/se-svensk-fotboll-gratis-pa-costa-del-sol.png\",\"contentUrl\":\"https:\\\/\\\/lightweb.dev\\\/l\\\/svm-temp\\\/wp-content\\\/uploads\\\/2022\\\/06\\\/se-svensk-fotboll-gratis-pa-costa-del-sol.png\",\"width\":700,\"height\":420},{\"@type\":\"BreadcrumbList\",\"@id\":\"https:\\\/\\\/lightweb.dev\\\/l\\\/svm-temp\\\/nyheter\\\/se-svensk-fotboll-gratis-pa-costa-del-sol\\\/#breadcrumb\",\"itemListElement\":[{\"@type\":\"ListItem\",\"position\":1,\"name\":\"Hem\",\"item\":\"https:\\\/\\\/lightweb.dev\\\/l\\\/svm-temp\\\/\"},{\"@type\":\"ListItem\",\"position\":2,\"name\":\"Se svensk fotboll gratis p\u00e5 Costa del Sol\"}]},{\"@type\":\"WebSite\",\"@id\":\"https:\\\/\\\/lightweb.dev\\\/l\\\/svm-temp\\\/#website\",\"url\":\"https:\\\/\\\/lightweb.dev\\\/l\\\/svm-temp\\\/\",\"name\":\"Svenska Magasinet\",\"description\":\"Dina Spanska nyheter p&aring; Svenska\",\"publisher\":{\"@id\":\"https:\\\/\\\/lightweb.dev\\\/l\\\/svm-temp\\\/#organization\"},\"potentialAction\":[{\"@type\":\"SearchAction\",\"target\":{\"@type\":\"EntryPoint\",\"urlTemplate\":\"https:\\\/\\\/lightweb.dev\\\/l\\\/svm-temp\\\/?s={search_term_string}\"},\"query-input\":{\"@type\":\"PropertyValueSpecification\",\"valueRequired\":true,\"valueName\":\"search_term_string\"}}],\"inLanguage\":\"sv-SE\"},{\"@type\":\"Organization\",\"@id\":\"https:\\\/\\\/lightweb.dev\\\/l\\\/svm-temp\\\/#organization\",\"name\":\"Melkerson y Nott SL\",\"alternateName\":\"Svenska Magasinet\",\"url\":\"https:\\\/\\\/lightweb.dev\\\/l\\\/svm-temp\\\/\",\"logo\":{\"@type\":\"ImageObject\",\"inLanguage\":\"sv-SE\",\"@id\":\"https:\\\/\\\/lightweb.dev\\\/l\\\/svm-temp\\\/#\\\/schema\\\/logo\\\/image\\\/\",\"url\":\"https:\\\/\\\/lightweb.dev\\\/l\\\/svm-temp\\\/wp-content\\\/uploads\\\/2025\\\/02\\\/SvM-logo-Xtra-Centrerad-SVART.png\",\"contentUrl\":\"https:\\\/\\\/lightweb.dev\\\/l\\\/svm-temp\\\/wp-content\\\/uploads\\\/2025\\\/02\\\/SvM-logo-Xtra-Centrerad-SVART.png\",\"width\":300,\"height\":99,\"caption\":\"Melkerson y Nott SL\"},\"image\":{\"@id\":\"https:\\\/\\\/lightweb.dev\\\/l\\\/svm-temp\\\/#\\\/schema\\\/logo\\\/image\\\/\"},\"sameAs\":[\"https:\\\/\\\/www.facebook.com\\\/svenskamagasinet\",\"https:\\\/\\\/x.com\\\/SvenskaMagasine\"]},{\"@type\":\"Person\",\"@id\":\"https:\\\/\\\/lightweb.dev\\\/l\\\/svm-temp\\\/#\\\/schema\\\/person\\\/206a3bda5b607b0c25e1749191e4d837\",\"name\":\"Redaktionen SvM\",\"description\":\"Redaktionen\",\"sameAs\":[\"https:\\\/\\\/lightweb.dev\\\/l\\\/svm-temp\"],\"url\":\"https:\\\/\\\/lightweb.dev\\\/l\\\/svm-temp\\\/reporter\\\/redaktionen\\\/\"}]}<\/script>\n<!-- \/ Yoast SEO Premium plugin. -->","yoast_head_json":{"title":"Se svensk fotboll gratis p\u00e5 Costa del Sol - Svenska Magasinet","robots":{"index":"noindex","follow":"follow","max-snippet":"max-snippet:-1","max-image-preview":"max-image-preview:large","max-video-preview":"max-video-preview:-1"},"og_locale":"sv_SE","og_type":"article","og_title":"Se svensk fotboll gratis p\u00e5 Costa del Sol","og_description":"Det brukar alltid vara ett antal svenska fotbollslag som f\u00f6rl\u00e4gger sina tr\u00e4ningsl\u00e4ger till s\u00f6dra Spanien och s\u00e5 \u00e4r det givetvis i \u00e5r ocks\u00e5. I \u00e5r \u00e4r det tre allsvenska lag som g\u00e4star oss i februari och de spelar flera v\u00e4nskapsmatcher p\u00e5 Costa del Sol. Samtliga matcher \u00e4r \u00f6ppna f\u00f6r allm\u00e4nheten och det \u00e4r gratis entr\u00e9. [&hellip;]","og_url":"https:\/\/lightweb.dev\/l\/svm-temp\/nyheter\/se-svensk-fotboll-gratis-pa-costa-del-sol\/","og_site_name":"Svenska Magasinet","article_publisher":"https:\/\/www.facebook.com\/svenskamagasinet","article_published_time":"2020-01-29T23:00:00+00:00","og_image":[{"width":700,"height":420,"url":"https:\/\/lightweb.dev\/l\/svm-temp\/wp-content\/uploads\/2022\/06\/se-svensk-fotboll-gratis-pa-costa-del-sol.png","type":"image\/png"}],"author":"Redaktionen SvM","twitter_card":"summary_large_image","twitter_creator":"@SvenskaMagasine","twitter_site":"@SvenskaMagasine","schema":{"@context":"https:\/\/schema.org","@graph":[{"@type":"Article","@id":"https:\/\/lightweb.dev\/l\/svm-temp\/nyheter\/se-svensk-fotboll-gratis-pa-costa-del-sol\/#article","isPartOf":{"@id":"https:\/\/lightweb.dev\/l\/svm-temp\/nyheter\/se-svensk-fotboll-gratis-pa-costa-del-sol\/"},"author":{"name":"Redaktionen SvM","@id":"https:\/\/lightweb.dev\/l\/svm-temp\/#\/schema\/person\/206a3bda5b607b0c25e1749191e4d837"},"headline":"Se svensk fotboll gratis p\u00e5 Costa del Sol","datePublished":"2020-01-29T23:00:00+00:00","mainEntityOfPage":{"@id":"https:\/\/lightweb.dev\/l\/svm-temp\/nyheter\/se-svensk-fotboll-gratis-pa-costa-del-sol\/"},"wordCount":289,"commentCount":0,"publisher":{"@id":"https:\/\/lightweb.dev\/l\/svm-temp\/#organization"},"image":{"@id":"https:\/\/lightweb.dev\/l\/svm-temp\/nyheter\/se-svensk-fotboll-gratis-pa-costa-del-sol\/#primaryimage"},"thumbnailUrl":"https:\/\/lightweb.dev\/l\/svm-temp\/wp-content\/uploads\/2022\/06\/se-svensk-fotboll-gratis-pa-costa-del-sol.png","articleSection":["Arkiv","Nyheter"],"inLanguage":"sv-SE"},{"@type":"WebPage","@id":"https:\/\/lightweb.dev\/l\/svm-temp\/nyheter\/se-svensk-fotboll-gratis-pa-costa-del-sol\/","url":"https:\/\/lightweb.dev\/l\/svm-temp\/nyheter\/se-svensk-fotboll-gratis-pa-costa-del-sol\/","name":"Se svensk fotboll gratis p\u00e5 Costa del Sol - Svenska Magasinet","isPartOf":{"@id":"https:\/\/lightweb.dev\/l\/svm-temp\/#website"},"primaryImageOfPage":{"@id":"https:\/\/lightweb.dev\/l\/svm-temp\/nyheter\/se-svensk-fotboll-gratis-pa-costa-del-sol\/#primaryimage"},"image":{"@id":"https:\/\/lightweb.dev\/l\/svm-temp\/nyheter\/se-svensk-fotboll-gratis-pa-costa-del-sol\/#primaryimage"},"thumbnailUrl":"https:\/\/lightweb.dev\/l\/svm-temp\/wp-content\/uploads\/2022\/06\/se-svensk-fotboll-gratis-pa-costa-del-sol.png","datePublished":"2020-01-29T23:00:00+00:00","breadcrumb":{"@id":"https:\/\/lightweb.dev\/l\/svm-temp\/nyheter\/se-svensk-fotboll-gratis-pa-costa-del-sol\/#breadcrumb"},"inLanguage":"sv-SE","potentialAction":[{"@type":"ReadAction","target":["https:\/\/lightweb.dev\/l\/svm-temp\/nyheter\/se-svensk-fotboll-gratis-pa-costa-del-sol\/"]}]},{"@type":"ImageObject","inLanguage":"sv-SE","@id":"https:\/\/lightweb.dev\/l\/svm-temp\/nyheter\/se-svensk-fotboll-gratis-pa-costa-del-sol\/#primaryimage","url":"https:\/\/lightweb.dev\/l\/svm-temp\/wp-content\/uploads\/2022\/06\/se-svensk-fotboll-gratis-pa-costa-del-sol.png","contentUrl":"https:\/\/lightweb.dev\/l\/svm-temp\/wp-content\/uploads\/2022\/06\/se-svensk-fotboll-gratis-pa-costa-del-sol.png","width":700,"height":420},{"@type":"BreadcrumbList","@id":"https:\/\/lightweb.dev\/l\/svm-temp\/nyheter\/se-svensk-fotboll-gratis-pa-costa-del-sol\/#breadcrumb","itemListElement":[{"@type":"ListItem","position":1,"name":"Hem","item":"https:\/\/lightweb.dev\/l\/svm-temp\/"},{"@type":"ListItem","position":2,"name":"Se svensk fotboll gratis p\u00e5 Costa del Sol"}]},{"@type":"WebSite","@id":"https:\/\/lightweb.dev\/l\/svm-temp\/#website","url":"https:\/\/lightweb.dev\/l\/svm-temp\/","name":"Svenska Magasinet","description":"Dina Spanska nyheter p&aring; Svenska","publisher":{"@id":"https:\/\/lightweb.dev\/l\/svm-temp\/#organization"},"potentialAction":[{"@type":"SearchAction","target":{"@type":"EntryPoint","urlTemplate":"https:\/\/lightweb.dev\/l\/svm-temp\/?s={search_term_string}"},"query-input":{"@type":"PropertyValueSpecification","valueRequired":true,"valueName":"search_term_string"}}],"inLanguage":"sv-SE"},{"@type":"Organization","@id":"https:\/\/lightweb.dev\/l\/svm-temp\/#organization","name":"Melkerson y Nott SL","alternateName":"Svenska Magasinet","url":"https:\/\/lightweb.dev\/l\/svm-temp\/","logo":{"@type":"ImageObject","inLanguage":"sv-SE","@id":"https:\/\/lightweb.dev\/l\/svm-temp\/#\/schema\/logo\/image\/","url":"https:\/\/lightweb.dev\/l\/svm-temp\/wp-content\/uploads\/2025\/02\/SvM-logo-Xtra-Centrerad-SVART.png","contentUrl":"https:\/\/lightweb.dev\/l\/svm-temp\/wp-content\/uploads\/2025\/02\/SvM-logo-Xtra-Centrerad-SVART.png","width":300,"height":99,"caption":"Melkerson y Nott SL"},"image":{"@id":"https:\/\/lightweb.dev\/l\/svm-temp\/#\/schema\/logo\/image\/"},"sameAs":["https:\/\/www.facebook.com\/svenskamagasinet","https:\/\/x.com\/SvenskaMagasine"]},{"@type":"Person","@id":"https:\/\/lightweb.dev\/l\/svm-temp\/#\/schema\/person\/206a3bda5b607b0c25e1749191e4d837","name":"Redaktionen SvM","description":"Redaktionen","sameAs":["https:\/\/lightweb.dev\/l\/svm-temp"],"url":"https:\/\/lightweb.dev\/l\/svm-temp\/reporter\/redaktionen\/"}]}},"_links":{"self":[{"href":"https:\/\/lightweb.dev\/l\/svm-temp\/wp-json\/wp\/v2\/posts\/14869","targetHints":{"allow":["GET"]}}],"collection":[{"href":"https:\/\/lightweb.dev\/l\/svm-temp\/wp-json\/wp\/v2\/posts"}],"about":[{"href":"https:\/\/lightweb.dev\/l\/svm-temp\/wp-json\/wp\/v2\/types\/post"}],"author":[{"embeddable":true,"href":"https:\/\/lightweb.dev\/l\/svm-temp\/wp-json\/wp\/v2\/users\/8"}],"replies":[{"embeddable":true,"href":"https:\/\/lightweb.dev\/l\/svm-temp\/wp-json\/wp\/v2\/comments?post=14869"}],"version-history":[{"count":0,"href":"https:\/\/lightweb.dev\/l\/svm-temp\/wp-json\/wp\/v2\/posts\/14869\/revisions"}],"wp:featuredmedia":[{"embeddable":true,"href":"https:\/\/lightweb.dev\/l\/svm-temp\/wp-json\/wp\/v2\/media\/14870"}],"wp:attachment":[{"href":"https:\/\/lightweb.dev\/l\/svm-temp\/wp-json\/wp\/v2\/media?parent=14869"}],"wp:term":[{"taxonomy":"category","embeddable":true,"href":"https:\/\/lightweb.dev\/l\/svm-temp\/wp-json\/wp\/v2\/categories?post=14869"},{"taxonomy":"post_tag","embeddable":true,"href":"https:\/\/lightweb.dev\/l\/svm-temp\/wp-json\/wp\/v2\/tags?post=14869"}],"curies":[{"name":"wp","href":"https:\/\/api.w.org\/{rel}","templated":true}]}}