{"id":14871,"date":"2020-01-30T00:00:00","date_gmt":"2020-01-29T23:00:00","guid":{"rendered":"https:\/\/lightweb.dev\/l\/svm-temp\/nyheter\/blodgivare-behovs-i-malagaprovinsen\/"},"modified":"2020-01-30T00:00:00","modified_gmt":"2020-01-29T23:00:00","slug":"blodgivare-behovs-i-malagaprovinsen","status":"publish","type":"post","link":"https:\/\/lightweb.dev\/l\/svm-temp\/nyheter\/blodgivare-behovs-i-malagaprovinsen\/","title":{"rendered":"Blodgivare beh\u00f6vs i M\u00e1lagaprovinsen"},"content":{"rendered":"<p> Blodcentralen \u201dEl Centro de Transfusi\u00f3n de M\u00e1laga\u201d varnar f\u00f6r att de bara har blodreserver f\u00f6r 24 timmar i lager.<\/p>\n<p>Antalet donationer har p\u00e5 grund av den den p\u00e5g\u00e5ende influensas\u00e4songen minskat med h\u00e4lften och eftersom niv\u00e5erna redan innan var p\u00e5 en l\u00e5g niv\u00e5 efter julhelgerna s\u00e5 b\u00f6rjar det nu bli kritiskt. <\/p>\n<p>Influensaepidemin som har drabbat provinsen under de senaste m\u00e5naderna \u00e4r enligt centret en av anledningarna till att antalet donationer har f\u00e5tt denna anm\u00e4rkningsv\u00e4rda nedg\u00e5ng. Det finns m\u00e5nga m\u00e4nniskor som kommer f\u00f6r att donera men efter den obligatoriska h\u00e4lsokontrollen kan de \u00e4nd\u00e5 inte g\u00f6ra donationen. &#8221;Ut\u00f6ver formul\u00e4ret som m\u00e5ste fyllas i utf\u00f6rs en rutinkontroll f\u00f6r att bed\u00f6ma deras h\u00e4lsotillst\u00e5nd. Om givaren har n\u00e5gra influensasymtom eller har feber, kan donationen inte g\u00f6ras eftersom det betyder att viruset \u00e4r i blodet&#8221;, s\u00e4ger Gracia Mar\u00eda Garc\u00eda hematolog p\u00e5 centret. Blodcentralen (CRTS) levererar blod till alla sjukhus i provinsen, b\u00e5de offentliga och privata. F\u00f6r att blodet skall r\u00e4cka till alla provinsens sjukhus s\u00e5 beh\u00f6vs det doneras cirka 250 enheter per dag och i nul\u00e4get \u00f6verstiger de inte 158. De blodgrupper som \u00e4r st\u00f6rst behov av \u00e4r 0 och A positiva. F\u00f6r att donera blod skall man vara frisk och mellan 18 och 65 \u00e5r samt v\u00e4ga \u00f6ver 50 kg. Vid varje donation i Spanien s\u00e5 tas det 450 ml blod.<\/p>\n<p>Centret har d\u00e4rf\u00f6r sj\u00f6satt en kampanj \u201dPor amor al arte, dona sangre\u201d som kommer att \u00e4ga rum mellan den 3 och 7 februari. Den som deltar genom att donera blod f\u00e5r en talong som ger gratis entr\u00e9 till alla viktiga museer och andra kulturella byggnader i M\u00e1laga.<\/p>\n<p>Blodcentralen CRTS ligger i Hospital Civil och d\u00e4r kan man donera blod fr\u00e5n m\u00e5ndagen den 3 till fredagen den 7, oavbrutet fr\u00e5n klockan 09:00 till 21:00. Dessutom kommer den mobila enheten att vara stationerad p\u00e5 Avenida de Andaluc\u00eda i centrala M\u00e1laga fr\u00e5n 10:00 till 14:00.<\/p>\n<p>Den mobila enheten finns dessutom p\u00e5 dessa orter:<\/p>\n<p>\tInstituto E.S Litoral de M\u00e1laga och \u00c1lora (M\u00e5ndag 3 februari)<br \/>\n\tCiudad de la Justicia och \u00c1lora (Tisdag den 4 februari)<br \/>\n\tArriate och Co\u00edn (Onsdag den 5 februari)<br \/>\n\tLa Cala del Moral och Co\u00edn (Torsdag den 6 februari)<br \/>\n\tCampamento Montejaque, Ronda, och Co\u00edn (Fredag den 7 februari)<\/p>\n<p>F\u00f6r tider och platser se: www.donantesmalaga.org<\/p>\n<p>Bildtext: Blodgivare.<br \/>\nArtikel: Jonny Erixon.<\/p>\n","protected":false},"excerpt":{"rendered":"<p>Blodcentralen \u201dEl Centro de Transfusi\u00f3n de M\u00e1laga\u201d varnar f\u00f6r att de bara har blodreserver f\u00f6r 24 timmar i lager. Antalet donationer har p\u00e5 grund av den den p\u00e5g\u00e5ende influensas\u00e4songen minskat med h\u00e4lften och eftersom niv\u00e5erna redan innan var p\u00e5 en l\u00e5g niv\u00e5 efter julhelgerna s\u00e5 b\u00f6rjar det nu bli kritiskt. Influensaepidemin som har drabbat provinsen [&hellip;]<\/p>\n","protected":false},"author":8,"featured_media":14872,"comment_status":"open","ping_status":"open","sticky":false,"template":"","format":"standard","meta":{"_et_pb_use_builder":"","_et_pb_old_content":"","_et_gb_content_width":"","footnotes":""},"categories":[395,3],"tags":[],"class_list":["post-14871","post","type-post","status-publish","format-standard","has-post-thumbnail","hentry","category-arkiv-nyheter","category-nyheter"],"yoast_head":"<!-- This site is optimized with the Yoast SEO Premium plugin v26.2 (Yoast SEO v27.4) - https:\/\/yoast.com\/product\/yoast-seo-premium-wordpress\/ -->\n<title>Blodgivare beh\u00f6vs i M\u00e1lagaprovinsen - Svenska Magasinet<\/title>\n<meta name=\"robots\" content=\"noindex, follow, max-snippet:-1, max-image-preview:large, max-video-preview:-1\" \/>\n<meta property=\"og:locale\" content=\"sv_SE\" \/>\n<meta property=\"og:type\" content=\"article\" \/>\n<meta property=\"og:title\" content=\"Blodgivare beh\u00f6vs i M\u00e1lagaprovinsen\" \/>\n<meta property=\"og:description\" content=\"Blodcentralen \u201dEl Centro de Transfusi\u00f3n de M\u00e1laga\u201d varnar f\u00f6r att de bara har blodreserver f\u00f6r 24 timmar i lager. Antalet donationer har p\u00e5 grund av den den p\u00e5g\u00e5ende influensas\u00e4songen minskat med h\u00e4lften och eftersom niv\u00e5erna redan innan var p\u00e5 en l\u00e5g niv\u00e5 efter julhelgerna s\u00e5 b\u00f6rjar det nu bli kritiskt. Influensaepidemin som har drabbat provinsen [&hellip;]\" \/>\n<meta property=\"og:url\" content=\"https:\/\/lightweb.dev\/l\/svm-temp\/nyheter\/blodgivare-behovs-i-malagaprovinsen\/\" \/>\n<meta property=\"og:site_name\" content=\"Svenska Magasinet\" \/>\n<meta property=\"article:publisher\" content=\"https:\/\/www.facebook.com\/svenskamagasinet\" \/>\n<meta property=\"article:published_time\" content=\"2020-01-29T23:00:00+00:00\" \/>\n<meta property=\"og:image\" content=\"https:\/\/lightweb.dev\/l\/svm-temp\/wp-content\/uploads\/2022\/06\/blodgivare-behovs-i-malagaprovinsen.png\" \/>\n\t<meta property=\"og:image:width\" content=\"700\" \/>\n\t<meta property=\"og:image:height\" content=\"420\" \/>\n\t<meta property=\"og:image:type\" content=\"image\/png\" \/>\n<meta name=\"author\" content=\"Redaktionen SvM\" \/>\n<meta name=\"twitter:card\" content=\"summary_large_image\" \/>\n<meta name=\"twitter:creator\" content=\"@SvenskaMagasine\" \/>\n<meta name=\"twitter:site\" content=\"@SvenskaMagasine\" \/>\n<script type=\"application\/ld+json\" class=\"yoast-schema-graph\">{\"@context\":\"https:\\\/\\\/schema.org\",\"@graph\":[{\"@type\":\"Article\",\"@id\":\"https:\\\/\\\/lightweb.dev\\\/l\\\/svm-temp\\\/nyheter\\\/blodgivare-behovs-i-malagaprovinsen\\\/#article\",\"isPartOf\":{\"@id\":\"https:\\\/\\\/lightweb.dev\\\/l\\\/svm-temp\\\/nyheter\\\/blodgivare-behovs-i-malagaprovinsen\\\/\"},\"author\":{\"name\":\"Redaktionen SvM\",\"@id\":\"https:\\\/\\\/lightweb.dev\\\/l\\\/svm-temp\\\/#\\\/schema\\\/person\\\/206a3bda5b607b0c25e1749191e4d837\"},\"headline\":\"Blodgivare beh\u00f6vs i M\u00e1lagaprovinsen\",\"datePublished\":\"2020-01-29T23:00:00+00:00\",\"mainEntityOfPage\":{\"@id\":\"https:\\\/\\\/lightweb.dev\\\/l\\\/svm-temp\\\/nyheter\\\/blodgivare-behovs-i-malagaprovinsen\\\/\"},\"wordCount\":420,\"commentCount\":0,\"publisher\":{\"@id\":\"https:\\\/\\\/lightweb.dev\\\/l\\\/svm-temp\\\/#organization\"},\"image\":{\"@id\":\"https:\\\/\\\/lightweb.dev\\\/l\\\/svm-temp\\\/nyheter\\\/blodgivare-behovs-i-malagaprovinsen\\\/#primaryimage\"},\"thumbnailUrl\":\"https:\\\/\\\/lightweb.dev\\\/l\\\/svm-temp\\\/wp-content\\\/uploads\\\/2022\\\/06\\\/blodgivare-behovs-i-malagaprovinsen.png\",\"articleSection\":[\"Arkiv\",\"Nyheter\"],\"inLanguage\":\"sv-SE\"},{\"@type\":\"WebPage\",\"@id\":\"https:\\\/\\\/lightweb.dev\\\/l\\\/svm-temp\\\/nyheter\\\/blodgivare-behovs-i-malagaprovinsen\\\/\",\"url\":\"https:\\\/\\\/lightweb.dev\\\/l\\\/svm-temp\\\/nyheter\\\/blodgivare-behovs-i-malagaprovinsen\\\/\",\"name\":\"Blodgivare beh\u00f6vs i M\u00e1lagaprovinsen - Svenska Magasinet\",\"isPartOf\":{\"@id\":\"https:\\\/\\\/lightweb.dev\\\/l\\\/svm-temp\\\/#website\"},\"primaryImageOfPage\":{\"@id\":\"https:\\\/\\\/lightweb.dev\\\/l\\\/svm-temp\\\/nyheter\\\/blodgivare-behovs-i-malagaprovinsen\\\/#primaryimage\"},\"image\":{\"@id\":\"https:\\\/\\\/lightweb.dev\\\/l\\\/svm-temp\\\/nyheter\\\/blodgivare-behovs-i-malagaprovinsen\\\/#primaryimage\"},\"thumbnailUrl\":\"https:\\\/\\\/lightweb.dev\\\/l\\\/svm-temp\\\/wp-content\\\/uploads\\\/2022\\\/06\\\/blodgivare-behovs-i-malagaprovinsen.png\",\"datePublished\":\"2020-01-29T23:00:00+00:00\",\"breadcrumb\":{\"@id\":\"https:\\\/\\\/lightweb.dev\\\/l\\\/svm-temp\\\/nyheter\\\/blodgivare-behovs-i-malagaprovinsen\\\/#breadcrumb\"},\"inLanguage\":\"sv-SE\",\"potentialAction\":[{\"@type\":\"ReadAction\",\"target\":[\"https:\\\/\\\/lightweb.dev\\\/l\\\/svm-temp\\\/nyheter\\\/blodgivare-behovs-i-malagaprovinsen\\\/\"]}]},{\"@type\":\"ImageObject\",\"inLanguage\":\"sv-SE\",\"@id\":\"https:\\\/\\\/lightweb.dev\\\/l\\\/svm-temp\\\/nyheter\\\/blodgivare-behovs-i-malagaprovinsen\\\/#primaryimage\",\"url\":\"https:\\\/\\\/lightweb.dev\\\/l\\\/svm-temp\\\/wp-content\\\/uploads\\\/2022\\\/06\\\/blodgivare-behovs-i-malagaprovinsen.png\",\"contentUrl\":\"https:\\\/\\\/lightweb.dev\\\/l\\\/svm-temp\\\/wp-content\\\/uploads\\\/2022\\\/06\\\/blodgivare-behovs-i-malagaprovinsen.png\",\"width\":700,\"height\":420},{\"@type\":\"BreadcrumbList\",\"@id\":\"https:\\\/\\\/lightweb.dev\\\/l\\\/svm-temp\\\/nyheter\\\/blodgivare-behovs-i-malagaprovinsen\\\/#breadcrumb\",\"itemListElement\":[{\"@type\":\"ListItem\",\"position\":1,\"name\":\"Hem\",\"item\":\"https:\\\/\\\/lightweb.dev\\\/l\\\/svm-temp\\\/\"},{\"@type\":\"ListItem\",\"position\":2,\"name\":\"Blodgivare beh\u00f6vs i M\u00e1lagaprovinsen\"}]},{\"@type\":\"WebSite\",\"@id\":\"https:\\\/\\\/lightweb.dev\\\/l\\\/svm-temp\\\/#website\",\"url\":\"https:\\\/\\\/lightweb.dev\\\/l\\\/svm-temp\\\/\",\"name\":\"Svenska Magasinet\",\"description\":\"Dina Spanska nyheter p&aring; Svenska\",\"publisher\":{\"@id\":\"https:\\\/\\\/lightweb.dev\\\/l\\\/svm-temp\\\/#organization\"},\"potentialAction\":[{\"@type\":\"SearchAction\",\"target\":{\"@type\":\"EntryPoint\",\"urlTemplate\":\"https:\\\/\\\/lightweb.dev\\\/l\\\/svm-temp\\\/?s={search_term_string}\"},\"query-input\":{\"@type\":\"PropertyValueSpecification\",\"valueRequired\":true,\"valueName\":\"search_term_string\"}}],\"inLanguage\":\"sv-SE\"},{\"@type\":\"Organization\",\"@id\":\"https:\\\/\\\/lightweb.dev\\\/l\\\/svm-temp\\\/#organization\",\"name\":\"Melkerson y Nott SL\",\"alternateName\":\"Svenska Magasinet\",\"url\":\"https:\\\/\\\/lightweb.dev\\\/l\\\/svm-temp\\\/\",\"logo\":{\"@type\":\"ImageObject\",\"inLanguage\":\"sv-SE\",\"@id\":\"https:\\\/\\\/lightweb.dev\\\/l\\\/svm-temp\\\/#\\\/schema\\\/logo\\\/image\\\/\",\"url\":\"https:\\\/\\\/lightweb.dev\\\/l\\\/svm-temp\\\/wp-content\\\/uploads\\\/2025\\\/02\\\/SvM-logo-Xtra-Centrerad-SVART.png\",\"contentUrl\":\"https:\\\/\\\/lightweb.dev\\\/l\\\/svm-temp\\\/wp-content\\\/uploads\\\/2025\\\/02\\\/SvM-logo-Xtra-Centrerad-SVART.png\",\"width\":300,\"height\":99,\"caption\":\"Melkerson y Nott SL\"},\"image\":{\"@id\":\"https:\\\/\\\/lightweb.dev\\\/l\\\/svm-temp\\\/#\\\/schema\\\/logo\\\/image\\\/\"},\"sameAs\":[\"https:\\\/\\\/www.facebook.com\\\/svenskamagasinet\",\"https:\\\/\\\/x.com\\\/SvenskaMagasine\"]},{\"@type\":\"Person\",\"@id\":\"https:\\\/\\\/lightweb.dev\\\/l\\\/svm-temp\\\/#\\\/schema\\\/person\\\/206a3bda5b607b0c25e1749191e4d837\",\"name\":\"Redaktionen SvM\",\"description\":\"Redaktionen\",\"sameAs\":[\"https:\\\/\\\/lightweb.dev\\\/l\\\/svm-temp\"],\"url\":\"https:\\\/\\\/lightweb.dev\\\/l\\\/svm-temp\\\/reporter\\\/redaktionen\\\/\"}]}<\/script>\n<!-- \/ Yoast SEO Premium plugin. -->","yoast_head_json":{"title":"Blodgivare beh\u00f6vs i M\u00e1lagaprovinsen - Svenska Magasinet","robots":{"index":"noindex","follow":"follow","max-snippet":"max-snippet:-1","max-image-preview":"max-image-preview:large","max-video-preview":"max-video-preview:-1"},"og_locale":"sv_SE","og_type":"article","og_title":"Blodgivare beh\u00f6vs i M\u00e1lagaprovinsen","og_description":"Blodcentralen \u201dEl Centro de Transfusi\u00f3n de M\u00e1laga\u201d varnar f\u00f6r att de bara har blodreserver f\u00f6r 24 timmar i lager. Antalet donationer har p\u00e5 grund av den den p\u00e5g\u00e5ende influensas\u00e4songen minskat med h\u00e4lften och eftersom niv\u00e5erna redan innan var p\u00e5 en l\u00e5g niv\u00e5 efter julhelgerna s\u00e5 b\u00f6rjar det nu bli kritiskt. Influensaepidemin som har drabbat provinsen [&hellip;]","og_url":"https:\/\/lightweb.dev\/l\/svm-temp\/nyheter\/blodgivare-behovs-i-malagaprovinsen\/","og_site_name":"Svenska Magasinet","article_publisher":"https:\/\/www.facebook.com\/svenskamagasinet","article_published_time":"2020-01-29T23:00:00+00:00","og_image":[{"width":700,"height":420,"url":"https:\/\/lightweb.dev\/l\/svm-temp\/wp-content\/uploads\/2022\/06\/blodgivare-behovs-i-malagaprovinsen.png","type":"image\/png"}],"author":"Redaktionen SvM","twitter_card":"summary_large_image","twitter_creator":"@SvenskaMagasine","twitter_site":"@SvenskaMagasine","schema":{"@context":"https:\/\/schema.org","@graph":[{"@type":"Article","@id":"https:\/\/lightweb.dev\/l\/svm-temp\/nyheter\/blodgivare-behovs-i-malagaprovinsen\/#article","isPartOf":{"@id":"https:\/\/lightweb.dev\/l\/svm-temp\/nyheter\/blodgivare-behovs-i-malagaprovinsen\/"},"author":{"name":"Redaktionen SvM","@id":"https:\/\/lightweb.dev\/l\/svm-temp\/#\/schema\/person\/206a3bda5b607b0c25e1749191e4d837"},"headline":"Blodgivare beh\u00f6vs i M\u00e1lagaprovinsen","datePublished":"2020-01-29T23:00:00+00:00","mainEntityOfPage":{"@id":"https:\/\/lightweb.dev\/l\/svm-temp\/nyheter\/blodgivare-behovs-i-malagaprovinsen\/"},"wordCount":420,"commentCount":0,"publisher":{"@id":"https:\/\/lightweb.dev\/l\/svm-temp\/#organization"},"image":{"@id":"https:\/\/lightweb.dev\/l\/svm-temp\/nyheter\/blodgivare-behovs-i-malagaprovinsen\/#primaryimage"},"thumbnailUrl":"https:\/\/lightweb.dev\/l\/svm-temp\/wp-content\/uploads\/2022\/06\/blodgivare-behovs-i-malagaprovinsen.png","articleSection":["Arkiv","Nyheter"],"inLanguage":"sv-SE"},{"@type":"WebPage","@id":"https:\/\/lightweb.dev\/l\/svm-temp\/nyheter\/blodgivare-behovs-i-malagaprovinsen\/","url":"https:\/\/lightweb.dev\/l\/svm-temp\/nyheter\/blodgivare-behovs-i-malagaprovinsen\/","name":"Blodgivare beh\u00f6vs i M\u00e1lagaprovinsen - Svenska Magasinet","isPartOf":{"@id":"https:\/\/lightweb.dev\/l\/svm-temp\/#website"},"primaryImageOfPage":{"@id":"https:\/\/lightweb.dev\/l\/svm-temp\/nyheter\/blodgivare-behovs-i-malagaprovinsen\/#primaryimage"},"image":{"@id":"https:\/\/lightweb.dev\/l\/svm-temp\/nyheter\/blodgivare-behovs-i-malagaprovinsen\/#primaryimage"},"thumbnailUrl":"https:\/\/lightweb.dev\/l\/svm-temp\/wp-content\/uploads\/2022\/06\/blodgivare-behovs-i-malagaprovinsen.png","datePublished":"2020-01-29T23:00:00+00:00","breadcrumb":{"@id":"https:\/\/lightweb.dev\/l\/svm-temp\/nyheter\/blodgivare-behovs-i-malagaprovinsen\/#breadcrumb"},"inLanguage":"sv-SE","potentialAction":[{"@type":"ReadAction","target":["https:\/\/lightweb.dev\/l\/svm-temp\/nyheter\/blodgivare-behovs-i-malagaprovinsen\/"]}]},{"@type":"ImageObject","inLanguage":"sv-SE","@id":"https:\/\/lightweb.dev\/l\/svm-temp\/nyheter\/blodgivare-behovs-i-malagaprovinsen\/#primaryimage","url":"https:\/\/lightweb.dev\/l\/svm-temp\/wp-content\/uploads\/2022\/06\/blodgivare-behovs-i-malagaprovinsen.png","contentUrl":"https:\/\/lightweb.dev\/l\/svm-temp\/wp-content\/uploads\/2022\/06\/blodgivare-behovs-i-malagaprovinsen.png","width":700,"height":420},{"@type":"BreadcrumbList","@id":"https:\/\/lightweb.dev\/l\/svm-temp\/nyheter\/blodgivare-behovs-i-malagaprovinsen\/#breadcrumb","itemListElement":[{"@type":"ListItem","position":1,"name":"Hem","item":"https:\/\/lightweb.dev\/l\/svm-temp\/"},{"@type":"ListItem","position":2,"name":"Blodgivare beh\u00f6vs i M\u00e1lagaprovinsen"}]},{"@type":"WebSite","@id":"https:\/\/lightweb.dev\/l\/svm-temp\/#website","url":"https:\/\/lightweb.dev\/l\/svm-temp\/","name":"Svenska Magasinet","description":"Dina Spanska nyheter p&aring; Svenska","publisher":{"@id":"https:\/\/lightweb.dev\/l\/svm-temp\/#organization"},"potentialAction":[{"@type":"SearchAction","target":{"@type":"EntryPoint","urlTemplate":"https:\/\/lightweb.dev\/l\/svm-temp\/?s={search_term_string}"},"query-input":{"@type":"PropertyValueSpecification","valueRequired":true,"valueName":"search_term_string"}}],"inLanguage":"sv-SE"},{"@type":"Organization","@id":"https:\/\/lightweb.dev\/l\/svm-temp\/#organization","name":"Melkerson y Nott SL","alternateName":"Svenska Magasinet","url":"https:\/\/lightweb.dev\/l\/svm-temp\/","logo":{"@type":"ImageObject","inLanguage":"sv-SE","@id":"https:\/\/lightweb.dev\/l\/svm-temp\/#\/schema\/logo\/image\/","url":"https:\/\/lightweb.dev\/l\/svm-temp\/wp-content\/uploads\/2025\/02\/SvM-logo-Xtra-Centrerad-SVART.png","contentUrl":"https:\/\/lightweb.dev\/l\/svm-temp\/wp-content\/uploads\/2025\/02\/SvM-logo-Xtra-Centrerad-SVART.png","width":300,"height":99,"caption":"Melkerson y Nott SL"},"image":{"@id":"https:\/\/lightweb.dev\/l\/svm-temp\/#\/schema\/logo\/image\/"},"sameAs":["https:\/\/www.facebook.com\/svenskamagasinet","https:\/\/x.com\/SvenskaMagasine"]},{"@type":"Person","@id":"https:\/\/lightweb.dev\/l\/svm-temp\/#\/schema\/person\/206a3bda5b607b0c25e1749191e4d837","name":"Redaktionen SvM","description":"Redaktionen","sameAs":["https:\/\/lightweb.dev\/l\/svm-temp"],"url":"https:\/\/lightweb.dev\/l\/svm-temp\/reporter\/redaktionen\/"}]}},"_links":{"self":[{"href":"https:\/\/lightweb.dev\/l\/svm-temp\/wp-json\/wp\/v2\/posts\/14871","targetHints":{"allow":["GET"]}}],"collection":[{"href":"https:\/\/lightweb.dev\/l\/svm-temp\/wp-json\/wp\/v2\/posts"}],"about":[{"href":"https:\/\/lightweb.dev\/l\/svm-temp\/wp-json\/wp\/v2\/types\/post"}],"author":[{"embeddable":true,"href":"https:\/\/lightweb.dev\/l\/svm-temp\/wp-json\/wp\/v2\/users\/8"}],"replies":[{"embeddable":true,"href":"https:\/\/lightweb.dev\/l\/svm-temp\/wp-json\/wp\/v2\/comments?post=14871"}],"version-history":[{"count":0,"href":"https:\/\/lightweb.dev\/l\/svm-temp\/wp-json\/wp\/v2\/posts\/14871\/revisions"}],"wp:featuredmedia":[{"embeddable":true,"href":"https:\/\/lightweb.dev\/l\/svm-temp\/wp-json\/wp\/v2\/media\/14872"}],"wp:attachment":[{"href":"https:\/\/lightweb.dev\/l\/svm-temp\/wp-json\/wp\/v2\/media?parent=14871"}],"wp:term":[{"taxonomy":"category","embeddable":true,"href":"https:\/\/lightweb.dev\/l\/svm-temp\/wp-json\/wp\/v2\/categories?post=14871"},{"taxonomy":"post_tag","embeddable":true,"href":"https:\/\/lightweb.dev\/l\/svm-temp\/wp-json\/wp\/v2\/tags?post=14871"}],"curies":[{"name":"wp","href":"https:\/\/api.w.org\/{rel}","templated":true}]}}