{"id":14887,"date":"2020-01-28T00:00:00","date_gmt":"2020-01-27T23:00:00","guid":{"rendered":"https:\/\/lightweb.dev\/l\/svm-temp\/nyheter\/rea-pa-tagbiljetter-i-spanien\/"},"modified":"2020-01-28T00:00:00","modified_gmt":"2020-01-27T23:00:00","slug":"rea-pa-tagbiljetter-i-spanien","status":"publish","type":"post","link":"https:\/\/lightweb.dev\/l\/svm-temp\/nyheter\/rea-pa-tagbiljetter-i-spanien\/","title":{"rendered":"Rea p\u00e5 t\u00e5gbiljetter i Spanien"},"content":{"rendered":"<p> Det spanska statliga j\u00e4rnv\u00e4gsbolaget Renfe har lanserat en kampanj f\u00f6r att propagera f\u00f6r sitt nya l\u00e5gpris h\u00f6ghastighetst\u00e5g \u201dAVLO\u201d.<\/p>\n<p>Kampanjen startade ig\u00e5r den 27\/1 och forts\u00e4tter i 10 dagar. De erbjuder 10.000 biljetter p\u00e5 linjen Madrid &#8211;  Barcelona, 1.000 biljetter per dag f\u00f6r 5 euro per biljett. Under premi\u00e4rdagen i g\u00e5r fick webbsidan d\u00e4r biljetterna s\u00e4ljs \u00f6ver 1,5 miljoner bes\u00f6k och g\u00e5rdagens tilldelning av biljetter s\u00e5ldes slut p\u00e5 en timme. Den som vill k\u00f6pa en av biljetterna f\u00f6r resor mellan 6 april och 31 augusti f\u00e5r vara snabb n\u00e4r biljetterna sl\u00e4pps. I kv\u00e4ll sl\u00e4pps nya biljetter klockan 20:00 och i morgon onsdag sl\u00e4pps fler nya biljetter klockan 13:10 p\u00e5 www.avlorenfe.com.<\/p>\n<p>N\u00e4r kampanjerbjudandet \u00e4r slut kommer AVLO-priserna p\u00e5 linjen Madrid \u2013 Barcelona att kosta mellan 10 och 60 euro per resa (beroende p\u00e5 avg\u00e5ng och efterfr\u00e5gan) med undantag f\u00f6r f\u00f6r barn under 14 \u00e5r i s\u00e4llskap med vuxen de kommer alltid att betala 5 euro.<\/p>\n<p>AVLO, \u00e4r ett l\u00e5gprist\u00e5g men g\u00e5r i samma hastighet som de traditionella AVE-t\u00e5gen (i nul\u00e4get 300 km \/ h, men de \u00e4r godk\u00e4nda f\u00f6r 350 km \/ h) och restiderna blir samma. Vad som skiljer \u00e4r att det \u00e4r tr\u00e4ngre i t\u00e5gen d\u00e5 de har 20% fler platser, inga cafeteria-vagnar, erbjuder endast ekonomiklassplatser och begr\u00e4nsar bagage till en kabinv\u00e4ska och en handv\u00e4ska per resen\u00e4r. Vill man ha med mer bagage s\u00e5 kan man precis som p\u00e5 flyget betala extra f\u00f6r det.<\/p>\n<p>Linjen Madrid-Zaragoza-Barcelona \u00e4r den f\u00f6rsta linjen som f\u00e5r de nya AVLO-t\u00e5gen kommer att ha tre avg\u00e5ngar i varje riktning per dag. Fr\u00e5n Madrid 9:15, 16:00 och 20:35. Fr\u00e5n Barcelona 9:25, 16,25 och 20:00. Dagens f\u00f6rsta och sista t\u00e5g kommer att stanna i Zaragoza. Direktv\u00e4gen tar 2 timmar och 30 minuter medan de som stannar i Zaragoza kommer att ta 15 minuter l\u00e4ngre tid. I September ut\u00f6kas de dagliga avg\u00e5ngarna till fem i varje riktning.<\/p>\n<p>N\u00e4tverket med AVLO-t\u00e5g kommer successivt att ut\u00f6kas till hela Spanien, mer om det i denna artikeln:<br \/>\nL\u00e5ga biljettpriser p\u00e5 nya spanska h\u00f6ghastighetst\u00e5g.<\/p>\n<p>Bild: AVLO-t\u00e5g, foto: Ministerio de Fomento.<br \/>\nArtikel: Jonny Erixon<\/p>\n","protected":false},"excerpt":{"rendered":"<p>Det spanska statliga j\u00e4rnv\u00e4gsbolaget Renfe har lanserat en kampanj f\u00f6r att propagera f\u00f6r sitt nya l\u00e5gpris h\u00f6ghastighetst\u00e5g \u201dAVLO\u201d. Kampanjen startade ig\u00e5r den 27\/1 och forts\u00e4tter i 10 dagar. De erbjuder 10.000 biljetter p\u00e5 linjen Madrid &#8211; Barcelona, 1.000 biljetter per dag f\u00f6r 5 euro per biljett. Under premi\u00e4rdagen i g\u00e5r fick webbsidan d\u00e4r biljetterna s\u00e4ljs [&hellip;]<\/p>\n","protected":false},"author":8,"featured_media":14888,"comment_status":"open","ping_status":"open","sticky":false,"template":"","format":"standard","meta":{"_et_pb_use_builder":"","_et_pb_old_content":"","_et_gb_content_width":"","footnotes":""},"categories":[395,3],"tags":[],"class_list":["post-14887","post","type-post","status-publish","format-standard","has-post-thumbnail","hentry","category-arkiv-nyheter","category-nyheter"],"yoast_head":"<!-- This site is optimized with the Yoast SEO Premium plugin v26.2 (Yoast SEO v28.2) - https:\/\/yoast.com\/product\/yoast-seo-premium-wordpress\/ -->\n<title>Rea p\u00e5 t\u00e5gbiljetter i Spanien - Svenska Magasinet<\/title>\n<meta name=\"robots\" content=\"noindex, follow, max-snippet:-1, max-image-preview:large, max-video-preview:-1\" \/>\n<meta property=\"og:locale\" content=\"sv_SE\" \/>\n<meta property=\"og:type\" content=\"article\" \/>\n<meta property=\"og:title\" content=\"Rea p\u00e5 t\u00e5gbiljetter i Spanien\" \/>\n<meta property=\"og:description\" content=\"Det spanska statliga j\u00e4rnv\u00e4gsbolaget Renfe har lanserat en kampanj f\u00f6r att propagera f\u00f6r sitt nya l\u00e5gpris h\u00f6ghastighetst\u00e5g \u201dAVLO\u201d. Kampanjen startade ig\u00e5r den 27\/1 och forts\u00e4tter i 10 dagar. De erbjuder 10.000 biljetter p\u00e5 linjen Madrid &#8211; Barcelona, 1.000 biljetter per dag f\u00f6r 5 euro per biljett. Under premi\u00e4rdagen i g\u00e5r fick webbsidan d\u00e4r biljetterna s\u00e4ljs [&hellip;]\" \/>\n<meta property=\"og:url\" content=\"https:\/\/lightweb.dev\/l\/svm-temp\/nyheter\/rea-pa-tagbiljetter-i-spanien\/\" \/>\n<meta property=\"og:site_name\" content=\"Svenska Magasinet\" \/>\n<meta property=\"article:publisher\" content=\"https:\/\/www.facebook.com\/svenskamagasinet\" \/>\n<meta property=\"article:published_time\" content=\"2020-01-27T23:00:00+00:00\" \/>\n<meta property=\"og:image\" content=\"https:\/\/lightweb.dev\/l\/svm-temp\/wp-content\/uploads\/2022\/06\/rea-pa-tagbiljetter-i-spanien.png\" \/>\n\t<meta property=\"og:image:width\" content=\"700\" \/>\n\t<meta property=\"og:image:height\" content=\"420\" \/>\n\t<meta property=\"og:image:type\" content=\"image\/png\" \/>\n<meta name=\"author\" content=\"Redaktionen SvM\" \/>\n<meta name=\"twitter:card\" content=\"summary_large_image\" \/>\n<meta name=\"twitter:creator\" content=\"@SvenskaMagasine\" \/>\n<meta name=\"twitter:site\" content=\"@SvenskaMagasine\" \/>\n<script type=\"application\/ld+json\" class=\"yoast-schema-graph\">{\"@context\":\"https:\\\/\\\/schema.org\",\"@graph\":[{\"@type\":\"Article\",\"@id\":\"https:\\\/\\\/lightweb.dev\\\/l\\\/svm-temp\\\/nyheter\\\/rea-pa-tagbiljetter-i-spanien\\\/#article\",\"isPartOf\":{\"@id\":\"https:\\\/\\\/lightweb.dev\\\/l\\\/svm-temp\\\/nyheter\\\/rea-pa-tagbiljetter-i-spanien\\\/\"},\"author\":{\"name\":\"Redaktionen SvM\",\"@id\":\"https:\\\/\\\/lightweb.dev\\\/l\\\/svm-temp\\\/#\\\/schema\\\/person\\\/206a3bda5b607b0c25e1749191e4d837\"},\"headline\":\"Rea p\u00e5 t\u00e5gbiljetter i Spanien\",\"datePublished\":\"2020-01-27T23:00:00+00:00\",\"mainEntityOfPage\":{\"@id\":\"https:\\\/\\\/lightweb.dev\\\/l\\\/svm-temp\\\/nyheter\\\/rea-pa-tagbiljetter-i-spanien\\\/\"},\"wordCount\":382,\"commentCount\":0,\"publisher\":{\"@id\":\"https:\\\/\\\/lightweb.dev\\\/l\\\/svm-temp\\\/#organization\"},\"image\":{\"@id\":\"https:\\\/\\\/lightweb.dev\\\/l\\\/svm-temp\\\/nyheter\\\/rea-pa-tagbiljetter-i-spanien\\\/#primaryimage\"},\"thumbnailUrl\":\"https:\\\/\\\/lightweb.dev\\\/l\\\/svm-temp\\\/wp-content\\\/uploads\\\/2022\\\/06\\\/rea-pa-tagbiljetter-i-spanien.png\",\"articleSection\":[\"Arkiv\",\"Nyheter\"],\"inLanguage\":\"sv-SE\"},{\"@type\":\"WebPage\",\"@id\":\"https:\\\/\\\/lightweb.dev\\\/l\\\/svm-temp\\\/nyheter\\\/rea-pa-tagbiljetter-i-spanien\\\/\",\"url\":\"https:\\\/\\\/lightweb.dev\\\/l\\\/svm-temp\\\/nyheter\\\/rea-pa-tagbiljetter-i-spanien\\\/\",\"name\":\"Rea p\u00e5 t\u00e5gbiljetter i Spanien - Svenska Magasinet\",\"isPartOf\":{\"@id\":\"https:\\\/\\\/lightweb.dev\\\/l\\\/svm-temp\\\/#website\"},\"primaryImageOfPage\":{\"@id\":\"https:\\\/\\\/lightweb.dev\\\/l\\\/svm-temp\\\/nyheter\\\/rea-pa-tagbiljetter-i-spanien\\\/#primaryimage\"},\"image\":{\"@id\":\"https:\\\/\\\/lightweb.dev\\\/l\\\/svm-temp\\\/nyheter\\\/rea-pa-tagbiljetter-i-spanien\\\/#primaryimage\"},\"thumbnailUrl\":\"https:\\\/\\\/lightweb.dev\\\/l\\\/svm-temp\\\/wp-content\\\/uploads\\\/2022\\\/06\\\/rea-pa-tagbiljetter-i-spanien.png\",\"datePublished\":\"2020-01-27T23:00:00+00:00\",\"breadcrumb\":{\"@id\":\"https:\\\/\\\/lightweb.dev\\\/l\\\/svm-temp\\\/nyheter\\\/rea-pa-tagbiljetter-i-spanien\\\/#breadcrumb\"},\"inLanguage\":\"sv-SE\",\"potentialAction\":[{\"@type\":\"ReadAction\",\"target\":[\"https:\\\/\\\/lightweb.dev\\\/l\\\/svm-temp\\\/nyheter\\\/rea-pa-tagbiljetter-i-spanien\\\/\"]}]},{\"@type\":\"ImageObject\",\"inLanguage\":\"sv-SE\",\"@id\":\"https:\\\/\\\/lightweb.dev\\\/l\\\/svm-temp\\\/nyheter\\\/rea-pa-tagbiljetter-i-spanien\\\/#primaryimage\",\"url\":\"https:\\\/\\\/lightweb.dev\\\/l\\\/svm-temp\\\/wp-content\\\/uploads\\\/2022\\\/06\\\/rea-pa-tagbiljetter-i-spanien.png\",\"contentUrl\":\"https:\\\/\\\/lightweb.dev\\\/l\\\/svm-temp\\\/wp-content\\\/uploads\\\/2022\\\/06\\\/rea-pa-tagbiljetter-i-spanien.png\",\"width\":700,\"height\":420},{\"@type\":\"BreadcrumbList\",\"@id\":\"https:\\\/\\\/lightweb.dev\\\/l\\\/svm-temp\\\/nyheter\\\/rea-pa-tagbiljetter-i-spanien\\\/#breadcrumb\",\"itemListElement\":[{\"@type\":\"ListItem\",\"position\":1,\"name\":\"Hem\",\"item\":\"https:\\\/\\\/lightweb.dev\\\/l\\\/svm-temp\\\/\"},{\"@type\":\"ListItem\",\"position\":2,\"name\":\"Rea p\u00e5 t\u00e5gbiljetter i Spanien\"}]},{\"@type\":\"WebSite\",\"@id\":\"https:\\\/\\\/lightweb.dev\\\/l\\\/svm-temp\\\/#website\",\"url\":\"https:\\\/\\\/lightweb.dev\\\/l\\\/svm-temp\\\/\",\"name\":\"Svenska Magasinet\",\"description\":\"Dina Spanska nyheter p&aring; Svenska\",\"publisher\":{\"@id\":\"https:\\\/\\\/lightweb.dev\\\/l\\\/svm-temp\\\/#organization\"},\"potentialAction\":[{\"@type\":\"SearchAction\",\"target\":{\"@type\":\"EntryPoint\",\"urlTemplate\":\"https:\\\/\\\/lightweb.dev\\\/l\\\/svm-temp\\\/?s={search_term_string}\"},\"query-input\":{\"@type\":\"PropertyValueSpecification\",\"valueRequired\":true,\"valueName\":\"search_term_string\"}}],\"inLanguage\":\"sv-SE\"},{\"@type\":\"Organization\",\"@id\":\"https:\\\/\\\/lightweb.dev\\\/l\\\/svm-temp\\\/#organization\",\"name\":\"Melkerson y Nott SL\",\"alternateName\":\"Svenska Magasinet\",\"url\":\"https:\\\/\\\/lightweb.dev\\\/l\\\/svm-temp\\\/\",\"logo\":{\"@type\":\"ImageObject\",\"inLanguage\":\"sv-SE\",\"@id\":\"https:\\\/\\\/lightweb.dev\\\/l\\\/svm-temp\\\/#\\\/schema\\\/logo\\\/image\\\/\",\"url\":\"https:\\\/\\\/lightweb.dev\\\/l\\\/svm-temp\\\/wp-content\\\/uploads\\\/2025\\\/02\\\/SvM-logo-Xtra-Centrerad-SVART.png\",\"contentUrl\":\"https:\\\/\\\/lightweb.dev\\\/l\\\/svm-temp\\\/wp-content\\\/uploads\\\/2025\\\/02\\\/SvM-logo-Xtra-Centrerad-SVART.png\",\"width\":300,\"height\":99,\"caption\":\"Melkerson y Nott SL\"},\"image\":{\"@id\":\"https:\\\/\\\/lightweb.dev\\\/l\\\/svm-temp\\\/#\\\/schema\\\/logo\\\/image\\\/\"},\"sameAs\":[\"https:\\\/\\\/www.facebook.com\\\/svenskamagasinet\",\"https:\\\/\\\/x.com\\\/SvenskaMagasine\"]},{\"@type\":\"Person\",\"@id\":\"https:\\\/\\\/lightweb.dev\\\/l\\\/svm-temp\\\/#\\\/schema\\\/person\\\/206a3bda5b607b0c25e1749191e4d837\",\"name\":\"Redaktionen SvM\",\"description\":\"Redaktionen\",\"sameAs\":[\"https:\\\/\\\/lightweb.dev\\\/l\\\/svm-temp\"],\"url\":\"https:\\\/\\\/lightweb.dev\\\/l\\\/svm-temp\\\/reporter\\\/redaktionen\\\/\"}]}<\/script>\n<!-- \/ Yoast SEO Premium plugin. -->","yoast_head_json":{"title":"Rea p\u00e5 t\u00e5gbiljetter i Spanien - Svenska Magasinet","robots":{"index":"noindex","follow":"follow","max-snippet":"max-snippet:-1","max-image-preview":"max-image-preview:large","max-video-preview":"max-video-preview:-1"},"og_locale":"sv_SE","og_type":"article","og_title":"Rea p\u00e5 t\u00e5gbiljetter i Spanien","og_description":"Det spanska statliga j\u00e4rnv\u00e4gsbolaget Renfe har lanserat en kampanj f\u00f6r att propagera f\u00f6r sitt nya l\u00e5gpris h\u00f6ghastighetst\u00e5g \u201dAVLO\u201d. Kampanjen startade ig\u00e5r den 27\/1 och forts\u00e4tter i 10 dagar. De erbjuder 10.000 biljetter p\u00e5 linjen Madrid &#8211; Barcelona, 1.000 biljetter per dag f\u00f6r 5 euro per biljett. Under premi\u00e4rdagen i g\u00e5r fick webbsidan d\u00e4r biljetterna s\u00e4ljs [&hellip;]","og_url":"https:\/\/lightweb.dev\/l\/svm-temp\/nyheter\/rea-pa-tagbiljetter-i-spanien\/","og_site_name":"Svenska Magasinet","article_publisher":"https:\/\/www.facebook.com\/svenskamagasinet","article_published_time":"2020-01-27T23:00:00+00:00","og_image":[{"width":700,"height":420,"url":"https:\/\/lightweb.dev\/l\/svm-temp\/wp-content\/uploads\/2022\/06\/rea-pa-tagbiljetter-i-spanien.png","type":"image\/png"}],"author":"Redaktionen SvM","twitter_card":"summary_large_image","twitter_creator":"@SvenskaMagasine","twitter_site":"@SvenskaMagasine","schema":{"@context":"https:\/\/schema.org","@graph":[{"@type":"Article","@id":"https:\/\/lightweb.dev\/l\/svm-temp\/nyheter\/rea-pa-tagbiljetter-i-spanien\/#article","isPartOf":{"@id":"https:\/\/lightweb.dev\/l\/svm-temp\/nyheter\/rea-pa-tagbiljetter-i-spanien\/"},"author":{"name":"Redaktionen SvM","@id":"https:\/\/lightweb.dev\/l\/svm-temp\/#\/schema\/person\/206a3bda5b607b0c25e1749191e4d837"},"headline":"Rea p\u00e5 t\u00e5gbiljetter i Spanien","datePublished":"2020-01-27T23:00:00+00:00","mainEntityOfPage":{"@id":"https:\/\/lightweb.dev\/l\/svm-temp\/nyheter\/rea-pa-tagbiljetter-i-spanien\/"},"wordCount":382,"commentCount":0,"publisher":{"@id":"https:\/\/lightweb.dev\/l\/svm-temp\/#organization"},"image":{"@id":"https:\/\/lightweb.dev\/l\/svm-temp\/nyheter\/rea-pa-tagbiljetter-i-spanien\/#primaryimage"},"thumbnailUrl":"https:\/\/lightweb.dev\/l\/svm-temp\/wp-content\/uploads\/2022\/06\/rea-pa-tagbiljetter-i-spanien.png","articleSection":["Arkiv","Nyheter"],"inLanguage":"sv-SE"},{"@type":"WebPage","@id":"https:\/\/lightweb.dev\/l\/svm-temp\/nyheter\/rea-pa-tagbiljetter-i-spanien\/","url":"https:\/\/lightweb.dev\/l\/svm-temp\/nyheter\/rea-pa-tagbiljetter-i-spanien\/","name":"Rea p\u00e5 t\u00e5gbiljetter i Spanien - Svenska Magasinet","isPartOf":{"@id":"https:\/\/lightweb.dev\/l\/svm-temp\/#website"},"primaryImageOfPage":{"@id":"https:\/\/lightweb.dev\/l\/svm-temp\/nyheter\/rea-pa-tagbiljetter-i-spanien\/#primaryimage"},"image":{"@id":"https:\/\/lightweb.dev\/l\/svm-temp\/nyheter\/rea-pa-tagbiljetter-i-spanien\/#primaryimage"},"thumbnailUrl":"https:\/\/lightweb.dev\/l\/svm-temp\/wp-content\/uploads\/2022\/06\/rea-pa-tagbiljetter-i-spanien.png","datePublished":"2020-01-27T23:00:00+00:00","breadcrumb":{"@id":"https:\/\/lightweb.dev\/l\/svm-temp\/nyheter\/rea-pa-tagbiljetter-i-spanien\/#breadcrumb"},"inLanguage":"sv-SE","potentialAction":[{"@type":"ReadAction","target":["https:\/\/lightweb.dev\/l\/svm-temp\/nyheter\/rea-pa-tagbiljetter-i-spanien\/"]}]},{"@type":"ImageObject","inLanguage":"sv-SE","@id":"https:\/\/lightweb.dev\/l\/svm-temp\/nyheter\/rea-pa-tagbiljetter-i-spanien\/#primaryimage","url":"https:\/\/lightweb.dev\/l\/svm-temp\/wp-content\/uploads\/2022\/06\/rea-pa-tagbiljetter-i-spanien.png","contentUrl":"https:\/\/lightweb.dev\/l\/svm-temp\/wp-content\/uploads\/2022\/06\/rea-pa-tagbiljetter-i-spanien.png","width":700,"height":420},{"@type":"BreadcrumbList","@id":"https:\/\/lightweb.dev\/l\/svm-temp\/nyheter\/rea-pa-tagbiljetter-i-spanien\/#breadcrumb","itemListElement":[{"@type":"ListItem","position":1,"name":"Hem","item":"https:\/\/lightweb.dev\/l\/svm-temp\/"},{"@type":"ListItem","position":2,"name":"Rea p\u00e5 t\u00e5gbiljetter i Spanien"}]},{"@type":"WebSite","@id":"https:\/\/lightweb.dev\/l\/svm-temp\/#website","url":"https:\/\/lightweb.dev\/l\/svm-temp\/","name":"Svenska Magasinet","description":"Dina Spanska nyheter p&aring; Svenska","publisher":{"@id":"https:\/\/lightweb.dev\/l\/svm-temp\/#organization"},"potentialAction":[{"@type":"SearchAction","target":{"@type":"EntryPoint","urlTemplate":"https:\/\/lightweb.dev\/l\/svm-temp\/?s={search_term_string}"},"query-input":{"@type":"PropertyValueSpecification","valueRequired":true,"valueName":"search_term_string"}}],"inLanguage":"sv-SE"},{"@type":"Organization","@id":"https:\/\/lightweb.dev\/l\/svm-temp\/#organization","name":"Melkerson y Nott SL","alternateName":"Svenska Magasinet","url":"https:\/\/lightweb.dev\/l\/svm-temp\/","logo":{"@type":"ImageObject","inLanguage":"sv-SE","@id":"https:\/\/lightweb.dev\/l\/svm-temp\/#\/schema\/logo\/image\/","url":"https:\/\/lightweb.dev\/l\/svm-temp\/wp-content\/uploads\/2025\/02\/SvM-logo-Xtra-Centrerad-SVART.png","contentUrl":"https:\/\/lightweb.dev\/l\/svm-temp\/wp-content\/uploads\/2025\/02\/SvM-logo-Xtra-Centrerad-SVART.png","width":300,"height":99,"caption":"Melkerson y Nott SL"},"image":{"@id":"https:\/\/lightweb.dev\/l\/svm-temp\/#\/schema\/logo\/image\/"},"sameAs":["https:\/\/www.facebook.com\/svenskamagasinet","https:\/\/x.com\/SvenskaMagasine"]},{"@type":"Person","@id":"https:\/\/lightweb.dev\/l\/svm-temp\/#\/schema\/person\/206a3bda5b607b0c25e1749191e4d837","name":"Redaktionen SvM","description":"Redaktionen","sameAs":["https:\/\/lightweb.dev\/l\/svm-temp"],"url":"https:\/\/lightweb.dev\/l\/svm-temp\/reporter\/redaktionen\/"}]}},"_links":{"self":[{"href":"https:\/\/lightweb.dev\/l\/svm-temp\/wp-json\/wp\/v2\/posts\/14887","targetHints":{"allow":["GET"]}}],"collection":[{"href":"https:\/\/lightweb.dev\/l\/svm-temp\/wp-json\/wp\/v2\/posts"}],"about":[{"href":"https:\/\/lightweb.dev\/l\/svm-temp\/wp-json\/wp\/v2\/types\/post"}],"author":[{"embeddable":true,"href":"https:\/\/lightweb.dev\/l\/svm-temp\/wp-json\/wp\/v2\/users\/8"}],"replies":[{"embeddable":true,"href":"https:\/\/lightweb.dev\/l\/svm-temp\/wp-json\/wp\/v2\/comments?post=14887"}],"version-history":[{"count":0,"href":"https:\/\/lightweb.dev\/l\/svm-temp\/wp-json\/wp\/v2\/posts\/14887\/revisions"}],"wp:featuredmedia":[{"embeddable":true,"href":"https:\/\/lightweb.dev\/l\/svm-temp\/wp-json\/wp\/v2\/media\/14888"}],"wp:attachment":[{"href":"https:\/\/lightweb.dev\/l\/svm-temp\/wp-json\/wp\/v2\/media?parent=14887"}],"wp:term":[{"taxonomy":"category","embeddable":true,"href":"https:\/\/lightweb.dev\/l\/svm-temp\/wp-json\/wp\/v2\/categories?post=14887"},{"taxonomy":"post_tag","embeddable":true,"href":"https:\/\/lightweb.dev\/l\/svm-temp\/wp-json\/wp\/v2\/tags?post=14887"}],"curies":[{"name":"wp","href":"https:\/\/api.w.org\/{rel}","templated":true}]}}