{"id":14889,"date":"2020-01-27T00:00:00","date_gmt":"2020-01-26T23:00:00","guid":{"rendered":"https:\/\/lightweb.dev\/l\/svm-temp\/nyheter\/tva-nya-publikationer-om-kustens-fagelliv\/"},"modified":"2020-01-27T00:00:00","modified_gmt":"2020-01-26T23:00:00","slug":"tva-nya-publikationer-om-kustens-fagelliv","status":"publish","type":"post","link":"https:\/\/lightweb.dev\/l\/svm-temp\/nyheter\/tva-nya-publikationer-om-kustens-fagelliv\/","title":{"rendered":"Tv\u00e5 nya publikationer om kustens f\u00e5gelliv"},"content":{"rendered":"<p> Intresset f\u00f6r f\u00e5gelsk\u00e5dning bara v\u00e4xer. Det g\u00f6r att provinsstyrelsen Diputaci\u00f3n i M\u00e1laga ger ut tv\u00e5 nya publikationer \u00f6ver vilka f\u00e5gelarter som kan ses p\u00e5 Costa del Sol. B\u00e5da publikationerna kan laddas ner grattis digitalt via webbplatsen birdingmalaga.es.<\/p>\n<p>Enligt Crist\u00f3bal Ortega vid departementet f\u00f6r Milj\u00f6v\u00e5rd, turism och Klimatf\u00f6r\u00e4ndringar ges de b\u00e5da b\u00f6ckerna ut f\u00f6r att fr\u00e4mja och sprida det ornitologiska arvet i M\u00e1laga som ocks\u00e5 s\u00e4tter fokus p\u00e5 milj\u00f6medvetenhet.<\/p>\n<p>Guiden \u201dAves paseriformes de la provincia de M\u00e1laga\u201d presenterar de cirka 150 f\u00e5gelarter som du kan se p\u00e5 kusten och de har delats in i 24 familjer.<\/p>\n<p>Den andra publikationen, \u201dAves esteparias y de medios agr\u00edcolas de la provincia de M\u00e1laga\u201d visar cirka 30 f\u00e5gelarter som trivs i jordbrukslandskap fr\u00e4mst omkring Antequera och Guadalteba.<\/p>\n<p>Provinsstyrelsen har sedan 2014 utgett ett flertal publikationer som ber\u00e4ttar om provinsens rika f\u00e5gelliv. Myndigheten har \u00e4ven arrangerat kurser och utbildningar samt finansierat f\u00e5geltorn i V\u00e9lez-M\u00e1laga, Mijas, Cuevas de San Marcos, Arriate, Pizarra, Casares, Jimera de L\u00edbar, Villanueva del Rosario, Benarrab\u00e1 och Cuevas Bajas.<\/p>\n<p>P\u00e5 webbplatsen birdingmalaga.es hittar du information p\u00e5 spanska och engelska om de cirka 321 f\u00e5gelarter du kan se. En del information \u00e4r \u00e4ven p\u00e5 tyska och franska. H\u00e4r finns \u00e4ven f\u00f6rslag p\u00e5 vandringsleder och platser med f\u00e5geltorn f\u00f6r sk\u00e5dare.<br \/>\n KLICKA H\u00c4R och l\u00e4s mer<\/p>\n","protected":false},"excerpt":{"rendered":"<p>Intresset f\u00f6r f\u00e5gelsk\u00e5dning bara v\u00e4xer. Det g\u00f6r att provinsstyrelsen Diputaci\u00f3n i M\u00e1laga ger ut tv\u00e5 nya publikationer \u00f6ver vilka f\u00e5gelarter som kan ses p\u00e5 Costa del Sol. B\u00e5da publikationerna kan laddas ner grattis digitalt via webbplatsen birdingmalaga.es. Enligt Crist\u00f3bal Ortega vid departementet f\u00f6r Milj\u00f6v\u00e5rd, turism och Klimatf\u00f6r\u00e4ndringar ges de b\u00e5da b\u00f6ckerna ut f\u00f6r att fr\u00e4mja [&hellip;]<\/p>\n","protected":false},"author":8,"featured_media":14890,"comment_status":"open","ping_status":"open","sticky":false,"template":"","format":"standard","meta":{"_et_pb_use_builder":"","_et_pb_old_content":"","_et_gb_content_width":"","footnotes":""},"categories":[395,3],"tags":[],"class_list":["post-14889","post","type-post","status-publish","format-standard","has-post-thumbnail","hentry","category-arkiv-nyheter","category-nyheter"],"yoast_head":"<!-- This site is optimized with the Yoast SEO Premium plugin v26.2 (Yoast SEO v27.4) - https:\/\/yoast.com\/product\/yoast-seo-premium-wordpress\/ -->\n<title>Tv\u00e5 nya publikationer om kustens f\u00e5gelliv - Svenska Magasinet<\/title>\n<meta name=\"robots\" content=\"noindex, follow, max-snippet:-1, max-image-preview:large, max-video-preview:-1\" \/>\n<meta property=\"og:locale\" content=\"sv_SE\" \/>\n<meta property=\"og:type\" content=\"article\" \/>\n<meta property=\"og:title\" content=\"Tv\u00e5 nya publikationer om kustens f\u00e5gelliv\" \/>\n<meta property=\"og:description\" content=\"Intresset f\u00f6r f\u00e5gelsk\u00e5dning bara v\u00e4xer. Det g\u00f6r att provinsstyrelsen Diputaci\u00f3n i M\u00e1laga ger ut tv\u00e5 nya publikationer \u00f6ver vilka f\u00e5gelarter som kan ses p\u00e5 Costa del Sol. B\u00e5da publikationerna kan laddas ner grattis digitalt via webbplatsen birdingmalaga.es. Enligt Crist\u00f3bal Ortega vid departementet f\u00f6r Milj\u00f6v\u00e5rd, turism och Klimatf\u00f6r\u00e4ndringar ges de b\u00e5da b\u00f6ckerna ut f\u00f6r att fr\u00e4mja [&hellip;]\" \/>\n<meta property=\"og:url\" content=\"https:\/\/lightweb.dev\/l\/svm-temp\/nyheter\/tva-nya-publikationer-om-kustens-fagelliv\/\" \/>\n<meta property=\"og:site_name\" content=\"Svenska Magasinet\" \/>\n<meta property=\"article:publisher\" content=\"https:\/\/www.facebook.com\/svenskamagasinet\" \/>\n<meta property=\"article:published_time\" content=\"2020-01-26T23:00:00+00:00\" \/>\n<meta property=\"og:image\" content=\"https:\/\/lightweb.dev\/l\/svm-temp\/wp-content\/uploads\/2022\/06\/tva-nya-publikationer-om-kustens-fagelliv.png\" \/>\n\t<meta property=\"og:image:width\" content=\"700\" \/>\n\t<meta property=\"og:image:height\" content=\"420\" \/>\n\t<meta property=\"og:image:type\" content=\"image\/png\" \/>\n<meta name=\"author\" content=\"Redaktionen SvM\" \/>\n<meta name=\"twitter:card\" content=\"summary_large_image\" \/>\n<meta name=\"twitter:creator\" content=\"@SvenskaMagasine\" \/>\n<meta name=\"twitter:site\" content=\"@SvenskaMagasine\" \/>\n<script type=\"application\/ld+json\" class=\"yoast-schema-graph\">{\"@context\":\"https:\\\/\\\/schema.org\",\"@graph\":[{\"@type\":\"Article\",\"@id\":\"https:\\\/\\\/lightweb.dev\\\/l\\\/svm-temp\\\/nyheter\\\/tva-nya-publikationer-om-kustens-fagelliv\\\/#article\",\"isPartOf\":{\"@id\":\"https:\\\/\\\/lightweb.dev\\\/l\\\/svm-temp\\\/nyheter\\\/tva-nya-publikationer-om-kustens-fagelliv\\\/\"},\"author\":{\"name\":\"Redaktionen SvM\",\"@id\":\"https:\\\/\\\/lightweb.dev\\\/l\\\/svm-temp\\\/#\\\/schema\\\/person\\\/206a3bda5b607b0c25e1749191e4d837\"},\"headline\":\"Tv\u00e5 nya publikationer om kustens f\u00e5gelliv\",\"datePublished\":\"2020-01-26T23:00:00+00:00\",\"mainEntityOfPage\":{\"@id\":\"https:\\\/\\\/lightweb.dev\\\/l\\\/svm-temp\\\/nyheter\\\/tva-nya-publikationer-om-kustens-fagelliv\\\/\"},\"wordCount\":256,\"commentCount\":0,\"publisher\":{\"@id\":\"https:\\\/\\\/lightweb.dev\\\/l\\\/svm-temp\\\/#organization\"},\"image\":{\"@id\":\"https:\\\/\\\/lightweb.dev\\\/l\\\/svm-temp\\\/nyheter\\\/tva-nya-publikationer-om-kustens-fagelliv\\\/#primaryimage\"},\"thumbnailUrl\":\"https:\\\/\\\/lightweb.dev\\\/l\\\/svm-temp\\\/wp-content\\\/uploads\\\/2022\\\/06\\\/tva-nya-publikationer-om-kustens-fagelliv.png\",\"articleSection\":[\"Arkiv\",\"Nyheter\"],\"inLanguage\":\"sv-SE\"},{\"@type\":\"WebPage\",\"@id\":\"https:\\\/\\\/lightweb.dev\\\/l\\\/svm-temp\\\/nyheter\\\/tva-nya-publikationer-om-kustens-fagelliv\\\/\",\"url\":\"https:\\\/\\\/lightweb.dev\\\/l\\\/svm-temp\\\/nyheter\\\/tva-nya-publikationer-om-kustens-fagelliv\\\/\",\"name\":\"Tv\u00e5 nya publikationer om kustens f\u00e5gelliv - Svenska Magasinet\",\"isPartOf\":{\"@id\":\"https:\\\/\\\/lightweb.dev\\\/l\\\/svm-temp\\\/#website\"},\"primaryImageOfPage\":{\"@id\":\"https:\\\/\\\/lightweb.dev\\\/l\\\/svm-temp\\\/nyheter\\\/tva-nya-publikationer-om-kustens-fagelliv\\\/#primaryimage\"},\"image\":{\"@id\":\"https:\\\/\\\/lightweb.dev\\\/l\\\/svm-temp\\\/nyheter\\\/tva-nya-publikationer-om-kustens-fagelliv\\\/#primaryimage\"},\"thumbnailUrl\":\"https:\\\/\\\/lightweb.dev\\\/l\\\/svm-temp\\\/wp-content\\\/uploads\\\/2022\\\/06\\\/tva-nya-publikationer-om-kustens-fagelliv.png\",\"datePublished\":\"2020-01-26T23:00:00+00:00\",\"breadcrumb\":{\"@id\":\"https:\\\/\\\/lightweb.dev\\\/l\\\/svm-temp\\\/nyheter\\\/tva-nya-publikationer-om-kustens-fagelliv\\\/#breadcrumb\"},\"inLanguage\":\"sv-SE\",\"potentialAction\":[{\"@type\":\"ReadAction\",\"target\":[\"https:\\\/\\\/lightweb.dev\\\/l\\\/svm-temp\\\/nyheter\\\/tva-nya-publikationer-om-kustens-fagelliv\\\/\"]}]},{\"@type\":\"ImageObject\",\"inLanguage\":\"sv-SE\",\"@id\":\"https:\\\/\\\/lightweb.dev\\\/l\\\/svm-temp\\\/nyheter\\\/tva-nya-publikationer-om-kustens-fagelliv\\\/#primaryimage\",\"url\":\"https:\\\/\\\/lightweb.dev\\\/l\\\/svm-temp\\\/wp-content\\\/uploads\\\/2022\\\/06\\\/tva-nya-publikationer-om-kustens-fagelliv.png\",\"contentUrl\":\"https:\\\/\\\/lightweb.dev\\\/l\\\/svm-temp\\\/wp-content\\\/uploads\\\/2022\\\/06\\\/tva-nya-publikationer-om-kustens-fagelliv.png\",\"width\":700,\"height\":420},{\"@type\":\"BreadcrumbList\",\"@id\":\"https:\\\/\\\/lightweb.dev\\\/l\\\/svm-temp\\\/nyheter\\\/tva-nya-publikationer-om-kustens-fagelliv\\\/#breadcrumb\",\"itemListElement\":[{\"@type\":\"ListItem\",\"position\":1,\"name\":\"Hem\",\"item\":\"https:\\\/\\\/lightweb.dev\\\/l\\\/svm-temp\\\/\"},{\"@type\":\"ListItem\",\"position\":2,\"name\":\"Tv\u00e5 nya publikationer om kustens f\u00e5gelliv\"}]},{\"@type\":\"WebSite\",\"@id\":\"https:\\\/\\\/lightweb.dev\\\/l\\\/svm-temp\\\/#website\",\"url\":\"https:\\\/\\\/lightweb.dev\\\/l\\\/svm-temp\\\/\",\"name\":\"Svenska Magasinet\",\"description\":\"Dina Spanska nyheter p&aring; Svenska\",\"publisher\":{\"@id\":\"https:\\\/\\\/lightweb.dev\\\/l\\\/svm-temp\\\/#organization\"},\"potentialAction\":[{\"@type\":\"SearchAction\",\"target\":{\"@type\":\"EntryPoint\",\"urlTemplate\":\"https:\\\/\\\/lightweb.dev\\\/l\\\/svm-temp\\\/?s={search_term_string}\"},\"query-input\":{\"@type\":\"PropertyValueSpecification\",\"valueRequired\":true,\"valueName\":\"search_term_string\"}}],\"inLanguage\":\"sv-SE\"},{\"@type\":\"Organization\",\"@id\":\"https:\\\/\\\/lightweb.dev\\\/l\\\/svm-temp\\\/#organization\",\"name\":\"Melkerson y Nott SL\",\"alternateName\":\"Svenska Magasinet\",\"url\":\"https:\\\/\\\/lightweb.dev\\\/l\\\/svm-temp\\\/\",\"logo\":{\"@type\":\"ImageObject\",\"inLanguage\":\"sv-SE\",\"@id\":\"https:\\\/\\\/lightweb.dev\\\/l\\\/svm-temp\\\/#\\\/schema\\\/logo\\\/image\\\/\",\"url\":\"https:\\\/\\\/lightweb.dev\\\/l\\\/svm-temp\\\/wp-content\\\/uploads\\\/2025\\\/02\\\/SvM-logo-Xtra-Centrerad-SVART.png\",\"contentUrl\":\"https:\\\/\\\/lightweb.dev\\\/l\\\/svm-temp\\\/wp-content\\\/uploads\\\/2025\\\/02\\\/SvM-logo-Xtra-Centrerad-SVART.png\",\"width\":300,\"height\":99,\"caption\":\"Melkerson y Nott SL\"},\"image\":{\"@id\":\"https:\\\/\\\/lightweb.dev\\\/l\\\/svm-temp\\\/#\\\/schema\\\/logo\\\/image\\\/\"},\"sameAs\":[\"https:\\\/\\\/www.facebook.com\\\/svenskamagasinet\",\"https:\\\/\\\/x.com\\\/SvenskaMagasine\"]},{\"@type\":\"Person\",\"@id\":\"https:\\\/\\\/lightweb.dev\\\/l\\\/svm-temp\\\/#\\\/schema\\\/person\\\/206a3bda5b607b0c25e1749191e4d837\",\"name\":\"Redaktionen SvM\",\"description\":\"Redaktionen\",\"sameAs\":[\"https:\\\/\\\/lightweb.dev\\\/l\\\/svm-temp\"],\"url\":\"https:\\\/\\\/lightweb.dev\\\/l\\\/svm-temp\\\/reporter\\\/redaktionen\\\/\"}]}<\/script>\n<!-- \/ Yoast SEO Premium plugin. -->","yoast_head_json":{"title":"Tv\u00e5 nya publikationer om kustens f\u00e5gelliv - Svenska Magasinet","robots":{"index":"noindex","follow":"follow","max-snippet":"max-snippet:-1","max-image-preview":"max-image-preview:large","max-video-preview":"max-video-preview:-1"},"og_locale":"sv_SE","og_type":"article","og_title":"Tv\u00e5 nya publikationer om kustens f\u00e5gelliv","og_description":"Intresset f\u00f6r f\u00e5gelsk\u00e5dning bara v\u00e4xer. Det g\u00f6r att provinsstyrelsen Diputaci\u00f3n i M\u00e1laga ger ut tv\u00e5 nya publikationer \u00f6ver vilka f\u00e5gelarter som kan ses p\u00e5 Costa del Sol. B\u00e5da publikationerna kan laddas ner grattis digitalt via webbplatsen birdingmalaga.es. Enligt Crist\u00f3bal Ortega vid departementet f\u00f6r Milj\u00f6v\u00e5rd, turism och Klimatf\u00f6r\u00e4ndringar ges de b\u00e5da b\u00f6ckerna ut f\u00f6r att fr\u00e4mja [&hellip;]","og_url":"https:\/\/lightweb.dev\/l\/svm-temp\/nyheter\/tva-nya-publikationer-om-kustens-fagelliv\/","og_site_name":"Svenska Magasinet","article_publisher":"https:\/\/www.facebook.com\/svenskamagasinet","article_published_time":"2020-01-26T23:00:00+00:00","og_image":[{"width":700,"height":420,"url":"https:\/\/lightweb.dev\/l\/svm-temp\/wp-content\/uploads\/2022\/06\/tva-nya-publikationer-om-kustens-fagelliv.png","type":"image\/png"}],"author":"Redaktionen SvM","twitter_card":"summary_large_image","twitter_creator":"@SvenskaMagasine","twitter_site":"@SvenskaMagasine","schema":{"@context":"https:\/\/schema.org","@graph":[{"@type":"Article","@id":"https:\/\/lightweb.dev\/l\/svm-temp\/nyheter\/tva-nya-publikationer-om-kustens-fagelliv\/#article","isPartOf":{"@id":"https:\/\/lightweb.dev\/l\/svm-temp\/nyheter\/tva-nya-publikationer-om-kustens-fagelliv\/"},"author":{"name":"Redaktionen SvM","@id":"https:\/\/lightweb.dev\/l\/svm-temp\/#\/schema\/person\/206a3bda5b607b0c25e1749191e4d837"},"headline":"Tv\u00e5 nya publikationer om kustens f\u00e5gelliv","datePublished":"2020-01-26T23:00:00+00:00","mainEntityOfPage":{"@id":"https:\/\/lightweb.dev\/l\/svm-temp\/nyheter\/tva-nya-publikationer-om-kustens-fagelliv\/"},"wordCount":256,"commentCount":0,"publisher":{"@id":"https:\/\/lightweb.dev\/l\/svm-temp\/#organization"},"image":{"@id":"https:\/\/lightweb.dev\/l\/svm-temp\/nyheter\/tva-nya-publikationer-om-kustens-fagelliv\/#primaryimage"},"thumbnailUrl":"https:\/\/lightweb.dev\/l\/svm-temp\/wp-content\/uploads\/2022\/06\/tva-nya-publikationer-om-kustens-fagelliv.png","articleSection":["Arkiv","Nyheter"],"inLanguage":"sv-SE"},{"@type":"WebPage","@id":"https:\/\/lightweb.dev\/l\/svm-temp\/nyheter\/tva-nya-publikationer-om-kustens-fagelliv\/","url":"https:\/\/lightweb.dev\/l\/svm-temp\/nyheter\/tva-nya-publikationer-om-kustens-fagelliv\/","name":"Tv\u00e5 nya publikationer om kustens f\u00e5gelliv - Svenska Magasinet","isPartOf":{"@id":"https:\/\/lightweb.dev\/l\/svm-temp\/#website"},"primaryImageOfPage":{"@id":"https:\/\/lightweb.dev\/l\/svm-temp\/nyheter\/tva-nya-publikationer-om-kustens-fagelliv\/#primaryimage"},"image":{"@id":"https:\/\/lightweb.dev\/l\/svm-temp\/nyheter\/tva-nya-publikationer-om-kustens-fagelliv\/#primaryimage"},"thumbnailUrl":"https:\/\/lightweb.dev\/l\/svm-temp\/wp-content\/uploads\/2022\/06\/tva-nya-publikationer-om-kustens-fagelliv.png","datePublished":"2020-01-26T23:00:00+00:00","breadcrumb":{"@id":"https:\/\/lightweb.dev\/l\/svm-temp\/nyheter\/tva-nya-publikationer-om-kustens-fagelliv\/#breadcrumb"},"inLanguage":"sv-SE","potentialAction":[{"@type":"ReadAction","target":["https:\/\/lightweb.dev\/l\/svm-temp\/nyheter\/tva-nya-publikationer-om-kustens-fagelliv\/"]}]},{"@type":"ImageObject","inLanguage":"sv-SE","@id":"https:\/\/lightweb.dev\/l\/svm-temp\/nyheter\/tva-nya-publikationer-om-kustens-fagelliv\/#primaryimage","url":"https:\/\/lightweb.dev\/l\/svm-temp\/wp-content\/uploads\/2022\/06\/tva-nya-publikationer-om-kustens-fagelliv.png","contentUrl":"https:\/\/lightweb.dev\/l\/svm-temp\/wp-content\/uploads\/2022\/06\/tva-nya-publikationer-om-kustens-fagelliv.png","width":700,"height":420},{"@type":"BreadcrumbList","@id":"https:\/\/lightweb.dev\/l\/svm-temp\/nyheter\/tva-nya-publikationer-om-kustens-fagelliv\/#breadcrumb","itemListElement":[{"@type":"ListItem","position":1,"name":"Hem","item":"https:\/\/lightweb.dev\/l\/svm-temp\/"},{"@type":"ListItem","position":2,"name":"Tv\u00e5 nya publikationer om kustens f\u00e5gelliv"}]},{"@type":"WebSite","@id":"https:\/\/lightweb.dev\/l\/svm-temp\/#website","url":"https:\/\/lightweb.dev\/l\/svm-temp\/","name":"Svenska Magasinet","description":"Dina Spanska nyheter p&aring; Svenska","publisher":{"@id":"https:\/\/lightweb.dev\/l\/svm-temp\/#organization"},"potentialAction":[{"@type":"SearchAction","target":{"@type":"EntryPoint","urlTemplate":"https:\/\/lightweb.dev\/l\/svm-temp\/?s={search_term_string}"},"query-input":{"@type":"PropertyValueSpecification","valueRequired":true,"valueName":"search_term_string"}}],"inLanguage":"sv-SE"},{"@type":"Organization","@id":"https:\/\/lightweb.dev\/l\/svm-temp\/#organization","name":"Melkerson y Nott SL","alternateName":"Svenska Magasinet","url":"https:\/\/lightweb.dev\/l\/svm-temp\/","logo":{"@type":"ImageObject","inLanguage":"sv-SE","@id":"https:\/\/lightweb.dev\/l\/svm-temp\/#\/schema\/logo\/image\/","url":"https:\/\/lightweb.dev\/l\/svm-temp\/wp-content\/uploads\/2025\/02\/SvM-logo-Xtra-Centrerad-SVART.png","contentUrl":"https:\/\/lightweb.dev\/l\/svm-temp\/wp-content\/uploads\/2025\/02\/SvM-logo-Xtra-Centrerad-SVART.png","width":300,"height":99,"caption":"Melkerson y Nott SL"},"image":{"@id":"https:\/\/lightweb.dev\/l\/svm-temp\/#\/schema\/logo\/image\/"},"sameAs":["https:\/\/www.facebook.com\/svenskamagasinet","https:\/\/x.com\/SvenskaMagasine"]},{"@type":"Person","@id":"https:\/\/lightweb.dev\/l\/svm-temp\/#\/schema\/person\/206a3bda5b607b0c25e1749191e4d837","name":"Redaktionen SvM","description":"Redaktionen","sameAs":["https:\/\/lightweb.dev\/l\/svm-temp"],"url":"https:\/\/lightweb.dev\/l\/svm-temp\/reporter\/redaktionen\/"}]}},"_links":{"self":[{"href":"https:\/\/lightweb.dev\/l\/svm-temp\/wp-json\/wp\/v2\/posts\/14889","targetHints":{"allow":["GET"]}}],"collection":[{"href":"https:\/\/lightweb.dev\/l\/svm-temp\/wp-json\/wp\/v2\/posts"}],"about":[{"href":"https:\/\/lightweb.dev\/l\/svm-temp\/wp-json\/wp\/v2\/types\/post"}],"author":[{"embeddable":true,"href":"https:\/\/lightweb.dev\/l\/svm-temp\/wp-json\/wp\/v2\/users\/8"}],"replies":[{"embeddable":true,"href":"https:\/\/lightweb.dev\/l\/svm-temp\/wp-json\/wp\/v2\/comments?post=14889"}],"version-history":[{"count":0,"href":"https:\/\/lightweb.dev\/l\/svm-temp\/wp-json\/wp\/v2\/posts\/14889\/revisions"}],"wp:featuredmedia":[{"embeddable":true,"href":"https:\/\/lightweb.dev\/l\/svm-temp\/wp-json\/wp\/v2\/media\/14890"}],"wp:attachment":[{"href":"https:\/\/lightweb.dev\/l\/svm-temp\/wp-json\/wp\/v2\/media?parent=14889"}],"wp:term":[{"taxonomy":"category","embeddable":true,"href":"https:\/\/lightweb.dev\/l\/svm-temp\/wp-json\/wp\/v2\/categories?post=14889"},{"taxonomy":"post_tag","embeddable":true,"href":"https:\/\/lightweb.dev\/l\/svm-temp\/wp-json\/wp\/v2\/tags?post=14889"}],"curies":[{"name":"wp","href":"https:\/\/api.w.org\/{rel}","templated":true}]}}