{"id":14891,"date":"2020-01-27T00:00:00","date_gmt":"2020-01-26T23:00:00","guid":{"rendered":"https:\/\/lightweb.dev\/l\/svm-temp\/nyheter\/gor-verklighet-av-guadalhorcemotorvagen-kraver-allt-fler\/"},"modified":"2020-01-27T00:00:00","modified_gmt":"2020-01-26T23:00:00","slug":"gor-verklighet-av-guadalhorcemotorvagen-kraver-allt-fler","status":"publish","type":"post","link":"https:\/\/lightweb.dev\/l\/svm-temp\/nyheter\/gor-verklighet-av-guadalhorcemotorvagen-kraver-allt-fler\/","title":{"rendered":"G\u00f6r verklighet av \u201dGuadalhorcemotorv\u00e4gen\u201d kr\u00e4ver allt fler"},"content":{"rendered":"<p> Avfolkningen i inlandskommuner i provinsen M\u00e1laga \u00e4r ett stort problem. M\u00e5nga mindre samh\u00e4llen brottas med sjunkande inv\u00e5narantalet. Bra kommunikationer och v\u00e4gar lyfts fram som en av l\u00f6sningarna. \u201dGuadalhorcemotorv\u00e4gen\u201d \u00e4r ett f\u00f6rslag som b\u00e5de ska st\u00f6dja inlandskommuner och de boende som arbetar p\u00e5 kusten.<\/p>\n<p>A-357 som g\u00e5r fr\u00e5n M\u00e1laga och vidare mot C\u00e1rtama med avstickare till Co\u00edn, Alhaurin El Grande och Torre, Pizarra, \u00c1lora, Carratraca, Ardales, Campillos, Teba och Ronda \u00e4r under h\u00e5rt tryck. Det \u00e4r en av de mest olycksdrabbade v\u00e4garna i provinsen. V\u00e4gen g\u00e5r i en \u00f6st-v\u00e4stlig riktning.<\/p>\n<p>I dagsl\u00e4get \u00e4r det bara motorv\u00e4g fram till Casapalma (r\u00edo Grande) och vidare mot Campillos vanlig landsv\u00e4g. 1992 tog regionalregeringen Junta de Andaluc\u00eda ett beslut om att bygga en snabbg\u00e5ende motorv\u00e4g mellan M\u00e1laga och Ronda som skulle g\u00e5 i inlandet. Men bara 70 km har blivit verklighet och projektet st\u00e5r still sedan 2010.<\/p>\n<p>Allt fler borgm\u00e4stare och f\u00f6reningar i omr\u00e5det ber nu att projektet fr\u00e5n 1992 slutf\u00f6rs. Cirka 21.000 personer anv\u00e4nder dagligen A-357 enligt unders\u00f6kningar.<\/p>\n<p>(Foto: Google Maps)<\/p>\n","protected":false},"excerpt":{"rendered":"<p>Avfolkningen i inlandskommuner i provinsen M\u00e1laga \u00e4r ett stort problem. M\u00e5nga mindre samh\u00e4llen brottas med sjunkande inv\u00e5narantalet. Bra kommunikationer och v\u00e4gar lyfts fram som en av l\u00f6sningarna. \u201dGuadalhorcemotorv\u00e4gen\u201d \u00e4r ett f\u00f6rslag som b\u00e5de ska st\u00f6dja inlandskommuner och de boende som arbetar p\u00e5 kusten. A-357 som g\u00e5r fr\u00e5n M\u00e1laga och vidare mot C\u00e1rtama med avstickare till [&hellip;]<\/p>\n","protected":false},"author":8,"featured_media":14892,"comment_status":"open","ping_status":"open","sticky":false,"template":"","format":"standard","meta":{"_et_pb_use_builder":"","_et_pb_old_content":"","_et_gb_content_width":"","footnotes":""},"categories":[395,3],"tags":[],"class_list":["post-14891","post","type-post","status-publish","format-standard","has-post-thumbnail","hentry","category-arkiv-nyheter","category-nyheter"],"yoast_head":"<!-- This site is optimized with the Yoast SEO Premium plugin v26.2 (Yoast SEO v27.4) - https:\/\/yoast.com\/product\/yoast-seo-premium-wordpress\/ -->\n<title>G\u00f6r verklighet av \u201dGuadalhorcemotorv\u00e4gen\u201d kr\u00e4ver allt fler - Svenska Magasinet<\/title>\n<meta name=\"robots\" content=\"noindex, follow, max-snippet:-1, max-image-preview:large, max-video-preview:-1\" \/>\n<meta property=\"og:locale\" content=\"sv_SE\" \/>\n<meta property=\"og:type\" content=\"article\" \/>\n<meta property=\"og:title\" content=\"G\u00f6r verklighet av \u201dGuadalhorcemotorv\u00e4gen\u201d kr\u00e4ver allt fler\" \/>\n<meta property=\"og:description\" content=\"Avfolkningen i inlandskommuner i provinsen M\u00e1laga \u00e4r ett stort problem. M\u00e5nga mindre samh\u00e4llen brottas med sjunkande inv\u00e5narantalet. Bra kommunikationer och v\u00e4gar lyfts fram som en av l\u00f6sningarna. \u201dGuadalhorcemotorv\u00e4gen\u201d \u00e4r ett f\u00f6rslag som b\u00e5de ska st\u00f6dja inlandskommuner och de boende som arbetar p\u00e5 kusten. A-357 som g\u00e5r fr\u00e5n M\u00e1laga och vidare mot C\u00e1rtama med avstickare till [&hellip;]\" \/>\n<meta property=\"og:url\" content=\"https:\/\/lightweb.dev\/l\/svm-temp\/nyheter\/gor-verklighet-av-guadalhorcemotorvagen-kraver-allt-fler\/\" \/>\n<meta property=\"og:site_name\" content=\"Svenska Magasinet\" \/>\n<meta property=\"article:publisher\" content=\"https:\/\/www.facebook.com\/svenskamagasinet\" \/>\n<meta property=\"article:published_time\" content=\"2020-01-26T23:00:00+00:00\" \/>\n<meta property=\"og:image\" content=\"https:\/\/lightweb.dev\/l\/svm-temp\/wp-content\/uploads\/2022\/06\/gor-verklighet-av-guadalhorcemotorvagen-kraver-allt-fler.png\" \/>\n\t<meta property=\"og:image:width\" content=\"700\" \/>\n\t<meta property=\"og:image:height\" content=\"420\" \/>\n\t<meta property=\"og:image:type\" content=\"image\/png\" \/>\n<meta name=\"author\" content=\"Redaktionen SvM\" \/>\n<meta name=\"twitter:card\" content=\"summary_large_image\" \/>\n<meta name=\"twitter:creator\" content=\"@SvenskaMagasine\" \/>\n<meta name=\"twitter:site\" content=\"@SvenskaMagasine\" \/>\n<script type=\"application\/ld+json\" class=\"yoast-schema-graph\">{\"@context\":\"https:\\\/\\\/schema.org\",\"@graph\":[{\"@type\":\"Article\",\"@id\":\"https:\\\/\\\/lightweb.dev\\\/l\\\/svm-temp\\\/nyheter\\\/gor-verklighet-av-guadalhorcemotorvagen-kraver-allt-fler\\\/#article\",\"isPartOf\":{\"@id\":\"https:\\\/\\\/lightweb.dev\\\/l\\\/svm-temp\\\/nyheter\\\/gor-verklighet-av-guadalhorcemotorvagen-kraver-allt-fler\\\/\"},\"author\":{\"name\":\"Redaktionen SvM\",\"@id\":\"https:\\\/\\\/lightweb.dev\\\/l\\\/svm-temp\\\/#\\\/schema\\\/person\\\/206a3bda5b607b0c25e1749191e4d837\"},\"headline\":\"G\u00f6r verklighet av \u201dGuadalhorcemotorv\u00e4gen\u201d kr\u00e4ver allt fler\",\"datePublished\":\"2020-01-26T23:00:00+00:00\",\"mainEntityOfPage\":{\"@id\":\"https:\\\/\\\/lightweb.dev\\\/l\\\/svm-temp\\\/nyheter\\\/gor-verklighet-av-guadalhorcemotorvagen-kraver-allt-fler\\\/\"},\"wordCount\":208,\"commentCount\":0,\"publisher\":{\"@id\":\"https:\\\/\\\/lightweb.dev\\\/l\\\/svm-temp\\\/#organization\"},\"image\":{\"@id\":\"https:\\\/\\\/lightweb.dev\\\/l\\\/svm-temp\\\/nyheter\\\/gor-verklighet-av-guadalhorcemotorvagen-kraver-allt-fler\\\/#primaryimage\"},\"thumbnailUrl\":\"https:\\\/\\\/lightweb.dev\\\/l\\\/svm-temp\\\/wp-content\\\/uploads\\\/2022\\\/06\\\/gor-verklighet-av-guadalhorcemotorvagen-kraver-allt-fler.png\",\"articleSection\":[\"Arkiv\",\"Nyheter\"],\"inLanguage\":\"sv-SE\"},{\"@type\":\"WebPage\",\"@id\":\"https:\\\/\\\/lightweb.dev\\\/l\\\/svm-temp\\\/nyheter\\\/gor-verklighet-av-guadalhorcemotorvagen-kraver-allt-fler\\\/\",\"url\":\"https:\\\/\\\/lightweb.dev\\\/l\\\/svm-temp\\\/nyheter\\\/gor-verklighet-av-guadalhorcemotorvagen-kraver-allt-fler\\\/\",\"name\":\"G\u00f6r verklighet av \u201dGuadalhorcemotorv\u00e4gen\u201d kr\u00e4ver allt fler - Svenska Magasinet\",\"isPartOf\":{\"@id\":\"https:\\\/\\\/lightweb.dev\\\/l\\\/svm-temp\\\/#website\"},\"primaryImageOfPage\":{\"@id\":\"https:\\\/\\\/lightweb.dev\\\/l\\\/svm-temp\\\/nyheter\\\/gor-verklighet-av-guadalhorcemotorvagen-kraver-allt-fler\\\/#primaryimage\"},\"image\":{\"@id\":\"https:\\\/\\\/lightweb.dev\\\/l\\\/svm-temp\\\/nyheter\\\/gor-verklighet-av-guadalhorcemotorvagen-kraver-allt-fler\\\/#primaryimage\"},\"thumbnailUrl\":\"https:\\\/\\\/lightweb.dev\\\/l\\\/svm-temp\\\/wp-content\\\/uploads\\\/2022\\\/06\\\/gor-verklighet-av-guadalhorcemotorvagen-kraver-allt-fler.png\",\"datePublished\":\"2020-01-26T23:00:00+00:00\",\"breadcrumb\":{\"@id\":\"https:\\\/\\\/lightweb.dev\\\/l\\\/svm-temp\\\/nyheter\\\/gor-verklighet-av-guadalhorcemotorvagen-kraver-allt-fler\\\/#breadcrumb\"},\"inLanguage\":\"sv-SE\",\"potentialAction\":[{\"@type\":\"ReadAction\",\"target\":[\"https:\\\/\\\/lightweb.dev\\\/l\\\/svm-temp\\\/nyheter\\\/gor-verklighet-av-guadalhorcemotorvagen-kraver-allt-fler\\\/\"]}]},{\"@type\":\"ImageObject\",\"inLanguage\":\"sv-SE\",\"@id\":\"https:\\\/\\\/lightweb.dev\\\/l\\\/svm-temp\\\/nyheter\\\/gor-verklighet-av-guadalhorcemotorvagen-kraver-allt-fler\\\/#primaryimage\",\"url\":\"https:\\\/\\\/lightweb.dev\\\/l\\\/svm-temp\\\/wp-content\\\/uploads\\\/2022\\\/06\\\/gor-verklighet-av-guadalhorcemotorvagen-kraver-allt-fler.png\",\"contentUrl\":\"https:\\\/\\\/lightweb.dev\\\/l\\\/svm-temp\\\/wp-content\\\/uploads\\\/2022\\\/06\\\/gor-verklighet-av-guadalhorcemotorvagen-kraver-allt-fler.png\",\"width\":700,\"height\":420},{\"@type\":\"BreadcrumbList\",\"@id\":\"https:\\\/\\\/lightweb.dev\\\/l\\\/svm-temp\\\/nyheter\\\/gor-verklighet-av-guadalhorcemotorvagen-kraver-allt-fler\\\/#breadcrumb\",\"itemListElement\":[{\"@type\":\"ListItem\",\"position\":1,\"name\":\"Hem\",\"item\":\"https:\\\/\\\/lightweb.dev\\\/l\\\/svm-temp\\\/\"},{\"@type\":\"ListItem\",\"position\":2,\"name\":\"G\u00f6r verklighet av \u201dGuadalhorcemotorv\u00e4gen\u201d kr\u00e4ver allt fler\"}]},{\"@type\":\"WebSite\",\"@id\":\"https:\\\/\\\/lightweb.dev\\\/l\\\/svm-temp\\\/#website\",\"url\":\"https:\\\/\\\/lightweb.dev\\\/l\\\/svm-temp\\\/\",\"name\":\"Svenska Magasinet\",\"description\":\"Dina Spanska nyheter p&aring; Svenska\",\"publisher\":{\"@id\":\"https:\\\/\\\/lightweb.dev\\\/l\\\/svm-temp\\\/#organization\"},\"potentialAction\":[{\"@type\":\"SearchAction\",\"target\":{\"@type\":\"EntryPoint\",\"urlTemplate\":\"https:\\\/\\\/lightweb.dev\\\/l\\\/svm-temp\\\/?s={search_term_string}\"},\"query-input\":{\"@type\":\"PropertyValueSpecification\",\"valueRequired\":true,\"valueName\":\"search_term_string\"}}],\"inLanguage\":\"sv-SE\"},{\"@type\":\"Organization\",\"@id\":\"https:\\\/\\\/lightweb.dev\\\/l\\\/svm-temp\\\/#organization\",\"name\":\"Melkerson y Nott SL\",\"alternateName\":\"Svenska Magasinet\",\"url\":\"https:\\\/\\\/lightweb.dev\\\/l\\\/svm-temp\\\/\",\"logo\":{\"@type\":\"ImageObject\",\"inLanguage\":\"sv-SE\",\"@id\":\"https:\\\/\\\/lightweb.dev\\\/l\\\/svm-temp\\\/#\\\/schema\\\/logo\\\/image\\\/\",\"url\":\"https:\\\/\\\/lightweb.dev\\\/l\\\/svm-temp\\\/wp-content\\\/uploads\\\/2025\\\/02\\\/SvM-logo-Xtra-Centrerad-SVART.png\",\"contentUrl\":\"https:\\\/\\\/lightweb.dev\\\/l\\\/svm-temp\\\/wp-content\\\/uploads\\\/2025\\\/02\\\/SvM-logo-Xtra-Centrerad-SVART.png\",\"width\":300,\"height\":99,\"caption\":\"Melkerson y Nott SL\"},\"image\":{\"@id\":\"https:\\\/\\\/lightweb.dev\\\/l\\\/svm-temp\\\/#\\\/schema\\\/logo\\\/image\\\/\"},\"sameAs\":[\"https:\\\/\\\/www.facebook.com\\\/svenskamagasinet\",\"https:\\\/\\\/x.com\\\/SvenskaMagasine\"]},{\"@type\":\"Person\",\"@id\":\"https:\\\/\\\/lightweb.dev\\\/l\\\/svm-temp\\\/#\\\/schema\\\/person\\\/206a3bda5b607b0c25e1749191e4d837\",\"name\":\"Redaktionen SvM\",\"description\":\"Redaktionen\",\"sameAs\":[\"https:\\\/\\\/lightweb.dev\\\/l\\\/svm-temp\"],\"url\":\"https:\\\/\\\/lightweb.dev\\\/l\\\/svm-temp\\\/reporter\\\/redaktionen\\\/\"}]}<\/script>\n<!-- \/ Yoast SEO Premium plugin. -->","yoast_head_json":{"title":"G\u00f6r verklighet av \u201dGuadalhorcemotorv\u00e4gen\u201d kr\u00e4ver allt fler - Svenska Magasinet","robots":{"index":"noindex","follow":"follow","max-snippet":"max-snippet:-1","max-image-preview":"max-image-preview:large","max-video-preview":"max-video-preview:-1"},"og_locale":"sv_SE","og_type":"article","og_title":"G\u00f6r verklighet av \u201dGuadalhorcemotorv\u00e4gen\u201d kr\u00e4ver allt fler","og_description":"Avfolkningen i inlandskommuner i provinsen M\u00e1laga \u00e4r ett stort problem. M\u00e5nga mindre samh\u00e4llen brottas med sjunkande inv\u00e5narantalet. Bra kommunikationer och v\u00e4gar lyfts fram som en av l\u00f6sningarna. \u201dGuadalhorcemotorv\u00e4gen\u201d \u00e4r ett f\u00f6rslag som b\u00e5de ska st\u00f6dja inlandskommuner och de boende som arbetar p\u00e5 kusten. A-357 som g\u00e5r fr\u00e5n M\u00e1laga och vidare mot C\u00e1rtama med avstickare till [&hellip;]","og_url":"https:\/\/lightweb.dev\/l\/svm-temp\/nyheter\/gor-verklighet-av-guadalhorcemotorvagen-kraver-allt-fler\/","og_site_name":"Svenska Magasinet","article_publisher":"https:\/\/www.facebook.com\/svenskamagasinet","article_published_time":"2020-01-26T23:00:00+00:00","og_image":[{"width":700,"height":420,"url":"https:\/\/lightweb.dev\/l\/svm-temp\/wp-content\/uploads\/2022\/06\/gor-verklighet-av-guadalhorcemotorvagen-kraver-allt-fler.png","type":"image\/png"}],"author":"Redaktionen SvM","twitter_card":"summary_large_image","twitter_creator":"@SvenskaMagasine","twitter_site":"@SvenskaMagasine","schema":{"@context":"https:\/\/schema.org","@graph":[{"@type":"Article","@id":"https:\/\/lightweb.dev\/l\/svm-temp\/nyheter\/gor-verklighet-av-guadalhorcemotorvagen-kraver-allt-fler\/#article","isPartOf":{"@id":"https:\/\/lightweb.dev\/l\/svm-temp\/nyheter\/gor-verklighet-av-guadalhorcemotorvagen-kraver-allt-fler\/"},"author":{"name":"Redaktionen SvM","@id":"https:\/\/lightweb.dev\/l\/svm-temp\/#\/schema\/person\/206a3bda5b607b0c25e1749191e4d837"},"headline":"G\u00f6r verklighet av \u201dGuadalhorcemotorv\u00e4gen\u201d kr\u00e4ver allt fler","datePublished":"2020-01-26T23:00:00+00:00","mainEntityOfPage":{"@id":"https:\/\/lightweb.dev\/l\/svm-temp\/nyheter\/gor-verklighet-av-guadalhorcemotorvagen-kraver-allt-fler\/"},"wordCount":208,"commentCount":0,"publisher":{"@id":"https:\/\/lightweb.dev\/l\/svm-temp\/#organization"},"image":{"@id":"https:\/\/lightweb.dev\/l\/svm-temp\/nyheter\/gor-verklighet-av-guadalhorcemotorvagen-kraver-allt-fler\/#primaryimage"},"thumbnailUrl":"https:\/\/lightweb.dev\/l\/svm-temp\/wp-content\/uploads\/2022\/06\/gor-verklighet-av-guadalhorcemotorvagen-kraver-allt-fler.png","articleSection":["Arkiv","Nyheter"],"inLanguage":"sv-SE"},{"@type":"WebPage","@id":"https:\/\/lightweb.dev\/l\/svm-temp\/nyheter\/gor-verklighet-av-guadalhorcemotorvagen-kraver-allt-fler\/","url":"https:\/\/lightweb.dev\/l\/svm-temp\/nyheter\/gor-verklighet-av-guadalhorcemotorvagen-kraver-allt-fler\/","name":"G\u00f6r verklighet av \u201dGuadalhorcemotorv\u00e4gen\u201d kr\u00e4ver allt fler - Svenska Magasinet","isPartOf":{"@id":"https:\/\/lightweb.dev\/l\/svm-temp\/#website"},"primaryImageOfPage":{"@id":"https:\/\/lightweb.dev\/l\/svm-temp\/nyheter\/gor-verklighet-av-guadalhorcemotorvagen-kraver-allt-fler\/#primaryimage"},"image":{"@id":"https:\/\/lightweb.dev\/l\/svm-temp\/nyheter\/gor-verklighet-av-guadalhorcemotorvagen-kraver-allt-fler\/#primaryimage"},"thumbnailUrl":"https:\/\/lightweb.dev\/l\/svm-temp\/wp-content\/uploads\/2022\/06\/gor-verklighet-av-guadalhorcemotorvagen-kraver-allt-fler.png","datePublished":"2020-01-26T23:00:00+00:00","breadcrumb":{"@id":"https:\/\/lightweb.dev\/l\/svm-temp\/nyheter\/gor-verklighet-av-guadalhorcemotorvagen-kraver-allt-fler\/#breadcrumb"},"inLanguage":"sv-SE","potentialAction":[{"@type":"ReadAction","target":["https:\/\/lightweb.dev\/l\/svm-temp\/nyheter\/gor-verklighet-av-guadalhorcemotorvagen-kraver-allt-fler\/"]}]},{"@type":"ImageObject","inLanguage":"sv-SE","@id":"https:\/\/lightweb.dev\/l\/svm-temp\/nyheter\/gor-verklighet-av-guadalhorcemotorvagen-kraver-allt-fler\/#primaryimage","url":"https:\/\/lightweb.dev\/l\/svm-temp\/wp-content\/uploads\/2022\/06\/gor-verklighet-av-guadalhorcemotorvagen-kraver-allt-fler.png","contentUrl":"https:\/\/lightweb.dev\/l\/svm-temp\/wp-content\/uploads\/2022\/06\/gor-verklighet-av-guadalhorcemotorvagen-kraver-allt-fler.png","width":700,"height":420},{"@type":"BreadcrumbList","@id":"https:\/\/lightweb.dev\/l\/svm-temp\/nyheter\/gor-verklighet-av-guadalhorcemotorvagen-kraver-allt-fler\/#breadcrumb","itemListElement":[{"@type":"ListItem","position":1,"name":"Hem","item":"https:\/\/lightweb.dev\/l\/svm-temp\/"},{"@type":"ListItem","position":2,"name":"G\u00f6r verklighet av \u201dGuadalhorcemotorv\u00e4gen\u201d kr\u00e4ver allt fler"}]},{"@type":"WebSite","@id":"https:\/\/lightweb.dev\/l\/svm-temp\/#website","url":"https:\/\/lightweb.dev\/l\/svm-temp\/","name":"Svenska Magasinet","description":"Dina Spanska nyheter p&aring; Svenska","publisher":{"@id":"https:\/\/lightweb.dev\/l\/svm-temp\/#organization"},"potentialAction":[{"@type":"SearchAction","target":{"@type":"EntryPoint","urlTemplate":"https:\/\/lightweb.dev\/l\/svm-temp\/?s={search_term_string}"},"query-input":{"@type":"PropertyValueSpecification","valueRequired":true,"valueName":"search_term_string"}}],"inLanguage":"sv-SE"},{"@type":"Organization","@id":"https:\/\/lightweb.dev\/l\/svm-temp\/#organization","name":"Melkerson y Nott SL","alternateName":"Svenska Magasinet","url":"https:\/\/lightweb.dev\/l\/svm-temp\/","logo":{"@type":"ImageObject","inLanguage":"sv-SE","@id":"https:\/\/lightweb.dev\/l\/svm-temp\/#\/schema\/logo\/image\/","url":"https:\/\/lightweb.dev\/l\/svm-temp\/wp-content\/uploads\/2025\/02\/SvM-logo-Xtra-Centrerad-SVART.png","contentUrl":"https:\/\/lightweb.dev\/l\/svm-temp\/wp-content\/uploads\/2025\/02\/SvM-logo-Xtra-Centrerad-SVART.png","width":300,"height":99,"caption":"Melkerson y Nott SL"},"image":{"@id":"https:\/\/lightweb.dev\/l\/svm-temp\/#\/schema\/logo\/image\/"},"sameAs":["https:\/\/www.facebook.com\/svenskamagasinet","https:\/\/x.com\/SvenskaMagasine"]},{"@type":"Person","@id":"https:\/\/lightweb.dev\/l\/svm-temp\/#\/schema\/person\/206a3bda5b607b0c25e1749191e4d837","name":"Redaktionen SvM","description":"Redaktionen","sameAs":["https:\/\/lightweb.dev\/l\/svm-temp"],"url":"https:\/\/lightweb.dev\/l\/svm-temp\/reporter\/redaktionen\/"}]}},"_links":{"self":[{"href":"https:\/\/lightweb.dev\/l\/svm-temp\/wp-json\/wp\/v2\/posts\/14891","targetHints":{"allow":["GET"]}}],"collection":[{"href":"https:\/\/lightweb.dev\/l\/svm-temp\/wp-json\/wp\/v2\/posts"}],"about":[{"href":"https:\/\/lightweb.dev\/l\/svm-temp\/wp-json\/wp\/v2\/types\/post"}],"author":[{"embeddable":true,"href":"https:\/\/lightweb.dev\/l\/svm-temp\/wp-json\/wp\/v2\/users\/8"}],"replies":[{"embeddable":true,"href":"https:\/\/lightweb.dev\/l\/svm-temp\/wp-json\/wp\/v2\/comments?post=14891"}],"version-history":[{"count":0,"href":"https:\/\/lightweb.dev\/l\/svm-temp\/wp-json\/wp\/v2\/posts\/14891\/revisions"}],"wp:featuredmedia":[{"embeddable":true,"href":"https:\/\/lightweb.dev\/l\/svm-temp\/wp-json\/wp\/v2\/media\/14892"}],"wp:attachment":[{"href":"https:\/\/lightweb.dev\/l\/svm-temp\/wp-json\/wp\/v2\/media?parent=14891"}],"wp:term":[{"taxonomy":"category","embeddable":true,"href":"https:\/\/lightweb.dev\/l\/svm-temp\/wp-json\/wp\/v2\/categories?post=14891"},{"taxonomy":"post_tag","embeddable":true,"href":"https:\/\/lightweb.dev\/l\/svm-temp\/wp-json\/wp\/v2\/tags?post=14891"}],"curies":[{"name":"wp","href":"https:\/\/api.w.org\/{rel}","templated":true}]}}