{"id":14893,"date":"2020-01-27T00:00:00","date_gmt":"2020-01-26T23:00:00","guid":{"rendered":"https:\/\/lightweb.dev\/l\/svm-temp\/nyheter\/minskad-nyproduktion-efter-sex-ars-uppgang\/"},"modified":"2020-01-27T00:00:00","modified_gmt":"2020-01-26T23:00:00","slug":"minskad-nyproduktion-efter-sex-ars-uppgang","status":"publish","type":"post","link":"https:\/\/lightweb.dev\/l\/svm-temp\/nyheter\/minskad-nyproduktion-efter-sex-ars-uppgang\/","title":{"rendered":"Minskad nyproduktion efter sex \u00e5rs uppg\u00e5ng"},"content":{"rendered":"<p> Efter sex \u00e5rs uppg\u00e5ng minskade ifjol nyproduktionen av bost\u00e4der p\u00e5 Costa del Sol. Antalet nybygga bost\u00e4der\/fastigheter som godk\u00e4ndes av arkitektkollegiet i M\u00e1laga var under 2019, 7.102 vilket var en minskning med 7,5 procent j\u00e4mf\u00f6rt med 2018.<\/p>\n<p>Under sex \u00e5rs tid har nyproduktionen av bost\u00e4der och fastigheter \u00f6kat. Enligt bed\u00f6mare skedde en inbromsning under fjol\u00e5ret. Samtidigt var siffran f\u00f6r 2018 den h\u00f6gsta under det senaste decenniet visar siffror fr\u00e5n Colegio de Arquitectos i M\u00e1laga som Diario SUR h\u00e4nvisade till i en artikel i l\u00f6rdagstidningen.<\/p>\n<p>Det var framf\u00f6r allt under fjol\u00e5rets sista kvartal som det skedde en rej\u00e4l tillbakag\u00e5ng av antalet godk\u00e4nda bost\u00e4der\/fastigheter. Francisco Sarabia, vid arkitektkollegiet, f\u00f6rklarar tillbakag\u00e5ngen med \u201dpolitisk instabilitet\u201d som bidrog till f\u00f6rseningar i investeringar. (bilden).<\/p>\n<p>Arkitekterna tror dock inte att vi st\u00e5r inf\u00f6r b\u00f6rjan av en ny ned\u00e5tg\u00e5ende kurva i fastighetsmarknaden. Tv\u00e4rtom var 2019 ett \u00e5r av konsolidering eller \u00e5terh\u00e5llsamhet av verksamheten inom fastighetssektorn.<\/p>\n<p>Konjunkturnedg\u00e5ngen har sin grund i den politiska instabiliteten som Spanien har lidit av vilket har skapat misstro och os\u00e4kerhet i ekonomi vilket har kommit att p\u00e5verka investeringarna.<\/p>\n<p>Under 2020 kommer siffrorna att vara kiknande som under 2019 eller n\u00e5got b\u00e4ttre, s\u00e4ger Francisco Sarabia till tidningen och till\u00e4gger att Brexit blir den stora utmaningen under \u00e5ret.<\/p>\n<p>Under 2019 godk\u00e4nde arkitektkollegiet 1.347 bost\u00e4der i M\u00e1laga f\u00f6ljt av Estepona (1.223), Marbella (662), Mijas (659) och Fuengirola (601). Totyalt uppgick v\u00e4rdet p\u00e5 alla registrerade projekt till 886 miljoner euro.<\/p>\n<p>M\u00e1laga stad var den kommun d\u00e4r det slutf\u00f6rdes flest enheter under fjol\u00e5ret, totalt 1.425, f\u00f6ljt av Estepona med 676 och Mijas med 429 enheter.<\/p>\n<p>(FOTO: COLEGIO DE ARQUITECTOS DE M\u00c1LAGA)<\/p>\n","protected":false},"excerpt":{"rendered":"<p>Efter sex \u00e5rs uppg\u00e5ng minskade ifjol nyproduktionen av bost\u00e4der p\u00e5 Costa del Sol. Antalet nybygga bost\u00e4der\/fastigheter som godk\u00e4ndes av arkitektkollegiet i M\u00e1laga var under 2019, 7.102 vilket var en minskning med 7,5 procent j\u00e4mf\u00f6rt med 2018. Under sex \u00e5rs tid har nyproduktionen av bost\u00e4der och fastigheter \u00f6kat. Enligt bed\u00f6mare skedde en inbromsning under fjol\u00e5ret. Samtidigt [&hellip;]<\/p>\n","protected":false},"author":8,"featured_media":14894,"comment_status":"open","ping_status":"open","sticky":false,"template":"","format":"standard","meta":{"_et_pb_use_builder":"","_et_pb_old_content":"","_et_gb_content_width":"","footnotes":""},"categories":[395,3],"tags":[],"class_list":["post-14893","post","type-post","status-publish","format-standard","has-post-thumbnail","hentry","category-arkiv-nyheter","category-nyheter"],"yoast_head":"<!-- This site is optimized with the Yoast SEO Premium plugin v26.2 (Yoast SEO v27.4) - https:\/\/yoast.com\/product\/yoast-seo-premium-wordpress\/ -->\n<title>Minskad nyproduktion efter sex \u00e5rs uppg\u00e5ng - Svenska Magasinet<\/title>\n<meta name=\"robots\" content=\"noindex, follow, max-snippet:-1, max-image-preview:large, max-video-preview:-1\" \/>\n<meta property=\"og:locale\" content=\"sv_SE\" \/>\n<meta property=\"og:type\" content=\"article\" \/>\n<meta property=\"og:title\" content=\"Minskad nyproduktion efter sex \u00e5rs uppg\u00e5ng\" \/>\n<meta property=\"og:description\" content=\"Efter sex \u00e5rs uppg\u00e5ng minskade ifjol nyproduktionen av bost\u00e4der p\u00e5 Costa del Sol. Antalet nybygga bost\u00e4der\/fastigheter som godk\u00e4ndes av arkitektkollegiet i M\u00e1laga var under 2019, 7.102 vilket var en minskning med 7,5 procent j\u00e4mf\u00f6rt med 2018. Under sex \u00e5rs tid har nyproduktionen av bost\u00e4der och fastigheter \u00f6kat. Enligt bed\u00f6mare skedde en inbromsning under fjol\u00e5ret. Samtidigt [&hellip;]\" \/>\n<meta property=\"og:url\" content=\"https:\/\/lightweb.dev\/l\/svm-temp\/nyheter\/minskad-nyproduktion-efter-sex-ars-uppgang\/\" \/>\n<meta property=\"og:site_name\" content=\"Svenska Magasinet\" \/>\n<meta property=\"article:publisher\" content=\"https:\/\/www.facebook.com\/svenskamagasinet\" \/>\n<meta property=\"article:published_time\" content=\"2020-01-26T23:00:00+00:00\" \/>\n<meta property=\"og:image\" content=\"https:\/\/lightweb.dev\/l\/svm-temp\/wp-content\/uploads\/2022\/06\/minskad-nyproduktion-efter-sex-ars-uppgang.png\" \/>\n\t<meta property=\"og:image:width\" content=\"700\" \/>\n\t<meta property=\"og:image:height\" content=\"420\" \/>\n\t<meta property=\"og:image:type\" content=\"image\/png\" \/>\n<meta name=\"author\" content=\"Redaktionen SvM\" \/>\n<meta name=\"twitter:card\" content=\"summary_large_image\" \/>\n<meta name=\"twitter:creator\" content=\"@SvenskaMagasine\" \/>\n<meta name=\"twitter:site\" content=\"@SvenskaMagasine\" \/>\n<script type=\"application\/ld+json\" class=\"yoast-schema-graph\">{\"@context\":\"https:\\\/\\\/schema.org\",\"@graph\":[{\"@type\":\"Article\",\"@id\":\"https:\\\/\\\/lightweb.dev\\\/l\\\/svm-temp\\\/nyheter\\\/minskad-nyproduktion-efter-sex-ars-uppgang\\\/#article\",\"isPartOf\":{\"@id\":\"https:\\\/\\\/lightweb.dev\\\/l\\\/svm-temp\\\/nyheter\\\/minskad-nyproduktion-efter-sex-ars-uppgang\\\/\"},\"author\":{\"name\":\"Redaktionen SvM\",\"@id\":\"https:\\\/\\\/lightweb.dev\\\/l\\\/svm-temp\\\/#\\\/schema\\\/person\\\/206a3bda5b607b0c25e1749191e4d837\"},\"headline\":\"Minskad nyproduktion efter sex \u00e5rs uppg\u00e5ng\",\"datePublished\":\"2020-01-26T23:00:00+00:00\",\"mainEntityOfPage\":{\"@id\":\"https:\\\/\\\/lightweb.dev\\\/l\\\/svm-temp\\\/nyheter\\\/minskad-nyproduktion-efter-sex-ars-uppgang\\\/\"},\"wordCount\":302,\"commentCount\":0,\"publisher\":{\"@id\":\"https:\\\/\\\/lightweb.dev\\\/l\\\/svm-temp\\\/#organization\"},\"image\":{\"@id\":\"https:\\\/\\\/lightweb.dev\\\/l\\\/svm-temp\\\/nyheter\\\/minskad-nyproduktion-efter-sex-ars-uppgang\\\/#primaryimage\"},\"thumbnailUrl\":\"https:\\\/\\\/lightweb.dev\\\/l\\\/svm-temp\\\/wp-content\\\/uploads\\\/2022\\\/06\\\/minskad-nyproduktion-efter-sex-ars-uppgang.png\",\"articleSection\":[\"Arkiv\",\"Nyheter\"],\"inLanguage\":\"sv-SE\"},{\"@type\":\"WebPage\",\"@id\":\"https:\\\/\\\/lightweb.dev\\\/l\\\/svm-temp\\\/nyheter\\\/minskad-nyproduktion-efter-sex-ars-uppgang\\\/\",\"url\":\"https:\\\/\\\/lightweb.dev\\\/l\\\/svm-temp\\\/nyheter\\\/minskad-nyproduktion-efter-sex-ars-uppgang\\\/\",\"name\":\"Minskad nyproduktion efter sex \u00e5rs uppg\u00e5ng - Svenska Magasinet\",\"isPartOf\":{\"@id\":\"https:\\\/\\\/lightweb.dev\\\/l\\\/svm-temp\\\/#website\"},\"primaryImageOfPage\":{\"@id\":\"https:\\\/\\\/lightweb.dev\\\/l\\\/svm-temp\\\/nyheter\\\/minskad-nyproduktion-efter-sex-ars-uppgang\\\/#primaryimage\"},\"image\":{\"@id\":\"https:\\\/\\\/lightweb.dev\\\/l\\\/svm-temp\\\/nyheter\\\/minskad-nyproduktion-efter-sex-ars-uppgang\\\/#primaryimage\"},\"thumbnailUrl\":\"https:\\\/\\\/lightweb.dev\\\/l\\\/svm-temp\\\/wp-content\\\/uploads\\\/2022\\\/06\\\/minskad-nyproduktion-efter-sex-ars-uppgang.png\",\"datePublished\":\"2020-01-26T23:00:00+00:00\",\"breadcrumb\":{\"@id\":\"https:\\\/\\\/lightweb.dev\\\/l\\\/svm-temp\\\/nyheter\\\/minskad-nyproduktion-efter-sex-ars-uppgang\\\/#breadcrumb\"},\"inLanguage\":\"sv-SE\",\"potentialAction\":[{\"@type\":\"ReadAction\",\"target\":[\"https:\\\/\\\/lightweb.dev\\\/l\\\/svm-temp\\\/nyheter\\\/minskad-nyproduktion-efter-sex-ars-uppgang\\\/\"]}]},{\"@type\":\"ImageObject\",\"inLanguage\":\"sv-SE\",\"@id\":\"https:\\\/\\\/lightweb.dev\\\/l\\\/svm-temp\\\/nyheter\\\/minskad-nyproduktion-efter-sex-ars-uppgang\\\/#primaryimage\",\"url\":\"https:\\\/\\\/lightweb.dev\\\/l\\\/svm-temp\\\/wp-content\\\/uploads\\\/2022\\\/06\\\/minskad-nyproduktion-efter-sex-ars-uppgang.png\",\"contentUrl\":\"https:\\\/\\\/lightweb.dev\\\/l\\\/svm-temp\\\/wp-content\\\/uploads\\\/2022\\\/06\\\/minskad-nyproduktion-efter-sex-ars-uppgang.png\",\"width\":700,\"height\":420},{\"@type\":\"BreadcrumbList\",\"@id\":\"https:\\\/\\\/lightweb.dev\\\/l\\\/svm-temp\\\/nyheter\\\/minskad-nyproduktion-efter-sex-ars-uppgang\\\/#breadcrumb\",\"itemListElement\":[{\"@type\":\"ListItem\",\"position\":1,\"name\":\"Hem\",\"item\":\"https:\\\/\\\/lightweb.dev\\\/l\\\/svm-temp\\\/\"},{\"@type\":\"ListItem\",\"position\":2,\"name\":\"Minskad nyproduktion efter sex \u00e5rs uppg\u00e5ng\"}]},{\"@type\":\"WebSite\",\"@id\":\"https:\\\/\\\/lightweb.dev\\\/l\\\/svm-temp\\\/#website\",\"url\":\"https:\\\/\\\/lightweb.dev\\\/l\\\/svm-temp\\\/\",\"name\":\"Svenska Magasinet\",\"description\":\"Dina Spanska nyheter p&aring; Svenska\",\"publisher\":{\"@id\":\"https:\\\/\\\/lightweb.dev\\\/l\\\/svm-temp\\\/#organization\"},\"potentialAction\":[{\"@type\":\"SearchAction\",\"target\":{\"@type\":\"EntryPoint\",\"urlTemplate\":\"https:\\\/\\\/lightweb.dev\\\/l\\\/svm-temp\\\/?s={search_term_string}\"},\"query-input\":{\"@type\":\"PropertyValueSpecification\",\"valueRequired\":true,\"valueName\":\"search_term_string\"}}],\"inLanguage\":\"sv-SE\"},{\"@type\":\"Organization\",\"@id\":\"https:\\\/\\\/lightweb.dev\\\/l\\\/svm-temp\\\/#organization\",\"name\":\"Melkerson y Nott SL\",\"alternateName\":\"Svenska Magasinet\",\"url\":\"https:\\\/\\\/lightweb.dev\\\/l\\\/svm-temp\\\/\",\"logo\":{\"@type\":\"ImageObject\",\"inLanguage\":\"sv-SE\",\"@id\":\"https:\\\/\\\/lightweb.dev\\\/l\\\/svm-temp\\\/#\\\/schema\\\/logo\\\/image\\\/\",\"url\":\"https:\\\/\\\/lightweb.dev\\\/l\\\/svm-temp\\\/wp-content\\\/uploads\\\/2025\\\/02\\\/SvM-logo-Xtra-Centrerad-SVART.png\",\"contentUrl\":\"https:\\\/\\\/lightweb.dev\\\/l\\\/svm-temp\\\/wp-content\\\/uploads\\\/2025\\\/02\\\/SvM-logo-Xtra-Centrerad-SVART.png\",\"width\":300,\"height\":99,\"caption\":\"Melkerson y Nott SL\"},\"image\":{\"@id\":\"https:\\\/\\\/lightweb.dev\\\/l\\\/svm-temp\\\/#\\\/schema\\\/logo\\\/image\\\/\"},\"sameAs\":[\"https:\\\/\\\/www.facebook.com\\\/svenskamagasinet\",\"https:\\\/\\\/x.com\\\/SvenskaMagasine\"]},{\"@type\":\"Person\",\"@id\":\"https:\\\/\\\/lightweb.dev\\\/l\\\/svm-temp\\\/#\\\/schema\\\/person\\\/206a3bda5b607b0c25e1749191e4d837\",\"name\":\"Redaktionen SvM\",\"description\":\"Redaktionen\",\"sameAs\":[\"https:\\\/\\\/lightweb.dev\\\/l\\\/svm-temp\"],\"url\":\"https:\\\/\\\/lightweb.dev\\\/l\\\/svm-temp\\\/reporter\\\/redaktionen\\\/\"}]}<\/script>\n<!-- \/ Yoast SEO Premium plugin. -->","yoast_head_json":{"title":"Minskad nyproduktion efter sex \u00e5rs uppg\u00e5ng - Svenska Magasinet","robots":{"index":"noindex","follow":"follow","max-snippet":"max-snippet:-1","max-image-preview":"max-image-preview:large","max-video-preview":"max-video-preview:-1"},"og_locale":"sv_SE","og_type":"article","og_title":"Minskad nyproduktion efter sex \u00e5rs uppg\u00e5ng","og_description":"Efter sex \u00e5rs uppg\u00e5ng minskade ifjol nyproduktionen av bost\u00e4der p\u00e5 Costa del Sol. Antalet nybygga bost\u00e4der\/fastigheter som godk\u00e4ndes av arkitektkollegiet i M\u00e1laga var under 2019, 7.102 vilket var en minskning med 7,5 procent j\u00e4mf\u00f6rt med 2018. Under sex \u00e5rs tid har nyproduktionen av bost\u00e4der och fastigheter \u00f6kat. Enligt bed\u00f6mare skedde en inbromsning under fjol\u00e5ret. Samtidigt [&hellip;]","og_url":"https:\/\/lightweb.dev\/l\/svm-temp\/nyheter\/minskad-nyproduktion-efter-sex-ars-uppgang\/","og_site_name":"Svenska Magasinet","article_publisher":"https:\/\/www.facebook.com\/svenskamagasinet","article_published_time":"2020-01-26T23:00:00+00:00","og_image":[{"width":700,"height":420,"url":"https:\/\/lightweb.dev\/l\/svm-temp\/wp-content\/uploads\/2022\/06\/minskad-nyproduktion-efter-sex-ars-uppgang.png","type":"image\/png"}],"author":"Redaktionen SvM","twitter_card":"summary_large_image","twitter_creator":"@SvenskaMagasine","twitter_site":"@SvenskaMagasine","schema":{"@context":"https:\/\/schema.org","@graph":[{"@type":"Article","@id":"https:\/\/lightweb.dev\/l\/svm-temp\/nyheter\/minskad-nyproduktion-efter-sex-ars-uppgang\/#article","isPartOf":{"@id":"https:\/\/lightweb.dev\/l\/svm-temp\/nyheter\/minskad-nyproduktion-efter-sex-ars-uppgang\/"},"author":{"name":"Redaktionen SvM","@id":"https:\/\/lightweb.dev\/l\/svm-temp\/#\/schema\/person\/206a3bda5b607b0c25e1749191e4d837"},"headline":"Minskad nyproduktion efter sex \u00e5rs uppg\u00e5ng","datePublished":"2020-01-26T23:00:00+00:00","mainEntityOfPage":{"@id":"https:\/\/lightweb.dev\/l\/svm-temp\/nyheter\/minskad-nyproduktion-efter-sex-ars-uppgang\/"},"wordCount":302,"commentCount":0,"publisher":{"@id":"https:\/\/lightweb.dev\/l\/svm-temp\/#organization"},"image":{"@id":"https:\/\/lightweb.dev\/l\/svm-temp\/nyheter\/minskad-nyproduktion-efter-sex-ars-uppgang\/#primaryimage"},"thumbnailUrl":"https:\/\/lightweb.dev\/l\/svm-temp\/wp-content\/uploads\/2022\/06\/minskad-nyproduktion-efter-sex-ars-uppgang.png","articleSection":["Arkiv","Nyheter"],"inLanguage":"sv-SE"},{"@type":"WebPage","@id":"https:\/\/lightweb.dev\/l\/svm-temp\/nyheter\/minskad-nyproduktion-efter-sex-ars-uppgang\/","url":"https:\/\/lightweb.dev\/l\/svm-temp\/nyheter\/minskad-nyproduktion-efter-sex-ars-uppgang\/","name":"Minskad nyproduktion efter sex \u00e5rs uppg\u00e5ng - Svenska Magasinet","isPartOf":{"@id":"https:\/\/lightweb.dev\/l\/svm-temp\/#website"},"primaryImageOfPage":{"@id":"https:\/\/lightweb.dev\/l\/svm-temp\/nyheter\/minskad-nyproduktion-efter-sex-ars-uppgang\/#primaryimage"},"image":{"@id":"https:\/\/lightweb.dev\/l\/svm-temp\/nyheter\/minskad-nyproduktion-efter-sex-ars-uppgang\/#primaryimage"},"thumbnailUrl":"https:\/\/lightweb.dev\/l\/svm-temp\/wp-content\/uploads\/2022\/06\/minskad-nyproduktion-efter-sex-ars-uppgang.png","datePublished":"2020-01-26T23:00:00+00:00","breadcrumb":{"@id":"https:\/\/lightweb.dev\/l\/svm-temp\/nyheter\/minskad-nyproduktion-efter-sex-ars-uppgang\/#breadcrumb"},"inLanguage":"sv-SE","potentialAction":[{"@type":"ReadAction","target":["https:\/\/lightweb.dev\/l\/svm-temp\/nyheter\/minskad-nyproduktion-efter-sex-ars-uppgang\/"]}]},{"@type":"ImageObject","inLanguage":"sv-SE","@id":"https:\/\/lightweb.dev\/l\/svm-temp\/nyheter\/minskad-nyproduktion-efter-sex-ars-uppgang\/#primaryimage","url":"https:\/\/lightweb.dev\/l\/svm-temp\/wp-content\/uploads\/2022\/06\/minskad-nyproduktion-efter-sex-ars-uppgang.png","contentUrl":"https:\/\/lightweb.dev\/l\/svm-temp\/wp-content\/uploads\/2022\/06\/minskad-nyproduktion-efter-sex-ars-uppgang.png","width":700,"height":420},{"@type":"BreadcrumbList","@id":"https:\/\/lightweb.dev\/l\/svm-temp\/nyheter\/minskad-nyproduktion-efter-sex-ars-uppgang\/#breadcrumb","itemListElement":[{"@type":"ListItem","position":1,"name":"Hem","item":"https:\/\/lightweb.dev\/l\/svm-temp\/"},{"@type":"ListItem","position":2,"name":"Minskad nyproduktion efter sex \u00e5rs uppg\u00e5ng"}]},{"@type":"WebSite","@id":"https:\/\/lightweb.dev\/l\/svm-temp\/#website","url":"https:\/\/lightweb.dev\/l\/svm-temp\/","name":"Svenska Magasinet","description":"Dina Spanska nyheter p&aring; Svenska","publisher":{"@id":"https:\/\/lightweb.dev\/l\/svm-temp\/#organization"},"potentialAction":[{"@type":"SearchAction","target":{"@type":"EntryPoint","urlTemplate":"https:\/\/lightweb.dev\/l\/svm-temp\/?s={search_term_string}"},"query-input":{"@type":"PropertyValueSpecification","valueRequired":true,"valueName":"search_term_string"}}],"inLanguage":"sv-SE"},{"@type":"Organization","@id":"https:\/\/lightweb.dev\/l\/svm-temp\/#organization","name":"Melkerson y Nott SL","alternateName":"Svenska Magasinet","url":"https:\/\/lightweb.dev\/l\/svm-temp\/","logo":{"@type":"ImageObject","inLanguage":"sv-SE","@id":"https:\/\/lightweb.dev\/l\/svm-temp\/#\/schema\/logo\/image\/","url":"https:\/\/lightweb.dev\/l\/svm-temp\/wp-content\/uploads\/2025\/02\/SvM-logo-Xtra-Centrerad-SVART.png","contentUrl":"https:\/\/lightweb.dev\/l\/svm-temp\/wp-content\/uploads\/2025\/02\/SvM-logo-Xtra-Centrerad-SVART.png","width":300,"height":99,"caption":"Melkerson y Nott SL"},"image":{"@id":"https:\/\/lightweb.dev\/l\/svm-temp\/#\/schema\/logo\/image\/"},"sameAs":["https:\/\/www.facebook.com\/svenskamagasinet","https:\/\/x.com\/SvenskaMagasine"]},{"@type":"Person","@id":"https:\/\/lightweb.dev\/l\/svm-temp\/#\/schema\/person\/206a3bda5b607b0c25e1749191e4d837","name":"Redaktionen SvM","description":"Redaktionen","sameAs":["https:\/\/lightweb.dev\/l\/svm-temp"],"url":"https:\/\/lightweb.dev\/l\/svm-temp\/reporter\/redaktionen\/"}]}},"_links":{"self":[{"href":"https:\/\/lightweb.dev\/l\/svm-temp\/wp-json\/wp\/v2\/posts\/14893","targetHints":{"allow":["GET"]}}],"collection":[{"href":"https:\/\/lightweb.dev\/l\/svm-temp\/wp-json\/wp\/v2\/posts"}],"about":[{"href":"https:\/\/lightweb.dev\/l\/svm-temp\/wp-json\/wp\/v2\/types\/post"}],"author":[{"embeddable":true,"href":"https:\/\/lightweb.dev\/l\/svm-temp\/wp-json\/wp\/v2\/users\/8"}],"replies":[{"embeddable":true,"href":"https:\/\/lightweb.dev\/l\/svm-temp\/wp-json\/wp\/v2\/comments?post=14893"}],"version-history":[{"count":0,"href":"https:\/\/lightweb.dev\/l\/svm-temp\/wp-json\/wp\/v2\/posts\/14893\/revisions"}],"wp:featuredmedia":[{"embeddable":true,"href":"https:\/\/lightweb.dev\/l\/svm-temp\/wp-json\/wp\/v2\/media\/14894"}],"wp:attachment":[{"href":"https:\/\/lightweb.dev\/l\/svm-temp\/wp-json\/wp\/v2\/media?parent=14893"}],"wp:term":[{"taxonomy":"category","embeddable":true,"href":"https:\/\/lightweb.dev\/l\/svm-temp\/wp-json\/wp\/v2\/categories?post=14893"},{"taxonomy":"post_tag","embeddable":true,"href":"https:\/\/lightweb.dev\/l\/svm-temp\/wp-json\/wp\/v2\/tags?post=14893"}],"curies":[{"name":"wp","href":"https:\/\/api.w.org\/{rel}","templated":true}]}}