{"id":14897,"date":"2020-01-24T00:00:00","date_gmt":"2020-01-23T23:00:00","guid":{"rendered":"https:\/\/lightweb.dev\/l\/svm-temp\/nyheter\/sveriges-ambassador-besokte-nerja-vid-fitur\/"},"modified":"2020-01-24T00:00:00","modified_gmt":"2020-01-23T23:00:00","slug":"sveriges-ambassador-besokte-nerja-vid-fitur","status":"publish","type":"post","link":"https:\/\/lightweb.dev\/l\/svm-temp\/nyheter\/sveriges-ambassador-besokte-nerja-vid-fitur\/","title":{"rendered":"Sveriges ambassad\u00f6r bes\u00f6kte Nerja vid Fitur"},"content":{"rendered":"<p> Sveriges ambassad\u00f6r i Spanien, Teppo Markus Tauriainen, bes\u00f6kte p\u00e5 torsdagen turistm\u00e4ssan Fitur i Madrid som p\u00e5g\u00e5r till s\u00f6ndag. Bland annat blev det ett bes\u00f6k vid Nerjas utst\u00e4llning d\u00e4r ambassad\u00f6ren tr\u00e4ffade Nerjas borgm\u00e4stare Jos\u00e9 Alberto Armijo. \u00c4ven Sveriges honor\u00e4rkonsul i M\u00e1laga, Isabel Pascual Villamor, var med.<\/p>\n<p>Armijo s\u00e4ger att det \u00e4r viktigt att uppr\u00e4tth\u00e5lla och st\u00e4rka kontakterna och samarbetet mellan svenskkolonin och Nerja stad. \u201dF\u00f6r oss \u00e4r inv\u00e5narna viktiga och f\u00f6rtj\u00e4nar all uppm\u00e4rksamhet fr\u00e5n kommunfullm\u00e4ktige\u201d skriver Nerja kommun i ett pressmeddelande.<\/p>\n<p>F\u00f6r n\u00e4rvarande \u00e4r det 936 registrerade svenska medborgare i Nerja vilket g\u00f6r att svenskarna \u00e4r p\u00e5 plats tv\u00e5 efter britterna bland utl\u00e4nningar. Allt fler nordbor v\u00e4ljer att investera i fastigheter och etablera ett andra hem i kommunen. Mycket p\u00e5 grund av livskvaliteten, klimatet och naturen vilket har en positiv inverkan p\u00e5 ekonomin och turismen.<br \/>\n KLICKA H\u00c4R och l\u00e4s mer: Nerja putsar p\u00e5 sitt varum\u00e4rke med kvalitetsplan<\/p>\n","protected":false},"excerpt":{"rendered":"<p>Sveriges ambassad\u00f6r i Spanien, Teppo Markus Tauriainen, bes\u00f6kte p\u00e5 torsdagen turistm\u00e4ssan Fitur i Madrid som p\u00e5g\u00e5r till s\u00f6ndag. Bland annat blev det ett bes\u00f6k vid Nerjas utst\u00e4llning d\u00e4r ambassad\u00f6ren tr\u00e4ffade Nerjas borgm\u00e4stare Jos\u00e9 Alberto Armijo. \u00c4ven Sveriges honor\u00e4rkonsul i M\u00e1laga, Isabel Pascual Villamor, var med. Armijo s\u00e4ger att det \u00e4r viktigt att uppr\u00e4tth\u00e5lla och st\u00e4rka [&hellip;]<\/p>\n","protected":false},"author":8,"featured_media":14898,"comment_status":"open","ping_status":"open","sticky":false,"template":"","format":"standard","meta":{"_et_pb_use_builder":"","_et_pb_old_content":"","_et_gb_content_width":"","footnotes":""},"categories":[395,3],"tags":[],"class_list":["post-14897","post","type-post","status-publish","format-standard","has-post-thumbnail","hentry","category-arkiv-nyheter","category-nyheter"],"yoast_head":"<!-- This site is optimized with the Yoast SEO Premium plugin v26.2 (Yoast SEO v27.4) - https:\/\/yoast.com\/product\/yoast-seo-premium-wordpress\/ -->\n<title>Sveriges ambassad\u00f6r bes\u00f6kte Nerja vid Fitur - Svenska Magasinet<\/title>\n<meta name=\"robots\" content=\"noindex, follow, max-snippet:-1, max-image-preview:large, max-video-preview:-1\" \/>\n<meta property=\"og:locale\" content=\"sv_SE\" \/>\n<meta property=\"og:type\" content=\"article\" \/>\n<meta property=\"og:title\" content=\"Sveriges ambassad\u00f6r bes\u00f6kte Nerja vid Fitur\" \/>\n<meta property=\"og:description\" content=\"Sveriges ambassad\u00f6r i Spanien, Teppo Markus Tauriainen, bes\u00f6kte p\u00e5 torsdagen turistm\u00e4ssan Fitur i Madrid som p\u00e5g\u00e5r till s\u00f6ndag. Bland annat blev det ett bes\u00f6k vid Nerjas utst\u00e4llning d\u00e4r ambassad\u00f6ren tr\u00e4ffade Nerjas borgm\u00e4stare Jos\u00e9 Alberto Armijo. \u00c4ven Sveriges honor\u00e4rkonsul i M\u00e1laga, Isabel Pascual Villamor, var med. Armijo s\u00e4ger att det \u00e4r viktigt att uppr\u00e4tth\u00e5lla och st\u00e4rka [&hellip;]\" \/>\n<meta property=\"og:url\" content=\"https:\/\/lightweb.dev\/l\/svm-temp\/nyheter\/sveriges-ambassador-besokte-nerja-vid-fitur\/\" \/>\n<meta property=\"og:site_name\" content=\"Svenska Magasinet\" \/>\n<meta property=\"article:publisher\" content=\"https:\/\/www.facebook.com\/svenskamagasinet\" \/>\n<meta property=\"article:published_time\" content=\"2020-01-23T23:00:00+00:00\" \/>\n<meta property=\"og:image\" content=\"https:\/\/lightweb.dev\/l\/svm-temp\/wp-content\/uploads\/2022\/06\/sveriges-ambassador-besokte-nerja-vid-fitur.png\" \/>\n\t<meta property=\"og:image:width\" content=\"700\" \/>\n\t<meta property=\"og:image:height\" content=\"420\" \/>\n\t<meta property=\"og:image:type\" content=\"image\/png\" \/>\n<meta name=\"author\" content=\"Redaktionen SvM\" \/>\n<meta name=\"twitter:card\" content=\"summary_large_image\" \/>\n<meta name=\"twitter:creator\" content=\"@SvenskaMagasine\" \/>\n<meta name=\"twitter:site\" content=\"@SvenskaMagasine\" \/>\n<script type=\"application\/ld+json\" class=\"yoast-schema-graph\">{\"@context\":\"https:\\\/\\\/schema.org\",\"@graph\":[{\"@type\":\"Article\",\"@id\":\"https:\\\/\\\/lightweb.dev\\\/l\\\/svm-temp\\\/nyheter\\\/sveriges-ambassador-besokte-nerja-vid-fitur\\\/#article\",\"isPartOf\":{\"@id\":\"https:\\\/\\\/lightweb.dev\\\/l\\\/svm-temp\\\/nyheter\\\/sveriges-ambassador-besokte-nerja-vid-fitur\\\/\"},\"author\":{\"name\":\"Redaktionen SvM\",\"@id\":\"https:\\\/\\\/lightweb.dev\\\/l\\\/svm-temp\\\/#\\\/schema\\\/person\\\/206a3bda5b607b0c25e1749191e4d837\"},\"headline\":\"Sveriges ambassad\u00f6r bes\u00f6kte Nerja vid Fitur\",\"datePublished\":\"2020-01-23T23:00:00+00:00\",\"mainEntityOfPage\":{\"@id\":\"https:\\\/\\\/lightweb.dev\\\/l\\\/svm-temp\\\/nyheter\\\/sveriges-ambassador-besokte-nerja-vid-fitur\\\/\"},\"wordCount\":186,\"commentCount\":0,\"publisher\":{\"@id\":\"https:\\\/\\\/lightweb.dev\\\/l\\\/svm-temp\\\/#organization\"},\"image\":{\"@id\":\"https:\\\/\\\/lightweb.dev\\\/l\\\/svm-temp\\\/nyheter\\\/sveriges-ambassador-besokte-nerja-vid-fitur\\\/#primaryimage\"},\"thumbnailUrl\":\"https:\\\/\\\/lightweb.dev\\\/l\\\/svm-temp\\\/wp-content\\\/uploads\\\/2022\\\/06\\\/sveriges-ambassador-besokte-nerja-vid-fitur.png\",\"articleSection\":[\"Arkiv\",\"Nyheter\"],\"inLanguage\":\"sv-SE\"},{\"@type\":\"WebPage\",\"@id\":\"https:\\\/\\\/lightweb.dev\\\/l\\\/svm-temp\\\/nyheter\\\/sveriges-ambassador-besokte-nerja-vid-fitur\\\/\",\"url\":\"https:\\\/\\\/lightweb.dev\\\/l\\\/svm-temp\\\/nyheter\\\/sveriges-ambassador-besokte-nerja-vid-fitur\\\/\",\"name\":\"Sveriges ambassad\u00f6r bes\u00f6kte Nerja vid Fitur - Svenska Magasinet\",\"isPartOf\":{\"@id\":\"https:\\\/\\\/lightweb.dev\\\/l\\\/svm-temp\\\/#website\"},\"primaryImageOfPage\":{\"@id\":\"https:\\\/\\\/lightweb.dev\\\/l\\\/svm-temp\\\/nyheter\\\/sveriges-ambassador-besokte-nerja-vid-fitur\\\/#primaryimage\"},\"image\":{\"@id\":\"https:\\\/\\\/lightweb.dev\\\/l\\\/svm-temp\\\/nyheter\\\/sveriges-ambassador-besokte-nerja-vid-fitur\\\/#primaryimage\"},\"thumbnailUrl\":\"https:\\\/\\\/lightweb.dev\\\/l\\\/svm-temp\\\/wp-content\\\/uploads\\\/2022\\\/06\\\/sveriges-ambassador-besokte-nerja-vid-fitur.png\",\"datePublished\":\"2020-01-23T23:00:00+00:00\",\"breadcrumb\":{\"@id\":\"https:\\\/\\\/lightweb.dev\\\/l\\\/svm-temp\\\/nyheter\\\/sveriges-ambassador-besokte-nerja-vid-fitur\\\/#breadcrumb\"},\"inLanguage\":\"sv-SE\",\"potentialAction\":[{\"@type\":\"ReadAction\",\"target\":[\"https:\\\/\\\/lightweb.dev\\\/l\\\/svm-temp\\\/nyheter\\\/sveriges-ambassador-besokte-nerja-vid-fitur\\\/\"]}]},{\"@type\":\"ImageObject\",\"inLanguage\":\"sv-SE\",\"@id\":\"https:\\\/\\\/lightweb.dev\\\/l\\\/svm-temp\\\/nyheter\\\/sveriges-ambassador-besokte-nerja-vid-fitur\\\/#primaryimage\",\"url\":\"https:\\\/\\\/lightweb.dev\\\/l\\\/svm-temp\\\/wp-content\\\/uploads\\\/2022\\\/06\\\/sveriges-ambassador-besokte-nerja-vid-fitur.png\",\"contentUrl\":\"https:\\\/\\\/lightweb.dev\\\/l\\\/svm-temp\\\/wp-content\\\/uploads\\\/2022\\\/06\\\/sveriges-ambassador-besokte-nerja-vid-fitur.png\",\"width\":700,\"height\":420},{\"@type\":\"BreadcrumbList\",\"@id\":\"https:\\\/\\\/lightweb.dev\\\/l\\\/svm-temp\\\/nyheter\\\/sveriges-ambassador-besokte-nerja-vid-fitur\\\/#breadcrumb\",\"itemListElement\":[{\"@type\":\"ListItem\",\"position\":1,\"name\":\"Hem\",\"item\":\"https:\\\/\\\/lightweb.dev\\\/l\\\/svm-temp\\\/\"},{\"@type\":\"ListItem\",\"position\":2,\"name\":\"Sveriges ambassad\u00f6r bes\u00f6kte Nerja vid Fitur\"}]},{\"@type\":\"WebSite\",\"@id\":\"https:\\\/\\\/lightweb.dev\\\/l\\\/svm-temp\\\/#website\",\"url\":\"https:\\\/\\\/lightweb.dev\\\/l\\\/svm-temp\\\/\",\"name\":\"Svenska Magasinet\",\"description\":\"Dina Spanska nyheter p&aring; Svenska\",\"publisher\":{\"@id\":\"https:\\\/\\\/lightweb.dev\\\/l\\\/svm-temp\\\/#organization\"},\"potentialAction\":[{\"@type\":\"SearchAction\",\"target\":{\"@type\":\"EntryPoint\",\"urlTemplate\":\"https:\\\/\\\/lightweb.dev\\\/l\\\/svm-temp\\\/?s={search_term_string}\"},\"query-input\":{\"@type\":\"PropertyValueSpecification\",\"valueRequired\":true,\"valueName\":\"search_term_string\"}}],\"inLanguage\":\"sv-SE\"},{\"@type\":\"Organization\",\"@id\":\"https:\\\/\\\/lightweb.dev\\\/l\\\/svm-temp\\\/#organization\",\"name\":\"Melkerson y Nott SL\",\"alternateName\":\"Svenska Magasinet\",\"url\":\"https:\\\/\\\/lightweb.dev\\\/l\\\/svm-temp\\\/\",\"logo\":{\"@type\":\"ImageObject\",\"inLanguage\":\"sv-SE\",\"@id\":\"https:\\\/\\\/lightweb.dev\\\/l\\\/svm-temp\\\/#\\\/schema\\\/logo\\\/image\\\/\",\"url\":\"https:\\\/\\\/lightweb.dev\\\/l\\\/svm-temp\\\/wp-content\\\/uploads\\\/2025\\\/02\\\/SvM-logo-Xtra-Centrerad-SVART.png\",\"contentUrl\":\"https:\\\/\\\/lightweb.dev\\\/l\\\/svm-temp\\\/wp-content\\\/uploads\\\/2025\\\/02\\\/SvM-logo-Xtra-Centrerad-SVART.png\",\"width\":300,\"height\":99,\"caption\":\"Melkerson y Nott SL\"},\"image\":{\"@id\":\"https:\\\/\\\/lightweb.dev\\\/l\\\/svm-temp\\\/#\\\/schema\\\/logo\\\/image\\\/\"},\"sameAs\":[\"https:\\\/\\\/www.facebook.com\\\/svenskamagasinet\",\"https:\\\/\\\/x.com\\\/SvenskaMagasine\"]},{\"@type\":\"Person\",\"@id\":\"https:\\\/\\\/lightweb.dev\\\/l\\\/svm-temp\\\/#\\\/schema\\\/person\\\/206a3bda5b607b0c25e1749191e4d837\",\"name\":\"Redaktionen SvM\",\"description\":\"Redaktionen\",\"sameAs\":[\"https:\\\/\\\/lightweb.dev\\\/l\\\/svm-temp\"],\"url\":\"https:\\\/\\\/lightweb.dev\\\/l\\\/svm-temp\\\/reporter\\\/redaktionen\\\/\"}]}<\/script>\n<!-- \/ Yoast SEO Premium plugin. -->","yoast_head_json":{"title":"Sveriges ambassad\u00f6r bes\u00f6kte Nerja vid Fitur - Svenska Magasinet","robots":{"index":"noindex","follow":"follow","max-snippet":"max-snippet:-1","max-image-preview":"max-image-preview:large","max-video-preview":"max-video-preview:-1"},"og_locale":"sv_SE","og_type":"article","og_title":"Sveriges ambassad\u00f6r bes\u00f6kte Nerja vid Fitur","og_description":"Sveriges ambassad\u00f6r i Spanien, Teppo Markus Tauriainen, bes\u00f6kte p\u00e5 torsdagen turistm\u00e4ssan Fitur i Madrid som p\u00e5g\u00e5r till s\u00f6ndag. Bland annat blev det ett bes\u00f6k vid Nerjas utst\u00e4llning d\u00e4r ambassad\u00f6ren tr\u00e4ffade Nerjas borgm\u00e4stare Jos\u00e9 Alberto Armijo. \u00c4ven Sveriges honor\u00e4rkonsul i M\u00e1laga, Isabel Pascual Villamor, var med. Armijo s\u00e4ger att det \u00e4r viktigt att uppr\u00e4tth\u00e5lla och st\u00e4rka [&hellip;]","og_url":"https:\/\/lightweb.dev\/l\/svm-temp\/nyheter\/sveriges-ambassador-besokte-nerja-vid-fitur\/","og_site_name":"Svenska Magasinet","article_publisher":"https:\/\/www.facebook.com\/svenskamagasinet","article_published_time":"2020-01-23T23:00:00+00:00","og_image":[{"width":700,"height":420,"url":"https:\/\/lightweb.dev\/l\/svm-temp\/wp-content\/uploads\/2022\/06\/sveriges-ambassador-besokte-nerja-vid-fitur.png","type":"image\/png"}],"author":"Redaktionen SvM","twitter_card":"summary_large_image","twitter_creator":"@SvenskaMagasine","twitter_site":"@SvenskaMagasine","schema":{"@context":"https:\/\/schema.org","@graph":[{"@type":"Article","@id":"https:\/\/lightweb.dev\/l\/svm-temp\/nyheter\/sveriges-ambassador-besokte-nerja-vid-fitur\/#article","isPartOf":{"@id":"https:\/\/lightweb.dev\/l\/svm-temp\/nyheter\/sveriges-ambassador-besokte-nerja-vid-fitur\/"},"author":{"name":"Redaktionen SvM","@id":"https:\/\/lightweb.dev\/l\/svm-temp\/#\/schema\/person\/206a3bda5b607b0c25e1749191e4d837"},"headline":"Sveriges ambassad\u00f6r bes\u00f6kte Nerja vid Fitur","datePublished":"2020-01-23T23:00:00+00:00","mainEntityOfPage":{"@id":"https:\/\/lightweb.dev\/l\/svm-temp\/nyheter\/sveriges-ambassador-besokte-nerja-vid-fitur\/"},"wordCount":186,"commentCount":0,"publisher":{"@id":"https:\/\/lightweb.dev\/l\/svm-temp\/#organization"},"image":{"@id":"https:\/\/lightweb.dev\/l\/svm-temp\/nyheter\/sveriges-ambassador-besokte-nerja-vid-fitur\/#primaryimage"},"thumbnailUrl":"https:\/\/lightweb.dev\/l\/svm-temp\/wp-content\/uploads\/2022\/06\/sveriges-ambassador-besokte-nerja-vid-fitur.png","articleSection":["Arkiv","Nyheter"],"inLanguage":"sv-SE"},{"@type":"WebPage","@id":"https:\/\/lightweb.dev\/l\/svm-temp\/nyheter\/sveriges-ambassador-besokte-nerja-vid-fitur\/","url":"https:\/\/lightweb.dev\/l\/svm-temp\/nyheter\/sveriges-ambassador-besokte-nerja-vid-fitur\/","name":"Sveriges ambassad\u00f6r bes\u00f6kte Nerja vid Fitur - Svenska Magasinet","isPartOf":{"@id":"https:\/\/lightweb.dev\/l\/svm-temp\/#website"},"primaryImageOfPage":{"@id":"https:\/\/lightweb.dev\/l\/svm-temp\/nyheter\/sveriges-ambassador-besokte-nerja-vid-fitur\/#primaryimage"},"image":{"@id":"https:\/\/lightweb.dev\/l\/svm-temp\/nyheter\/sveriges-ambassador-besokte-nerja-vid-fitur\/#primaryimage"},"thumbnailUrl":"https:\/\/lightweb.dev\/l\/svm-temp\/wp-content\/uploads\/2022\/06\/sveriges-ambassador-besokte-nerja-vid-fitur.png","datePublished":"2020-01-23T23:00:00+00:00","breadcrumb":{"@id":"https:\/\/lightweb.dev\/l\/svm-temp\/nyheter\/sveriges-ambassador-besokte-nerja-vid-fitur\/#breadcrumb"},"inLanguage":"sv-SE","potentialAction":[{"@type":"ReadAction","target":["https:\/\/lightweb.dev\/l\/svm-temp\/nyheter\/sveriges-ambassador-besokte-nerja-vid-fitur\/"]}]},{"@type":"ImageObject","inLanguage":"sv-SE","@id":"https:\/\/lightweb.dev\/l\/svm-temp\/nyheter\/sveriges-ambassador-besokte-nerja-vid-fitur\/#primaryimage","url":"https:\/\/lightweb.dev\/l\/svm-temp\/wp-content\/uploads\/2022\/06\/sveriges-ambassador-besokte-nerja-vid-fitur.png","contentUrl":"https:\/\/lightweb.dev\/l\/svm-temp\/wp-content\/uploads\/2022\/06\/sveriges-ambassador-besokte-nerja-vid-fitur.png","width":700,"height":420},{"@type":"BreadcrumbList","@id":"https:\/\/lightweb.dev\/l\/svm-temp\/nyheter\/sveriges-ambassador-besokte-nerja-vid-fitur\/#breadcrumb","itemListElement":[{"@type":"ListItem","position":1,"name":"Hem","item":"https:\/\/lightweb.dev\/l\/svm-temp\/"},{"@type":"ListItem","position":2,"name":"Sveriges ambassad\u00f6r bes\u00f6kte Nerja vid Fitur"}]},{"@type":"WebSite","@id":"https:\/\/lightweb.dev\/l\/svm-temp\/#website","url":"https:\/\/lightweb.dev\/l\/svm-temp\/","name":"Svenska Magasinet","description":"Dina Spanska nyheter p&aring; Svenska","publisher":{"@id":"https:\/\/lightweb.dev\/l\/svm-temp\/#organization"},"potentialAction":[{"@type":"SearchAction","target":{"@type":"EntryPoint","urlTemplate":"https:\/\/lightweb.dev\/l\/svm-temp\/?s={search_term_string}"},"query-input":{"@type":"PropertyValueSpecification","valueRequired":true,"valueName":"search_term_string"}}],"inLanguage":"sv-SE"},{"@type":"Organization","@id":"https:\/\/lightweb.dev\/l\/svm-temp\/#organization","name":"Melkerson y Nott SL","alternateName":"Svenska Magasinet","url":"https:\/\/lightweb.dev\/l\/svm-temp\/","logo":{"@type":"ImageObject","inLanguage":"sv-SE","@id":"https:\/\/lightweb.dev\/l\/svm-temp\/#\/schema\/logo\/image\/","url":"https:\/\/lightweb.dev\/l\/svm-temp\/wp-content\/uploads\/2025\/02\/SvM-logo-Xtra-Centrerad-SVART.png","contentUrl":"https:\/\/lightweb.dev\/l\/svm-temp\/wp-content\/uploads\/2025\/02\/SvM-logo-Xtra-Centrerad-SVART.png","width":300,"height":99,"caption":"Melkerson y Nott SL"},"image":{"@id":"https:\/\/lightweb.dev\/l\/svm-temp\/#\/schema\/logo\/image\/"},"sameAs":["https:\/\/www.facebook.com\/svenskamagasinet","https:\/\/x.com\/SvenskaMagasine"]},{"@type":"Person","@id":"https:\/\/lightweb.dev\/l\/svm-temp\/#\/schema\/person\/206a3bda5b607b0c25e1749191e4d837","name":"Redaktionen SvM","description":"Redaktionen","sameAs":["https:\/\/lightweb.dev\/l\/svm-temp"],"url":"https:\/\/lightweb.dev\/l\/svm-temp\/reporter\/redaktionen\/"}]}},"_links":{"self":[{"href":"https:\/\/lightweb.dev\/l\/svm-temp\/wp-json\/wp\/v2\/posts\/14897","targetHints":{"allow":["GET"]}}],"collection":[{"href":"https:\/\/lightweb.dev\/l\/svm-temp\/wp-json\/wp\/v2\/posts"}],"about":[{"href":"https:\/\/lightweb.dev\/l\/svm-temp\/wp-json\/wp\/v2\/types\/post"}],"author":[{"embeddable":true,"href":"https:\/\/lightweb.dev\/l\/svm-temp\/wp-json\/wp\/v2\/users\/8"}],"replies":[{"embeddable":true,"href":"https:\/\/lightweb.dev\/l\/svm-temp\/wp-json\/wp\/v2\/comments?post=14897"}],"version-history":[{"count":0,"href":"https:\/\/lightweb.dev\/l\/svm-temp\/wp-json\/wp\/v2\/posts\/14897\/revisions"}],"wp:featuredmedia":[{"embeddable":true,"href":"https:\/\/lightweb.dev\/l\/svm-temp\/wp-json\/wp\/v2\/media\/14898"}],"wp:attachment":[{"href":"https:\/\/lightweb.dev\/l\/svm-temp\/wp-json\/wp\/v2\/media?parent=14897"}],"wp:term":[{"taxonomy":"category","embeddable":true,"href":"https:\/\/lightweb.dev\/l\/svm-temp\/wp-json\/wp\/v2\/categories?post=14897"},{"taxonomy":"post_tag","embeddable":true,"href":"https:\/\/lightweb.dev\/l\/svm-temp\/wp-json\/wp\/v2\/tags?post=14897"}],"curies":[{"name":"wp","href":"https:\/\/api.w.org\/{rel}","templated":true}]}}