{"id":14899,"date":"2020-01-24T00:00:00","date_gmt":"2020-01-23T23:00:00","guid":{"rendered":"https:\/\/lightweb.dev\/l\/svm-temp\/nyheter\/28-arig-svensk-haktas-for-trippelmord\/"},"modified":"2023-07-25T16:33:43","modified_gmt":"2023-07-25T14:33:43","slug":"28-arig-svensk-haktas-for-trippelmord","status":"publish","type":"post","link":"https:\/\/lightweb.dev\/l\/svm-temp\/nyheter\/28-arig-svensk-haktas-for-trippelmord\/","title":{"rendered":"28-\u00e5rig svensk h\u00e4ktas f\u00f6r trippelmord"},"content":{"rendered":"<p><strong>Den 28-\u00e5rige svenske medborgaren John Musetescu Werberg fr\u00e5n Uppsala h\u00e4ktas utan m\u00f6jlighet till borgen misst\u00e4nkt f\u00f6r tre mord i Barcelona.<\/strong><\/p>\n<p><strong>Inom loppet av en timme ska mannen har \u00f6verfallit tre personer som alla avled.<\/strong><\/p>\n<p>Svensken k\u00e4nde inte n\u00e5gra av sina offer sedan tidigare. F\u00f6rutom mord h\u00e4ktas mannen f\u00f6r brand, tv\u00e5 r\u00e5nf\u00f6rs\u00f6k, misshandel samt hot skriver den spanska nyhetsbyr\u00e5n EFE. Enligt domstol nummer 19 i Barcelona h\u00e4ktas svensken utan m\u00f6jlighet till borgen d\u00e5 det finns en risk f\u00f6r att han skulle avvika. Han bed\u00f6ms vara \u201dett hot f\u00f6r allm\u00e4nheten och extremt farlig och aggressiv\u201d.<\/p>\n<p>Mannen som senast var skriven p\u00e5 en adress i Uppsala \u00e4r ocks\u00e5 resident i Spanien. I m\u00e5ndags inom loppet av en timme misst\u00e4nks han f\u00f6r att ha d\u00f6dat tre personer.<\/p>\n<p>F\u00f6rst hittades en d\u00f6d man i samband med en l\u00e4genhetsbrand i stadsdelen Ciutat Vella. Enligt uppgifter i media ska offret haft en plastp\u00e5se \u00f6ver huvudet. Senare hittades en 77-\u00e5rig kvinna d\u00f6d i porten till en fastighet. D\u00e4refter knivh\u00f6ggs en manlig kommunalarbetare sv\u00e5rt. Han avled i onsdags.<\/p>\n<p>28-\u00e5ringen f\u00f6ddes i Sverige 16 juni 1991 efter att hans f\u00f6r\u00e4ldrar anl\u00e4nt fr\u00e5n Rum\u00e4nien 1986 skriver den spanska tidningen El Caso. Han beskrivs som mycket farlig. \u201dDet handlar en ett antal mycket allvarliga handlingar som har beg\u00e5tts p\u00e5 mycket kort tid. Det visar en mycket h\u00f6g d\u00f6dlig potential och extrem aggressivitet och fara f\u00f6r allm\u00e4nheten\u201d skriver domstolen. Eftersom mannen \u00e4r svensk medborgare och inte har n\u00e5gra r\u00f6tter i Spanien \u00e4r flyktrisken uppenbar.<\/p>\n<p>Enligt polisrapporten finns det \u201dtydliga och detaljerade saker som binder svensken till samtliga tre offer. Det finns tillr\u00e4ckliga bevis mot den h\u00e4ktade\u201d.<\/p>\n<p>Det handlar om vittnesm\u00e5l och personliga tillh\u00f6righeter fr\u00e5n offren som mannen har burit p\u00e5 sig. Vid gripandet hotade han flera andra personer med en st\u00f6rre kniv innan lokalpolisen Guardia Urbana kunde avv\u00e4pna mannen och gripa honom.<\/p>\n<p>Enligt flera spanska medier teg svensken att svara p\u00e5 fr\u00e5gor under g\u00e5rdagen. Han har \u00e4ven varit mycket f\u00f6rtegen i de f\u00f6rh\u00f6r som h\u00e5llits.<\/p>\n<p>Mannen \u00e4r inte k\u00e4nd hos spansk polis sedan tidigare och i Sverige finns det bara mindre p\u00e5 honom som ett l\u00e5gt b\u00f6tesstraff efter att han gripits av polis med cannabis och n\u00e5gra mindre skulder. Han har varit bosatt i Uppsala d\u00e4r han l\u00e4st juridik. Han har \u00e4ven varit aktiv inom fotbollen.<\/p>\n<p>Den 50-\u00e5rige kommunalarbetaren David Caminada Diaz som knivh\u00f6ggs i br\u00f6stet vid ett r\u00e5nf\u00f6rs\u00f6k avled i onsdags. Man var anst\u00e4lld vid kommunhuset i Barcelona och under g\u00e5rdagen h\u00f6lls en tyst minut.<\/p>\n<p>Samtliga tre d\u00f6da misst\u00e4nks f\u00f6r att ha fallit offer f\u00f6r 28-\u00e5ringen inom en timme.<\/p>\n","protected":false},"excerpt":{"rendered":"<p>Den 28-\u00e5rige svenske medborgaren John Musetescu Werberg fr\u00e5n Uppsala h\u00e4ktas utan m\u00f6jlighet till borgen misst\u00e4nkt f\u00f6r tre mord i Barcelona&#8230;<\/p>\n","protected":false},"author":7,"featured_media":14900,"comment_status":"closed","ping_status":"closed","sticky":false,"template":"","format":"standard","meta":{"_et_pb_use_builder":"","_et_pb_old_content":"","_et_gb_content_width":"","footnotes":""},"categories":[395,3],"tags":[],"class_list":["post-14899","post","type-post","status-publish","format-standard","has-post-thumbnail","hentry","category-arkiv-nyheter","category-nyheter"],"yoast_head":"<!-- This site is optimized with the Yoast SEO Premium plugin v26.2 (Yoast SEO v27.4) - https:\/\/yoast.com\/product\/yoast-seo-premium-wordpress\/ -->\n<title>28-\u00e5rig svensk h\u00e4ktas f\u00f6r trippelmord - Svenska Magasinet<\/title>\n<meta name=\"robots\" content=\"noindex, follow, max-snippet:-1, max-image-preview:large, max-video-preview:-1\" \/>\n<meta property=\"og:locale\" content=\"sv_SE\" \/>\n<meta property=\"og:type\" content=\"article\" \/>\n<meta property=\"og:title\" content=\"28-\u00e5rig svensk h\u00e4ktas f\u00f6r trippelmord\" \/>\n<meta property=\"og:description\" content=\"Den 28-\u00e5rige svenske medborgaren John Musetescu Werberg fr\u00e5n Uppsala h\u00e4ktas utan m\u00f6jlighet till borgen misst\u00e4nkt f\u00f6r tre mord i Barcelona...\" \/>\n<meta property=\"og:url\" content=\"https:\/\/lightweb.dev\/l\/svm-temp\/nyheter\/28-arig-svensk-haktas-for-trippelmord\/\" \/>\n<meta property=\"og:site_name\" content=\"Svenska Magasinet\" \/>\n<meta property=\"article:publisher\" content=\"https:\/\/www.facebook.com\/svenskamagasinet\" \/>\n<meta property=\"article:published_time\" content=\"2020-01-23T23:00:00+00:00\" \/>\n<meta property=\"article:modified_time\" content=\"2023-07-25T14:33:43+00:00\" \/>\n<meta property=\"og:image\" content=\"https:\/\/lightweb.dev\/l\/svm-temp\/wp-content\/uploads\/2022\/06\/28arig-svensk-haktas-for-trippelmord.png\" \/>\n\t<meta property=\"og:image:width\" content=\"700\" \/>\n\t<meta property=\"og:image:height\" content=\"420\" \/>\n\t<meta property=\"og:image:type\" content=\"image\/png\" \/>\n<meta name=\"author\" content=\"Ola Josefsson\" \/>\n<meta name=\"twitter:card\" content=\"summary_large_image\" \/>\n<meta name=\"twitter:creator\" content=\"@SvenskaMagasine\" \/>\n<meta name=\"twitter:site\" content=\"@SvenskaMagasine\" \/>\n<script type=\"application\/ld+json\" class=\"yoast-schema-graph\">{\"@context\":\"https:\\\/\\\/schema.org\",\"@graph\":[{\"@type\":\"Article\",\"@id\":\"https:\\\/\\\/lightweb.dev\\\/l\\\/svm-temp\\\/nyheter\\\/28-arig-svensk-haktas-for-trippelmord\\\/#article\",\"isPartOf\":{\"@id\":\"https:\\\/\\\/lightweb.dev\\\/l\\\/svm-temp\\\/nyheter\\\/28-arig-svensk-haktas-for-trippelmord\\\/\"},\"author\":{\"name\":\"Ola Josefsson\",\"@id\":\"https:\\\/\\\/lightweb.dev\\\/l\\\/svm-temp\\\/#\\\/schema\\\/person\\\/7a82b8a73d171d32360a564b6d03508e\"},\"headline\":\"28-\u00e5rig svensk h\u00e4ktas f\u00f6r trippelmord\",\"datePublished\":\"2020-01-23T23:00:00+00:00\",\"dateModified\":\"2023-07-25T14:33:43+00:00\",\"mainEntityOfPage\":{\"@id\":\"https:\\\/\\\/lightweb.dev\\\/l\\\/svm-temp\\\/nyheter\\\/28-arig-svensk-haktas-for-trippelmord\\\/\"},\"wordCount\":502,\"publisher\":{\"@id\":\"https:\\\/\\\/lightweb.dev\\\/l\\\/svm-temp\\\/#organization\"},\"image\":{\"@id\":\"https:\\\/\\\/lightweb.dev\\\/l\\\/svm-temp\\\/nyheter\\\/28-arig-svensk-haktas-for-trippelmord\\\/#primaryimage\"},\"thumbnailUrl\":\"https:\\\/\\\/lightweb.dev\\\/l\\\/svm-temp\\\/wp-content\\\/uploads\\\/2022\\\/06\\\/28arig-svensk-haktas-for-trippelmord.png\",\"articleSection\":[\"Arkiv\",\"Nyheter\"],\"inLanguage\":\"sv-SE\"},{\"@type\":\"WebPage\",\"@id\":\"https:\\\/\\\/lightweb.dev\\\/l\\\/svm-temp\\\/nyheter\\\/28-arig-svensk-haktas-for-trippelmord\\\/\",\"url\":\"https:\\\/\\\/lightweb.dev\\\/l\\\/svm-temp\\\/nyheter\\\/28-arig-svensk-haktas-for-trippelmord\\\/\",\"name\":\"28-\u00e5rig svensk h\u00e4ktas f\u00f6r trippelmord - Svenska Magasinet\",\"isPartOf\":{\"@id\":\"https:\\\/\\\/lightweb.dev\\\/l\\\/svm-temp\\\/#website\"},\"primaryImageOfPage\":{\"@id\":\"https:\\\/\\\/lightweb.dev\\\/l\\\/svm-temp\\\/nyheter\\\/28-arig-svensk-haktas-for-trippelmord\\\/#primaryimage\"},\"image\":{\"@id\":\"https:\\\/\\\/lightweb.dev\\\/l\\\/svm-temp\\\/nyheter\\\/28-arig-svensk-haktas-for-trippelmord\\\/#primaryimage\"},\"thumbnailUrl\":\"https:\\\/\\\/lightweb.dev\\\/l\\\/svm-temp\\\/wp-content\\\/uploads\\\/2022\\\/06\\\/28arig-svensk-haktas-for-trippelmord.png\",\"datePublished\":\"2020-01-23T23:00:00+00:00\",\"dateModified\":\"2023-07-25T14:33:43+00:00\",\"breadcrumb\":{\"@id\":\"https:\\\/\\\/lightweb.dev\\\/l\\\/svm-temp\\\/nyheter\\\/28-arig-svensk-haktas-for-trippelmord\\\/#breadcrumb\"},\"inLanguage\":\"sv-SE\",\"potentialAction\":[{\"@type\":\"ReadAction\",\"target\":[\"https:\\\/\\\/lightweb.dev\\\/l\\\/svm-temp\\\/nyheter\\\/28-arig-svensk-haktas-for-trippelmord\\\/\"]}]},{\"@type\":\"ImageObject\",\"inLanguage\":\"sv-SE\",\"@id\":\"https:\\\/\\\/lightweb.dev\\\/l\\\/svm-temp\\\/nyheter\\\/28-arig-svensk-haktas-for-trippelmord\\\/#primaryimage\",\"url\":\"https:\\\/\\\/lightweb.dev\\\/l\\\/svm-temp\\\/wp-content\\\/uploads\\\/2022\\\/06\\\/28arig-svensk-haktas-for-trippelmord.png\",\"contentUrl\":\"https:\\\/\\\/lightweb.dev\\\/l\\\/svm-temp\\\/wp-content\\\/uploads\\\/2022\\\/06\\\/28arig-svensk-haktas-for-trippelmord.png\",\"width\":700,\"height\":420},{\"@type\":\"BreadcrumbList\",\"@id\":\"https:\\\/\\\/lightweb.dev\\\/l\\\/svm-temp\\\/nyheter\\\/28-arig-svensk-haktas-for-trippelmord\\\/#breadcrumb\",\"itemListElement\":[{\"@type\":\"ListItem\",\"position\":1,\"name\":\"Hem\",\"item\":\"https:\\\/\\\/lightweb.dev\\\/l\\\/svm-temp\\\/\"},{\"@type\":\"ListItem\",\"position\":2,\"name\":\"28-\u00e5rig svensk h\u00e4ktas f\u00f6r trippelmord\"}]},{\"@type\":\"WebSite\",\"@id\":\"https:\\\/\\\/lightweb.dev\\\/l\\\/svm-temp\\\/#website\",\"url\":\"https:\\\/\\\/lightweb.dev\\\/l\\\/svm-temp\\\/\",\"name\":\"Svenska Magasinet\",\"description\":\"Dina Spanska nyheter p&aring; Svenska\",\"publisher\":{\"@id\":\"https:\\\/\\\/lightweb.dev\\\/l\\\/svm-temp\\\/#organization\"},\"potentialAction\":[{\"@type\":\"SearchAction\",\"target\":{\"@type\":\"EntryPoint\",\"urlTemplate\":\"https:\\\/\\\/lightweb.dev\\\/l\\\/svm-temp\\\/?s={search_term_string}\"},\"query-input\":{\"@type\":\"PropertyValueSpecification\",\"valueRequired\":true,\"valueName\":\"search_term_string\"}}],\"inLanguage\":\"sv-SE\"},{\"@type\":\"Organization\",\"@id\":\"https:\\\/\\\/lightweb.dev\\\/l\\\/svm-temp\\\/#organization\",\"name\":\"Melkerson y Nott SL\",\"alternateName\":\"Svenska Magasinet\",\"url\":\"https:\\\/\\\/lightweb.dev\\\/l\\\/svm-temp\\\/\",\"logo\":{\"@type\":\"ImageObject\",\"inLanguage\":\"sv-SE\",\"@id\":\"https:\\\/\\\/lightweb.dev\\\/l\\\/svm-temp\\\/#\\\/schema\\\/logo\\\/image\\\/\",\"url\":\"https:\\\/\\\/lightweb.dev\\\/l\\\/svm-temp\\\/wp-content\\\/uploads\\\/2025\\\/02\\\/SvM-logo-Xtra-Centrerad-SVART.png\",\"contentUrl\":\"https:\\\/\\\/lightweb.dev\\\/l\\\/svm-temp\\\/wp-content\\\/uploads\\\/2025\\\/02\\\/SvM-logo-Xtra-Centrerad-SVART.png\",\"width\":300,\"height\":99,\"caption\":\"Melkerson y Nott SL\"},\"image\":{\"@id\":\"https:\\\/\\\/lightweb.dev\\\/l\\\/svm-temp\\\/#\\\/schema\\\/logo\\\/image\\\/\"},\"sameAs\":[\"https:\\\/\\\/www.facebook.com\\\/svenskamagasinet\",\"https:\\\/\\\/x.com\\\/SvenskaMagasine\"]},{\"@type\":\"Person\",\"@id\":\"https:\\\/\\\/lightweb.dev\\\/l\\\/svm-temp\\\/#\\\/schema\\\/person\\\/7a82b8a73d171d32360a564b6d03508e\",\"name\":\"Ola Josefsson\",\"description\":\"Bevakar Solkusten och Spanien sedan 1994.\",\"sameAs\":[\"https:\\\/\\\/lightweb.dev\\\/l\\\/svm-temp\"],\"url\":\"https:\\\/\\\/lightweb.dev\\\/l\\\/svm-temp\\\/reporter\\\/ola-josefsson\\\/\"}]}<\/script>\n<!-- \/ Yoast SEO Premium plugin. -->","yoast_head_json":{"title":"28-\u00e5rig svensk h\u00e4ktas f\u00f6r trippelmord - Svenska Magasinet","robots":{"index":"noindex","follow":"follow","max-snippet":"max-snippet:-1","max-image-preview":"max-image-preview:large","max-video-preview":"max-video-preview:-1"},"og_locale":"sv_SE","og_type":"article","og_title":"28-\u00e5rig svensk h\u00e4ktas f\u00f6r trippelmord","og_description":"Den 28-\u00e5rige svenske medborgaren John Musetescu Werberg fr\u00e5n Uppsala h\u00e4ktas utan m\u00f6jlighet till borgen misst\u00e4nkt f\u00f6r tre mord i Barcelona...","og_url":"https:\/\/lightweb.dev\/l\/svm-temp\/nyheter\/28-arig-svensk-haktas-for-trippelmord\/","og_site_name":"Svenska Magasinet","article_publisher":"https:\/\/www.facebook.com\/svenskamagasinet","article_published_time":"2020-01-23T23:00:00+00:00","article_modified_time":"2023-07-25T14:33:43+00:00","og_image":[{"width":700,"height":420,"url":"https:\/\/lightweb.dev\/l\/svm-temp\/wp-content\/uploads\/2022\/06\/28arig-svensk-haktas-for-trippelmord.png","type":"image\/png"}],"author":"Ola Josefsson","twitter_card":"summary_large_image","twitter_creator":"@SvenskaMagasine","twitter_site":"@SvenskaMagasine","schema":{"@context":"https:\/\/schema.org","@graph":[{"@type":"Article","@id":"https:\/\/lightweb.dev\/l\/svm-temp\/nyheter\/28-arig-svensk-haktas-for-trippelmord\/#article","isPartOf":{"@id":"https:\/\/lightweb.dev\/l\/svm-temp\/nyheter\/28-arig-svensk-haktas-for-trippelmord\/"},"author":{"name":"Ola Josefsson","@id":"https:\/\/lightweb.dev\/l\/svm-temp\/#\/schema\/person\/7a82b8a73d171d32360a564b6d03508e"},"headline":"28-\u00e5rig svensk h\u00e4ktas f\u00f6r trippelmord","datePublished":"2020-01-23T23:00:00+00:00","dateModified":"2023-07-25T14:33:43+00:00","mainEntityOfPage":{"@id":"https:\/\/lightweb.dev\/l\/svm-temp\/nyheter\/28-arig-svensk-haktas-for-trippelmord\/"},"wordCount":502,"publisher":{"@id":"https:\/\/lightweb.dev\/l\/svm-temp\/#organization"},"image":{"@id":"https:\/\/lightweb.dev\/l\/svm-temp\/nyheter\/28-arig-svensk-haktas-for-trippelmord\/#primaryimage"},"thumbnailUrl":"https:\/\/lightweb.dev\/l\/svm-temp\/wp-content\/uploads\/2022\/06\/28arig-svensk-haktas-for-trippelmord.png","articleSection":["Arkiv","Nyheter"],"inLanguage":"sv-SE"},{"@type":"WebPage","@id":"https:\/\/lightweb.dev\/l\/svm-temp\/nyheter\/28-arig-svensk-haktas-for-trippelmord\/","url":"https:\/\/lightweb.dev\/l\/svm-temp\/nyheter\/28-arig-svensk-haktas-for-trippelmord\/","name":"28-\u00e5rig svensk h\u00e4ktas f\u00f6r trippelmord - Svenska Magasinet","isPartOf":{"@id":"https:\/\/lightweb.dev\/l\/svm-temp\/#website"},"primaryImageOfPage":{"@id":"https:\/\/lightweb.dev\/l\/svm-temp\/nyheter\/28-arig-svensk-haktas-for-trippelmord\/#primaryimage"},"image":{"@id":"https:\/\/lightweb.dev\/l\/svm-temp\/nyheter\/28-arig-svensk-haktas-for-trippelmord\/#primaryimage"},"thumbnailUrl":"https:\/\/lightweb.dev\/l\/svm-temp\/wp-content\/uploads\/2022\/06\/28arig-svensk-haktas-for-trippelmord.png","datePublished":"2020-01-23T23:00:00+00:00","dateModified":"2023-07-25T14:33:43+00:00","breadcrumb":{"@id":"https:\/\/lightweb.dev\/l\/svm-temp\/nyheter\/28-arig-svensk-haktas-for-trippelmord\/#breadcrumb"},"inLanguage":"sv-SE","potentialAction":[{"@type":"ReadAction","target":["https:\/\/lightweb.dev\/l\/svm-temp\/nyheter\/28-arig-svensk-haktas-for-trippelmord\/"]}]},{"@type":"ImageObject","inLanguage":"sv-SE","@id":"https:\/\/lightweb.dev\/l\/svm-temp\/nyheter\/28-arig-svensk-haktas-for-trippelmord\/#primaryimage","url":"https:\/\/lightweb.dev\/l\/svm-temp\/wp-content\/uploads\/2022\/06\/28arig-svensk-haktas-for-trippelmord.png","contentUrl":"https:\/\/lightweb.dev\/l\/svm-temp\/wp-content\/uploads\/2022\/06\/28arig-svensk-haktas-for-trippelmord.png","width":700,"height":420},{"@type":"BreadcrumbList","@id":"https:\/\/lightweb.dev\/l\/svm-temp\/nyheter\/28-arig-svensk-haktas-for-trippelmord\/#breadcrumb","itemListElement":[{"@type":"ListItem","position":1,"name":"Hem","item":"https:\/\/lightweb.dev\/l\/svm-temp\/"},{"@type":"ListItem","position":2,"name":"28-\u00e5rig svensk h\u00e4ktas f\u00f6r trippelmord"}]},{"@type":"WebSite","@id":"https:\/\/lightweb.dev\/l\/svm-temp\/#website","url":"https:\/\/lightweb.dev\/l\/svm-temp\/","name":"Svenska Magasinet","description":"Dina Spanska nyheter p&aring; Svenska","publisher":{"@id":"https:\/\/lightweb.dev\/l\/svm-temp\/#organization"},"potentialAction":[{"@type":"SearchAction","target":{"@type":"EntryPoint","urlTemplate":"https:\/\/lightweb.dev\/l\/svm-temp\/?s={search_term_string}"},"query-input":{"@type":"PropertyValueSpecification","valueRequired":true,"valueName":"search_term_string"}}],"inLanguage":"sv-SE"},{"@type":"Organization","@id":"https:\/\/lightweb.dev\/l\/svm-temp\/#organization","name":"Melkerson y Nott SL","alternateName":"Svenska Magasinet","url":"https:\/\/lightweb.dev\/l\/svm-temp\/","logo":{"@type":"ImageObject","inLanguage":"sv-SE","@id":"https:\/\/lightweb.dev\/l\/svm-temp\/#\/schema\/logo\/image\/","url":"https:\/\/lightweb.dev\/l\/svm-temp\/wp-content\/uploads\/2025\/02\/SvM-logo-Xtra-Centrerad-SVART.png","contentUrl":"https:\/\/lightweb.dev\/l\/svm-temp\/wp-content\/uploads\/2025\/02\/SvM-logo-Xtra-Centrerad-SVART.png","width":300,"height":99,"caption":"Melkerson y Nott SL"},"image":{"@id":"https:\/\/lightweb.dev\/l\/svm-temp\/#\/schema\/logo\/image\/"},"sameAs":["https:\/\/www.facebook.com\/svenskamagasinet","https:\/\/x.com\/SvenskaMagasine"]},{"@type":"Person","@id":"https:\/\/lightweb.dev\/l\/svm-temp\/#\/schema\/person\/7a82b8a73d171d32360a564b6d03508e","name":"Ola Josefsson","description":"Bevakar Solkusten och Spanien sedan 1994.","sameAs":["https:\/\/lightweb.dev\/l\/svm-temp"],"url":"https:\/\/lightweb.dev\/l\/svm-temp\/reporter\/ola-josefsson\/"}]}},"_links":{"self":[{"href":"https:\/\/lightweb.dev\/l\/svm-temp\/wp-json\/wp\/v2\/posts\/14899","targetHints":{"allow":["GET"]}}],"collection":[{"href":"https:\/\/lightweb.dev\/l\/svm-temp\/wp-json\/wp\/v2\/posts"}],"about":[{"href":"https:\/\/lightweb.dev\/l\/svm-temp\/wp-json\/wp\/v2\/types\/post"}],"author":[{"embeddable":true,"href":"https:\/\/lightweb.dev\/l\/svm-temp\/wp-json\/wp\/v2\/users\/7"}],"replies":[{"embeddable":true,"href":"https:\/\/lightweb.dev\/l\/svm-temp\/wp-json\/wp\/v2\/comments?post=14899"}],"version-history":[{"count":0,"href":"https:\/\/lightweb.dev\/l\/svm-temp\/wp-json\/wp\/v2\/posts\/14899\/revisions"}],"wp:featuredmedia":[{"embeddable":true,"href":"https:\/\/lightweb.dev\/l\/svm-temp\/wp-json\/wp\/v2\/media\/14900"}],"wp:attachment":[{"href":"https:\/\/lightweb.dev\/l\/svm-temp\/wp-json\/wp\/v2\/media?parent=14899"}],"wp:term":[{"taxonomy":"category","embeddable":true,"href":"https:\/\/lightweb.dev\/l\/svm-temp\/wp-json\/wp\/v2\/categories?post=14899"},{"taxonomy":"post_tag","embeddable":true,"href":"https:\/\/lightweb.dev\/l\/svm-temp\/wp-json\/wp\/v2\/tags?post=14899"}],"curies":[{"name":"wp","href":"https:\/\/api.w.org\/{rel}","templated":true}]}}