{"id":14903,"date":"2020-01-24T00:00:00","date_gmt":"2020-01-23T23:00:00","guid":{"rendered":"https:\/\/lightweb.dev\/l\/svm-temp\/nyheter\/marisol-hyllas-vid-premios-goya\/"},"modified":"2020-01-24T00:00:00","modified_gmt":"2020-01-23T23:00:00","slug":"marisol-hyllas-vid-premios-goya","status":"publish","type":"post","link":"https:\/\/lightweb.dev\/l\/svm-temp\/nyheter\/marisol-hyllas-vid-premios-goya\/","title":{"rendered":"Marisol hyllas vid Premios Goya"},"content":{"rendered":"<p> I morgon l\u00f6rdag \u00e4r det dags f\u00f6r en av h\u00f6jdpunkterna i det spanska n\u00f6jeslivet. Filmgalan Premios Goya som i \u00e5r arrangeras i sporthallen Jos\u00e9 Mar\u00eda Mart\u00edn Carpena i M\u00e1laga. F\u00f6r f\u00f6rsta g\u00e5ngen visas galan p\u00e5 stora j\u00e4ttesk\u00e4rmar utanf\u00f6r sporthallen f\u00f6r allm\u00e4nheten som inte har f\u00e5tt m\u00f6jlighet att komma in.<\/p>\n<p>Det \u00e4r f\u00f6r \u00f6vrigt andra \u00e5ret i rad som filmgalan Premios Goya arrangeras i Andalusien. Ifjol stod Sevilla f\u00f6r evenemanget.<\/p>\n<p>Precis som ifjol \u00e4r det Silvia Abril och Andreu Buenafuente som leder galan som blir en mer dynamisk och visuell show d\u00e4r en imponerande scen har byggts i sporthallen Mart\u00edn Carpena. Det har inneburit en kreativ utmaning f\u00f6r de ansvariga.<\/p>\n<p>M\u00e5nga utm\u00e4rkelser och priser kommer att delas ut. Det som de flesta pratar om \u00e4r den M\u00e1lagaf\u00f6dda Pepa Flores, Marisol, som kommer att f\u00e5 ett specialpris f\u00f6r sina insatser inom spansk film. Om du bes\u00f6ker M\u00e1laga centrum under dessa dagar kan du l\u00e4gga m\u00e4rke utst\u00e4llningen som visas offentligt (bilden).<\/p>\n<p>Fr\u00e5gan \u00e4r dock om Pepa Flores kommer. Hon drog sig bort fr\u00e5n offentlighetens ljus f\u00f6r 35 \u00e5r sedan.<\/p>\n<p>\u201dBara Pepa Flores sj\u00e4lv vet om hon kommer att n\u00e4rvara\u201d skriver Diario SUR p\u00e5 fredagen d\u00e5 tidningen tecknar ett st\u00f6rre personportr\u00e4tt.<\/p>\n<p>Hela gr\u00e4ddan av spanska filmstj\u00e4rnor och det spanska n\u00f6jesetablissemanget kommer att vara p\u00e5 plats i sporthallen i M\u00e1laga p\u00e5 l\u00f6rdagskv\u00e4llen. M\u00e1lagasonen Antonio Banderas har en av huvudrollerna liksom Pen\u00e9lope Cruz.<\/p>\n<p>Den r\u00f6da mattan \u00e4r utrullad och evenemanget s\u00e4nds direkt p\u00e5 spansk tv La 1 fr\u00e5n klockan 19.40.<\/p>\n","protected":false},"excerpt":{"rendered":"<p>I morgon l\u00f6rdag \u00e4r det dags f\u00f6r en av h\u00f6jdpunkterna i det spanska n\u00f6jeslivet. Filmgalan Premios Goya som i \u00e5r arrangeras i sporthallen Jos\u00e9 Mar\u00eda Mart\u00edn Carpena i M\u00e1laga. F\u00f6r f\u00f6rsta g\u00e5ngen visas galan p\u00e5 stora j\u00e4ttesk\u00e4rmar utanf\u00f6r sporthallen f\u00f6r allm\u00e4nheten som inte har f\u00e5tt m\u00f6jlighet att komma in. Det \u00e4r f\u00f6r \u00f6vrigt andra \u00e5ret [&hellip;]<\/p>\n","protected":false},"author":8,"featured_media":14904,"comment_status":"open","ping_status":"open","sticky":false,"template":"","format":"standard","meta":{"_et_pb_use_builder":"","_et_pb_old_content":"","_et_gb_content_width":"","footnotes":""},"categories":[395,3],"tags":[],"class_list":["post-14903","post","type-post","status-publish","format-standard","has-post-thumbnail","hentry","category-arkiv-nyheter","category-nyheter"],"yoast_head":"<!-- This site is optimized with the Yoast SEO Premium plugin v26.2 (Yoast SEO v27.4) - https:\/\/yoast.com\/product\/yoast-seo-premium-wordpress\/ -->\n<title>Marisol hyllas vid Premios Goya - Svenska Magasinet<\/title>\n<meta name=\"robots\" content=\"noindex, follow, max-snippet:-1, max-image-preview:large, max-video-preview:-1\" \/>\n<meta property=\"og:locale\" content=\"sv_SE\" \/>\n<meta property=\"og:type\" content=\"article\" \/>\n<meta property=\"og:title\" content=\"Marisol hyllas vid Premios Goya\" \/>\n<meta property=\"og:description\" content=\"I morgon l\u00f6rdag \u00e4r det dags f\u00f6r en av h\u00f6jdpunkterna i det spanska n\u00f6jeslivet. Filmgalan Premios Goya som i \u00e5r arrangeras i sporthallen Jos\u00e9 Mar\u00eda Mart\u00edn Carpena i M\u00e1laga. F\u00f6r f\u00f6rsta g\u00e5ngen visas galan p\u00e5 stora j\u00e4ttesk\u00e4rmar utanf\u00f6r sporthallen f\u00f6r allm\u00e4nheten som inte har f\u00e5tt m\u00f6jlighet att komma in. Det \u00e4r f\u00f6r \u00f6vrigt andra \u00e5ret [&hellip;]\" \/>\n<meta property=\"og:url\" content=\"https:\/\/lightweb.dev\/l\/svm-temp\/nyheter\/marisol-hyllas-vid-premios-goya\/\" \/>\n<meta property=\"og:site_name\" content=\"Svenska Magasinet\" \/>\n<meta property=\"article:publisher\" content=\"https:\/\/www.facebook.com\/svenskamagasinet\" \/>\n<meta property=\"article:published_time\" content=\"2020-01-23T23:00:00+00:00\" \/>\n<meta property=\"og:image\" content=\"https:\/\/lightweb.dev\/l\/svm-temp\/wp-content\/uploads\/2022\/06\/marisol-hyllas-vid-premios-goya.png\" \/>\n\t<meta property=\"og:image:width\" content=\"700\" \/>\n\t<meta property=\"og:image:height\" content=\"420\" \/>\n\t<meta property=\"og:image:type\" content=\"image\/png\" \/>\n<meta name=\"author\" content=\"Redaktionen SvM\" \/>\n<meta name=\"twitter:card\" content=\"summary_large_image\" \/>\n<meta name=\"twitter:creator\" content=\"@SvenskaMagasine\" \/>\n<meta name=\"twitter:site\" content=\"@SvenskaMagasine\" \/>\n<script type=\"application\/ld+json\" class=\"yoast-schema-graph\">{\"@context\":\"https:\\\/\\\/schema.org\",\"@graph\":[{\"@type\":\"Article\",\"@id\":\"https:\\\/\\\/lightweb.dev\\\/l\\\/svm-temp\\\/nyheter\\\/marisol-hyllas-vid-premios-goya\\\/#article\",\"isPartOf\":{\"@id\":\"https:\\\/\\\/lightweb.dev\\\/l\\\/svm-temp\\\/nyheter\\\/marisol-hyllas-vid-premios-goya\\\/\"},\"author\":{\"name\":\"Redaktionen SvM\",\"@id\":\"https:\\\/\\\/lightweb.dev\\\/l\\\/svm-temp\\\/#\\\/schema\\\/person\\\/206a3bda5b607b0c25e1749191e4d837\"},\"headline\":\"Marisol hyllas vid Premios Goya\",\"datePublished\":\"2020-01-23T23:00:00+00:00\",\"mainEntityOfPage\":{\"@id\":\"https:\\\/\\\/lightweb.dev\\\/l\\\/svm-temp\\\/nyheter\\\/marisol-hyllas-vid-premios-goya\\\/\"},\"wordCount\":296,\"commentCount\":0,\"publisher\":{\"@id\":\"https:\\\/\\\/lightweb.dev\\\/l\\\/svm-temp\\\/#organization\"},\"image\":{\"@id\":\"https:\\\/\\\/lightweb.dev\\\/l\\\/svm-temp\\\/nyheter\\\/marisol-hyllas-vid-premios-goya\\\/#primaryimage\"},\"thumbnailUrl\":\"https:\\\/\\\/lightweb.dev\\\/l\\\/svm-temp\\\/wp-content\\\/uploads\\\/2022\\\/06\\\/marisol-hyllas-vid-premios-goya.png\",\"articleSection\":[\"Arkiv\",\"Nyheter\"],\"inLanguage\":\"sv-SE\"},{\"@type\":\"WebPage\",\"@id\":\"https:\\\/\\\/lightweb.dev\\\/l\\\/svm-temp\\\/nyheter\\\/marisol-hyllas-vid-premios-goya\\\/\",\"url\":\"https:\\\/\\\/lightweb.dev\\\/l\\\/svm-temp\\\/nyheter\\\/marisol-hyllas-vid-premios-goya\\\/\",\"name\":\"Marisol hyllas vid Premios Goya - Svenska Magasinet\",\"isPartOf\":{\"@id\":\"https:\\\/\\\/lightweb.dev\\\/l\\\/svm-temp\\\/#website\"},\"primaryImageOfPage\":{\"@id\":\"https:\\\/\\\/lightweb.dev\\\/l\\\/svm-temp\\\/nyheter\\\/marisol-hyllas-vid-premios-goya\\\/#primaryimage\"},\"image\":{\"@id\":\"https:\\\/\\\/lightweb.dev\\\/l\\\/svm-temp\\\/nyheter\\\/marisol-hyllas-vid-premios-goya\\\/#primaryimage\"},\"thumbnailUrl\":\"https:\\\/\\\/lightweb.dev\\\/l\\\/svm-temp\\\/wp-content\\\/uploads\\\/2022\\\/06\\\/marisol-hyllas-vid-premios-goya.png\",\"datePublished\":\"2020-01-23T23:00:00+00:00\",\"breadcrumb\":{\"@id\":\"https:\\\/\\\/lightweb.dev\\\/l\\\/svm-temp\\\/nyheter\\\/marisol-hyllas-vid-premios-goya\\\/#breadcrumb\"},\"inLanguage\":\"sv-SE\",\"potentialAction\":[{\"@type\":\"ReadAction\",\"target\":[\"https:\\\/\\\/lightweb.dev\\\/l\\\/svm-temp\\\/nyheter\\\/marisol-hyllas-vid-premios-goya\\\/\"]}]},{\"@type\":\"ImageObject\",\"inLanguage\":\"sv-SE\",\"@id\":\"https:\\\/\\\/lightweb.dev\\\/l\\\/svm-temp\\\/nyheter\\\/marisol-hyllas-vid-premios-goya\\\/#primaryimage\",\"url\":\"https:\\\/\\\/lightweb.dev\\\/l\\\/svm-temp\\\/wp-content\\\/uploads\\\/2022\\\/06\\\/marisol-hyllas-vid-premios-goya.png\",\"contentUrl\":\"https:\\\/\\\/lightweb.dev\\\/l\\\/svm-temp\\\/wp-content\\\/uploads\\\/2022\\\/06\\\/marisol-hyllas-vid-premios-goya.png\",\"width\":700,\"height\":420},{\"@type\":\"BreadcrumbList\",\"@id\":\"https:\\\/\\\/lightweb.dev\\\/l\\\/svm-temp\\\/nyheter\\\/marisol-hyllas-vid-premios-goya\\\/#breadcrumb\",\"itemListElement\":[{\"@type\":\"ListItem\",\"position\":1,\"name\":\"Hem\",\"item\":\"https:\\\/\\\/lightweb.dev\\\/l\\\/svm-temp\\\/\"},{\"@type\":\"ListItem\",\"position\":2,\"name\":\"Marisol hyllas vid Premios Goya\"}]},{\"@type\":\"WebSite\",\"@id\":\"https:\\\/\\\/lightweb.dev\\\/l\\\/svm-temp\\\/#website\",\"url\":\"https:\\\/\\\/lightweb.dev\\\/l\\\/svm-temp\\\/\",\"name\":\"Svenska Magasinet\",\"description\":\"Dina Spanska nyheter p&aring; Svenska\",\"publisher\":{\"@id\":\"https:\\\/\\\/lightweb.dev\\\/l\\\/svm-temp\\\/#organization\"},\"potentialAction\":[{\"@type\":\"SearchAction\",\"target\":{\"@type\":\"EntryPoint\",\"urlTemplate\":\"https:\\\/\\\/lightweb.dev\\\/l\\\/svm-temp\\\/?s={search_term_string}\"},\"query-input\":{\"@type\":\"PropertyValueSpecification\",\"valueRequired\":true,\"valueName\":\"search_term_string\"}}],\"inLanguage\":\"sv-SE\"},{\"@type\":\"Organization\",\"@id\":\"https:\\\/\\\/lightweb.dev\\\/l\\\/svm-temp\\\/#organization\",\"name\":\"Melkerson y Nott SL\",\"alternateName\":\"Svenska Magasinet\",\"url\":\"https:\\\/\\\/lightweb.dev\\\/l\\\/svm-temp\\\/\",\"logo\":{\"@type\":\"ImageObject\",\"inLanguage\":\"sv-SE\",\"@id\":\"https:\\\/\\\/lightweb.dev\\\/l\\\/svm-temp\\\/#\\\/schema\\\/logo\\\/image\\\/\",\"url\":\"https:\\\/\\\/lightweb.dev\\\/l\\\/svm-temp\\\/wp-content\\\/uploads\\\/2025\\\/02\\\/SvM-logo-Xtra-Centrerad-SVART.png\",\"contentUrl\":\"https:\\\/\\\/lightweb.dev\\\/l\\\/svm-temp\\\/wp-content\\\/uploads\\\/2025\\\/02\\\/SvM-logo-Xtra-Centrerad-SVART.png\",\"width\":300,\"height\":99,\"caption\":\"Melkerson y Nott SL\"},\"image\":{\"@id\":\"https:\\\/\\\/lightweb.dev\\\/l\\\/svm-temp\\\/#\\\/schema\\\/logo\\\/image\\\/\"},\"sameAs\":[\"https:\\\/\\\/www.facebook.com\\\/svenskamagasinet\",\"https:\\\/\\\/x.com\\\/SvenskaMagasine\"]},{\"@type\":\"Person\",\"@id\":\"https:\\\/\\\/lightweb.dev\\\/l\\\/svm-temp\\\/#\\\/schema\\\/person\\\/206a3bda5b607b0c25e1749191e4d837\",\"name\":\"Redaktionen SvM\",\"description\":\"Redaktionen\",\"sameAs\":[\"https:\\\/\\\/lightweb.dev\\\/l\\\/svm-temp\"],\"url\":\"https:\\\/\\\/lightweb.dev\\\/l\\\/svm-temp\\\/reporter\\\/redaktionen\\\/\"}]}<\/script>\n<!-- \/ Yoast SEO Premium plugin. -->","yoast_head_json":{"title":"Marisol hyllas vid Premios Goya - Svenska Magasinet","robots":{"index":"noindex","follow":"follow","max-snippet":"max-snippet:-1","max-image-preview":"max-image-preview:large","max-video-preview":"max-video-preview:-1"},"og_locale":"sv_SE","og_type":"article","og_title":"Marisol hyllas vid Premios Goya","og_description":"I morgon l\u00f6rdag \u00e4r det dags f\u00f6r en av h\u00f6jdpunkterna i det spanska n\u00f6jeslivet. Filmgalan Premios Goya som i \u00e5r arrangeras i sporthallen Jos\u00e9 Mar\u00eda Mart\u00edn Carpena i M\u00e1laga. F\u00f6r f\u00f6rsta g\u00e5ngen visas galan p\u00e5 stora j\u00e4ttesk\u00e4rmar utanf\u00f6r sporthallen f\u00f6r allm\u00e4nheten som inte har f\u00e5tt m\u00f6jlighet att komma in. Det \u00e4r f\u00f6r \u00f6vrigt andra \u00e5ret [&hellip;]","og_url":"https:\/\/lightweb.dev\/l\/svm-temp\/nyheter\/marisol-hyllas-vid-premios-goya\/","og_site_name":"Svenska Magasinet","article_publisher":"https:\/\/www.facebook.com\/svenskamagasinet","article_published_time":"2020-01-23T23:00:00+00:00","og_image":[{"width":700,"height":420,"url":"https:\/\/lightweb.dev\/l\/svm-temp\/wp-content\/uploads\/2022\/06\/marisol-hyllas-vid-premios-goya.png","type":"image\/png"}],"author":"Redaktionen SvM","twitter_card":"summary_large_image","twitter_creator":"@SvenskaMagasine","twitter_site":"@SvenskaMagasine","schema":{"@context":"https:\/\/schema.org","@graph":[{"@type":"Article","@id":"https:\/\/lightweb.dev\/l\/svm-temp\/nyheter\/marisol-hyllas-vid-premios-goya\/#article","isPartOf":{"@id":"https:\/\/lightweb.dev\/l\/svm-temp\/nyheter\/marisol-hyllas-vid-premios-goya\/"},"author":{"name":"Redaktionen SvM","@id":"https:\/\/lightweb.dev\/l\/svm-temp\/#\/schema\/person\/206a3bda5b607b0c25e1749191e4d837"},"headline":"Marisol hyllas vid Premios Goya","datePublished":"2020-01-23T23:00:00+00:00","mainEntityOfPage":{"@id":"https:\/\/lightweb.dev\/l\/svm-temp\/nyheter\/marisol-hyllas-vid-premios-goya\/"},"wordCount":296,"commentCount":0,"publisher":{"@id":"https:\/\/lightweb.dev\/l\/svm-temp\/#organization"},"image":{"@id":"https:\/\/lightweb.dev\/l\/svm-temp\/nyheter\/marisol-hyllas-vid-premios-goya\/#primaryimage"},"thumbnailUrl":"https:\/\/lightweb.dev\/l\/svm-temp\/wp-content\/uploads\/2022\/06\/marisol-hyllas-vid-premios-goya.png","articleSection":["Arkiv","Nyheter"],"inLanguage":"sv-SE"},{"@type":"WebPage","@id":"https:\/\/lightweb.dev\/l\/svm-temp\/nyheter\/marisol-hyllas-vid-premios-goya\/","url":"https:\/\/lightweb.dev\/l\/svm-temp\/nyheter\/marisol-hyllas-vid-premios-goya\/","name":"Marisol hyllas vid Premios Goya - Svenska Magasinet","isPartOf":{"@id":"https:\/\/lightweb.dev\/l\/svm-temp\/#website"},"primaryImageOfPage":{"@id":"https:\/\/lightweb.dev\/l\/svm-temp\/nyheter\/marisol-hyllas-vid-premios-goya\/#primaryimage"},"image":{"@id":"https:\/\/lightweb.dev\/l\/svm-temp\/nyheter\/marisol-hyllas-vid-premios-goya\/#primaryimage"},"thumbnailUrl":"https:\/\/lightweb.dev\/l\/svm-temp\/wp-content\/uploads\/2022\/06\/marisol-hyllas-vid-premios-goya.png","datePublished":"2020-01-23T23:00:00+00:00","breadcrumb":{"@id":"https:\/\/lightweb.dev\/l\/svm-temp\/nyheter\/marisol-hyllas-vid-premios-goya\/#breadcrumb"},"inLanguage":"sv-SE","potentialAction":[{"@type":"ReadAction","target":["https:\/\/lightweb.dev\/l\/svm-temp\/nyheter\/marisol-hyllas-vid-premios-goya\/"]}]},{"@type":"ImageObject","inLanguage":"sv-SE","@id":"https:\/\/lightweb.dev\/l\/svm-temp\/nyheter\/marisol-hyllas-vid-premios-goya\/#primaryimage","url":"https:\/\/lightweb.dev\/l\/svm-temp\/wp-content\/uploads\/2022\/06\/marisol-hyllas-vid-premios-goya.png","contentUrl":"https:\/\/lightweb.dev\/l\/svm-temp\/wp-content\/uploads\/2022\/06\/marisol-hyllas-vid-premios-goya.png","width":700,"height":420},{"@type":"BreadcrumbList","@id":"https:\/\/lightweb.dev\/l\/svm-temp\/nyheter\/marisol-hyllas-vid-premios-goya\/#breadcrumb","itemListElement":[{"@type":"ListItem","position":1,"name":"Hem","item":"https:\/\/lightweb.dev\/l\/svm-temp\/"},{"@type":"ListItem","position":2,"name":"Marisol hyllas vid Premios Goya"}]},{"@type":"WebSite","@id":"https:\/\/lightweb.dev\/l\/svm-temp\/#website","url":"https:\/\/lightweb.dev\/l\/svm-temp\/","name":"Svenska Magasinet","description":"Dina Spanska nyheter p&aring; Svenska","publisher":{"@id":"https:\/\/lightweb.dev\/l\/svm-temp\/#organization"},"potentialAction":[{"@type":"SearchAction","target":{"@type":"EntryPoint","urlTemplate":"https:\/\/lightweb.dev\/l\/svm-temp\/?s={search_term_string}"},"query-input":{"@type":"PropertyValueSpecification","valueRequired":true,"valueName":"search_term_string"}}],"inLanguage":"sv-SE"},{"@type":"Organization","@id":"https:\/\/lightweb.dev\/l\/svm-temp\/#organization","name":"Melkerson y Nott SL","alternateName":"Svenska Magasinet","url":"https:\/\/lightweb.dev\/l\/svm-temp\/","logo":{"@type":"ImageObject","inLanguage":"sv-SE","@id":"https:\/\/lightweb.dev\/l\/svm-temp\/#\/schema\/logo\/image\/","url":"https:\/\/lightweb.dev\/l\/svm-temp\/wp-content\/uploads\/2025\/02\/SvM-logo-Xtra-Centrerad-SVART.png","contentUrl":"https:\/\/lightweb.dev\/l\/svm-temp\/wp-content\/uploads\/2025\/02\/SvM-logo-Xtra-Centrerad-SVART.png","width":300,"height":99,"caption":"Melkerson y Nott SL"},"image":{"@id":"https:\/\/lightweb.dev\/l\/svm-temp\/#\/schema\/logo\/image\/"},"sameAs":["https:\/\/www.facebook.com\/svenskamagasinet","https:\/\/x.com\/SvenskaMagasine"]},{"@type":"Person","@id":"https:\/\/lightweb.dev\/l\/svm-temp\/#\/schema\/person\/206a3bda5b607b0c25e1749191e4d837","name":"Redaktionen SvM","description":"Redaktionen","sameAs":["https:\/\/lightweb.dev\/l\/svm-temp"],"url":"https:\/\/lightweb.dev\/l\/svm-temp\/reporter\/redaktionen\/"}]}},"_links":{"self":[{"href":"https:\/\/lightweb.dev\/l\/svm-temp\/wp-json\/wp\/v2\/posts\/14903","targetHints":{"allow":["GET"]}}],"collection":[{"href":"https:\/\/lightweb.dev\/l\/svm-temp\/wp-json\/wp\/v2\/posts"}],"about":[{"href":"https:\/\/lightweb.dev\/l\/svm-temp\/wp-json\/wp\/v2\/types\/post"}],"author":[{"embeddable":true,"href":"https:\/\/lightweb.dev\/l\/svm-temp\/wp-json\/wp\/v2\/users\/8"}],"replies":[{"embeddable":true,"href":"https:\/\/lightweb.dev\/l\/svm-temp\/wp-json\/wp\/v2\/comments?post=14903"}],"version-history":[{"count":0,"href":"https:\/\/lightweb.dev\/l\/svm-temp\/wp-json\/wp\/v2\/posts\/14903\/revisions"}],"wp:featuredmedia":[{"embeddable":true,"href":"https:\/\/lightweb.dev\/l\/svm-temp\/wp-json\/wp\/v2\/media\/14904"}],"wp:attachment":[{"href":"https:\/\/lightweb.dev\/l\/svm-temp\/wp-json\/wp\/v2\/media?parent=14903"}],"wp:term":[{"taxonomy":"category","embeddable":true,"href":"https:\/\/lightweb.dev\/l\/svm-temp\/wp-json\/wp\/v2\/categories?post=14903"},{"taxonomy":"post_tag","embeddable":true,"href":"https:\/\/lightweb.dev\/l\/svm-temp\/wp-json\/wp\/v2\/tags?post=14903"}],"curies":[{"name":"wp","href":"https:\/\/api.w.org\/{rel}","templated":true}]}}