{"id":14905,"date":"2020-01-23T00:00:00","date_gmt":"2020-01-22T23:00:00","guid":{"rendered":"https:\/\/lightweb.dev\/l\/svm-temp\/nyheter\/eldorado-skatten-vantas-for-svenska-pensionarer-i-portugal\/"},"modified":"2020-01-23T00:00:00","modified_gmt":"2020-01-22T23:00:00","slug":"eldorado-skatten-vantas-for-svenska-pensionarer-i-portugal","status":"publish","type":"post","link":"https:\/\/lightweb.dev\/l\/svm-temp\/nyheter\/eldorado-skatten-vantas-for-svenska-pensionarer-i-portugal\/","title":{"rendered":"\u201dEldorado-skatten\u201d v\u00e4ntas f\u00f6r svenska pension\u00e4rer i Portugal"},"content":{"rendered":"<p> Det kan snart vara slut f\u00f6r svenskar som v\u00e4ljer att bosatta sig i Portugal att f\u00e5 skattefria tj\u00e4nstepensioner fr\u00e5n privata f\u00f6retag. Genom f\u00f6rslag om en ny portugisisk skatt p\u00e5 utl\u00e4ndska pensioner i Portugal, som g\u00e5r under namnet \u201dEldorado-skatten\u201d, kan det komma att \u00e4ndras, skriver sajten Dina Pengar.<\/p>\n<p>Sveriges finansminister Magdalena Andersson har l\u00e4nge drivit fr\u00e5gan d\u00e5 utflyttade pension\u00e4rer som undg\u00e5r att betala skatt p\u00e5 sina tj\u00e4nstepensioner \u00e4r h\u00f6ginkomsttagare. De tv\u00e5 l\u00e4nderna med socialistiska regeringar \u00e4r p\u00e5 v\u00e4g att komma \u00f6verens efter att Sverige f\u00f6r snart tv\u00e5 \u00e5r sedan skickat ett officiellt brev till Lissabon med krav p\u00e5 att f\u00f6rhandla om pensionsavtalet mellan l\u00e4nderna.<\/p>\n<p>Ifjol undertecknades ett nytt skatteavtal mellan l\u00e4nderna vilket g\u00f6r att Sverige f\u00e5r r\u00e4tt att ta ut en sinkskatt p\u00e5 25 procent n\u00e4r avtalet v\u00e4l ratificerats av Portugal. Nu g\u00e5r Portugal Sverige till m\u00f6tes och inf\u00f6r beskattning av de privata svenska tj\u00e4nstepensionerna.<\/p>\n<p>Inflyttningen av svenska pension\u00e4rer till Portugal har m\u00e5ngdubblats de senaste \u00e5ren. Anledningen \u00e4r att alla som lyfte tj\u00e4nstepension fr\u00e5n privata f\u00f6retag har kunnat maxa skattefria utbetalningar i landet.<\/p>\n<p>Redan i mars i \u00e5r kan en skatt p\u00e5 10 procent p\u00e5 utlandspensioner komma att klubbas igenom. Skatten ska bara kunna tas ut av dem som har flyttat till Portugal efter den 1 mars 2020.<\/p>\n","protected":false},"excerpt":{"rendered":"<p>Det kan snart vara slut f\u00f6r svenskar som v\u00e4ljer att bosatta sig i Portugal att f\u00e5 skattefria tj\u00e4nstepensioner fr\u00e5n privata f\u00f6retag. Genom f\u00f6rslag om en ny portugisisk skatt p\u00e5 utl\u00e4ndska pensioner i Portugal, som g\u00e5r under namnet \u201dEldorado-skatten\u201d, kan det komma att \u00e4ndras, skriver sajten Dina Pengar. Sveriges finansminister Magdalena Andersson har l\u00e4nge drivit fr\u00e5gan [&hellip;]<\/p>\n","protected":false},"author":8,"featured_media":14906,"comment_status":"open","ping_status":"open","sticky":false,"template":"","format":"standard","meta":{"_et_pb_use_builder":"","_et_pb_old_content":"","_et_gb_content_width":"","footnotes":""},"categories":[395,3],"tags":[],"class_list":["post-14905","post","type-post","status-publish","format-standard","has-post-thumbnail","hentry","category-arkiv-nyheter","category-nyheter"],"yoast_head":"<!-- This site is optimized with the Yoast SEO Premium plugin v26.2 (Yoast SEO v27.4) - https:\/\/yoast.com\/product\/yoast-seo-premium-wordpress\/ -->\n<title>\u201dEldorado-skatten\u201d v\u00e4ntas f\u00f6r svenska pension\u00e4rer i Portugal - Svenska Magasinet<\/title>\n<meta name=\"robots\" content=\"noindex, follow, max-snippet:-1, max-image-preview:large, max-video-preview:-1\" \/>\n<meta property=\"og:locale\" content=\"sv_SE\" \/>\n<meta property=\"og:type\" content=\"article\" \/>\n<meta property=\"og:title\" content=\"\u201dEldorado-skatten\u201d v\u00e4ntas f\u00f6r svenska pension\u00e4rer i Portugal\" \/>\n<meta property=\"og:description\" content=\"Det kan snart vara slut f\u00f6r svenskar som v\u00e4ljer att bosatta sig i Portugal att f\u00e5 skattefria tj\u00e4nstepensioner fr\u00e5n privata f\u00f6retag. Genom f\u00f6rslag om en ny portugisisk skatt p\u00e5 utl\u00e4ndska pensioner i Portugal, som g\u00e5r under namnet \u201dEldorado-skatten\u201d, kan det komma att \u00e4ndras, skriver sajten Dina Pengar. Sveriges finansminister Magdalena Andersson har l\u00e4nge drivit fr\u00e5gan [&hellip;]\" \/>\n<meta property=\"og:url\" content=\"https:\/\/lightweb.dev\/l\/svm-temp\/nyheter\/eldorado-skatten-vantas-for-svenska-pensionarer-i-portugal\/\" \/>\n<meta property=\"og:site_name\" content=\"Svenska Magasinet\" \/>\n<meta property=\"article:publisher\" content=\"https:\/\/www.facebook.com\/svenskamagasinet\" \/>\n<meta property=\"article:published_time\" content=\"2020-01-22T23:00:00+00:00\" \/>\n<meta property=\"og:image\" content=\"https:\/\/lightweb.dev\/l\/svm-temp\/wp-content\/uploads\/2022\/06\/eldoradoskatten-vantas-for-svenska-pensionarer-i-portugal.png\" \/>\n\t<meta property=\"og:image:width\" content=\"700\" \/>\n\t<meta property=\"og:image:height\" content=\"420\" \/>\n\t<meta property=\"og:image:type\" content=\"image\/png\" \/>\n<meta name=\"author\" content=\"Redaktionen SvM\" \/>\n<meta name=\"twitter:card\" content=\"summary_large_image\" \/>\n<meta name=\"twitter:creator\" content=\"@SvenskaMagasine\" \/>\n<meta name=\"twitter:site\" content=\"@SvenskaMagasine\" \/>\n<script type=\"application\/ld+json\" class=\"yoast-schema-graph\">{\"@context\":\"https:\\\/\\\/schema.org\",\"@graph\":[{\"@type\":\"Article\",\"@id\":\"https:\\\/\\\/lightweb.dev\\\/l\\\/svm-temp\\\/nyheter\\\/eldorado-skatten-vantas-for-svenska-pensionarer-i-portugal\\\/#article\",\"isPartOf\":{\"@id\":\"https:\\\/\\\/lightweb.dev\\\/l\\\/svm-temp\\\/nyheter\\\/eldorado-skatten-vantas-for-svenska-pensionarer-i-portugal\\\/\"},\"author\":{\"name\":\"Redaktionen SvM\",\"@id\":\"https:\\\/\\\/lightweb.dev\\\/l\\\/svm-temp\\\/#\\\/schema\\\/person\\\/206a3bda5b607b0c25e1749191e4d837\"},\"headline\":\"\u201dEldorado-skatten\u201d v\u00e4ntas f\u00f6r svenska pension\u00e4rer i Portugal\",\"datePublished\":\"2020-01-22T23:00:00+00:00\",\"mainEntityOfPage\":{\"@id\":\"https:\\\/\\\/lightweb.dev\\\/l\\\/svm-temp\\\/nyheter\\\/eldorado-skatten-vantas-for-svenska-pensionarer-i-portugal\\\/\"},\"wordCount\":247,\"commentCount\":0,\"publisher\":{\"@id\":\"https:\\\/\\\/lightweb.dev\\\/l\\\/svm-temp\\\/#organization\"},\"image\":{\"@id\":\"https:\\\/\\\/lightweb.dev\\\/l\\\/svm-temp\\\/nyheter\\\/eldorado-skatten-vantas-for-svenska-pensionarer-i-portugal\\\/#primaryimage\"},\"thumbnailUrl\":\"https:\\\/\\\/lightweb.dev\\\/l\\\/svm-temp\\\/wp-content\\\/uploads\\\/2022\\\/06\\\/eldoradoskatten-vantas-for-svenska-pensionarer-i-portugal.png\",\"articleSection\":[\"Arkiv\",\"Nyheter\"],\"inLanguage\":\"sv-SE\"},{\"@type\":\"WebPage\",\"@id\":\"https:\\\/\\\/lightweb.dev\\\/l\\\/svm-temp\\\/nyheter\\\/eldorado-skatten-vantas-for-svenska-pensionarer-i-portugal\\\/\",\"url\":\"https:\\\/\\\/lightweb.dev\\\/l\\\/svm-temp\\\/nyheter\\\/eldorado-skatten-vantas-for-svenska-pensionarer-i-portugal\\\/\",\"name\":\"\u201dEldorado-skatten\u201d v\u00e4ntas f\u00f6r svenska pension\u00e4rer i Portugal - Svenska Magasinet\",\"isPartOf\":{\"@id\":\"https:\\\/\\\/lightweb.dev\\\/l\\\/svm-temp\\\/#website\"},\"primaryImageOfPage\":{\"@id\":\"https:\\\/\\\/lightweb.dev\\\/l\\\/svm-temp\\\/nyheter\\\/eldorado-skatten-vantas-for-svenska-pensionarer-i-portugal\\\/#primaryimage\"},\"image\":{\"@id\":\"https:\\\/\\\/lightweb.dev\\\/l\\\/svm-temp\\\/nyheter\\\/eldorado-skatten-vantas-for-svenska-pensionarer-i-portugal\\\/#primaryimage\"},\"thumbnailUrl\":\"https:\\\/\\\/lightweb.dev\\\/l\\\/svm-temp\\\/wp-content\\\/uploads\\\/2022\\\/06\\\/eldoradoskatten-vantas-for-svenska-pensionarer-i-portugal.png\",\"datePublished\":\"2020-01-22T23:00:00+00:00\",\"breadcrumb\":{\"@id\":\"https:\\\/\\\/lightweb.dev\\\/l\\\/svm-temp\\\/nyheter\\\/eldorado-skatten-vantas-for-svenska-pensionarer-i-portugal\\\/#breadcrumb\"},\"inLanguage\":\"sv-SE\",\"potentialAction\":[{\"@type\":\"ReadAction\",\"target\":[\"https:\\\/\\\/lightweb.dev\\\/l\\\/svm-temp\\\/nyheter\\\/eldorado-skatten-vantas-for-svenska-pensionarer-i-portugal\\\/\"]}]},{\"@type\":\"ImageObject\",\"inLanguage\":\"sv-SE\",\"@id\":\"https:\\\/\\\/lightweb.dev\\\/l\\\/svm-temp\\\/nyheter\\\/eldorado-skatten-vantas-for-svenska-pensionarer-i-portugal\\\/#primaryimage\",\"url\":\"https:\\\/\\\/lightweb.dev\\\/l\\\/svm-temp\\\/wp-content\\\/uploads\\\/2022\\\/06\\\/eldoradoskatten-vantas-for-svenska-pensionarer-i-portugal.png\",\"contentUrl\":\"https:\\\/\\\/lightweb.dev\\\/l\\\/svm-temp\\\/wp-content\\\/uploads\\\/2022\\\/06\\\/eldoradoskatten-vantas-for-svenska-pensionarer-i-portugal.png\",\"width\":700,\"height\":420},{\"@type\":\"BreadcrumbList\",\"@id\":\"https:\\\/\\\/lightweb.dev\\\/l\\\/svm-temp\\\/nyheter\\\/eldorado-skatten-vantas-for-svenska-pensionarer-i-portugal\\\/#breadcrumb\",\"itemListElement\":[{\"@type\":\"ListItem\",\"position\":1,\"name\":\"Hem\",\"item\":\"https:\\\/\\\/lightweb.dev\\\/l\\\/svm-temp\\\/\"},{\"@type\":\"ListItem\",\"position\":2,\"name\":\"\u201dEldorado-skatten\u201d v\u00e4ntas f\u00f6r svenska pension\u00e4rer i Portugal\"}]},{\"@type\":\"WebSite\",\"@id\":\"https:\\\/\\\/lightweb.dev\\\/l\\\/svm-temp\\\/#website\",\"url\":\"https:\\\/\\\/lightweb.dev\\\/l\\\/svm-temp\\\/\",\"name\":\"Svenska Magasinet\",\"description\":\"Dina Spanska nyheter p&aring; Svenska\",\"publisher\":{\"@id\":\"https:\\\/\\\/lightweb.dev\\\/l\\\/svm-temp\\\/#organization\"},\"potentialAction\":[{\"@type\":\"SearchAction\",\"target\":{\"@type\":\"EntryPoint\",\"urlTemplate\":\"https:\\\/\\\/lightweb.dev\\\/l\\\/svm-temp\\\/?s={search_term_string}\"},\"query-input\":{\"@type\":\"PropertyValueSpecification\",\"valueRequired\":true,\"valueName\":\"search_term_string\"}}],\"inLanguage\":\"sv-SE\"},{\"@type\":\"Organization\",\"@id\":\"https:\\\/\\\/lightweb.dev\\\/l\\\/svm-temp\\\/#organization\",\"name\":\"Melkerson y Nott SL\",\"alternateName\":\"Svenska Magasinet\",\"url\":\"https:\\\/\\\/lightweb.dev\\\/l\\\/svm-temp\\\/\",\"logo\":{\"@type\":\"ImageObject\",\"inLanguage\":\"sv-SE\",\"@id\":\"https:\\\/\\\/lightweb.dev\\\/l\\\/svm-temp\\\/#\\\/schema\\\/logo\\\/image\\\/\",\"url\":\"https:\\\/\\\/lightweb.dev\\\/l\\\/svm-temp\\\/wp-content\\\/uploads\\\/2025\\\/02\\\/SvM-logo-Xtra-Centrerad-SVART.png\",\"contentUrl\":\"https:\\\/\\\/lightweb.dev\\\/l\\\/svm-temp\\\/wp-content\\\/uploads\\\/2025\\\/02\\\/SvM-logo-Xtra-Centrerad-SVART.png\",\"width\":300,\"height\":99,\"caption\":\"Melkerson y Nott SL\"},\"image\":{\"@id\":\"https:\\\/\\\/lightweb.dev\\\/l\\\/svm-temp\\\/#\\\/schema\\\/logo\\\/image\\\/\"},\"sameAs\":[\"https:\\\/\\\/www.facebook.com\\\/svenskamagasinet\",\"https:\\\/\\\/x.com\\\/SvenskaMagasine\"]},{\"@type\":\"Person\",\"@id\":\"https:\\\/\\\/lightweb.dev\\\/l\\\/svm-temp\\\/#\\\/schema\\\/person\\\/206a3bda5b607b0c25e1749191e4d837\",\"name\":\"Redaktionen SvM\",\"description\":\"Redaktionen\",\"sameAs\":[\"https:\\\/\\\/lightweb.dev\\\/l\\\/svm-temp\"],\"url\":\"https:\\\/\\\/lightweb.dev\\\/l\\\/svm-temp\\\/reporter\\\/redaktionen\\\/\"}]}<\/script>\n<!-- \/ Yoast SEO Premium plugin. -->","yoast_head_json":{"title":"\u201dEldorado-skatten\u201d v\u00e4ntas f\u00f6r svenska pension\u00e4rer i Portugal - Svenska Magasinet","robots":{"index":"noindex","follow":"follow","max-snippet":"max-snippet:-1","max-image-preview":"max-image-preview:large","max-video-preview":"max-video-preview:-1"},"og_locale":"sv_SE","og_type":"article","og_title":"\u201dEldorado-skatten\u201d v\u00e4ntas f\u00f6r svenska pension\u00e4rer i Portugal","og_description":"Det kan snart vara slut f\u00f6r svenskar som v\u00e4ljer att bosatta sig i Portugal att f\u00e5 skattefria tj\u00e4nstepensioner fr\u00e5n privata f\u00f6retag. Genom f\u00f6rslag om en ny portugisisk skatt p\u00e5 utl\u00e4ndska pensioner i Portugal, som g\u00e5r under namnet \u201dEldorado-skatten\u201d, kan det komma att \u00e4ndras, skriver sajten Dina Pengar. Sveriges finansminister Magdalena Andersson har l\u00e4nge drivit fr\u00e5gan [&hellip;]","og_url":"https:\/\/lightweb.dev\/l\/svm-temp\/nyheter\/eldorado-skatten-vantas-for-svenska-pensionarer-i-portugal\/","og_site_name":"Svenska Magasinet","article_publisher":"https:\/\/www.facebook.com\/svenskamagasinet","article_published_time":"2020-01-22T23:00:00+00:00","og_image":[{"width":700,"height":420,"url":"https:\/\/lightweb.dev\/l\/svm-temp\/wp-content\/uploads\/2022\/06\/eldoradoskatten-vantas-for-svenska-pensionarer-i-portugal.png","type":"image\/png"}],"author":"Redaktionen SvM","twitter_card":"summary_large_image","twitter_creator":"@SvenskaMagasine","twitter_site":"@SvenskaMagasine","schema":{"@context":"https:\/\/schema.org","@graph":[{"@type":"Article","@id":"https:\/\/lightweb.dev\/l\/svm-temp\/nyheter\/eldorado-skatten-vantas-for-svenska-pensionarer-i-portugal\/#article","isPartOf":{"@id":"https:\/\/lightweb.dev\/l\/svm-temp\/nyheter\/eldorado-skatten-vantas-for-svenska-pensionarer-i-portugal\/"},"author":{"name":"Redaktionen SvM","@id":"https:\/\/lightweb.dev\/l\/svm-temp\/#\/schema\/person\/206a3bda5b607b0c25e1749191e4d837"},"headline":"\u201dEldorado-skatten\u201d v\u00e4ntas f\u00f6r svenska pension\u00e4rer i Portugal","datePublished":"2020-01-22T23:00:00+00:00","mainEntityOfPage":{"@id":"https:\/\/lightweb.dev\/l\/svm-temp\/nyheter\/eldorado-skatten-vantas-for-svenska-pensionarer-i-portugal\/"},"wordCount":247,"commentCount":0,"publisher":{"@id":"https:\/\/lightweb.dev\/l\/svm-temp\/#organization"},"image":{"@id":"https:\/\/lightweb.dev\/l\/svm-temp\/nyheter\/eldorado-skatten-vantas-for-svenska-pensionarer-i-portugal\/#primaryimage"},"thumbnailUrl":"https:\/\/lightweb.dev\/l\/svm-temp\/wp-content\/uploads\/2022\/06\/eldoradoskatten-vantas-for-svenska-pensionarer-i-portugal.png","articleSection":["Arkiv","Nyheter"],"inLanguage":"sv-SE"},{"@type":"WebPage","@id":"https:\/\/lightweb.dev\/l\/svm-temp\/nyheter\/eldorado-skatten-vantas-for-svenska-pensionarer-i-portugal\/","url":"https:\/\/lightweb.dev\/l\/svm-temp\/nyheter\/eldorado-skatten-vantas-for-svenska-pensionarer-i-portugal\/","name":"\u201dEldorado-skatten\u201d v\u00e4ntas f\u00f6r svenska pension\u00e4rer i Portugal - Svenska Magasinet","isPartOf":{"@id":"https:\/\/lightweb.dev\/l\/svm-temp\/#website"},"primaryImageOfPage":{"@id":"https:\/\/lightweb.dev\/l\/svm-temp\/nyheter\/eldorado-skatten-vantas-for-svenska-pensionarer-i-portugal\/#primaryimage"},"image":{"@id":"https:\/\/lightweb.dev\/l\/svm-temp\/nyheter\/eldorado-skatten-vantas-for-svenska-pensionarer-i-portugal\/#primaryimage"},"thumbnailUrl":"https:\/\/lightweb.dev\/l\/svm-temp\/wp-content\/uploads\/2022\/06\/eldoradoskatten-vantas-for-svenska-pensionarer-i-portugal.png","datePublished":"2020-01-22T23:00:00+00:00","breadcrumb":{"@id":"https:\/\/lightweb.dev\/l\/svm-temp\/nyheter\/eldorado-skatten-vantas-for-svenska-pensionarer-i-portugal\/#breadcrumb"},"inLanguage":"sv-SE","potentialAction":[{"@type":"ReadAction","target":["https:\/\/lightweb.dev\/l\/svm-temp\/nyheter\/eldorado-skatten-vantas-for-svenska-pensionarer-i-portugal\/"]}]},{"@type":"ImageObject","inLanguage":"sv-SE","@id":"https:\/\/lightweb.dev\/l\/svm-temp\/nyheter\/eldorado-skatten-vantas-for-svenska-pensionarer-i-portugal\/#primaryimage","url":"https:\/\/lightweb.dev\/l\/svm-temp\/wp-content\/uploads\/2022\/06\/eldoradoskatten-vantas-for-svenska-pensionarer-i-portugal.png","contentUrl":"https:\/\/lightweb.dev\/l\/svm-temp\/wp-content\/uploads\/2022\/06\/eldoradoskatten-vantas-for-svenska-pensionarer-i-portugal.png","width":700,"height":420},{"@type":"BreadcrumbList","@id":"https:\/\/lightweb.dev\/l\/svm-temp\/nyheter\/eldorado-skatten-vantas-for-svenska-pensionarer-i-portugal\/#breadcrumb","itemListElement":[{"@type":"ListItem","position":1,"name":"Hem","item":"https:\/\/lightweb.dev\/l\/svm-temp\/"},{"@type":"ListItem","position":2,"name":"\u201dEldorado-skatten\u201d v\u00e4ntas f\u00f6r svenska pension\u00e4rer i Portugal"}]},{"@type":"WebSite","@id":"https:\/\/lightweb.dev\/l\/svm-temp\/#website","url":"https:\/\/lightweb.dev\/l\/svm-temp\/","name":"Svenska Magasinet","description":"Dina Spanska nyheter p&aring; Svenska","publisher":{"@id":"https:\/\/lightweb.dev\/l\/svm-temp\/#organization"},"potentialAction":[{"@type":"SearchAction","target":{"@type":"EntryPoint","urlTemplate":"https:\/\/lightweb.dev\/l\/svm-temp\/?s={search_term_string}"},"query-input":{"@type":"PropertyValueSpecification","valueRequired":true,"valueName":"search_term_string"}}],"inLanguage":"sv-SE"},{"@type":"Organization","@id":"https:\/\/lightweb.dev\/l\/svm-temp\/#organization","name":"Melkerson y Nott SL","alternateName":"Svenska Magasinet","url":"https:\/\/lightweb.dev\/l\/svm-temp\/","logo":{"@type":"ImageObject","inLanguage":"sv-SE","@id":"https:\/\/lightweb.dev\/l\/svm-temp\/#\/schema\/logo\/image\/","url":"https:\/\/lightweb.dev\/l\/svm-temp\/wp-content\/uploads\/2025\/02\/SvM-logo-Xtra-Centrerad-SVART.png","contentUrl":"https:\/\/lightweb.dev\/l\/svm-temp\/wp-content\/uploads\/2025\/02\/SvM-logo-Xtra-Centrerad-SVART.png","width":300,"height":99,"caption":"Melkerson y Nott SL"},"image":{"@id":"https:\/\/lightweb.dev\/l\/svm-temp\/#\/schema\/logo\/image\/"},"sameAs":["https:\/\/www.facebook.com\/svenskamagasinet","https:\/\/x.com\/SvenskaMagasine"]},{"@type":"Person","@id":"https:\/\/lightweb.dev\/l\/svm-temp\/#\/schema\/person\/206a3bda5b607b0c25e1749191e4d837","name":"Redaktionen SvM","description":"Redaktionen","sameAs":["https:\/\/lightweb.dev\/l\/svm-temp"],"url":"https:\/\/lightweb.dev\/l\/svm-temp\/reporter\/redaktionen\/"}]}},"_links":{"self":[{"href":"https:\/\/lightweb.dev\/l\/svm-temp\/wp-json\/wp\/v2\/posts\/14905","targetHints":{"allow":["GET"]}}],"collection":[{"href":"https:\/\/lightweb.dev\/l\/svm-temp\/wp-json\/wp\/v2\/posts"}],"about":[{"href":"https:\/\/lightweb.dev\/l\/svm-temp\/wp-json\/wp\/v2\/types\/post"}],"author":[{"embeddable":true,"href":"https:\/\/lightweb.dev\/l\/svm-temp\/wp-json\/wp\/v2\/users\/8"}],"replies":[{"embeddable":true,"href":"https:\/\/lightweb.dev\/l\/svm-temp\/wp-json\/wp\/v2\/comments?post=14905"}],"version-history":[{"count":0,"href":"https:\/\/lightweb.dev\/l\/svm-temp\/wp-json\/wp\/v2\/posts\/14905\/revisions"}],"wp:featuredmedia":[{"embeddable":true,"href":"https:\/\/lightweb.dev\/l\/svm-temp\/wp-json\/wp\/v2\/media\/14906"}],"wp:attachment":[{"href":"https:\/\/lightweb.dev\/l\/svm-temp\/wp-json\/wp\/v2\/media?parent=14905"}],"wp:term":[{"taxonomy":"category","embeddable":true,"href":"https:\/\/lightweb.dev\/l\/svm-temp\/wp-json\/wp\/v2\/categories?post=14905"},{"taxonomy":"post_tag","embeddable":true,"href":"https:\/\/lightweb.dev\/l\/svm-temp\/wp-json\/wp\/v2\/tags?post=14905"}],"curies":[{"name":"wp","href":"https:\/\/api.w.org\/{rel}","templated":true}]}}