{"id":14917,"date":"2020-01-22T00:00:00","date_gmt":"2020-01-21T23:00:00","guid":{"rendered":"https:\/\/lightweb.dev\/l\/svm-temp\/nyheter\/offentliga-telefoner-en-utrotningshotad-foreteelse\/"},"modified":"2020-01-22T00:00:00","modified_gmt":"2020-01-21T23:00:00","slug":"offentliga-telefoner-en-utrotningshotad-foreteelse","status":"publish","type":"post","link":"https:\/\/lightweb.dev\/l\/svm-temp\/nyheter\/offentliga-telefoner-en-utrotningshotad-foreteelse\/","title":{"rendered":"Offentliga telefoner \u2013 en utrotningshotad f\u00f6reteelse"},"content":{"rendered":"<p> I hela Spanien finns det idag 15.500 offentliga telefoner och de registrerar i genomsnitt bara ett samtal var tredje dag. <\/p>\n<p>Den f\u00f6rsta offentliga telefonkiosken i Spanien installerades 1928 i Retiro-parken i Madrid, d\u00e4refter byggdes det telefonkiosker \u00f6ver hela landet och som mest var de 65.000 p\u00e5 1990-talet. I M\u00e1laga kom de f\u00f6rsta telefonkioskerna i b\u00f6rjan av 30-talet, idag finns det 179 kvar i staden och 549 i hela provinsen.<\/p>\n<p>En unders\u00f6kning visar att 88% av spanjorerna har aldrig anv\u00e4nt en telefonkiosk och m\u00e5nga av de yngre vet inte att man kan ringa fr\u00e5n dem genom att stoppa i ett mynt. Den gradvisa utvidgningen av fast telefoni i hemmen var starten p\u00e5 deras alltmer tynande tillvaro och explosionen av mobiltelefoner i alla delar av samh\u00e4llet har i praktiken d\u00f6mt dem till utrotning.<\/p>\n<p>Telef\u00f3nica ansvarar f\u00f6r underh\u00e5llet, genom att de av regeringen har utsetts till operat\u00f6r f\u00f6r den allm\u00e4nna teletj\u00e4nsten och efter att de inte f\u00e5tt n\u00e5gra intresserade telefonbolag vid den senaste upphandlingen. Ett logiskt ointresse med tanke p\u00e5 att det \u00e5rliga underh\u00e5llet kostar 4,52 miljoner euro.<\/p>\n<p>Kontraktet med Telef\u00f3nica gick ut den 31 december 2019 och allt pekade p\u00e5 en nedl\u00e4ggning av tj\u00e4nsten. Men regeringen \u00e4r trots den l\u00e5ga l\u00f6nsamheten motvillig till att likvidera de offentliga telefonerna eftersom de garanterar att alla medborgare har tillg\u00e5ng till telefon i hela landet och med en acceptabel kvalitet till ett \u00f6verkomligt pris. Telefonerna har nu \u201dben\u00e5dats\u201d av regeringen och driften forts\u00e4tter \u00e5tminstone till den 31 december 2020.<\/p>\n<p>Vad som h\u00e4nder sen \u00e4r det ingen som vet, men vissa telefonkiosker har f\u00e5tt andra anv\u00e4ndningsomr\u00e5den mer anpassade till dagens behov. I centrala M\u00e1laga finns det redan ett dussin kiosker som har f\u00e5tt ett nytt liv som mobilladdare, anslutningspunkt f\u00f6r Wi-Fi och \u00e4ven som turistinformation. I andra st\u00e4der som t.ex. Salamanca anv\u00e4nds vissa f\u00f6r att l\u00e4mna eller byta ut b\u00f6cker, de kallas \u201dbibliocabinas\u201d. I Sverige sattes den f\u00f6rsta telefonkiosken upp i Stockholm p\u00e5 1890 talet och som mest fanns det 44.000 telefonkiosker i landet (80-talet). Den 3 december 2015 f\u00f6rsvann den sista telefonkiosken i Sverige. D\u00e4refter har n\u00e5gra stycken \u00e5teruppst\u00e5tt som kulturminne, men dessa \u00e4r utan telefonautomater.<\/p>\n<p>Bildtext: Telefonkiosk av \u00e4ldre modell.<br \/>\nArtikel: Jonny Erixon.<\/p>\n","protected":false},"excerpt":{"rendered":"<p>I hela Spanien finns det idag 15.500 offentliga telefoner och de registrerar i genomsnitt bara ett samtal var tredje dag. Den f\u00f6rsta offentliga telefonkiosken i Spanien installerades 1928 i Retiro-parken i Madrid, d\u00e4refter byggdes det telefonkiosker \u00f6ver hela landet och som mest var de 65.000 p\u00e5 1990-talet. I M\u00e1laga kom de f\u00f6rsta telefonkioskerna i b\u00f6rjan [&hellip;]<\/p>\n","protected":false},"author":8,"featured_media":14918,"comment_status":"open","ping_status":"open","sticky":false,"template":"","format":"standard","meta":{"_et_pb_use_builder":"","_et_pb_old_content":"","_et_gb_content_width":"","footnotes":""},"categories":[395,3],"tags":[],"class_list":["post-14917","post","type-post","status-publish","format-standard","has-post-thumbnail","hentry","category-arkiv-nyheter","category-nyheter"],"yoast_head":"<!-- This site is optimized with the Yoast SEO Premium plugin v26.2 (Yoast SEO v27.4) - https:\/\/yoast.com\/product\/yoast-seo-premium-wordpress\/ -->\n<title>Offentliga telefoner \u2013 en utrotningshotad f\u00f6reteelse - Svenska Magasinet<\/title>\n<meta name=\"robots\" content=\"noindex, follow, max-snippet:-1, max-image-preview:large, max-video-preview:-1\" \/>\n<meta property=\"og:locale\" content=\"sv_SE\" \/>\n<meta property=\"og:type\" content=\"article\" \/>\n<meta property=\"og:title\" content=\"Offentliga telefoner \u2013 en utrotningshotad f\u00f6reteelse\" \/>\n<meta property=\"og:description\" content=\"I hela Spanien finns det idag 15.500 offentliga telefoner och de registrerar i genomsnitt bara ett samtal var tredje dag. Den f\u00f6rsta offentliga telefonkiosken i Spanien installerades 1928 i Retiro-parken i Madrid, d\u00e4refter byggdes det telefonkiosker \u00f6ver hela landet och som mest var de 65.000 p\u00e5 1990-talet. I M\u00e1laga kom de f\u00f6rsta telefonkioskerna i b\u00f6rjan [&hellip;]\" \/>\n<meta property=\"og:url\" content=\"https:\/\/lightweb.dev\/l\/svm-temp\/nyheter\/offentliga-telefoner-en-utrotningshotad-foreteelse\/\" \/>\n<meta property=\"og:site_name\" content=\"Svenska Magasinet\" \/>\n<meta property=\"article:publisher\" content=\"https:\/\/www.facebook.com\/svenskamagasinet\" \/>\n<meta property=\"article:published_time\" content=\"2020-01-21T23:00:00+00:00\" \/>\n<meta property=\"og:image\" content=\"https:\/\/lightweb.dev\/l\/svm-temp\/wp-content\/uploads\/2022\/06\/offentliga-telefoner-en-utrotningshotad-foreteelse.png\" \/>\n\t<meta property=\"og:image:width\" content=\"700\" \/>\n\t<meta property=\"og:image:height\" content=\"420\" \/>\n\t<meta property=\"og:image:type\" content=\"image\/png\" \/>\n<meta name=\"author\" content=\"Redaktionen SvM\" \/>\n<meta name=\"twitter:card\" content=\"summary_large_image\" \/>\n<meta name=\"twitter:creator\" content=\"@SvenskaMagasine\" \/>\n<meta name=\"twitter:site\" content=\"@SvenskaMagasine\" \/>\n<script type=\"application\/ld+json\" class=\"yoast-schema-graph\">{\"@context\":\"https:\\\/\\\/schema.org\",\"@graph\":[{\"@type\":\"Article\",\"@id\":\"https:\\\/\\\/lightweb.dev\\\/l\\\/svm-temp\\\/nyheter\\\/offentliga-telefoner-en-utrotningshotad-foreteelse\\\/#article\",\"isPartOf\":{\"@id\":\"https:\\\/\\\/lightweb.dev\\\/l\\\/svm-temp\\\/nyheter\\\/offentliga-telefoner-en-utrotningshotad-foreteelse\\\/\"},\"author\":{\"name\":\"Redaktionen SvM\",\"@id\":\"https:\\\/\\\/lightweb.dev\\\/l\\\/svm-temp\\\/#\\\/schema\\\/person\\\/206a3bda5b607b0c25e1749191e4d837\"},\"headline\":\"Offentliga telefoner \u2013 en utrotningshotad f\u00f6reteelse\",\"datePublished\":\"2020-01-21T23:00:00+00:00\",\"mainEntityOfPage\":{\"@id\":\"https:\\\/\\\/lightweb.dev\\\/l\\\/svm-temp\\\/nyheter\\\/offentliga-telefoner-en-utrotningshotad-foreteelse\\\/\"},\"wordCount\":396,\"commentCount\":0,\"publisher\":{\"@id\":\"https:\\\/\\\/lightweb.dev\\\/l\\\/svm-temp\\\/#organization\"},\"image\":{\"@id\":\"https:\\\/\\\/lightweb.dev\\\/l\\\/svm-temp\\\/nyheter\\\/offentliga-telefoner-en-utrotningshotad-foreteelse\\\/#primaryimage\"},\"thumbnailUrl\":\"https:\\\/\\\/lightweb.dev\\\/l\\\/svm-temp\\\/wp-content\\\/uploads\\\/2022\\\/06\\\/offentliga-telefoner-en-utrotningshotad-foreteelse.png\",\"articleSection\":[\"Arkiv\",\"Nyheter\"],\"inLanguage\":\"sv-SE\"},{\"@type\":\"WebPage\",\"@id\":\"https:\\\/\\\/lightweb.dev\\\/l\\\/svm-temp\\\/nyheter\\\/offentliga-telefoner-en-utrotningshotad-foreteelse\\\/\",\"url\":\"https:\\\/\\\/lightweb.dev\\\/l\\\/svm-temp\\\/nyheter\\\/offentliga-telefoner-en-utrotningshotad-foreteelse\\\/\",\"name\":\"Offentliga telefoner \u2013 en utrotningshotad f\u00f6reteelse - Svenska Magasinet\",\"isPartOf\":{\"@id\":\"https:\\\/\\\/lightweb.dev\\\/l\\\/svm-temp\\\/#website\"},\"primaryImageOfPage\":{\"@id\":\"https:\\\/\\\/lightweb.dev\\\/l\\\/svm-temp\\\/nyheter\\\/offentliga-telefoner-en-utrotningshotad-foreteelse\\\/#primaryimage\"},\"image\":{\"@id\":\"https:\\\/\\\/lightweb.dev\\\/l\\\/svm-temp\\\/nyheter\\\/offentliga-telefoner-en-utrotningshotad-foreteelse\\\/#primaryimage\"},\"thumbnailUrl\":\"https:\\\/\\\/lightweb.dev\\\/l\\\/svm-temp\\\/wp-content\\\/uploads\\\/2022\\\/06\\\/offentliga-telefoner-en-utrotningshotad-foreteelse.png\",\"datePublished\":\"2020-01-21T23:00:00+00:00\",\"breadcrumb\":{\"@id\":\"https:\\\/\\\/lightweb.dev\\\/l\\\/svm-temp\\\/nyheter\\\/offentliga-telefoner-en-utrotningshotad-foreteelse\\\/#breadcrumb\"},\"inLanguage\":\"sv-SE\",\"potentialAction\":[{\"@type\":\"ReadAction\",\"target\":[\"https:\\\/\\\/lightweb.dev\\\/l\\\/svm-temp\\\/nyheter\\\/offentliga-telefoner-en-utrotningshotad-foreteelse\\\/\"]}]},{\"@type\":\"ImageObject\",\"inLanguage\":\"sv-SE\",\"@id\":\"https:\\\/\\\/lightweb.dev\\\/l\\\/svm-temp\\\/nyheter\\\/offentliga-telefoner-en-utrotningshotad-foreteelse\\\/#primaryimage\",\"url\":\"https:\\\/\\\/lightweb.dev\\\/l\\\/svm-temp\\\/wp-content\\\/uploads\\\/2022\\\/06\\\/offentliga-telefoner-en-utrotningshotad-foreteelse.png\",\"contentUrl\":\"https:\\\/\\\/lightweb.dev\\\/l\\\/svm-temp\\\/wp-content\\\/uploads\\\/2022\\\/06\\\/offentliga-telefoner-en-utrotningshotad-foreteelse.png\",\"width\":700,\"height\":420},{\"@type\":\"BreadcrumbList\",\"@id\":\"https:\\\/\\\/lightweb.dev\\\/l\\\/svm-temp\\\/nyheter\\\/offentliga-telefoner-en-utrotningshotad-foreteelse\\\/#breadcrumb\",\"itemListElement\":[{\"@type\":\"ListItem\",\"position\":1,\"name\":\"Hem\",\"item\":\"https:\\\/\\\/lightweb.dev\\\/l\\\/svm-temp\\\/\"},{\"@type\":\"ListItem\",\"position\":2,\"name\":\"Offentliga telefoner \u2013 en utrotningshotad f\u00f6reteelse\"}]},{\"@type\":\"WebSite\",\"@id\":\"https:\\\/\\\/lightweb.dev\\\/l\\\/svm-temp\\\/#website\",\"url\":\"https:\\\/\\\/lightweb.dev\\\/l\\\/svm-temp\\\/\",\"name\":\"Svenska Magasinet\",\"description\":\"Dina Spanska nyheter p&aring; Svenska\",\"publisher\":{\"@id\":\"https:\\\/\\\/lightweb.dev\\\/l\\\/svm-temp\\\/#organization\"},\"potentialAction\":[{\"@type\":\"SearchAction\",\"target\":{\"@type\":\"EntryPoint\",\"urlTemplate\":\"https:\\\/\\\/lightweb.dev\\\/l\\\/svm-temp\\\/?s={search_term_string}\"},\"query-input\":{\"@type\":\"PropertyValueSpecification\",\"valueRequired\":true,\"valueName\":\"search_term_string\"}}],\"inLanguage\":\"sv-SE\"},{\"@type\":\"Organization\",\"@id\":\"https:\\\/\\\/lightweb.dev\\\/l\\\/svm-temp\\\/#organization\",\"name\":\"Melkerson y Nott SL\",\"alternateName\":\"Svenska Magasinet\",\"url\":\"https:\\\/\\\/lightweb.dev\\\/l\\\/svm-temp\\\/\",\"logo\":{\"@type\":\"ImageObject\",\"inLanguage\":\"sv-SE\",\"@id\":\"https:\\\/\\\/lightweb.dev\\\/l\\\/svm-temp\\\/#\\\/schema\\\/logo\\\/image\\\/\",\"url\":\"https:\\\/\\\/lightweb.dev\\\/l\\\/svm-temp\\\/wp-content\\\/uploads\\\/2025\\\/02\\\/SvM-logo-Xtra-Centrerad-SVART.png\",\"contentUrl\":\"https:\\\/\\\/lightweb.dev\\\/l\\\/svm-temp\\\/wp-content\\\/uploads\\\/2025\\\/02\\\/SvM-logo-Xtra-Centrerad-SVART.png\",\"width\":300,\"height\":99,\"caption\":\"Melkerson y Nott SL\"},\"image\":{\"@id\":\"https:\\\/\\\/lightweb.dev\\\/l\\\/svm-temp\\\/#\\\/schema\\\/logo\\\/image\\\/\"},\"sameAs\":[\"https:\\\/\\\/www.facebook.com\\\/svenskamagasinet\",\"https:\\\/\\\/x.com\\\/SvenskaMagasine\"]},{\"@type\":\"Person\",\"@id\":\"https:\\\/\\\/lightweb.dev\\\/l\\\/svm-temp\\\/#\\\/schema\\\/person\\\/206a3bda5b607b0c25e1749191e4d837\",\"name\":\"Redaktionen SvM\",\"description\":\"Redaktionen\",\"sameAs\":[\"https:\\\/\\\/lightweb.dev\\\/l\\\/svm-temp\"],\"url\":\"https:\\\/\\\/lightweb.dev\\\/l\\\/svm-temp\\\/reporter\\\/redaktionen\\\/\"}]}<\/script>\n<!-- \/ Yoast SEO Premium plugin. -->","yoast_head_json":{"title":"Offentliga telefoner \u2013 en utrotningshotad f\u00f6reteelse - Svenska Magasinet","robots":{"index":"noindex","follow":"follow","max-snippet":"max-snippet:-1","max-image-preview":"max-image-preview:large","max-video-preview":"max-video-preview:-1"},"og_locale":"sv_SE","og_type":"article","og_title":"Offentliga telefoner \u2013 en utrotningshotad f\u00f6reteelse","og_description":"I hela Spanien finns det idag 15.500 offentliga telefoner och de registrerar i genomsnitt bara ett samtal var tredje dag. Den f\u00f6rsta offentliga telefonkiosken i Spanien installerades 1928 i Retiro-parken i Madrid, d\u00e4refter byggdes det telefonkiosker \u00f6ver hela landet och som mest var de 65.000 p\u00e5 1990-talet. I M\u00e1laga kom de f\u00f6rsta telefonkioskerna i b\u00f6rjan [&hellip;]","og_url":"https:\/\/lightweb.dev\/l\/svm-temp\/nyheter\/offentliga-telefoner-en-utrotningshotad-foreteelse\/","og_site_name":"Svenska Magasinet","article_publisher":"https:\/\/www.facebook.com\/svenskamagasinet","article_published_time":"2020-01-21T23:00:00+00:00","og_image":[{"width":700,"height":420,"url":"https:\/\/lightweb.dev\/l\/svm-temp\/wp-content\/uploads\/2022\/06\/offentliga-telefoner-en-utrotningshotad-foreteelse.png","type":"image\/png"}],"author":"Redaktionen SvM","twitter_card":"summary_large_image","twitter_creator":"@SvenskaMagasine","twitter_site":"@SvenskaMagasine","schema":{"@context":"https:\/\/schema.org","@graph":[{"@type":"Article","@id":"https:\/\/lightweb.dev\/l\/svm-temp\/nyheter\/offentliga-telefoner-en-utrotningshotad-foreteelse\/#article","isPartOf":{"@id":"https:\/\/lightweb.dev\/l\/svm-temp\/nyheter\/offentliga-telefoner-en-utrotningshotad-foreteelse\/"},"author":{"name":"Redaktionen SvM","@id":"https:\/\/lightweb.dev\/l\/svm-temp\/#\/schema\/person\/206a3bda5b607b0c25e1749191e4d837"},"headline":"Offentliga telefoner \u2013 en utrotningshotad f\u00f6reteelse","datePublished":"2020-01-21T23:00:00+00:00","mainEntityOfPage":{"@id":"https:\/\/lightweb.dev\/l\/svm-temp\/nyheter\/offentliga-telefoner-en-utrotningshotad-foreteelse\/"},"wordCount":396,"commentCount":0,"publisher":{"@id":"https:\/\/lightweb.dev\/l\/svm-temp\/#organization"},"image":{"@id":"https:\/\/lightweb.dev\/l\/svm-temp\/nyheter\/offentliga-telefoner-en-utrotningshotad-foreteelse\/#primaryimage"},"thumbnailUrl":"https:\/\/lightweb.dev\/l\/svm-temp\/wp-content\/uploads\/2022\/06\/offentliga-telefoner-en-utrotningshotad-foreteelse.png","articleSection":["Arkiv","Nyheter"],"inLanguage":"sv-SE"},{"@type":"WebPage","@id":"https:\/\/lightweb.dev\/l\/svm-temp\/nyheter\/offentliga-telefoner-en-utrotningshotad-foreteelse\/","url":"https:\/\/lightweb.dev\/l\/svm-temp\/nyheter\/offentliga-telefoner-en-utrotningshotad-foreteelse\/","name":"Offentliga telefoner \u2013 en utrotningshotad f\u00f6reteelse - Svenska Magasinet","isPartOf":{"@id":"https:\/\/lightweb.dev\/l\/svm-temp\/#website"},"primaryImageOfPage":{"@id":"https:\/\/lightweb.dev\/l\/svm-temp\/nyheter\/offentliga-telefoner-en-utrotningshotad-foreteelse\/#primaryimage"},"image":{"@id":"https:\/\/lightweb.dev\/l\/svm-temp\/nyheter\/offentliga-telefoner-en-utrotningshotad-foreteelse\/#primaryimage"},"thumbnailUrl":"https:\/\/lightweb.dev\/l\/svm-temp\/wp-content\/uploads\/2022\/06\/offentliga-telefoner-en-utrotningshotad-foreteelse.png","datePublished":"2020-01-21T23:00:00+00:00","breadcrumb":{"@id":"https:\/\/lightweb.dev\/l\/svm-temp\/nyheter\/offentliga-telefoner-en-utrotningshotad-foreteelse\/#breadcrumb"},"inLanguage":"sv-SE","potentialAction":[{"@type":"ReadAction","target":["https:\/\/lightweb.dev\/l\/svm-temp\/nyheter\/offentliga-telefoner-en-utrotningshotad-foreteelse\/"]}]},{"@type":"ImageObject","inLanguage":"sv-SE","@id":"https:\/\/lightweb.dev\/l\/svm-temp\/nyheter\/offentliga-telefoner-en-utrotningshotad-foreteelse\/#primaryimage","url":"https:\/\/lightweb.dev\/l\/svm-temp\/wp-content\/uploads\/2022\/06\/offentliga-telefoner-en-utrotningshotad-foreteelse.png","contentUrl":"https:\/\/lightweb.dev\/l\/svm-temp\/wp-content\/uploads\/2022\/06\/offentliga-telefoner-en-utrotningshotad-foreteelse.png","width":700,"height":420},{"@type":"BreadcrumbList","@id":"https:\/\/lightweb.dev\/l\/svm-temp\/nyheter\/offentliga-telefoner-en-utrotningshotad-foreteelse\/#breadcrumb","itemListElement":[{"@type":"ListItem","position":1,"name":"Hem","item":"https:\/\/lightweb.dev\/l\/svm-temp\/"},{"@type":"ListItem","position":2,"name":"Offentliga telefoner \u2013 en utrotningshotad f\u00f6reteelse"}]},{"@type":"WebSite","@id":"https:\/\/lightweb.dev\/l\/svm-temp\/#website","url":"https:\/\/lightweb.dev\/l\/svm-temp\/","name":"Svenska Magasinet","description":"Dina Spanska nyheter p&aring; Svenska","publisher":{"@id":"https:\/\/lightweb.dev\/l\/svm-temp\/#organization"},"potentialAction":[{"@type":"SearchAction","target":{"@type":"EntryPoint","urlTemplate":"https:\/\/lightweb.dev\/l\/svm-temp\/?s={search_term_string}"},"query-input":{"@type":"PropertyValueSpecification","valueRequired":true,"valueName":"search_term_string"}}],"inLanguage":"sv-SE"},{"@type":"Organization","@id":"https:\/\/lightweb.dev\/l\/svm-temp\/#organization","name":"Melkerson y Nott SL","alternateName":"Svenska Magasinet","url":"https:\/\/lightweb.dev\/l\/svm-temp\/","logo":{"@type":"ImageObject","inLanguage":"sv-SE","@id":"https:\/\/lightweb.dev\/l\/svm-temp\/#\/schema\/logo\/image\/","url":"https:\/\/lightweb.dev\/l\/svm-temp\/wp-content\/uploads\/2025\/02\/SvM-logo-Xtra-Centrerad-SVART.png","contentUrl":"https:\/\/lightweb.dev\/l\/svm-temp\/wp-content\/uploads\/2025\/02\/SvM-logo-Xtra-Centrerad-SVART.png","width":300,"height":99,"caption":"Melkerson y Nott SL"},"image":{"@id":"https:\/\/lightweb.dev\/l\/svm-temp\/#\/schema\/logo\/image\/"},"sameAs":["https:\/\/www.facebook.com\/svenskamagasinet","https:\/\/x.com\/SvenskaMagasine"]},{"@type":"Person","@id":"https:\/\/lightweb.dev\/l\/svm-temp\/#\/schema\/person\/206a3bda5b607b0c25e1749191e4d837","name":"Redaktionen SvM","description":"Redaktionen","sameAs":["https:\/\/lightweb.dev\/l\/svm-temp"],"url":"https:\/\/lightweb.dev\/l\/svm-temp\/reporter\/redaktionen\/"}]}},"_links":{"self":[{"href":"https:\/\/lightweb.dev\/l\/svm-temp\/wp-json\/wp\/v2\/posts\/14917","targetHints":{"allow":["GET"]}}],"collection":[{"href":"https:\/\/lightweb.dev\/l\/svm-temp\/wp-json\/wp\/v2\/posts"}],"about":[{"href":"https:\/\/lightweb.dev\/l\/svm-temp\/wp-json\/wp\/v2\/types\/post"}],"author":[{"embeddable":true,"href":"https:\/\/lightweb.dev\/l\/svm-temp\/wp-json\/wp\/v2\/users\/8"}],"replies":[{"embeddable":true,"href":"https:\/\/lightweb.dev\/l\/svm-temp\/wp-json\/wp\/v2\/comments?post=14917"}],"version-history":[{"count":0,"href":"https:\/\/lightweb.dev\/l\/svm-temp\/wp-json\/wp\/v2\/posts\/14917\/revisions"}],"wp:featuredmedia":[{"embeddable":true,"href":"https:\/\/lightweb.dev\/l\/svm-temp\/wp-json\/wp\/v2\/media\/14918"}],"wp:attachment":[{"href":"https:\/\/lightweb.dev\/l\/svm-temp\/wp-json\/wp\/v2\/media?parent=14917"}],"wp:term":[{"taxonomy":"category","embeddable":true,"href":"https:\/\/lightweb.dev\/l\/svm-temp\/wp-json\/wp\/v2\/categories?post=14917"},{"taxonomy":"post_tag","embeddable":true,"href":"https:\/\/lightweb.dev\/l\/svm-temp\/wp-json\/wp\/v2\/tags?post=14917"}],"curies":[{"name":"wp","href":"https:\/\/api.w.org\/{rel}","templated":true}]}}