{"id":14931,"date":"2020-01-20T00:00:00","date_gmt":"2020-01-19T23:00:00","guid":{"rendered":"https:\/\/lightweb.dev\/l\/svm-temp\/nyheter\/sa-kort-vag-norrut-behover-du-aka-for-sno\/"},"modified":"2020-01-20T00:00:00","modified_gmt":"2020-01-19T23:00:00","slug":"sa-kort-vag-norrut-behover-du-aka-for-sno","status":"publish","type":"post","link":"https:\/\/lightweb.dev\/l\/svm-temp\/nyheter\/sa-kort-vag-norrut-behover-du-aka-for-sno\/","title":{"rendered":"S\u00e5 kort v\u00e4g norrut beh\u00f6ver du \u00e5ka f\u00f6r sn\u00f6"},"content":{"rendered":"<p> Det tycks vara upp-och-ned-v\u00e4nda v\u00e4rlden just nu. Sportlovet n\u00e4rmar sig med stormsteg men den milda vintern sl\u00e5r h\u00e5rt mot skidanl\u00e4ggningarna i Sverige och m\u00e5nga tvingas h\u00e5lla st\u00e4ngt. Men i Spanien faller rikligt med sn\u00f6 just nu och de flesta anl\u00e4ggningar har \u00f6ppet \u2013 om det nu inte faller f\u00f6r mycket sn\u00f6 vill s\u00e4ga. Och du som befinner dig p\u00e5 Solkusten beh\u00f6ver inte \u00e5ka l\u00e5ngt f\u00f6r att se sn\u00f6.<\/p>\n<p>\u00c4r du i provinsen M\u00e1laga r\u00e4cker det att \u00e5ka till La Maroma (2.068 meter) eller Tejeda som det heter i folkmun som ligger \u00f6ster om M\u00e1laga. I byar som Alfarnate och Alfarnatejo \u00e4r det mer vitt \u00e4n n\u00e5gon annan f\u00e4rg och d\u00e5 \u00e4r det inte mandelblommor vi t\u00e4nker p\u00e5.<\/p>\n<p>\u00c4ven M\u00e1lagabergen v\u00e4ntas f\u00e5 sn\u00f6 de n\u00e4rmaste dagarna liksom Torcal vid Antequera. Arco Calizo Central eller Chamizo (1.640 meter) norr om M\u00e1laga \u00e4r vitt av sn\u00f6. \u00c4ven i byar som Alfarnate, Alfarnatejo, Fuente de la Yedra och vid Fuente de la Reina och Puerto del Le\u00f3n i M\u00e1lagabergen v\u00e4ntas sn\u00f6fall.<\/p>\n<p>Runt Ronda \u00e4r det Sierra de las Nieves, Sn\u00f6bergen, p\u00e5 1.900 meter som har sn\u00f6.<\/p>\n<p>V\u00e4dertj\u00e4nsten Aemet (Agencia Estatal de Meteorolog\u00eda) utlyste fr\u00e5n s\u00f6ndagen en s\u00e5 kallad \u201daviso naranja\u201d (Klass 2-varning) f\u00f6r sn\u00f6 i Granada, Almer\u00eda och Ja\u00e9n p\u00e5 h\u00f6jder fr\u00e5n tusen meter.<\/p>\n<p>Myndigheterna har utf\u00e4rdat en Alerta roja, vilket motsvarar en Klass 3-varning f\u00f6r delar av Costa Blanca och Balearerna. Det \u00e4r omr\u00e5den som drabbas h\u00e5rdast av ov\u00e4dret \u201dGloria\u201d. Bland annat st\u00e4ngde Alicante-Elche-flygplatsen p\u00e5 s\u00f6ndagen. Enligt de f\u00f6rsta beskeden kommer flygplatsen att h\u00e5lla st\u00e4ngt till m\u00e5ndag eftermiddag, UPPDATERING KLOCKAN 12: Flygplatsen h\u00e5ller st\u00e4ngt resten av dagen..<\/p>\n<p>P\u00e5 Costa del Sol och Costa Tropical v\u00e4ntas busv\u00e4der hela veckan.<\/p>\n<p>Spanien har m\u00e4ngder av skidanl\u00e4ggningar och efter veckans ov\u00e4der \u201dGloria\u201d v\u00e4ntas samtliga vara \u00f6ppna.<\/p>\n<p>Bildtext: S\u00e5 \u00e4r ser det ut ett par mil fr\u00e5n Spaniens \u00f6stra kust i Castell\u00f3n (Foto: Twitter @SIAB_Castellon).<br \/>\n KLICKA H\u00c4R: S\u00e5 hittar du Spaniens samtliga skidanl\u00e4ggningar<\/p>\n","protected":false},"excerpt":{"rendered":"<p>Det tycks vara upp-och-ned-v\u00e4nda v\u00e4rlden just nu. Sportlovet n\u00e4rmar sig med stormsteg men den milda vintern sl\u00e5r h\u00e5rt mot skidanl\u00e4ggningarna i Sverige och m\u00e5nga tvingas h\u00e5lla st\u00e4ngt. Men i Spanien faller rikligt med sn\u00f6 just nu och de flesta anl\u00e4ggningar har \u00f6ppet \u2013 om det nu inte faller f\u00f6r mycket sn\u00f6 vill s\u00e4ga. Och du [&hellip;]<\/p>\n","protected":false},"author":8,"featured_media":14932,"comment_status":"open","ping_status":"open","sticky":false,"template":"","format":"standard","meta":{"_et_pb_use_builder":"","_et_pb_old_content":"","_et_gb_content_width":"","footnotes":""},"categories":[395,3],"tags":[],"class_list":["post-14931","post","type-post","status-publish","format-standard","has-post-thumbnail","hentry","category-arkiv-nyheter","category-nyheter"],"yoast_head":"<!-- This site is optimized with the Yoast SEO Premium plugin v26.2 (Yoast SEO v27.4) - https:\/\/yoast.com\/product\/yoast-seo-premium-wordpress\/ -->\n<title>S\u00e5 kort v\u00e4g norrut beh\u00f6ver du \u00e5ka f\u00f6r sn\u00f6 - Svenska Magasinet<\/title>\n<meta name=\"robots\" content=\"noindex, follow, max-snippet:-1, max-image-preview:large, max-video-preview:-1\" \/>\n<meta property=\"og:locale\" content=\"sv_SE\" \/>\n<meta property=\"og:type\" content=\"article\" \/>\n<meta property=\"og:title\" content=\"S\u00e5 kort v\u00e4g norrut beh\u00f6ver du \u00e5ka f\u00f6r sn\u00f6\" \/>\n<meta property=\"og:description\" content=\"Det tycks vara upp-och-ned-v\u00e4nda v\u00e4rlden just nu. Sportlovet n\u00e4rmar sig med stormsteg men den milda vintern sl\u00e5r h\u00e5rt mot skidanl\u00e4ggningarna i Sverige och m\u00e5nga tvingas h\u00e5lla st\u00e4ngt. Men i Spanien faller rikligt med sn\u00f6 just nu och de flesta anl\u00e4ggningar har \u00f6ppet \u2013 om det nu inte faller f\u00f6r mycket sn\u00f6 vill s\u00e4ga. Och du [&hellip;]\" \/>\n<meta property=\"og:url\" content=\"https:\/\/lightweb.dev\/l\/svm-temp\/nyheter\/sa-kort-vag-norrut-behover-du-aka-for-sno\/\" \/>\n<meta property=\"og:site_name\" content=\"Svenska Magasinet\" \/>\n<meta property=\"article:publisher\" content=\"https:\/\/www.facebook.com\/svenskamagasinet\" \/>\n<meta property=\"article:published_time\" content=\"2020-01-19T23:00:00+00:00\" \/>\n<meta property=\"og:image\" content=\"https:\/\/lightweb.dev\/l\/svm-temp\/wp-content\/uploads\/2022\/06\/sa-kort-vag-norrut-behover-du-aka-for-sno.png\" \/>\n\t<meta property=\"og:image:width\" content=\"700\" \/>\n\t<meta property=\"og:image:height\" content=\"420\" \/>\n\t<meta property=\"og:image:type\" content=\"image\/png\" \/>\n<meta name=\"author\" content=\"Redaktionen SvM\" \/>\n<meta name=\"twitter:card\" content=\"summary_large_image\" \/>\n<meta name=\"twitter:creator\" content=\"@SvenskaMagasine\" \/>\n<meta name=\"twitter:site\" content=\"@SvenskaMagasine\" \/>\n<script type=\"application\/ld+json\" class=\"yoast-schema-graph\">{\"@context\":\"https:\\\/\\\/schema.org\",\"@graph\":[{\"@type\":\"Article\",\"@id\":\"https:\\\/\\\/lightweb.dev\\\/l\\\/svm-temp\\\/nyheter\\\/sa-kort-vag-norrut-behover-du-aka-for-sno\\\/#article\",\"isPartOf\":{\"@id\":\"https:\\\/\\\/lightweb.dev\\\/l\\\/svm-temp\\\/nyheter\\\/sa-kort-vag-norrut-behover-du-aka-for-sno\\\/\"},\"author\":{\"name\":\"Redaktionen SvM\",\"@id\":\"https:\\\/\\\/lightweb.dev\\\/l\\\/svm-temp\\\/#\\\/schema\\\/person\\\/206a3bda5b607b0c25e1749191e4d837\"},\"headline\":\"S\u00e5 kort v\u00e4g norrut beh\u00f6ver du \u00e5ka f\u00f6r sn\u00f6\",\"datePublished\":\"2020-01-19T23:00:00+00:00\",\"mainEntityOfPage\":{\"@id\":\"https:\\\/\\\/lightweb.dev\\\/l\\\/svm-temp\\\/nyheter\\\/sa-kort-vag-norrut-behover-du-aka-for-sno\\\/\"},\"wordCount\":386,\"commentCount\":0,\"publisher\":{\"@id\":\"https:\\\/\\\/lightweb.dev\\\/l\\\/svm-temp\\\/#organization\"},\"image\":{\"@id\":\"https:\\\/\\\/lightweb.dev\\\/l\\\/svm-temp\\\/nyheter\\\/sa-kort-vag-norrut-behover-du-aka-for-sno\\\/#primaryimage\"},\"thumbnailUrl\":\"https:\\\/\\\/lightweb.dev\\\/l\\\/svm-temp\\\/wp-content\\\/uploads\\\/2022\\\/06\\\/sa-kort-vag-norrut-behover-du-aka-for-sno.png\",\"articleSection\":[\"Arkiv\",\"Nyheter\"],\"inLanguage\":\"sv-SE\"},{\"@type\":\"WebPage\",\"@id\":\"https:\\\/\\\/lightweb.dev\\\/l\\\/svm-temp\\\/nyheter\\\/sa-kort-vag-norrut-behover-du-aka-for-sno\\\/\",\"url\":\"https:\\\/\\\/lightweb.dev\\\/l\\\/svm-temp\\\/nyheter\\\/sa-kort-vag-norrut-behover-du-aka-for-sno\\\/\",\"name\":\"S\u00e5 kort v\u00e4g norrut beh\u00f6ver du \u00e5ka f\u00f6r sn\u00f6 - Svenska Magasinet\",\"isPartOf\":{\"@id\":\"https:\\\/\\\/lightweb.dev\\\/l\\\/svm-temp\\\/#website\"},\"primaryImageOfPage\":{\"@id\":\"https:\\\/\\\/lightweb.dev\\\/l\\\/svm-temp\\\/nyheter\\\/sa-kort-vag-norrut-behover-du-aka-for-sno\\\/#primaryimage\"},\"image\":{\"@id\":\"https:\\\/\\\/lightweb.dev\\\/l\\\/svm-temp\\\/nyheter\\\/sa-kort-vag-norrut-behover-du-aka-for-sno\\\/#primaryimage\"},\"thumbnailUrl\":\"https:\\\/\\\/lightweb.dev\\\/l\\\/svm-temp\\\/wp-content\\\/uploads\\\/2022\\\/06\\\/sa-kort-vag-norrut-behover-du-aka-for-sno.png\",\"datePublished\":\"2020-01-19T23:00:00+00:00\",\"breadcrumb\":{\"@id\":\"https:\\\/\\\/lightweb.dev\\\/l\\\/svm-temp\\\/nyheter\\\/sa-kort-vag-norrut-behover-du-aka-for-sno\\\/#breadcrumb\"},\"inLanguage\":\"sv-SE\",\"potentialAction\":[{\"@type\":\"ReadAction\",\"target\":[\"https:\\\/\\\/lightweb.dev\\\/l\\\/svm-temp\\\/nyheter\\\/sa-kort-vag-norrut-behover-du-aka-for-sno\\\/\"]}]},{\"@type\":\"ImageObject\",\"inLanguage\":\"sv-SE\",\"@id\":\"https:\\\/\\\/lightweb.dev\\\/l\\\/svm-temp\\\/nyheter\\\/sa-kort-vag-norrut-behover-du-aka-for-sno\\\/#primaryimage\",\"url\":\"https:\\\/\\\/lightweb.dev\\\/l\\\/svm-temp\\\/wp-content\\\/uploads\\\/2022\\\/06\\\/sa-kort-vag-norrut-behover-du-aka-for-sno.png\",\"contentUrl\":\"https:\\\/\\\/lightweb.dev\\\/l\\\/svm-temp\\\/wp-content\\\/uploads\\\/2022\\\/06\\\/sa-kort-vag-norrut-behover-du-aka-for-sno.png\",\"width\":700,\"height\":420},{\"@type\":\"BreadcrumbList\",\"@id\":\"https:\\\/\\\/lightweb.dev\\\/l\\\/svm-temp\\\/nyheter\\\/sa-kort-vag-norrut-behover-du-aka-for-sno\\\/#breadcrumb\",\"itemListElement\":[{\"@type\":\"ListItem\",\"position\":1,\"name\":\"Hem\",\"item\":\"https:\\\/\\\/lightweb.dev\\\/l\\\/svm-temp\\\/\"},{\"@type\":\"ListItem\",\"position\":2,\"name\":\"S\u00e5 kort v\u00e4g norrut beh\u00f6ver du \u00e5ka f\u00f6r sn\u00f6\"}]},{\"@type\":\"WebSite\",\"@id\":\"https:\\\/\\\/lightweb.dev\\\/l\\\/svm-temp\\\/#website\",\"url\":\"https:\\\/\\\/lightweb.dev\\\/l\\\/svm-temp\\\/\",\"name\":\"Svenska Magasinet\",\"description\":\"Dina Spanska nyheter p&aring; Svenska\",\"publisher\":{\"@id\":\"https:\\\/\\\/lightweb.dev\\\/l\\\/svm-temp\\\/#organization\"},\"potentialAction\":[{\"@type\":\"SearchAction\",\"target\":{\"@type\":\"EntryPoint\",\"urlTemplate\":\"https:\\\/\\\/lightweb.dev\\\/l\\\/svm-temp\\\/?s={search_term_string}\"},\"query-input\":{\"@type\":\"PropertyValueSpecification\",\"valueRequired\":true,\"valueName\":\"search_term_string\"}}],\"inLanguage\":\"sv-SE\"},{\"@type\":\"Organization\",\"@id\":\"https:\\\/\\\/lightweb.dev\\\/l\\\/svm-temp\\\/#organization\",\"name\":\"Melkerson y Nott SL\",\"alternateName\":\"Svenska Magasinet\",\"url\":\"https:\\\/\\\/lightweb.dev\\\/l\\\/svm-temp\\\/\",\"logo\":{\"@type\":\"ImageObject\",\"inLanguage\":\"sv-SE\",\"@id\":\"https:\\\/\\\/lightweb.dev\\\/l\\\/svm-temp\\\/#\\\/schema\\\/logo\\\/image\\\/\",\"url\":\"https:\\\/\\\/lightweb.dev\\\/l\\\/svm-temp\\\/wp-content\\\/uploads\\\/2025\\\/02\\\/SvM-logo-Xtra-Centrerad-SVART.png\",\"contentUrl\":\"https:\\\/\\\/lightweb.dev\\\/l\\\/svm-temp\\\/wp-content\\\/uploads\\\/2025\\\/02\\\/SvM-logo-Xtra-Centrerad-SVART.png\",\"width\":300,\"height\":99,\"caption\":\"Melkerson y Nott SL\"},\"image\":{\"@id\":\"https:\\\/\\\/lightweb.dev\\\/l\\\/svm-temp\\\/#\\\/schema\\\/logo\\\/image\\\/\"},\"sameAs\":[\"https:\\\/\\\/www.facebook.com\\\/svenskamagasinet\",\"https:\\\/\\\/x.com\\\/SvenskaMagasine\"]},{\"@type\":\"Person\",\"@id\":\"https:\\\/\\\/lightweb.dev\\\/l\\\/svm-temp\\\/#\\\/schema\\\/person\\\/206a3bda5b607b0c25e1749191e4d837\",\"name\":\"Redaktionen SvM\",\"description\":\"Redaktionen\",\"sameAs\":[\"https:\\\/\\\/lightweb.dev\\\/l\\\/svm-temp\"],\"url\":\"https:\\\/\\\/lightweb.dev\\\/l\\\/svm-temp\\\/reporter\\\/redaktionen\\\/\"}]}<\/script>\n<!-- \/ Yoast SEO Premium plugin. -->","yoast_head_json":{"title":"S\u00e5 kort v\u00e4g norrut beh\u00f6ver du \u00e5ka f\u00f6r sn\u00f6 - Svenska Magasinet","robots":{"index":"noindex","follow":"follow","max-snippet":"max-snippet:-1","max-image-preview":"max-image-preview:large","max-video-preview":"max-video-preview:-1"},"og_locale":"sv_SE","og_type":"article","og_title":"S\u00e5 kort v\u00e4g norrut beh\u00f6ver du \u00e5ka f\u00f6r sn\u00f6","og_description":"Det tycks vara upp-och-ned-v\u00e4nda v\u00e4rlden just nu. Sportlovet n\u00e4rmar sig med stormsteg men den milda vintern sl\u00e5r h\u00e5rt mot skidanl\u00e4ggningarna i Sverige och m\u00e5nga tvingas h\u00e5lla st\u00e4ngt. Men i Spanien faller rikligt med sn\u00f6 just nu och de flesta anl\u00e4ggningar har \u00f6ppet \u2013 om det nu inte faller f\u00f6r mycket sn\u00f6 vill s\u00e4ga. Och du [&hellip;]","og_url":"https:\/\/lightweb.dev\/l\/svm-temp\/nyheter\/sa-kort-vag-norrut-behover-du-aka-for-sno\/","og_site_name":"Svenska Magasinet","article_publisher":"https:\/\/www.facebook.com\/svenskamagasinet","article_published_time":"2020-01-19T23:00:00+00:00","og_image":[{"width":700,"height":420,"url":"https:\/\/lightweb.dev\/l\/svm-temp\/wp-content\/uploads\/2022\/06\/sa-kort-vag-norrut-behover-du-aka-for-sno.png","type":"image\/png"}],"author":"Redaktionen SvM","twitter_card":"summary_large_image","twitter_creator":"@SvenskaMagasine","twitter_site":"@SvenskaMagasine","schema":{"@context":"https:\/\/schema.org","@graph":[{"@type":"Article","@id":"https:\/\/lightweb.dev\/l\/svm-temp\/nyheter\/sa-kort-vag-norrut-behover-du-aka-for-sno\/#article","isPartOf":{"@id":"https:\/\/lightweb.dev\/l\/svm-temp\/nyheter\/sa-kort-vag-norrut-behover-du-aka-for-sno\/"},"author":{"name":"Redaktionen SvM","@id":"https:\/\/lightweb.dev\/l\/svm-temp\/#\/schema\/person\/206a3bda5b607b0c25e1749191e4d837"},"headline":"S\u00e5 kort v\u00e4g norrut beh\u00f6ver du \u00e5ka f\u00f6r sn\u00f6","datePublished":"2020-01-19T23:00:00+00:00","mainEntityOfPage":{"@id":"https:\/\/lightweb.dev\/l\/svm-temp\/nyheter\/sa-kort-vag-norrut-behover-du-aka-for-sno\/"},"wordCount":386,"commentCount":0,"publisher":{"@id":"https:\/\/lightweb.dev\/l\/svm-temp\/#organization"},"image":{"@id":"https:\/\/lightweb.dev\/l\/svm-temp\/nyheter\/sa-kort-vag-norrut-behover-du-aka-for-sno\/#primaryimage"},"thumbnailUrl":"https:\/\/lightweb.dev\/l\/svm-temp\/wp-content\/uploads\/2022\/06\/sa-kort-vag-norrut-behover-du-aka-for-sno.png","articleSection":["Arkiv","Nyheter"],"inLanguage":"sv-SE"},{"@type":"WebPage","@id":"https:\/\/lightweb.dev\/l\/svm-temp\/nyheter\/sa-kort-vag-norrut-behover-du-aka-for-sno\/","url":"https:\/\/lightweb.dev\/l\/svm-temp\/nyheter\/sa-kort-vag-norrut-behover-du-aka-for-sno\/","name":"S\u00e5 kort v\u00e4g norrut beh\u00f6ver du \u00e5ka f\u00f6r sn\u00f6 - Svenska Magasinet","isPartOf":{"@id":"https:\/\/lightweb.dev\/l\/svm-temp\/#website"},"primaryImageOfPage":{"@id":"https:\/\/lightweb.dev\/l\/svm-temp\/nyheter\/sa-kort-vag-norrut-behover-du-aka-for-sno\/#primaryimage"},"image":{"@id":"https:\/\/lightweb.dev\/l\/svm-temp\/nyheter\/sa-kort-vag-norrut-behover-du-aka-for-sno\/#primaryimage"},"thumbnailUrl":"https:\/\/lightweb.dev\/l\/svm-temp\/wp-content\/uploads\/2022\/06\/sa-kort-vag-norrut-behover-du-aka-for-sno.png","datePublished":"2020-01-19T23:00:00+00:00","breadcrumb":{"@id":"https:\/\/lightweb.dev\/l\/svm-temp\/nyheter\/sa-kort-vag-norrut-behover-du-aka-for-sno\/#breadcrumb"},"inLanguage":"sv-SE","potentialAction":[{"@type":"ReadAction","target":["https:\/\/lightweb.dev\/l\/svm-temp\/nyheter\/sa-kort-vag-norrut-behover-du-aka-for-sno\/"]}]},{"@type":"ImageObject","inLanguage":"sv-SE","@id":"https:\/\/lightweb.dev\/l\/svm-temp\/nyheter\/sa-kort-vag-norrut-behover-du-aka-for-sno\/#primaryimage","url":"https:\/\/lightweb.dev\/l\/svm-temp\/wp-content\/uploads\/2022\/06\/sa-kort-vag-norrut-behover-du-aka-for-sno.png","contentUrl":"https:\/\/lightweb.dev\/l\/svm-temp\/wp-content\/uploads\/2022\/06\/sa-kort-vag-norrut-behover-du-aka-for-sno.png","width":700,"height":420},{"@type":"BreadcrumbList","@id":"https:\/\/lightweb.dev\/l\/svm-temp\/nyheter\/sa-kort-vag-norrut-behover-du-aka-for-sno\/#breadcrumb","itemListElement":[{"@type":"ListItem","position":1,"name":"Hem","item":"https:\/\/lightweb.dev\/l\/svm-temp\/"},{"@type":"ListItem","position":2,"name":"S\u00e5 kort v\u00e4g norrut beh\u00f6ver du \u00e5ka f\u00f6r sn\u00f6"}]},{"@type":"WebSite","@id":"https:\/\/lightweb.dev\/l\/svm-temp\/#website","url":"https:\/\/lightweb.dev\/l\/svm-temp\/","name":"Svenska Magasinet","description":"Dina Spanska nyheter p&aring; Svenska","publisher":{"@id":"https:\/\/lightweb.dev\/l\/svm-temp\/#organization"},"potentialAction":[{"@type":"SearchAction","target":{"@type":"EntryPoint","urlTemplate":"https:\/\/lightweb.dev\/l\/svm-temp\/?s={search_term_string}"},"query-input":{"@type":"PropertyValueSpecification","valueRequired":true,"valueName":"search_term_string"}}],"inLanguage":"sv-SE"},{"@type":"Organization","@id":"https:\/\/lightweb.dev\/l\/svm-temp\/#organization","name":"Melkerson y Nott SL","alternateName":"Svenska Magasinet","url":"https:\/\/lightweb.dev\/l\/svm-temp\/","logo":{"@type":"ImageObject","inLanguage":"sv-SE","@id":"https:\/\/lightweb.dev\/l\/svm-temp\/#\/schema\/logo\/image\/","url":"https:\/\/lightweb.dev\/l\/svm-temp\/wp-content\/uploads\/2025\/02\/SvM-logo-Xtra-Centrerad-SVART.png","contentUrl":"https:\/\/lightweb.dev\/l\/svm-temp\/wp-content\/uploads\/2025\/02\/SvM-logo-Xtra-Centrerad-SVART.png","width":300,"height":99,"caption":"Melkerson y Nott SL"},"image":{"@id":"https:\/\/lightweb.dev\/l\/svm-temp\/#\/schema\/logo\/image\/"},"sameAs":["https:\/\/www.facebook.com\/svenskamagasinet","https:\/\/x.com\/SvenskaMagasine"]},{"@type":"Person","@id":"https:\/\/lightweb.dev\/l\/svm-temp\/#\/schema\/person\/206a3bda5b607b0c25e1749191e4d837","name":"Redaktionen SvM","description":"Redaktionen","sameAs":["https:\/\/lightweb.dev\/l\/svm-temp"],"url":"https:\/\/lightweb.dev\/l\/svm-temp\/reporter\/redaktionen\/"}]}},"_links":{"self":[{"href":"https:\/\/lightweb.dev\/l\/svm-temp\/wp-json\/wp\/v2\/posts\/14931","targetHints":{"allow":["GET"]}}],"collection":[{"href":"https:\/\/lightweb.dev\/l\/svm-temp\/wp-json\/wp\/v2\/posts"}],"about":[{"href":"https:\/\/lightweb.dev\/l\/svm-temp\/wp-json\/wp\/v2\/types\/post"}],"author":[{"embeddable":true,"href":"https:\/\/lightweb.dev\/l\/svm-temp\/wp-json\/wp\/v2\/users\/8"}],"replies":[{"embeddable":true,"href":"https:\/\/lightweb.dev\/l\/svm-temp\/wp-json\/wp\/v2\/comments?post=14931"}],"version-history":[{"count":0,"href":"https:\/\/lightweb.dev\/l\/svm-temp\/wp-json\/wp\/v2\/posts\/14931\/revisions"}],"wp:featuredmedia":[{"embeddable":true,"href":"https:\/\/lightweb.dev\/l\/svm-temp\/wp-json\/wp\/v2\/media\/14932"}],"wp:attachment":[{"href":"https:\/\/lightweb.dev\/l\/svm-temp\/wp-json\/wp\/v2\/media?parent=14931"}],"wp:term":[{"taxonomy":"category","embeddable":true,"href":"https:\/\/lightweb.dev\/l\/svm-temp\/wp-json\/wp\/v2\/categories?post=14931"},{"taxonomy":"post_tag","embeddable":true,"href":"https:\/\/lightweb.dev\/l\/svm-temp\/wp-json\/wp\/v2\/tags?post=14931"}],"curies":[{"name":"wp","href":"https:\/\/api.w.org\/{rel}","templated":true}]}}