{"id":14949,"date":"2020-01-16T00:00:00","date_gmt":"2020-01-15T23:00:00","guid":{"rendered":"https:\/\/lightweb.dev\/l\/svm-temp\/nyheter\/branden-pa-flygplatsen-i-alicante-ar-svarslackt\/"},"modified":"2020-01-16T00:00:00","modified_gmt":"2020-01-15T23:00:00","slug":"branden-pa-flygplatsen-i-alicante-ar-svarslackt","status":"publish","type":"post","link":"https:\/\/lightweb.dev\/l\/svm-temp\/nyheter\/branden-pa-flygplatsen-i-alicante-ar-svarslackt\/","title":{"rendered":"Branden p\u00e5 flygplatsen i Alicante \u00e4r sv\u00e5rsl\u00e4ckt"},"content":{"rendered":"<p> En brand utbr\u00f6t ig\u00e5r vid 15-tiden p\u00e5 taket p\u00e5 en terminalbyggnad p\u00e5 Alicante-Elche flygplats, det blev kraftig r\u00f6kutveckling och flygplatsen tvingades st\u00e4nga.<\/p>\n<p>Ankomsthallen fick evakueras och flygplatsen blev st\u00e4ngd f\u00f6r b\u00e5de landningar och avg\u00e5ngar. Lite senare sl\u00e4pptes vissa avg\u00e5ende plan iv\u00e4g, men inga landningar till\u00e4ts. Ankommande flygplan omdirigerades till Murcia och Corvera. Under kv\u00e4llen blev alla v\u00e4gar till och fr\u00e5n flygplatsen helt avst\u00e4ngda. Nu p\u00e5 morgonen \u00e4r branden fortfarande inte sl\u00e4ckt men den \u00e4r under kontroll. Branden har under natten bek\u00e4mpats av ett 50-tal brandm\u00e4n men sl\u00e4ckningen \u00e4r sv\u00e5r eftersom det \u00e4r sv\u00e5rt att komma \u00e5t brandh\u00e4rdarna, det brinner i takmaterial som ligger emellan tr\u00e4 och metallplattor. Det brinnande materialet som \u00e4r asfaltbaserat ger en kraftig r\u00f6kutveckling som syns p\u00e5 flera kilometers h\u00e5ll. I skrivande stund \u00e4r 1.200 kvadratmeter tak p\u00e5verkade av branden, samt hela VIP-omr\u00e5det.<\/p>\n<p>Mellan 30.000 och 35.000 passagerare och fler \u00e4n 170 flyg har hittills p\u00e5verkats genom omdirigeringar och inst\u00e4llda avg\u00e5ngar.<\/p>\n<p>N\u00e4r branden v\u00e4l \u00e4r sl\u00e4ckt kommer det att bli en tids\u00f6dande brandsanering innan flygplatsen blir sig lik igen. Men flygplatsen ber\u00e4knas kunna \u00f6ppna igen under eftermiddagen, klockan 14:00 enligt uppgifter fr\u00e5n flygplatsbolaget AENA.<\/p>\n<p>Uppdatering klockan 15:00: Enligt Aena har flygplatsen \u00f6ppnat steg f\u00f6r steg sedan 14:00, men det tar m\u00e5nga timmar till dess att den fungerar normalt. Flera flygbolag har flyttat flygningar idag och i morgon till andra flygplatser och vissa flygningar har framflyttats varf\u00f6r det \u00e4r av vikt att de som skall resa kontaktar sina respektive flygbolag f\u00f6r information.<\/p>\n<p>Bildtext: Det brinnande taket.<br \/>\nArtikel: Jonny Erixon<\/p>\n","protected":false},"excerpt":{"rendered":"<p>En brand utbr\u00f6t ig\u00e5r vid 15-tiden p\u00e5 taket p\u00e5 en terminalbyggnad p\u00e5 Alicante-Elche flygplats, det blev kraftig r\u00f6kutveckling och flygplatsen tvingades st\u00e4nga. Ankomsthallen fick evakueras och flygplatsen blev st\u00e4ngd f\u00f6r b\u00e5de landningar och avg\u00e5ngar. Lite senare sl\u00e4pptes vissa avg\u00e5ende plan iv\u00e4g, men inga landningar till\u00e4ts. Ankommande flygplan omdirigerades till Murcia och Corvera. Under kv\u00e4llen blev [&hellip;]<\/p>\n","protected":false},"author":8,"featured_media":14950,"comment_status":"open","ping_status":"open","sticky":false,"template":"","format":"standard","meta":{"_et_pb_use_builder":"","_et_pb_old_content":"","_et_gb_content_width":"","footnotes":""},"categories":[395,3],"tags":[],"class_list":["post-14949","post","type-post","status-publish","format-standard","has-post-thumbnail","hentry","category-arkiv-nyheter","category-nyheter"],"yoast_head":"<!-- This site is optimized with the Yoast SEO Premium plugin v26.2 (Yoast SEO v27.4) - https:\/\/yoast.com\/product\/yoast-seo-premium-wordpress\/ -->\n<title>Branden p\u00e5 flygplatsen i Alicante \u00e4r sv\u00e5rsl\u00e4ckt - Svenska Magasinet<\/title>\n<meta name=\"robots\" content=\"noindex, follow, max-snippet:-1, max-image-preview:large, max-video-preview:-1\" \/>\n<meta property=\"og:locale\" content=\"sv_SE\" \/>\n<meta property=\"og:type\" content=\"article\" \/>\n<meta property=\"og:title\" content=\"Branden p\u00e5 flygplatsen i Alicante \u00e4r sv\u00e5rsl\u00e4ckt\" \/>\n<meta property=\"og:description\" content=\"En brand utbr\u00f6t ig\u00e5r vid 15-tiden p\u00e5 taket p\u00e5 en terminalbyggnad p\u00e5 Alicante-Elche flygplats, det blev kraftig r\u00f6kutveckling och flygplatsen tvingades st\u00e4nga. Ankomsthallen fick evakueras och flygplatsen blev st\u00e4ngd f\u00f6r b\u00e5de landningar och avg\u00e5ngar. Lite senare sl\u00e4pptes vissa avg\u00e5ende plan iv\u00e4g, men inga landningar till\u00e4ts. Ankommande flygplan omdirigerades till Murcia och Corvera. Under kv\u00e4llen blev [&hellip;]\" \/>\n<meta property=\"og:url\" content=\"https:\/\/lightweb.dev\/l\/svm-temp\/nyheter\/branden-pa-flygplatsen-i-alicante-ar-svarslackt\/\" \/>\n<meta property=\"og:site_name\" content=\"Svenska Magasinet\" \/>\n<meta property=\"article:publisher\" content=\"https:\/\/www.facebook.com\/svenskamagasinet\" \/>\n<meta property=\"article:published_time\" content=\"2020-01-15T23:00:00+00:00\" \/>\n<meta property=\"og:image\" content=\"https:\/\/lightweb.dev\/l\/svm-temp\/wp-content\/uploads\/2022\/06\/branden-pa-flygplatsen-i-alicante-ar-svarslackt.png\" \/>\n\t<meta property=\"og:image:width\" content=\"700\" \/>\n\t<meta property=\"og:image:height\" content=\"420\" \/>\n\t<meta property=\"og:image:type\" content=\"image\/png\" \/>\n<meta name=\"author\" content=\"Redaktionen SvM\" \/>\n<meta name=\"twitter:card\" content=\"summary_large_image\" \/>\n<meta name=\"twitter:creator\" content=\"@SvenskaMagasine\" \/>\n<meta name=\"twitter:site\" content=\"@SvenskaMagasine\" \/>\n<script type=\"application\/ld+json\" class=\"yoast-schema-graph\">{\"@context\":\"https:\\\/\\\/schema.org\",\"@graph\":[{\"@type\":\"Article\",\"@id\":\"https:\\\/\\\/lightweb.dev\\\/l\\\/svm-temp\\\/nyheter\\\/branden-pa-flygplatsen-i-alicante-ar-svarslackt\\\/#article\",\"isPartOf\":{\"@id\":\"https:\\\/\\\/lightweb.dev\\\/l\\\/svm-temp\\\/nyheter\\\/branden-pa-flygplatsen-i-alicante-ar-svarslackt\\\/\"},\"author\":{\"name\":\"Redaktionen SvM\",\"@id\":\"https:\\\/\\\/lightweb.dev\\\/l\\\/svm-temp\\\/#\\\/schema\\\/person\\\/206a3bda5b607b0c25e1749191e4d837\"},\"headline\":\"Branden p\u00e5 flygplatsen i Alicante \u00e4r sv\u00e5rsl\u00e4ckt\",\"datePublished\":\"2020-01-15T23:00:00+00:00\",\"mainEntityOfPage\":{\"@id\":\"https:\\\/\\\/lightweb.dev\\\/l\\\/svm-temp\\\/nyheter\\\/branden-pa-flygplatsen-i-alicante-ar-svarslackt\\\/\"},\"wordCount\":293,\"commentCount\":0,\"publisher\":{\"@id\":\"https:\\\/\\\/lightweb.dev\\\/l\\\/svm-temp\\\/#organization\"},\"image\":{\"@id\":\"https:\\\/\\\/lightweb.dev\\\/l\\\/svm-temp\\\/nyheter\\\/branden-pa-flygplatsen-i-alicante-ar-svarslackt\\\/#primaryimage\"},\"thumbnailUrl\":\"https:\\\/\\\/lightweb.dev\\\/l\\\/svm-temp\\\/wp-content\\\/uploads\\\/2022\\\/06\\\/branden-pa-flygplatsen-i-alicante-ar-svarslackt.png\",\"articleSection\":[\"Arkiv\",\"Nyheter\"],\"inLanguage\":\"sv-SE\"},{\"@type\":\"WebPage\",\"@id\":\"https:\\\/\\\/lightweb.dev\\\/l\\\/svm-temp\\\/nyheter\\\/branden-pa-flygplatsen-i-alicante-ar-svarslackt\\\/\",\"url\":\"https:\\\/\\\/lightweb.dev\\\/l\\\/svm-temp\\\/nyheter\\\/branden-pa-flygplatsen-i-alicante-ar-svarslackt\\\/\",\"name\":\"Branden p\u00e5 flygplatsen i Alicante \u00e4r sv\u00e5rsl\u00e4ckt - Svenska Magasinet\",\"isPartOf\":{\"@id\":\"https:\\\/\\\/lightweb.dev\\\/l\\\/svm-temp\\\/#website\"},\"primaryImageOfPage\":{\"@id\":\"https:\\\/\\\/lightweb.dev\\\/l\\\/svm-temp\\\/nyheter\\\/branden-pa-flygplatsen-i-alicante-ar-svarslackt\\\/#primaryimage\"},\"image\":{\"@id\":\"https:\\\/\\\/lightweb.dev\\\/l\\\/svm-temp\\\/nyheter\\\/branden-pa-flygplatsen-i-alicante-ar-svarslackt\\\/#primaryimage\"},\"thumbnailUrl\":\"https:\\\/\\\/lightweb.dev\\\/l\\\/svm-temp\\\/wp-content\\\/uploads\\\/2022\\\/06\\\/branden-pa-flygplatsen-i-alicante-ar-svarslackt.png\",\"datePublished\":\"2020-01-15T23:00:00+00:00\",\"breadcrumb\":{\"@id\":\"https:\\\/\\\/lightweb.dev\\\/l\\\/svm-temp\\\/nyheter\\\/branden-pa-flygplatsen-i-alicante-ar-svarslackt\\\/#breadcrumb\"},\"inLanguage\":\"sv-SE\",\"potentialAction\":[{\"@type\":\"ReadAction\",\"target\":[\"https:\\\/\\\/lightweb.dev\\\/l\\\/svm-temp\\\/nyheter\\\/branden-pa-flygplatsen-i-alicante-ar-svarslackt\\\/\"]}]},{\"@type\":\"ImageObject\",\"inLanguage\":\"sv-SE\",\"@id\":\"https:\\\/\\\/lightweb.dev\\\/l\\\/svm-temp\\\/nyheter\\\/branden-pa-flygplatsen-i-alicante-ar-svarslackt\\\/#primaryimage\",\"url\":\"https:\\\/\\\/lightweb.dev\\\/l\\\/svm-temp\\\/wp-content\\\/uploads\\\/2022\\\/06\\\/branden-pa-flygplatsen-i-alicante-ar-svarslackt.png\",\"contentUrl\":\"https:\\\/\\\/lightweb.dev\\\/l\\\/svm-temp\\\/wp-content\\\/uploads\\\/2022\\\/06\\\/branden-pa-flygplatsen-i-alicante-ar-svarslackt.png\",\"width\":700,\"height\":420},{\"@type\":\"BreadcrumbList\",\"@id\":\"https:\\\/\\\/lightweb.dev\\\/l\\\/svm-temp\\\/nyheter\\\/branden-pa-flygplatsen-i-alicante-ar-svarslackt\\\/#breadcrumb\",\"itemListElement\":[{\"@type\":\"ListItem\",\"position\":1,\"name\":\"Hem\",\"item\":\"https:\\\/\\\/lightweb.dev\\\/l\\\/svm-temp\\\/\"},{\"@type\":\"ListItem\",\"position\":2,\"name\":\"Branden p\u00e5 flygplatsen i Alicante \u00e4r sv\u00e5rsl\u00e4ckt\"}]},{\"@type\":\"WebSite\",\"@id\":\"https:\\\/\\\/lightweb.dev\\\/l\\\/svm-temp\\\/#website\",\"url\":\"https:\\\/\\\/lightweb.dev\\\/l\\\/svm-temp\\\/\",\"name\":\"Svenska Magasinet\",\"description\":\"Dina Spanska nyheter p&aring; Svenska\",\"publisher\":{\"@id\":\"https:\\\/\\\/lightweb.dev\\\/l\\\/svm-temp\\\/#organization\"},\"potentialAction\":[{\"@type\":\"SearchAction\",\"target\":{\"@type\":\"EntryPoint\",\"urlTemplate\":\"https:\\\/\\\/lightweb.dev\\\/l\\\/svm-temp\\\/?s={search_term_string}\"},\"query-input\":{\"@type\":\"PropertyValueSpecification\",\"valueRequired\":true,\"valueName\":\"search_term_string\"}}],\"inLanguage\":\"sv-SE\"},{\"@type\":\"Organization\",\"@id\":\"https:\\\/\\\/lightweb.dev\\\/l\\\/svm-temp\\\/#organization\",\"name\":\"Melkerson y Nott SL\",\"alternateName\":\"Svenska Magasinet\",\"url\":\"https:\\\/\\\/lightweb.dev\\\/l\\\/svm-temp\\\/\",\"logo\":{\"@type\":\"ImageObject\",\"inLanguage\":\"sv-SE\",\"@id\":\"https:\\\/\\\/lightweb.dev\\\/l\\\/svm-temp\\\/#\\\/schema\\\/logo\\\/image\\\/\",\"url\":\"https:\\\/\\\/lightweb.dev\\\/l\\\/svm-temp\\\/wp-content\\\/uploads\\\/2025\\\/02\\\/SvM-logo-Xtra-Centrerad-SVART.png\",\"contentUrl\":\"https:\\\/\\\/lightweb.dev\\\/l\\\/svm-temp\\\/wp-content\\\/uploads\\\/2025\\\/02\\\/SvM-logo-Xtra-Centrerad-SVART.png\",\"width\":300,\"height\":99,\"caption\":\"Melkerson y Nott SL\"},\"image\":{\"@id\":\"https:\\\/\\\/lightweb.dev\\\/l\\\/svm-temp\\\/#\\\/schema\\\/logo\\\/image\\\/\"},\"sameAs\":[\"https:\\\/\\\/www.facebook.com\\\/svenskamagasinet\",\"https:\\\/\\\/x.com\\\/SvenskaMagasine\"]},{\"@type\":\"Person\",\"@id\":\"https:\\\/\\\/lightweb.dev\\\/l\\\/svm-temp\\\/#\\\/schema\\\/person\\\/206a3bda5b607b0c25e1749191e4d837\",\"name\":\"Redaktionen SvM\",\"description\":\"Redaktionen\",\"sameAs\":[\"https:\\\/\\\/lightweb.dev\\\/l\\\/svm-temp\"],\"url\":\"https:\\\/\\\/lightweb.dev\\\/l\\\/svm-temp\\\/reporter\\\/redaktionen\\\/\"}]}<\/script>\n<!-- \/ Yoast SEO Premium plugin. -->","yoast_head_json":{"title":"Branden p\u00e5 flygplatsen i Alicante \u00e4r sv\u00e5rsl\u00e4ckt - Svenska Magasinet","robots":{"index":"noindex","follow":"follow","max-snippet":"max-snippet:-1","max-image-preview":"max-image-preview:large","max-video-preview":"max-video-preview:-1"},"og_locale":"sv_SE","og_type":"article","og_title":"Branden p\u00e5 flygplatsen i Alicante \u00e4r sv\u00e5rsl\u00e4ckt","og_description":"En brand utbr\u00f6t ig\u00e5r vid 15-tiden p\u00e5 taket p\u00e5 en terminalbyggnad p\u00e5 Alicante-Elche flygplats, det blev kraftig r\u00f6kutveckling och flygplatsen tvingades st\u00e4nga. Ankomsthallen fick evakueras och flygplatsen blev st\u00e4ngd f\u00f6r b\u00e5de landningar och avg\u00e5ngar. Lite senare sl\u00e4pptes vissa avg\u00e5ende plan iv\u00e4g, men inga landningar till\u00e4ts. Ankommande flygplan omdirigerades till Murcia och Corvera. Under kv\u00e4llen blev [&hellip;]","og_url":"https:\/\/lightweb.dev\/l\/svm-temp\/nyheter\/branden-pa-flygplatsen-i-alicante-ar-svarslackt\/","og_site_name":"Svenska Magasinet","article_publisher":"https:\/\/www.facebook.com\/svenskamagasinet","article_published_time":"2020-01-15T23:00:00+00:00","og_image":[{"width":700,"height":420,"url":"https:\/\/lightweb.dev\/l\/svm-temp\/wp-content\/uploads\/2022\/06\/branden-pa-flygplatsen-i-alicante-ar-svarslackt.png","type":"image\/png"}],"author":"Redaktionen SvM","twitter_card":"summary_large_image","twitter_creator":"@SvenskaMagasine","twitter_site":"@SvenskaMagasine","schema":{"@context":"https:\/\/schema.org","@graph":[{"@type":"Article","@id":"https:\/\/lightweb.dev\/l\/svm-temp\/nyheter\/branden-pa-flygplatsen-i-alicante-ar-svarslackt\/#article","isPartOf":{"@id":"https:\/\/lightweb.dev\/l\/svm-temp\/nyheter\/branden-pa-flygplatsen-i-alicante-ar-svarslackt\/"},"author":{"name":"Redaktionen SvM","@id":"https:\/\/lightweb.dev\/l\/svm-temp\/#\/schema\/person\/206a3bda5b607b0c25e1749191e4d837"},"headline":"Branden p\u00e5 flygplatsen i Alicante \u00e4r sv\u00e5rsl\u00e4ckt","datePublished":"2020-01-15T23:00:00+00:00","mainEntityOfPage":{"@id":"https:\/\/lightweb.dev\/l\/svm-temp\/nyheter\/branden-pa-flygplatsen-i-alicante-ar-svarslackt\/"},"wordCount":293,"commentCount":0,"publisher":{"@id":"https:\/\/lightweb.dev\/l\/svm-temp\/#organization"},"image":{"@id":"https:\/\/lightweb.dev\/l\/svm-temp\/nyheter\/branden-pa-flygplatsen-i-alicante-ar-svarslackt\/#primaryimage"},"thumbnailUrl":"https:\/\/lightweb.dev\/l\/svm-temp\/wp-content\/uploads\/2022\/06\/branden-pa-flygplatsen-i-alicante-ar-svarslackt.png","articleSection":["Arkiv","Nyheter"],"inLanguage":"sv-SE"},{"@type":"WebPage","@id":"https:\/\/lightweb.dev\/l\/svm-temp\/nyheter\/branden-pa-flygplatsen-i-alicante-ar-svarslackt\/","url":"https:\/\/lightweb.dev\/l\/svm-temp\/nyheter\/branden-pa-flygplatsen-i-alicante-ar-svarslackt\/","name":"Branden p\u00e5 flygplatsen i Alicante \u00e4r sv\u00e5rsl\u00e4ckt - Svenska Magasinet","isPartOf":{"@id":"https:\/\/lightweb.dev\/l\/svm-temp\/#website"},"primaryImageOfPage":{"@id":"https:\/\/lightweb.dev\/l\/svm-temp\/nyheter\/branden-pa-flygplatsen-i-alicante-ar-svarslackt\/#primaryimage"},"image":{"@id":"https:\/\/lightweb.dev\/l\/svm-temp\/nyheter\/branden-pa-flygplatsen-i-alicante-ar-svarslackt\/#primaryimage"},"thumbnailUrl":"https:\/\/lightweb.dev\/l\/svm-temp\/wp-content\/uploads\/2022\/06\/branden-pa-flygplatsen-i-alicante-ar-svarslackt.png","datePublished":"2020-01-15T23:00:00+00:00","breadcrumb":{"@id":"https:\/\/lightweb.dev\/l\/svm-temp\/nyheter\/branden-pa-flygplatsen-i-alicante-ar-svarslackt\/#breadcrumb"},"inLanguage":"sv-SE","potentialAction":[{"@type":"ReadAction","target":["https:\/\/lightweb.dev\/l\/svm-temp\/nyheter\/branden-pa-flygplatsen-i-alicante-ar-svarslackt\/"]}]},{"@type":"ImageObject","inLanguage":"sv-SE","@id":"https:\/\/lightweb.dev\/l\/svm-temp\/nyheter\/branden-pa-flygplatsen-i-alicante-ar-svarslackt\/#primaryimage","url":"https:\/\/lightweb.dev\/l\/svm-temp\/wp-content\/uploads\/2022\/06\/branden-pa-flygplatsen-i-alicante-ar-svarslackt.png","contentUrl":"https:\/\/lightweb.dev\/l\/svm-temp\/wp-content\/uploads\/2022\/06\/branden-pa-flygplatsen-i-alicante-ar-svarslackt.png","width":700,"height":420},{"@type":"BreadcrumbList","@id":"https:\/\/lightweb.dev\/l\/svm-temp\/nyheter\/branden-pa-flygplatsen-i-alicante-ar-svarslackt\/#breadcrumb","itemListElement":[{"@type":"ListItem","position":1,"name":"Hem","item":"https:\/\/lightweb.dev\/l\/svm-temp\/"},{"@type":"ListItem","position":2,"name":"Branden p\u00e5 flygplatsen i Alicante \u00e4r sv\u00e5rsl\u00e4ckt"}]},{"@type":"WebSite","@id":"https:\/\/lightweb.dev\/l\/svm-temp\/#website","url":"https:\/\/lightweb.dev\/l\/svm-temp\/","name":"Svenska Magasinet","description":"Dina Spanska nyheter p&aring; Svenska","publisher":{"@id":"https:\/\/lightweb.dev\/l\/svm-temp\/#organization"},"potentialAction":[{"@type":"SearchAction","target":{"@type":"EntryPoint","urlTemplate":"https:\/\/lightweb.dev\/l\/svm-temp\/?s={search_term_string}"},"query-input":{"@type":"PropertyValueSpecification","valueRequired":true,"valueName":"search_term_string"}}],"inLanguage":"sv-SE"},{"@type":"Organization","@id":"https:\/\/lightweb.dev\/l\/svm-temp\/#organization","name":"Melkerson y Nott SL","alternateName":"Svenska Magasinet","url":"https:\/\/lightweb.dev\/l\/svm-temp\/","logo":{"@type":"ImageObject","inLanguage":"sv-SE","@id":"https:\/\/lightweb.dev\/l\/svm-temp\/#\/schema\/logo\/image\/","url":"https:\/\/lightweb.dev\/l\/svm-temp\/wp-content\/uploads\/2025\/02\/SvM-logo-Xtra-Centrerad-SVART.png","contentUrl":"https:\/\/lightweb.dev\/l\/svm-temp\/wp-content\/uploads\/2025\/02\/SvM-logo-Xtra-Centrerad-SVART.png","width":300,"height":99,"caption":"Melkerson y Nott SL"},"image":{"@id":"https:\/\/lightweb.dev\/l\/svm-temp\/#\/schema\/logo\/image\/"},"sameAs":["https:\/\/www.facebook.com\/svenskamagasinet","https:\/\/x.com\/SvenskaMagasine"]},{"@type":"Person","@id":"https:\/\/lightweb.dev\/l\/svm-temp\/#\/schema\/person\/206a3bda5b607b0c25e1749191e4d837","name":"Redaktionen SvM","description":"Redaktionen","sameAs":["https:\/\/lightweb.dev\/l\/svm-temp"],"url":"https:\/\/lightweb.dev\/l\/svm-temp\/reporter\/redaktionen\/"}]}},"_links":{"self":[{"href":"https:\/\/lightweb.dev\/l\/svm-temp\/wp-json\/wp\/v2\/posts\/14949","targetHints":{"allow":["GET"]}}],"collection":[{"href":"https:\/\/lightweb.dev\/l\/svm-temp\/wp-json\/wp\/v2\/posts"}],"about":[{"href":"https:\/\/lightweb.dev\/l\/svm-temp\/wp-json\/wp\/v2\/types\/post"}],"author":[{"embeddable":true,"href":"https:\/\/lightweb.dev\/l\/svm-temp\/wp-json\/wp\/v2\/users\/8"}],"replies":[{"embeddable":true,"href":"https:\/\/lightweb.dev\/l\/svm-temp\/wp-json\/wp\/v2\/comments?post=14949"}],"version-history":[{"count":0,"href":"https:\/\/lightweb.dev\/l\/svm-temp\/wp-json\/wp\/v2\/posts\/14949\/revisions"}],"wp:featuredmedia":[{"embeddable":true,"href":"https:\/\/lightweb.dev\/l\/svm-temp\/wp-json\/wp\/v2\/media\/14950"}],"wp:attachment":[{"href":"https:\/\/lightweb.dev\/l\/svm-temp\/wp-json\/wp\/v2\/media?parent=14949"}],"wp:term":[{"taxonomy":"category","embeddable":true,"href":"https:\/\/lightweb.dev\/l\/svm-temp\/wp-json\/wp\/v2\/categories?post=14949"},{"taxonomy":"post_tag","embeddable":true,"href":"https:\/\/lightweb.dev\/l\/svm-temp\/wp-json\/wp\/v2\/tags?post=14949"}],"curies":[{"name":"wp","href":"https:\/\/api.w.org\/{rel}","templated":true}]}}