{"id":14951,"date":"2020-01-16T00:00:00","date_gmt":"2020-01-15T23:00:00","guid":{"rendered":"https:\/\/lightweb.dev\/l\/svm-temp\/nyheter\/mandelblomningen-ar-nu-i-full-gang-i-sodra-spanien\/"},"modified":"2020-01-16T00:00:00","modified_gmt":"2020-01-15T23:00:00","slug":"mandelblomningen-ar-nu-i-full-gang-i-sodra-spanien","status":"publish","type":"post","link":"https:\/\/lightweb.dev\/l\/svm-temp\/nyheter\/mandelblomningen-ar-nu-i-full-gang-i-sodra-spanien\/","title":{"rendered":"Mandelblomningen \u00e4r nu i full g\u00e5ng i s\u00f6dra Spanien"},"content":{"rendered":"<p> Mellan mitten av januari och den f\u00f6rsta veckan av februari \u00e4r mandelblomningen som intensivast p\u00e5 landsbygden i M\u00e1lagaprovinsen. <\/p>\n<p>Det finns mandelblom i praktiskt taget alla kommuner, men det finns n\u00e5gra f\u00e5 inlandskommuner som sticker ut med ett spektakul\u00e4rt \u00f6verfl\u00f6d av mandeltr\u00e4d i vita och rosa nyanser. Det finns givetvis mandelblom \u00e4ven i andra delar av Spanien, men det \u00e4r i s\u00f6dra Andalusiens inland man hittar det verkliga \u00f6verfl\u00f6det av mandeltr\u00e4d. Bra utg\u00e5ngspunkter \u00e4r Guadalhorcedalen, Axarqu\u00eda och Sierra de las Nieves. Kommunerna som vi rekommenderar att bes\u00f6ka \u00e4r: Arenas (Axarqu\u00eda), Total\u00e1n (Montes de M\u00e1laga), Casabermeja (Antequera \/ Montes de M\u00e1laga), Guaro (Sierra de las Nieves), C\u00e1rtama (Bajo Guadalhorce), Almog\u00eda (den v\u00e4stligaste delen av Montes de M\u00e1laga) och slutligen Ardales (Guadaltebadalen).<\/p>\n<p>Vi kan framf\u00f6rallt rekommendera en tur upp mot Guaro, staden ligger 354 meter \u00f6ver havet och p\u00e5 den h\u00f6jden \u00e4r det perfekt f\u00f6r att hitta blommande mandeltr\u00e4d i dessa trakter. H\u00e4r har de varje \u00e5r en speciell feria som \u00e4r dedikerad mandelblomningen, i \u00e5r \u00e4r ferian den 26\/1 om v\u00e4dret till\u00e5ter. L\u00e4ngre fram i v\u00e5r f\u00e5r man \u00e5ka h\u00f6gre upp om man vill hitta mandelblom och i april \u00e4r blomningen \u00f6ver.<\/p>\n<p>Mandeltr\u00e4den inf\u00f6rdes till Spanien av fenicierna f\u00f6r cirka tv\u00e5tusen \u00e5r sedan. Mandlarna \u00e4r klara att sk\u00f6rda 7 \u2013 8 m\u00e5nader efter blomningen, vi brukar ha som tradition att plocka en mandel varje \u00e5r till julgr\u00f6ten. F\u00f6r den som t\u00e4nker sig en mandel till julgr\u00f6ten kan det vara bra att k\u00e4nna till att det finns tv\u00e5 sorters mandlar och ibland p\u00e5 samma tr\u00e4d. Det som odlas allm\u00e4nt \u00e4r s\u00f6tmandel men det finns ocks\u00e5 bittermandel som anv\u00e4nds i sm\u00e5 doser till vissa bakverk. Bittermandel \u00e4r giftig och 8 \u2013 10 bittermandlar kan vara d\u00f6dlig dos f\u00f6r ett barn. M\u00e5nga odlare ympar in kvistar av bittermandel l\u00e4ngst ned p\u00e5 tr\u00e4det f\u00f6r att inte getterna skall beta av tr\u00e4det. Mandeltr\u00e4den har sk\u00f6ra grenar och getterna skadar tr\u00e4den, men bittermandel tycker de inte om och tr\u00e4det f\u00e5r d\u00e5 vara i fred.<\/p>\n<p>Bildtexter: Samtliga bilder \u00e4r tagna vid landsv\u00e4gen som g\u00e5r mellan Guaro och Coin (A-7100), bara n\u00e5gon kilometer utanf\u00f6r Guaro.<br \/>\nArtikel och foto: Jonny Erixon.<\/p>\n","protected":false},"excerpt":{"rendered":"<p>Mellan mitten av januari och den f\u00f6rsta veckan av februari \u00e4r mandelblomningen som intensivast p\u00e5 landsbygden i M\u00e1lagaprovinsen. Det finns mandelblom i praktiskt taget alla kommuner, men det finns n\u00e5gra f\u00e5 inlandskommuner som sticker ut med ett spektakul\u00e4rt \u00f6verfl\u00f6d av mandeltr\u00e4d i vita och rosa nyanser. Det finns givetvis mandelblom \u00e4ven i andra delar av [&hellip;]<\/p>\n","protected":false},"author":8,"featured_media":14952,"comment_status":"open","ping_status":"open","sticky":false,"template":"","format":"standard","meta":{"_et_pb_use_builder":"","_et_pb_old_content":"","_et_gb_content_width":"","footnotes":""},"categories":[395,3],"tags":[],"class_list":["post-14951","post","type-post","status-publish","format-standard","has-post-thumbnail","hentry","category-arkiv-nyheter","category-nyheter"],"yoast_head":"<!-- This site is optimized with the Yoast SEO Premium plugin v26.2 (Yoast SEO v27.4) - https:\/\/yoast.com\/product\/yoast-seo-premium-wordpress\/ -->\n<title>Mandelblomningen \u00e4r nu i full g\u00e5ng i s\u00f6dra Spanien - Svenska Magasinet<\/title>\n<meta name=\"robots\" content=\"noindex, follow, max-snippet:-1, max-image-preview:large, max-video-preview:-1\" \/>\n<meta property=\"og:locale\" content=\"sv_SE\" \/>\n<meta property=\"og:type\" content=\"article\" \/>\n<meta property=\"og:title\" content=\"Mandelblomningen \u00e4r nu i full g\u00e5ng i s\u00f6dra Spanien\" \/>\n<meta property=\"og:description\" content=\"Mellan mitten av januari och den f\u00f6rsta veckan av februari \u00e4r mandelblomningen som intensivast p\u00e5 landsbygden i M\u00e1lagaprovinsen. Det finns mandelblom i praktiskt taget alla kommuner, men det finns n\u00e5gra f\u00e5 inlandskommuner som sticker ut med ett spektakul\u00e4rt \u00f6verfl\u00f6d av mandeltr\u00e4d i vita och rosa nyanser. Det finns givetvis mandelblom \u00e4ven i andra delar av [&hellip;]\" \/>\n<meta property=\"og:url\" content=\"https:\/\/lightweb.dev\/l\/svm-temp\/nyheter\/mandelblomningen-ar-nu-i-full-gang-i-sodra-spanien\/\" \/>\n<meta property=\"og:site_name\" content=\"Svenska Magasinet\" \/>\n<meta property=\"article:publisher\" content=\"https:\/\/www.facebook.com\/svenskamagasinet\" \/>\n<meta property=\"article:published_time\" content=\"2020-01-15T23:00:00+00:00\" \/>\n<meta property=\"og:image\" content=\"https:\/\/lightweb.dev\/l\/svm-temp\/wp-content\/uploads\/2022\/06\/mandelblomningen-ar-nu-i-full-gang-i-sodra-spanien.png\" \/>\n\t<meta property=\"og:image:width\" content=\"700\" \/>\n\t<meta property=\"og:image:height\" content=\"420\" \/>\n\t<meta property=\"og:image:type\" content=\"image\/png\" \/>\n<meta name=\"author\" content=\"Redaktionen SvM\" \/>\n<meta name=\"twitter:card\" content=\"summary_large_image\" \/>\n<meta name=\"twitter:creator\" content=\"@SvenskaMagasine\" \/>\n<meta name=\"twitter:site\" content=\"@SvenskaMagasine\" \/>\n<script type=\"application\/ld+json\" class=\"yoast-schema-graph\">{\"@context\":\"https:\\\/\\\/schema.org\",\"@graph\":[{\"@type\":\"Article\",\"@id\":\"https:\\\/\\\/lightweb.dev\\\/l\\\/svm-temp\\\/nyheter\\\/mandelblomningen-ar-nu-i-full-gang-i-sodra-spanien\\\/#article\",\"isPartOf\":{\"@id\":\"https:\\\/\\\/lightweb.dev\\\/l\\\/svm-temp\\\/nyheter\\\/mandelblomningen-ar-nu-i-full-gang-i-sodra-spanien\\\/\"},\"author\":{\"name\":\"Redaktionen SvM\",\"@id\":\"https:\\\/\\\/lightweb.dev\\\/l\\\/svm-temp\\\/#\\\/schema\\\/person\\\/206a3bda5b607b0c25e1749191e4d837\"},\"headline\":\"Mandelblomningen \u00e4r nu i full g\u00e5ng i s\u00f6dra Spanien\",\"datePublished\":\"2020-01-15T23:00:00+00:00\",\"mainEntityOfPage\":{\"@id\":\"https:\\\/\\\/lightweb.dev\\\/l\\\/svm-temp\\\/nyheter\\\/mandelblomningen-ar-nu-i-full-gang-i-sodra-spanien\\\/\"},\"wordCount\":414,\"commentCount\":0,\"publisher\":{\"@id\":\"https:\\\/\\\/lightweb.dev\\\/l\\\/svm-temp\\\/#organization\"},\"image\":{\"@id\":\"https:\\\/\\\/lightweb.dev\\\/l\\\/svm-temp\\\/nyheter\\\/mandelblomningen-ar-nu-i-full-gang-i-sodra-spanien\\\/#primaryimage\"},\"thumbnailUrl\":\"https:\\\/\\\/lightweb.dev\\\/l\\\/svm-temp\\\/wp-content\\\/uploads\\\/2022\\\/06\\\/mandelblomningen-ar-nu-i-full-gang-i-sodra-spanien.png\",\"articleSection\":[\"Arkiv\",\"Nyheter\"],\"inLanguage\":\"sv-SE\"},{\"@type\":\"WebPage\",\"@id\":\"https:\\\/\\\/lightweb.dev\\\/l\\\/svm-temp\\\/nyheter\\\/mandelblomningen-ar-nu-i-full-gang-i-sodra-spanien\\\/\",\"url\":\"https:\\\/\\\/lightweb.dev\\\/l\\\/svm-temp\\\/nyheter\\\/mandelblomningen-ar-nu-i-full-gang-i-sodra-spanien\\\/\",\"name\":\"Mandelblomningen \u00e4r nu i full g\u00e5ng i s\u00f6dra Spanien - Svenska Magasinet\",\"isPartOf\":{\"@id\":\"https:\\\/\\\/lightweb.dev\\\/l\\\/svm-temp\\\/#website\"},\"primaryImageOfPage\":{\"@id\":\"https:\\\/\\\/lightweb.dev\\\/l\\\/svm-temp\\\/nyheter\\\/mandelblomningen-ar-nu-i-full-gang-i-sodra-spanien\\\/#primaryimage\"},\"image\":{\"@id\":\"https:\\\/\\\/lightweb.dev\\\/l\\\/svm-temp\\\/nyheter\\\/mandelblomningen-ar-nu-i-full-gang-i-sodra-spanien\\\/#primaryimage\"},\"thumbnailUrl\":\"https:\\\/\\\/lightweb.dev\\\/l\\\/svm-temp\\\/wp-content\\\/uploads\\\/2022\\\/06\\\/mandelblomningen-ar-nu-i-full-gang-i-sodra-spanien.png\",\"datePublished\":\"2020-01-15T23:00:00+00:00\",\"breadcrumb\":{\"@id\":\"https:\\\/\\\/lightweb.dev\\\/l\\\/svm-temp\\\/nyheter\\\/mandelblomningen-ar-nu-i-full-gang-i-sodra-spanien\\\/#breadcrumb\"},\"inLanguage\":\"sv-SE\",\"potentialAction\":[{\"@type\":\"ReadAction\",\"target\":[\"https:\\\/\\\/lightweb.dev\\\/l\\\/svm-temp\\\/nyheter\\\/mandelblomningen-ar-nu-i-full-gang-i-sodra-spanien\\\/\"]}]},{\"@type\":\"ImageObject\",\"inLanguage\":\"sv-SE\",\"@id\":\"https:\\\/\\\/lightweb.dev\\\/l\\\/svm-temp\\\/nyheter\\\/mandelblomningen-ar-nu-i-full-gang-i-sodra-spanien\\\/#primaryimage\",\"url\":\"https:\\\/\\\/lightweb.dev\\\/l\\\/svm-temp\\\/wp-content\\\/uploads\\\/2022\\\/06\\\/mandelblomningen-ar-nu-i-full-gang-i-sodra-spanien.png\",\"contentUrl\":\"https:\\\/\\\/lightweb.dev\\\/l\\\/svm-temp\\\/wp-content\\\/uploads\\\/2022\\\/06\\\/mandelblomningen-ar-nu-i-full-gang-i-sodra-spanien.png\",\"width\":700,\"height\":420},{\"@type\":\"BreadcrumbList\",\"@id\":\"https:\\\/\\\/lightweb.dev\\\/l\\\/svm-temp\\\/nyheter\\\/mandelblomningen-ar-nu-i-full-gang-i-sodra-spanien\\\/#breadcrumb\",\"itemListElement\":[{\"@type\":\"ListItem\",\"position\":1,\"name\":\"Hem\",\"item\":\"https:\\\/\\\/lightweb.dev\\\/l\\\/svm-temp\\\/\"},{\"@type\":\"ListItem\",\"position\":2,\"name\":\"Mandelblomningen \u00e4r nu i full g\u00e5ng i s\u00f6dra Spanien\"}]},{\"@type\":\"WebSite\",\"@id\":\"https:\\\/\\\/lightweb.dev\\\/l\\\/svm-temp\\\/#website\",\"url\":\"https:\\\/\\\/lightweb.dev\\\/l\\\/svm-temp\\\/\",\"name\":\"Svenska Magasinet\",\"description\":\"Dina Spanska nyheter p&aring; Svenska\",\"publisher\":{\"@id\":\"https:\\\/\\\/lightweb.dev\\\/l\\\/svm-temp\\\/#organization\"},\"potentialAction\":[{\"@type\":\"SearchAction\",\"target\":{\"@type\":\"EntryPoint\",\"urlTemplate\":\"https:\\\/\\\/lightweb.dev\\\/l\\\/svm-temp\\\/?s={search_term_string}\"},\"query-input\":{\"@type\":\"PropertyValueSpecification\",\"valueRequired\":true,\"valueName\":\"search_term_string\"}}],\"inLanguage\":\"sv-SE\"},{\"@type\":\"Organization\",\"@id\":\"https:\\\/\\\/lightweb.dev\\\/l\\\/svm-temp\\\/#organization\",\"name\":\"Melkerson y Nott SL\",\"alternateName\":\"Svenska Magasinet\",\"url\":\"https:\\\/\\\/lightweb.dev\\\/l\\\/svm-temp\\\/\",\"logo\":{\"@type\":\"ImageObject\",\"inLanguage\":\"sv-SE\",\"@id\":\"https:\\\/\\\/lightweb.dev\\\/l\\\/svm-temp\\\/#\\\/schema\\\/logo\\\/image\\\/\",\"url\":\"https:\\\/\\\/lightweb.dev\\\/l\\\/svm-temp\\\/wp-content\\\/uploads\\\/2025\\\/02\\\/SvM-logo-Xtra-Centrerad-SVART.png\",\"contentUrl\":\"https:\\\/\\\/lightweb.dev\\\/l\\\/svm-temp\\\/wp-content\\\/uploads\\\/2025\\\/02\\\/SvM-logo-Xtra-Centrerad-SVART.png\",\"width\":300,\"height\":99,\"caption\":\"Melkerson y Nott SL\"},\"image\":{\"@id\":\"https:\\\/\\\/lightweb.dev\\\/l\\\/svm-temp\\\/#\\\/schema\\\/logo\\\/image\\\/\"},\"sameAs\":[\"https:\\\/\\\/www.facebook.com\\\/svenskamagasinet\",\"https:\\\/\\\/x.com\\\/SvenskaMagasine\"]},{\"@type\":\"Person\",\"@id\":\"https:\\\/\\\/lightweb.dev\\\/l\\\/svm-temp\\\/#\\\/schema\\\/person\\\/206a3bda5b607b0c25e1749191e4d837\",\"name\":\"Redaktionen SvM\",\"description\":\"Redaktionen\",\"sameAs\":[\"https:\\\/\\\/lightweb.dev\\\/l\\\/svm-temp\"],\"url\":\"https:\\\/\\\/lightweb.dev\\\/l\\\/svm-temp\\\/reporter\\\/redaktionen\\\/\"}]}<\/script>\n<!-- \/ Yoast SEO Premium plugin. -->","yoast_head_json":{"title":"Mandelblomningen \u00e4r nu i full g\u00e5ng i s\u00f6dra Spanien - Svenska Magasinet","robots":{"index":"noindex","follow":"follow","max-snippet":"max-snippet:-1","max-image-preview":"max-image-preview:large","max-video-preview":"max-video-preview:-1"},"og_locale":"sv_SE","og_type":"article","og_title":"Mandelblomningen \u00e4r nu i full g\u00e5ng i s\u00f6dra Spanien","og_description":"Mellan mitten av januari och den f\u00f6rsta veckan av februari \u00e4r mandelblomningen som intensivast p\u00e5 landsbygden i M\u00e1lagaprovinsen. Det finns mandelblom i praktiskt taget alla kommuner, men det finns n\u00e5gra f\u00e5 inlandskommuner som sticker ut med ett spektakul\u00e4rt \u00f6verfl\u00f6d av mandeltr\u00e4d i vita och rosa nyanser. Det finns givetvis mandelblom \u00e4ven i andra delar av [&hellip;]","og_url":"https:\/\/lightweb.dev\/l\/svm-temp\/nyheter\/mandelblomningen-ar-nu-i-full-gang-i-sodra-spanien\/","og_site_name":"Svenska Magasinet","article_publisher":"https:\/\/www.facebook.com\/svenskamagasinet","article_published_time":"2020-01-15T23:00:00+00:00","og_image":[{"width":700,"height":420,"url":"https:\/\/lightweb.dev\/l\/svm-temp\/wp-content\/uploads\/2022\/06\/mandelblomningen-ar-nu-i-full-gang-i-sodra-spanien.png","type":"image\/png"}],"author":"Redaktionen SvM","twitter_card":"summary_large_image","twitter_creator":"@SvenskaMagasine","twitter_site":"@SvenskaMagasine","schema":{"@context":"https:\/\/schema.org","@graph":[{"@type":"Article","@id":"https:\/\/lightweb.dev\/l\/svm-temp\/nyheter\/mandelblomningen-ar-nu-i-full-gang-i-sodra-spanien\/#article","isPartOf":{"@id":"https:\/\/lightweb.dev\/l\/svm-temp\/nyheter\/mandelblomningen-ar-nu-i-full-gang-i-sodra-spanien\/"},"author":{"name":"Redaktionen SvM","@id":"https:\/\/lightweb.dev\/l\/svm-temp\/#\/schema\/person\/206a3bda5b607b0c25e1749191e4d837"},"headline":"Mandelblomningen \u00e4r nu i full g\u00e5ng i s\u00f6dra Spanien","datePublished":"2020-01-15T23:00:00+00:00","mainEntityOfPage":{"@id":"https:\/\/lightweb.dev\/l\/svm-temp\/nyheter\/mandelblomningen-ar-nu-i-full-gang-i-sodra-spanien\/"},"wordCount":414,"commentCount":0,"publisher":{"@id":"https:\/\/lightweb.dev\/l\/svm-temp\/#organization"},"image":{"@id":"https:\/\/lightweb.dev\/l\/svm-temp\/nyheter\/mandelblomningen-ar-nu-i-full-gang-i-sodra-spanien\/#primaryimage"},"thumbnailUrl":"https:\/\/lightweb.dev\/l\/svm-temp\/wp-content\/uploads\/2022\/06\/mandelblomningen-ar-nu-i-full-gang-i-sodra-spanien.png","articleSection":["Arkiv","Nyheter"],"inLanguage":"sv-SE"},{"@type":"WebPage","@id":"https:\/\/lightweb.dev\/l\/svm-temp\/nyheter\/mandelblomningen-ar-nu-i-full-gang-i-sodra-spanien\/","url":"https:\/\/lightweb.dev\/l\/svm-temp\/nyheter\/mandelblomningen-ar-nu-i-full-gang-i-sodra-spanien\/","name":"Mandelblomningen \u00e4r nu i full g\u00e5ng i s\u00f6dra Spanien - Svenska Magasinet","isPartOf":{"@id":"https:\/\/lightweb.dev\/l\/svm-temp\/#website"},"primaryImageOfPage":{"@id":"https:\/\/lightweb.dev\/l\/svm-temp\/nyheter\/mandelblomningen-ar-nu-i-full-gang-i-sodra-spanien\/#primaryimage"},"image":{"@id":"https:\/\/lightweb.dev\/l\/svm-temp\/nyheter\/mandelblomningen-ar-nu-i-full-gang-i-sodra-spanien\/#primaryimage"},"thumbnailUrl":"https:\/\/lightweb.dev\/l\/svm-temp\/wp-content\/uploads\/2022\/06\/mandelblomningen-ar-nu-i-full-gang-i-sodra-spanien.png","datePublished":"2020-01-15T23:00:00+00:00","breadcrumb":{"@id":"https:\/\/lightweb.dev\/l\/svm-temp\/nyheter\/mandelblomningen-ar-nu-i-full-gang-i-sodra-spanien\/#breadcrumb"},"inLanguage":"sv-SE","potentialAction":[{"@type":"ReadAction","target":["https:\/\/lightweb.dev\/l\/svm-temp\/nyheter\/mandelblomningen-ar-nu-i-full-gang-i-sodra-spanien\/"]}]},{"@type":"ImageObject","inLanguage":"sv-SE","@id":"https:\/\/lightweb.dev\/l\/svm-temp\/nyheter\/mandelblomningen-ar-nu-i-full-gang-i-sodra-spanien\/#primaryimage","url":"https:\/\/lightweb.dev\/l\/svm-temp\/wp-content\/uploads\/2022\/06\/mandelblomningen-ar-nu-i-full-gang-i-sodra-spanien.png","contentUrl":"https:\/\/lightweb.dev\/l\/svm-temp\/wp-content\/uploads\/2022\/06\/mandelblomningen-ar-nu-i-full-gang-i-sodra-spanien.png","width":700,"height":420},{"@type":"BreadcrumbList","@id":"https:\/\/lightweb.dev\/l\/svm-temp\/nyheter\/mandelblomningen-ar-nu-i-full-gang-i-sodra-spanien\/#breadcrumb","itemListElement":[{"@type":"ListItem","position":1,"name":"Hem","item":"https:\/\/lightweb.dev\/l\/svm-temp\/"},{"@type":"ListItem","position":2,"name":"Mandelblomningen \u00e4r nu i full g\u00e5ng i s\u00f6dra Spanien"}]},{"@type":"WebSite","@id":"https:\/\/lightweb.dev\/l\/svm-temp\/#website","url":"https:\/\/lightweb.dev\/l\/svm-temp\/","name":"Svenska Magasinet","description":"Dina Spanska nyheter p&aring; Svenska","publisher":{"@id":"https:\/\/lightweb.dev\/l\/svm-temp\/#organization"},"potentialAction":[{"@type":"SearchAction","target":{"@type":"EntryPoint","urlTemplate":"https:\/\/lightweb.dev\/l\/svm-temp\/?s={search_term_string}"},"query-input":{"@type":"PropertyValueSpecification","valueRequired":true,"valueName":"search_term_string"}}],"inLanguage":"sv-SE"},{"@type":"Organization","@id":"https:\/\/lightweb.dev\/l\/svm-temp\/#organization","name":"Melkerson y Nott SL","alternateName":"Svenska Magasinet","url":"https:\/\/lightweb.dev\/l\/svm-temp\/","logo":{"@type":"ImageObject","inLanguage":"sv-SE","@id":"https:\/\/lightweb.dev\/l\/svm-temp\/#\/schema\/logo\/image\/","url":"https:\/\/lightweb.dev\/l\/svm-temp\/wp-content\/uploads\/2025\/02\/SvM-logo-Xtra-Centrerad-SVART.png","contentUrl":"https:\/\/lightweb.dev\/l\/svm-temp\/wp-content\/uploads\/2025\/02\/SvM-logo-Xtra-Centrerad-SVART.png","width":300,"height":99,"caption":"Melkerson y Nott SL"},"image":{"@id":"https:\/\/lightweb.dev\/l\/svm-temp\/#\/schema\/logo\/image\/"},"sameAs":["https:\/\/www.facebook.com\/svenskamagasinet","https:\/\/x.com\/SvenskaMagasine"]},{"@type":"Person","@id":"https:\/\/lightweb.dev\/l\/svm-temp\/#\/schema\/person\/206a3bda5b607b0c25e1749191e4d837","name":"Redaktionen SvM","description":"Redaktionen","sameAs":["https:\/\/lightweb.dev\/l\/svm-temp"],"url":"https:\/\/lightweb.dev\/l\/svm-temp\/reporter\/redaktionen\/"}]}},"_links":{"self":[{"href":"https:\/\/lightweb.dev\/l\/svm-temp\/wp-json\/wp\/v2\/posts\/14951","targetHints":{"allow":["GET"]}}],"collection":[{"href":"https:\/\/lightweb.dev\/l\/svm-temp\/wp-json\/wp\/v2\/posts"}],"about":[{"href":"https:\/\/lightweb.dev\/l\/svm-temp\/wp-json\/wp\/v2\/types\/post"}],"author":[{"embeddable":true,"href":"https:\/\/lightweb.dev\/l\/svm-temp\/wp-json\/wp\/v2\/users\/8"}],"replies":[{"embeddable":true,"href":"https:\/\/lightweb.dev\/l\/svm-temp\/wp-json\/wp\/v2\/comments?post=14951"}],"version-history":[{"count":0,"href":"https:\/\/lightweb.dev\/l\/svm-temp\/wp-json\/wp\/v2\/posts\/14951\/revisions"}],"wp:featuredmedia":[{"embeddable":true,"href":"https:\/\/lightweb.dev\/l\/svm-temp\/wp-json\/wp\/v2\/media\/14952"}],"wp:attachment":[{"href":"https:\/\/lightweb.dev\/l\/svm-temp\/wp-json\/wp\/v2\/media?parent=14951"}],"wp:term":[{"taxonomy":"category","embeddable":true,"href":"https:\/\/lightweb.dev\/l\/svm-temp\/wp-json\/wp\/v2\/categories?post=14951"},{"taxonomy":"post_tag","embeddable":true,"href":"https:\/\/lightweb.dev\/l\/svm-temp\/wp-json\/wp\/v2\/tags?post=14951"}],"curies":[{"name":"wp","href":"https:\/\/api.w.org\/{rel}","templated":true}]}}