{"id":14963,"date":"2020-01-15T00:00:00","date_gmt":"2020-01-14T23:00:00","guid":{"rendered":"https:\/\/lightweb.dev\/l\/svm-temp\/nyheter\/pilotprojekt-med-forarlos-buss-i-malaga\/"},"modified":"2020-01-15T00:00:00","modified_gmt":"2020-01-14T23:00:00","slug":"pilotprojekt-med-forarlos-buss-i-malaga","status":"publish","type":"post","link":"https:\/\/lightweb.dev\/l\/svm-temp\/nyheter\/pilotprojekt-med-forarlos-buss-i-malaga\/","title":{"rendered":"Pilotprojekt med f\u00f6rarl\u00f6s buss i M\u00e1laga"},"content":{"rendered":"<p> Den f\u00f6rarl\u00f6sa bussen kommer att cirkulera mellan hamnen och stadens centrum f\u00f6r att transportera passagerare till och fr\u00e5n kryssningsfartygen.<\/p>\n<p>Trafiken \u00e4r ett pilotprojekt av bussf\u00f6retaget Avanza och kommer att p\u00e5g\u00e5 under en provperiod p\u00e5 mellan tre till sex m\u00e5nader och ber\u00e4knas p\u00e5b\u00f6rjas inom de n\u00e4rmaste m\u00e5naderna. Bussen blir elektrisk och kommer att vara M\u00e1lagas f\u00f6rsta autonoma stadsbuss.<\/p>\n<p>Initiativet har st\u00f6d av M\u00e1lagas kommunfullm\u00e4ktige och som innovationsprojekt finansieras det av offentliga medel genom CCTi. Bussen som \u00e4r tillverkad av den Spanska busstillverkaren Irizar kommer att cirkulera p\u00e5 de vanliga gatorna, s\u00e5 det kommer inte att vara n\u00f6dv\u00e4ndigt med specifika k\u00f6rf\u00e4lt.<\/p>\n<p>Avanzas VD Valent\u00edn Alonso sa p\u00e5 en presskonferens att detta \u00e4r en del av f\u00f6retagets strategi f\u00f6r att satsa p\u00e5 innovation, digitalisering och ny teknik f\u00f6r att &#8221;svara p\u00e5 de utmaningar som alla typer av transporter f\u00f6r n\u00e4rvarande utg\u00f6r&#8221;.  Alonso betonade ocks\u00e5 f\u00f6retagets \u00e5tagande att &#8221;elektrifiera&#8221; sin bussflotta p\u00e5 ett &#8221;rationellt&#8221; s\u00e4tt. <\/p>\n<p>Avanza gruppen har en biljettf\u00f6rs\u00e4ljning p\u00e5 cirka 500 miljoner per \u00e5r och de investerar \u00e5rligen mellan 30 till 40 miljoner euro p\u00e5 sin fordonspark. AVE-t\u00e5gens inverkan:<\/p>\n<p>Direkt\u00f6ren f\u00f6r Avanza erk\u00e4nde ocks\u00e5 den p\u00e5verkan som t\u00e5gens h\u00f6ghastighetslinjer har p\u00e5 busstransporterna d\u00e4r de g\u00e5r p\u00e5 samma rutter. N\u00e4r det g\u00e4ller linjen mellan Madrid och Valencia f\u00f6rklarade han att busslinjen har tappat upp till 60% av passagerarna.<\/p>\n<p>Men Alonso sa att \u201dAVE-t\u00e5gen \u00e4r inte bussarnas fiende\u201d, utan det \u00e4r \u201dbristen p\u00e5 planering\u201d. Eftersom busslinjerna som p\u00e5verkas av h\u00f6ghastighetst\u00e5gen g\u00f6r bredare rutter och n\u00e5r populationer som t\u00e5gen inte n\u00e5r. D\u00e4rf\u00f6r f\u00f6respr\u00e5kade han en b\u00e4ttre planering och intermodalitet f\u00f6r alla transportsystem, samt i b\u00e5da fallen med ny teknik f\u00f6r att m\u00f6ta de nya utmaningarna.<\/p>\n<p>Bildtext: M\u00e1lagas hamn fotograferad fr\u00e5n Gibralfaro, foto: bvi4092.<br \/>\nArtikel: Jonny Erixon<\/p>\n","protected":false},"excerpt":{"rendered":"<p>Den f\u00f6rarl\u00f6sa bussen kommer att cirkulera mellan hamnen och stadens centrum f\u00f6r att transportera passagerare till och fr\u00e5n kryssningsfartygen. Trafiken \u00e4r ett pilotprojekt av bussf\u00f6retaget Avanza och kommer att p\u00e5g\u00e5 under en provperiod p\u00e5 mellan tre till sex m\u00e5nader och ber\u00e4knas p\u00e5b\u00f6rjas inom de n\u00e4rmaste m\u00e5naderna. Bussen blir elektrisk och kommer att vara M\u00e1lagas f\u00f6rsta [&hellip;]<\/p>\n","protected":false},"author":8,"featured_media":14964,"comment_status":"open","ping_status":"open","sticky":false,"template":"","format":"standard","meta":{"_et_pb_use_builder":"","_et_pb_old_content":"","_et_gb_content_width":"","footnotes":""},"categories":[395,3],"tags":[],"class_list":["post-14963","post","type-post","status-publish","format-standard","has-post-thumbnail","hentry","category-arkiv-nyheter","category-nyheter"],"yoast_head":"<!-- This site is optimized with the Yoast SEO Premium plugin v26.2 (Yoast SEO v27.4) - https:\/\/yoast.com\/product\/yoast-seo-premium-wordpress\/ -->\n<title>Pilotprojekt med f\u00f6rarl\u00f6s buss i M\u00e1laga - Svenska Magasinet<\/title>\n<meta name=\"robots\" content=\"noindex, follow, max-snippet:-1, max-image-preview:large, max-video-preview:-1\" \/>\n<meta property=\"og:locale\" content=\"sv_SE\" \/>\n<meta property=\"og:type\" content=\"article\" \/>\n<meta property=\"og:title\" content=\"Pilotprojekt med f\u00f6rarl\u00f6s buss i M\u00e1laga\" \/>\n<meta property=\"og:description\" content=\"Den f\u00f6rarl\u00f6sa bussen kommer att cirkulera mellan hamnen och stadens centrum f\u00f6r att transportera passagerare till och fr\u00e5n kryssningsfartygen. Trafiken \u00e4r ett pilotprojekt av bussf\u00f6retaget Avanza och kommer att p\u00e5g\u00e5 under en provperiod p\u00e5 mellan tre till sex m\u00e5nader och ber\u00e4knas p\u00e5b\u00f6rjas inom de n\u00e4rmaste m\u00e5naderna. Bussen blir elektrisk och kommer att vara M\u00e1lagas f\u00f6rsta [&hellip;]\" \/>\n<meta property=\"og:url\" content=\"https:\/\/lightweb.dev\/l\/svm-temp\/nyheter\/pilotprojekt-med-forarlos-buss-i-malaga\/\" \/>\n<meta property=\"og:site_name\" content=\"Svenska Magasinet\" \/>\n<meta property=\"article:publisher\" content=\"https:\/\/www.facebook.com\/svenskamagasinet\" \/>\n<meta property=\"article:published_time\" content=\"2020-01-14T23:00:00+00:00\" \/>\n<meta property=\"og:image\" content=\"https:\/\/lightweb.dev\/l\/svm-temp\/wp-content\/uploads\/2022\/06\/pilotprojekt-med-forarlos-buss-i-malaga.png\" \/>\n\t<meta property=\"og:image:width\" content=\"700\" \/>\n\t<meta property=\"og:image:height\" content=\"421\" \/>\n\t<meta property=\"og:image:type\" content=\"image\/png\" \/>\n<meta name=\"author\" content=\"Redaktionen SvM\" \/>\n<meta name=\"twitter:card\" content=\"summary_large_image\" \/>\n<meta name=\"twitter:creator\" content=\"@SvenskaMagasine\" \/>\n<meta name=\"twitter:site\" content=\"@SvenskaMagasine\" \/>\n<script type=\"application\/ld+json\" class=\"yoast-schema-graph\">{\"@context\":\"https:\\\/\\\/schema.org\",\"@graph\":[{\"@type\":\"Article\",\"@id\":\"https:\\\/\\\/lightweb.dev\\\/l\\\/svm-temp\\\/nyheter\\\/pilotprojekt-med-forarlos-buss-i-malaga\\\/#article\",\"isPartOf\":{\"@id\":\"https:\\\/\\\/lightweb.dev\\\/l\\\/svm-temp\\\/nyheter\\\/pilotprojekt-med-forarlos-buss-i-malaga\\\/\"},\"author\":{\"name\":\"Redaktionen SvM\",\"@id\":\"https:\\\/\\\/lightweb.dev\\\/l\\\/svm-temp\\\/#\\\/schema\\\/person\\\/206a3bda5b607b0c25e1749191e4d837\"},\"headline\":\"Pilotprojekt med f\u00f6rarl\u00f6s buss i M\u00e1laga\",\"datePublished\":\"2020-01-14T23:00:00+00:00\",\"mainEntityOfPage\":{\"@id\":\"https:\\\/\\\/lightweb.dev\\\/l\\\/svm-temp\\\/nyheter\\\/pilotprojekt-med-forarlos-buss-i-malaga\\\/\"},\"wordCount\":349,\"commentCount\":0,\"publisher\":{\"@id\":\"https:\\\/\\\/lightweb.dev\\\/l\\\/svm-temp\\\/#organization\"},\"image\":{\"@id\":\"https:\\\/\\\/lightweb.dev\\\/l\\\/svm-temp\\\/nyheter\\\/pilotprojekt-med-forarlos-buss-i-malaga\\\/#primaryimage\"},\"thumbnailUrl\":\"https:\\\/\\\/lightweb.dev\\\/l\\\/svm-temp\\\/wp-content\\\/uploads\\\/2022\\\/06\\\/pilotprojekt-med-forarlos-buss-i-malaga.png\",\"articleSection\":[\"Arkiv\",\"Nyheter\"],\"inLanguage\":\"sv-SE\"},{\"@type\":\"WebPage\",\"@id\":\"https:\\\/\\\/lightweb.dev\\\/l\\\/svm-temp\\\/nyheter\\\/pilotprojekt-med-forarlos-buss-i-malaga\\\/\",\"url\":\"https:\\\/\\\/lightweb.dev\\\/l\\\/svm-temp\\\/nyheter\\\/pilotprojekt-med-forarlos-buss-i-malaga\\\/\",\"name\":\"Pilotprojekt med f\u00f6rarl\u00f6s buss i M\u00e1laga - Svenska Magasinet\",\"isPartOf\":{\"@id\":\"https:\\\/\\\/lightweb.dev\\\/l\\\/svm-temp\\\/#website\"},\"primaryImageOfPage\":{\"@id\":\"https:\\\/\\\/lightweb.dev\\\/l\\\/svm-temp\\\/nyheter\\\/pilotprojekt-med-forarlos-buss-i-malaga\\\/#primaryimage\"},\"image\":{\"@id\":\"https:\\\/\\\/lightweb.dev\\\/l\\\/svm-temp\\\/nyheter\\\/pilotprojekt-med-forarlos-buss-i-malaga\\\/#primaryimage\"},\"thumbnailUrl\":\"https:\\\/\\\/lightweb.dev\\\/l\\\/svm-temp\\\/wp-content\\\/uploads\\\/2022\\\/06\\\/pilotprojekt-med-forarlos-buss-i-malaga.png\",\"datePublished\":\"2020-01-14T23:00:00+00:00\",\"breadcrumb\":{\"@id\":\"https:\\\/\\\/lightweb.dev\\\/l\\\/svm-temp\\\/nyheter\\\/pilotprojekt-med-forarlos-buss-i-malaga\\\/#breadcrumb\"},\"inLanguage\":\"sv-SE\",\"potentialAction\":[{\"@type\":\"ReadAction\",\"target\":[\"https:\\\/\\\/lightweb.dev\\\/l\\\/svm-temp\\\/nyheter\\\/pilotprojekt-med-forarlos-buss-i-malaga\\\/\"]}]},{\"@type\":\"ImageObject\",\"inLanguage\":\"sv-SE\",\"@id\":\"https:\\\/\\\/lightweb.dev\\\/l\\\/svm-temp\\\/nyheter\\\/pilotprojekt-med-forarlos-buss-i-malaga\\\/#primaryimage\",\"url\":\"https:\\\/\\\/lightweb.dev\\\/l\\\/svm-temp\\\/wp-content\\\/uploads\\\/2022\\\/06\\\/pilotprojekt-med-forarlos-buss-i-malaga.png\",\"contentUrl\":\"https:\\\/\\\/lightweb.dev\\\/l\\\/svm-temp\\\/wp-content\\\/uploads\\\/2022\\\/06\\\/pilotprojekt-med-forarlos-buss-i-malaga.png\",\"width\":700,\"height\":421},{\"@type\":\"BreadcrumbList\",\"@id\":\"https:\\\/\\\/lightweb.dev\\\/l\\\/svm-temp\\\/nyheter\\\/pilotprojekt-med-forarlos-buss-i-malaga\\\/#breadcrumb\",\"itemListElement\":[{\"@type\":\"ListItem\",\"position\":1,\"name\":\"Hem\",\"item\":\"https:\\\/\\\/lightweb.dev\\\/l\\\/svm-temp\\\/\"},{\"@type\":\"ListItem\",\"position\":2,\"name\":\"Pilotprojekt med f\u00f6rarl\u00f6s buss i M\u00e1laga\"}]},{\"@type\":\"WebSite\",\"@id\":\"https:\\\/\\\/lightweb.dev\\\/l\\\/svm-temp\\\/#website\",\"url\":\"https:\\\/\\\/lightweb.dev\\\/l\\\/svm-temp\\\/\",\"name\":\"Svenska Magasinet\",\"description\":\"Dina Spanska nyheter p&aring; Svenska\",\"publisher\":{\"@id\":\"https:\\\/\\\/lightweb.dev\\\/l\\\/svm-temp\\\/#organization\"},\"potentialAction\":[{\"@type\":\"SearchAction\",\"target\":{\"@type\":\"EntryPoint\",\"urlTemplate\":\"https:\\\/\\\/lightweb.dev\\\/l\\\/svm-temp\\\/?s={search_term_string}\"},\"query-input\":{\"@type\":\"PropertyValueSpecification\",\"valueRequired\":true,\"valueName\":\"search_term_string\"}}],\"inLanguage\":\"sv-SE\"},{\"@type\":\"Organization\",\"@id\":\"https:\\\/\\\/lightweb.dev\\\/l\\\/svm-temp\\\/#organization\",\"name\":\"Melkerson y Nott SL\",\"alternateName\":\"Svenska Magasinet\",\"url\":\"https:\\\/\\\/lightweb.dev\\\/l\\\/svm-temp\\\/\",\"logo\":{\"@type\":\"ImageObject\",\"inLanguage\":\"sv-SE\",\"@id\":\"https:\\\/\\\/lightweb.dev\\\/l\\\/svm-temp\\\/#\\\/schema\\\/logo\\\/image\\\/\",\"url\":\"https:\\\/\\\/lightweb.dev\\\/l\\\/svm-temp\\\/wp-content\\\/uploads\\\/2025\\\/02\\\/SvM-logo-Xtra-Centrerad-SVART.png\",\"contentUrl\":\"https:\\\/\\\/lightweb.dev\\\/l\\\/svm-temp\\\/wp-content\\\/uploads\\\/2025\\\/02\\\/SvM-logo-Xtra-Centrerad-SVART.png\",\"width\":300,\"height\":99,\"caption\":\"Melkerson y Nott SL\"},\"image\":{\"@id\":\"https:\\\/\\\/lightweb.dev\\\/l\\\/svm-temp\\\/#\\\/schema\\\/logo\\\/image\\\/\"},\"sameAs\":[\"https:\\\/\\\/www.facebook.com\\\/svenskamagasinet\",\"https:\\\/\\\/x.com\\\/SvenskaMagasine\"]},{\"@type\":\"Person\",\"@id\":\"https:\\\/\\\/lightweb.dev\\\/l\\\/svm-temp\\\/#\\\/schema\\\/person\\\/206a3bda5b607b0c25e1749191e4d837\",\"name\":\"Redaktionen SvM\",\"description\":\"Redaktionen\",\"sameAs\":[\"https:\\\/\\\/lightweb.dev\\\/l\\\/svm-temp\"],\"url\":\"https:\\\/\\\/lightweb.dev\\\/l\\\/svm-temp\\\/reporter\\\/redaktionen\\\/\"}]}<\/script>\n<!-- \/ Yoast SEO Premium plugin. -->","yoast_head_json":{"title":"Pilotprojekt med f\u00f6rarl\u00f6s buss i M\u00e1laga - Svenska Magasinet","robots":{"index":"noindex","follow":"follow","max-snippet":"max-snippet:-1","max-image-preview":"max-image-preview:large","max-video-preview":"max-video-preview:-1"},"og_locale":"sv_SE","og_type":"article","og_title":"Pilotprojekt med f\u00f6rarl\u00f6s buss i M\u00e1laga","og_description":"Den f\u00f6rarl\u00f6sa bussen kommer att cirkulera mellan hamnen och stadens centrum f\u00f6r att transportera passagerare till och fr\u00e5n kryssningsfartygen. Trafiken \u00e4r ett pilotprojekt av bussf\u00f6retaget Avanza och kommer att p\u00e5g\u00e5 under en provperiod p\u00e5 mellan tre till sex m\u00e5nader och ber\u00e4knas p\u00e5b\u00f6rjas inom de n\u00e4rmaste m\u00e5naderna. Bussen blir elektrisk och kommer att vara M\u00e1lagas f\u00f6rsta [&hellip;]","og_url":"https:\/\/lightweb.dev\/l\/svm-temp\/nyheter\/pilotprojekt-med-forarlos-buss-i-malaga\/","og_site_name":"Svenska Magasinet","article_publisher":"https:\/\/www.facebook.com\/svenskamagasinet","article_published_time":"2020-01-14T23:00:00+00:00","og_image":[{"width":700,"height":421,"url":"https:\/\/lightweb.dev\/l\/svm-temp\/wp-content\/uploads\/2022\/06\/pilotprojekt-med-forarlos-buss-i-malaga.png","type":"image\/png"}],"author":"Redaktionen SvM","twitter_card":"summary_large_image","twitter_creator":"@SvenskaMagasine","twitter_site":"@SvenskaMagasine","schema":{"@context":"https:\/\/schema.org","@graph":[{"@type":"Article","@id":"https:\/\/lightweb.dev\/l\/svm-temp\/nyheter\/pilotprojekt-med-forarlos-buss-i-malaga\/#article","isPartOf":{"@id":"https:\/\/lightweb.dev\/l\/svm-temp\/nyheter\/pilotprojekt-med-forarlos-buss-i-malaga\/"},"author":{"name":"Redaktionen SvM","@id":"https:\/\/lightweb.dev\/l\/svm-temp\/#\/schema\/person\/206a3bda5b607b0c25e1749191e4d837"},"headline":"Pilotprojekt med f\u00f6rarl\u00f6s buss i M\u00e1laga","datePublished":"2020-01-14T23:00:00+00:00","mainEntityOfPage":{"@id":"https:\/\/lightweb.dev\/l\/svm-temp\/nyheter\/pilotprojekt-med-forarlos-buss-i-malaga\/"},"wordCount":349,"commentCount":0,"publisher":{"@id":"https:\/\/lightweb.dev\/l\/svm-temp\/#organization"},"image":{"@id":"https:\/\/lightweb.dev\/l\/svm-temp\/nyheter\/pilotprojekt-med-forarlos-buss-i-malaga\/#primaryimage"},"thumbnailUrl":"https:\/\/lightweb.dev\/l\/svm-temp\/wp-content\/uploads\/2022\/06\/pilotprojekt-med-forarlos-buss-i-malaga.png","articleSection":["Arkiv","Nyheter"],"inLanguage":"sv-SE"},{"@type":"WebPage","@id":"https:\/\/lightweb.dev\/l\/svm-temp\/nyheter\/pilotprojekt-med-forarlos-buss-i-malaga\/","url":"https:\/\/lightweb.dev\/l\/svm-temp\/nyheter\/pilotprojekt-med-forarlos-buss-i-malaga\/","name":"Pilotprojekt med f\u00f6rarl\u00f6s buss i M\u00e1laga - Svenska Magasinet","isPartOf":{"@id":"https:\/\/lightweb.dev\/l\/svm-temp\/#website"},"primaryImageOfPage":{"@id":"https:\/\/lightweb.dev\/l\/svm-temp\/nyheter\/pilotprojekt-med-forarlos-buss-i-malaga\/#primaryimage"},"image":{"@id":"https:\/\/lightweb.dev\/l\/svm-temp\/nyheter\/pilotprojekt-med-forarlos-buss-i-malaga\/#primaryimage"},"thumbnailUrl":"https:\/\/lightweb.dev\/l\/svm-temp\/wp-content\/uploads\/2022\/06\/pilotprojekt-med-forarlos-buss-i-malaga.png","datePublished":"2020-01-14T23:00:00+00:00","breadcrumb":{"@id":"https:\/\/lightweb.dev\/l\/svm-temp\/nyheter\/pilotprojekt-med-forarlos-buss-i-malaga\/#breadcrumb"},"inLanguage":"sv-SE","potentialAction":[{"@type":"ReadAction","target":["https:\/\/lightweb.dev\/l\/svm-temp\/nyheter\/pilotprojekt-med-forarlos-buss-i-malaga\/"]}]},{"@type":"ImageObject","inLanguage":"sv-SE","@id":"https:\/\/lightweb.dev\/l\/svm-temp\/nyheter\/pilotprojekt-med-forarlos-buss-i-malaga\/#primaryimage","url":"https:\/\/lightweb.dev\/l\/svm-temp\/wp-content\/uploads\/2022\/06\/pilotprojekt-med-forarlos-buss-i-malaga.png","contentUrl":"https:\/\/lightweb.dev\/l\/svm-temp\/wp-content\/uploads\/2022\/06\/pilotprojekt-med-forarlos-buss-i-malaga.png","width":700,"height":421},{"@type":"BreadcrumbList","@id":"https:\/\/lightweb.dev\/l\/svm-temp\/nyheter\/pilotprojekt-med-forarlos-buss-i-malaga\/#breadcrumb","itemListElement":[{"@type":"ListItem","position":1,"name":"Hem","item":"https:\/\/lightweb.dev\/l\/svm-temp\/"},{"@type":"ListItem","position":2,"name":"Pilotprojekt med f\u00f6rarl\u00f6s buss i M\u00e1laga"}]},{"@type":"WebSite","@id":"https:\/\/lightweb.dev\/l\/svm-temp\/#website","url":"https:\/\/lightweb.dev\/l\/svm-temp\/","name":"Svenska Magasinet","description":"Dina Spanska nyheter p&aring; Svenska","publisher":{"@id":"https:\/\/lightweb.dev\/l\/svm-temp\/#organization"},"potentialAction":[{"@type":"SearchAction","target":{"@type":"EntryPoint","urlTemplate":"https:\/\/lightweb.dev\/l\/svm-temp\/?s={search_term_string}"},"query-input":{"@type":"PropertyValueSpecification","valueRequired":true,"valueName":"search_term_string"}}],"inLanguage":"sv-SE"},{"@type":"Organization","@id":"https:\/\/lightweb.dev\/l\/svm-temp\/#organization","name":"Melkerson y Nott SL","alternateName":"Svenska Magasinet","url":"https:\/\/lightweb.dev\/l\/svm-temp\/","logo":{"@type":"ImageObject","inLanguage":"sv-SE","@id":"https:\/\/lightweb.dev\/l\/svm-temp\/#\/schema\/logo\/image\/","url":"https:\/\/lightweb.dev\/l\/svm-temp\/wp-content\/uploads\/2025\/02\/SvM-logo-Xtra-Centrerad-SVART.png","contentUrl":"https:\/\/lightweb.dev\/l\/svm-temp\/wp-content\/uploads\/2025\/02\/SvM-logo-Xtra-Centrerad-SVART.png","width":300,"height":99,"caption":"Melkerson y Nott SL"},"image":{"@id":"https:\/\/lightweb.dev\/l\/svm-temp\/#\/schema\/logo\/image\/"},"sameAs":["https:\/\/www.facebook.com\/svenskamagasinet","https:\/\/x.com\/SvenskaMagasine"]},{"@type":"Person","@id":"https:\/\/lightweb.dev\/l\/svm-temp\/#\/schema\/person\/206a3bda5b607b0c25e1749191e4d837","name":"Redaktionen SvM","description":"Redaktionen","sameAs":["https:\/\/lightweb.dev\/l\/svm-temp"],"url":"https:\/\/lightweb.dev\/l\/svm-temp\/reporter\/redaktionen\/"}]}},"_links":{"self":[{"href":"https:\/\/lightweb.dev\/l\/svm-temp\/wp-json\/wp\/v2\/posts\/14963","targetHints":{"allow":["GET"]}}],"collection":[{"href":"https:\/\/lightweb.dev\/l\/svm-temp\/wp-json\/wp\/v2\/posts"}],"about":[{"href":"https:\/\/lightweb.dev\/l\/svm-temp\/wp-json\/wp\/v2\/types\/post"}],"author":[{"embeddable":true,"href":"https:\/\/lightweb.dev\/l\/svm-temp\/wp-json\/wp\/v2\/users\/8"}],"replies":[{"embeddable":true,"href":"https:\/\/lightweb.dev\/l\/svm-temp\/wp-json\/wp\/v2\/comments?post=14963"}],"version-history":[{"count":0,"href":"https:\/\/lightweb.dev\/l\/svm-temp\/wp-json\/wp\/v2\/posts\/14963\/revisions"}],"wp:featuredmedia":[{"embeddable":true,"href":"https:\/\/lightweb.dev\/l\/svm-temp\/wp-json\/wp\/v2\/media\/14964"}],"wp:attachment":[{"href":"https:\/\/lightweb.dev\/l\/svm-temp\/wp-json\/wp\/v2\/media?parent=14963"}],"wp:term":[{"taxonomy":"category","embeddable":true,"href":"https:\/\/lightweb.dev\/l\/svm-temp\/wp-json\/wp\/v2\/categories?post=14963"},{"taxonomy":"post_tag","embeddable":true,"href":"https:\/\/lightweb.dev\/l\/svm-temp\/wp-json\/wp\/v2\/tags?post=14963"}],"curies":[{"name":"wp","href":"https:\/\/api.w.org\/{rel}","templated":true}]}}